{"id":24059,"date":"2024-04-29T02:00:50","date_gmt":"2024-04-29T02:00:50","guid":{"rendered":"https:\/\/domosistemas.com\/?p=24059"},"modified":"2024-04-29T02:00:50","modified_gmt":"2024-04-29T02:00:50","slug":"luz-verde-del-parlamento-europeo-a-las-medidas-sobre-el-derecho-a-reparar-productos-en-la-ue","status":"publish","type":"post","link":"https:\/\/domosistemas.com\/?p=24059","title":{"rendered":"Luz verde del Parlamento Europeo a las medidas sobre el derecho a reparar productos en la UE"},"content":{"rendered":"<div>\n<p>Las nuevas medidas sobre el derecho a reparar con el fin de reducir los residuos y reforzar el sector de la reparaci\u00f3n, que han sido aprobadas por el <a href=\"https:\/\/www.europarl.europa.eu\/portal\/es\" target=\"_blank\" rel=\"noopener\">Parlamento Europeo<\/a>, incluyen la obligaci\u00f3n a reparar un producto por un precio y en un plazo razonable tras el fin de la garant\u00eda; acceso a piezas de recambio, informaci\u00f3n y herramientas relacionadas con la reparaci\u00f3n para los consumidores; incentivos para optar por la reparaci\u00f3n, como vales y fondos; y plataformas online para ayudar a los consumidores a encontrar servicios de reparaci\u00f3n locales y tiendas con productos reacondicionados.<\/p>\n<figure id=\"attachment_136255\" aria-describedby=\"caption-attachment-136255\" style=\"width: 800px\" class=\"wp-caption aligncenter\"><img loading=\"lazy\" decoding=\"async\" class=\"wp-image-136255 size-full\" src=\"https:\/\/static.casadomo.com\/media\/2024\/04\/parlamento-eruopeo-acuerdo-reparacion-electrodomesticos-portada.png\" alt=\"Reparaci\u00f3n electrodom\u00e9stico.\" width=\"800\" height=\"450\" srcset=\"https:\/\/static.casadomo.com\/media\/2024\/04\/parlamento-eruopeo-acuerdo-reparacion-electrodomesticos-portada.png 800w, https:\/\/static.casadomo.com\/media\/2024\/04\/parlamento-eruopeo-acuerdo-reparacion-electrodomesticos-portada-300x169.png 300w, https:\/\/static.casadomo.com\/media\/2024\/04\/parlamento-eruopeo-acuerdo-reparacion-electrodomesticos-portada-768x432.png 768w, https:\/\/static.casadomo.com\/media\/2024\/04\/parlamento-eruopeo-acuerdo-reparacion-electrodomesticos-portada-180x101.png 180w\" sizes=\"auto, (max-width: 800px) 100vw, 800px\"><figcaption id=\"caption-attachment-136255\" class=\"wp-caption-text\">Para fomentar la reparaci\u00f3n, se facilitar\u00e1 el arreglo de productos a un precio m\u00e1s asequible.<\/figcaption><\/figure>\n<p>En febrero de este a\u00f1o el Consejo Europeo y el Parlamento Europeo alcanzaron un <a href=\"https:\/\/www.casadomo.com\/2024\/02\/05\/acuerdo-provisional-entre-consejo-parlamento-europeo-directiva-reparacion-productos\">acuerdo provisional<\/a> sobre la directiva que promueve la reparaci\u00f3n de bienes rotos o defectuosos, tambi\u00e9n conocida como directiva sobre el derecho a reparar (o R2R). Tras la aprobaci\u00f3n de nuevas medidas por parte del Parlamento Europeo, el Consejo Europeo deber\u00e1 adoptar formalmente la directiva y posteriormente se publicar\u00e1 en el Diario Oficial de la UE. Tras esto, los Estados miembros dispondr\u00e1n de 24 meses para incorporarla a la legislaci\u00f3n nacional.<\/p>\n<p>A trav\u00e9s de esta <a href=\"https:\/\/www.europarl.europa.eu\/plenary\/es\/texts-adopted.html\" target=\"_blank\" rel=\"nofollow noopener\">nueva normativa<\/a>, se garantiza que los fabricantes presten servicios de reparaci\u00f3n rentables e informen a los consumidores sobre su derecho a la reparaci\u00f3n. La garant\u00eda legal de los bienes reparados podr\u00e1 ampliarse un a\u00f1o m\u00e1s gracias a su garant\u00eda de calidad, lo que incentivar\u00e1 m\u00e1s a los consumidores a elegir la reparaci\u00f3n en lugar de la sustituci\u00f3n. Tras la expiraci\u00f3n de la garant\u00eda, el fabricante seguir\u00e1 obligado a reparar productos dom\u00e9sticos comunes. Para conseguir potenciar la reparaci\u00f3n, se facilitar\u00e1 el arreglo de productos a un precio m\u00e1s asequible.<\/p>\n<p>Por su parte, los consumidores tambi\u00e9n podr\u00e1n pedir prestado un dispositivo mientras el suyo est\u00e1 siendo reparado u optar por un dispositivo reacondicionado en el caso de que la reparaci\u00f3n no fuese posible.<\/p>\n<h2>Formulario para evaluar y comparar los servicios de reparaci\u00f3n<\/h2>\n<p>Por otro lado, un formulario europeo de informaci\u00f3n ayudar\u00e1 a los consumidores a evaluar y comparar los servicios de reparaci\u00f3n. Para facilitar la reparaci\u00f3n, se crear\u00e1 una plataforma europea en l\u00ednea con secciones nacionales para asistir a los consumidores a encontrar talleres de reparaci\u00f3n locales, vendedores de productos reacondicionados, compradores de art\u00edculos defectuosos o iniciativas de reparaci\u00f3n comunitarias.<\/p>\n<p>Asimismo, la normativa persigue reforzar el mercado de la reparaci\u00f3n en la UE y reducir los costes de reparaci\u00f3n para los consumidores. Los fabricantes tendr\u00e1n que poner a disposici\u00f3n de \u00e9stos piezas de recambio y herramientas a un precio razonable, y tendr\u00e1n prohibido recurrir a cl\u00e1usulas contractuales y a t\u00e9cnicas relacionadas con los equipos o los programas inform\u00e1ticos que impidan la reparaci\u00f3n de bienes. En concreto, no se podr\u00e1 impedir el uso de repuestos de segunda mano o impresos en 3D por talleres de reparaci\u00f3n independientes, ni negarse a reparar un producto ya sea por razones econ\u00f3micas o porque anteriormente fue reparado por terceros.<\/p>\n<p>Con el objetivo de que las reparaciones sean m\u00e1s asequibles, cada Estado miembro tendr\u00e1 que aplicar al menos una medida para promover la reparaci\u00f3n, como vales y fondos de reparaci\u00f3n, llevar a cabo campa\u00f1as de informaci\u00f3n, ofrecer cursos de reparaci\u00f3n o apoyar espacios de reparaci\u00f3n comunitarios.<\/p>\n<p>La entrada <a href=\"https:\/\/www.casadomo.com\/2024\/04\/29\/luz-verde-parlamento-europeo-medidas-sobre-derecho-reparar-productos-ue\">Luz verde del Parlamento Europeo a las medidas sobre el derecho a reparar productos en la UE<\/a> aparece primero en <a href=\"https:\/\/www.casadomo.com\/\">CASADOMO<\/a>.<\/p>\n<\/div>\n","protected":false},"excerpt":{"rendered":"<p>Las nuevas medidas sobre el derecho a reparar con el fin de reducir los residuos y reforzar el sector de la reparaci\u00f3n, que han sido aprobadas por el Parlamento Europeo, incluyen la obligaci\u00f3n a reparar un producto por un precio y en un plazo razonable tras el fin de la garant\u00eda; acceso a piezas de &hellip; <a href=\"https:\/\/domosistemas.com\/?p=24059\" class=\"more-link\">Sigue leyendo <span class=\"screen-reader-text\">Luz verde del Parlamento Europeo a las medidas sobre el derecho a reparar productos en la UE<\/span><\/a><\/p>\n","protected":false},"author":1,"featured_media":0,"comment_status":"closed","ping_status":"closed","sticky":false,"template":"","format":"standard","meta":{"footnotes":""},"categories":[3],"tags":[],"class_list":["post-24059","post","type-post","status-publish","format-standard","hentry","category-casadomo-com"],"_links":{"self":[{"href":"https:\/\/domosistemas.com\/index.php?rest_route=\/wp\/v2\/posts\/24059","targetHints":{"allow":["GET"]}}],"collection":[{"href":"https:\/\/domosistemas.com\/index.php?rest_route=\/wp\/v2\/posts"}],"about":[{"href":"https:\/\/domosistemas.com\/index.php?rest_route=\/wp\/v2\/types\/post"}],"author":[{"embeddable":true,"href":"https:\/\/domosistemas.com\/index.php?rest_route=\/wp\/v2\/users\/1"}],"replies":[{"embeddable":true,"href":"https:\/\/domosistemas.com\/index.php?rest_route=%2Fwp%2Fv2%2Fcomments&post=24059"}],"version-history":[{"count":0,"href":"https:\/\/domosistemas.com\/index.php?rest_route=\/wp\/v2\/posts\/24059\/revisions"}],"wp:attachment":[{"href":"https:\/\/domosistemas.com\/index.php?rest_route=%2Fwp%2Fv2%2Fmedia&parent=24059"}],"wp:term":[{"taxonomy":"category","embeddable":true,"href":"https:\/\/domosistemas.com\/index.php?rest_route=%2Fwp%2Fv2%2Fcategories&post=24059"},{"taxonomy":"post_tag","embeddable":true,"href":"https:\/\/domosistemas.com\/index.php?rest_route=%2Fwp%2Fv2%2Ftags&post=24059"}],"curies":[{"name":"wp","href":"https:\/\/api.w.org\/{rel}","templated":true}]}}