{"id":24061,"date":"2024-04-29T06:31:46","date_gmt":"2024-04-29T06:31:46","guid":{"rendered":"https:\/\/domosistemas.com\/?p=24061"},"modified":"2024-04-29T06:31:46","modified_gmt":"2024-04-29T06:31:46","slug":"este-foco-solar-led-de-lidl-te-permite-iluminar-tu-terraza-o-jardin-de-una-forma-facil-y-low-cost","status":"publish","type":"post","link":"https:\/\/domosistemas.com\/?p=24061","title":{"rendered":"Este foco solar LED de Lidl te permite iluminar tu terraza o jard\u00edn de una forma f\u00e1cil y low cost"},"content":{"rendered":"<div>\n<p>\n      <img decoding=\"async\" src=\"https:\/\/i.blogs.es\/e5ab8e\/ofertas_cpa_v3-copia-14-\/1024_2000.jpeg\" alt=\"Este foco solar LED de Lidl te permite iluminar tu terraza o jard\u00edn de una forma f\u00e1cil y low cost \">\n    <\/p>\n<p>Ahora que empieza ya el buen tiempo, es el momento id\u00f3neo para preparar nuestra terraza o jard\u00edn de cara a las veladas veraniegas. Como pasaremos m\u00e1s tiempo en la zona exterior de nuestro hogar, Lidl tiene una buena soluci\u00f3n para iluminar estos espacios de forma barata. Se trata de este <strong>foco solar LED<\/strong> que cuesta <a rel=\"noopener, noreferrer\" class=\"js-ecommerce\" href=\"https:\/\/www.xatakahome.com\/redirect?url=https%3A%2F%2Fwww.lidl.es%2Fes%2Ffoco-solar-led%2Fp64852&amp;category=seleccion&amp;ecomPostExpiration=perish&amp;postId=112212\" data-vars-affiliate-url=\"https:\/\/www.xatakahome.com\/redirect?url=https%3A%2F%2Fwww.lidl.es%2Fes%2Ffoco-solar-led%2Fp64852&amp;category=seleccion&amp;ecomPostExpiration=perish&amp;postId=112212\">16,99 euros<\/a>.<\/p>\n<p><!-- BREAK 1 --><!-- PIVOT START --><\/p>\n<div class=\"pivot-ecommerce-container m-pivot-ecommerce-redesign article-asset-normal article-asset-center\">\n<div class=\"pivot-ecommerce\">\n<div class=\"pivot-ecommerce-figure\">\n  <a rel=\"nofollow, noopener, noreferrer noopener\" target=\"_blank\" href=\"https:\/\/www.xatakahome.com\/redirect?url=https%3A%2F%2Fwww.lidl.es%2Fes%2Ffoco-solar-led%2Fp64852&amp;category=seleccion&amp;pivot=1&amp;ecomPostExpiration=perish&amp;postId=112212\"><br \/>\n   <img loading=\"lazy\" decoding=\"async\" alt=\"Foco solar LED\" width=\"600\" height=\"600\" src=\"https:\/\/i.blogs.es\/f9df96\/blob\/original.webp\" onerror='this.src=\"https:\/\/i.blogs.es\/f9df96\/blob\/original.jpeg\"'><br \/>\n  <\/a>\n  <\/div>\n<div class=\"pivot-ecommerce-summary\">\n<p class=\"pivot-ecommerce-desc\">Foco solar LED<\/p>\n<div class=\"pivot-actions \">\n<div class=\"pivot-actions-row\">\n <a rel=\"nofollow, noopener, noreferrer noopener\" target=\"_blank\" data-asin=\"\" data-store=\"\" href=\"https:\/\/www.xatakahome.com\/redirect?url=https%3A%2F%2Fwww.lidl.es%2Fes%2Ffoco-solar-led%2Fp64852&amp;category=seleccion&amp;pivot=1&amp;ecomPostExpiration=perish&amp;postId=112212\" title=\"Precio de venta al p\u00fablico a fecha de publicaci\u00f3n\" class=\"pivot-action-btn pivot-action-primary\">PVP en Lidl \u2014 <strong>16,99<\/strong> \u20ac<\/a>\n <\/div>\n<\/p><\/div>\n<\/p><\/div>\n<\/p><\/div>\n<div class=\"pivot-link-msg\">* Alg\u00fan precio puede haber cambiado desde la \u00faltima revisi\u00f3n<\/div>\n<\/p><\/div>\n<p><!-- PIVOT END --><\/p>\n<h2>Comprar foco solar LED al mejor precio<\/h2>\n<div class=\"article-asset-image article-asset-normal article-asset-center\">\n<div class=\"asset-content\">\n                    <a rel=\"noopener, noreferrer\" class=\"js-ecommerce\" href=\"https:\/\/www.xatakahome.com\/redirect?url=https%3A%2F%2Fwww.lidl.es%2Fes%2Ffoco-solar-led%2Fp64852&amp;category=seleccion&amp;ecomPostExpiration=perish&amp;postId=112212\" data-vars-affiliate-url=\"https:\/\/www.xatakahome.com\/redirect?url=https%3A%2F%2Fwww.lidl.es%2Fes%2Ffoco-solar-led%2Fp64852&amp;category=seleccion&amp;ecomPostExpiration=perish&amp;postId=112212\"><\/p>\n<p>    <img decoding=\"async\" alt=\"foco solar LED\" class=\"centro_sinmarco\" src=\"https:\/\/i.blogs.es\/1b9678\/proyecto-nuevo-13-\/450_1000.webp\"><br \/>\n     <\/a><\/p><\/div>\n<\/div>\n<p>Por solo <a rel=\"noopener, noreferrer\" class=\"js-ecommerce\" href=\"https:\/\/www.xatakahome.com\/redirect?url=https%3A%2F%2Fwww.lidl.es%2Fes%2Ffoco-solar-led%2Fp64852&amp;category=seleccion&amp;ecomPostExpiration=perish&amp;postId=112212\" data-vars-affiliate-url=\"https:\/\/www.xatakahome.com\/redirect?url=https%3A%2F%2Fwww.lidl.es%2Fes%2Ffoco-solar-led%2Fp64852&amp;category=seleccion&amp;ecomPostExpiration=perish&amp;postId=112212\" data-id=\"noopener noreferrer\">16,99 euros<\/a>, esta soluci\u00f3n de iluminaci\u00f3n de Lidl es <strong>ideal para la terraza o jard\u00edn<\/strong> en los meses de primavera o verano, ya que permite tener luz de noche a<strong> <\/strong>trav\u00e9s de <a href=\"https:\/\/www.xataka.com\/energia\/la-energia-solar-por-primera-vez-se-esta-convirtiendo-en-la-manera-mas-barata-de-generar-electricidad\">energ\u00eda solar<\/a>. Los gastos de env\u00edo son de 3,99 euros y lo recibes en casa en un plazo de 1 a 3 d\u00edas.<\/p>\n<p><!-- BREAK 2 --><\/p>\n<p>Su instalaci\u00f3n es muy sencilla y lo puedes montar en la pared. Para funcionar, cuenta con una bater\u00eda de 3,7 V y de 2.600 mAh que se carga a trav\u00e9s de un <a href=\"https:\/\/www.xatakahome.com\/iluminacion-y-energia\/paneles-calentadores-solares-gratis-esto-que-tienes-que-hacer-para-conseguirlos\">panel solar<\/a> incorporado y ofrece una <strong>autonom\u00eda de hasta 35 horas<\/strong> en modo l\u00e1mpara nocturna.<\/p>\n<p><!-- BREAK 3 --><\/p>\n<div class=\"article-asset-video article-asset-normal\">\n<div class=\"asset-content\">\n<div class=\"base-asset-video\">\n<div class=\"js-dailymotion\">\n    <script type=\"application\/json\">\n           {\"videoId\":\"x7znesx\",\"autoplay\":true,\"title\":\"Edificio de autoconsumo ASI\u0301 FUNCIONAN - Paneles solares en bloques de pisos\", \"tag\":\"solar\"}\n         <\/script>\n   <\/div>\n<\/p><\/div>\n<\/p><\/div>\n<\/div>\n<p>Ofrece <strong>luz c\u00e1lida de color blanco neutro<\/strong>, con una intensidad de 600 l\u00famenes, temperatura de 4.000 K y con una cobertura de 1 a 8 metros de superficie. Adem\u00e1s, incorpora un sensor de oscuridad (para encenderse autom\u00e1ticamente cuando la luz natural ya empieza a irse) y un <a href=\"https:\/\/www.xatakahome.com\/seleccion\/sensores-movimiento-para-luces-exterior-cual-comprar-consejos-recomendaciones-1\">sensor de movimiento<\/a>, que intensifica el brillo por un per\u00edodo de 30 segundos.<\/p>\n<p><!-- BREAK 4 --><\/p>\n<p>Adem\u00e1s, ofrece <strong>cuatro modos de funcionamiento<\/strong> y cuenta con <a href=\"https:\/\/www.xataka.com\/basics\/ip55-ip67-ip68-otras-que-significan-tipos-proteccion-telefono-dispositivo\">certificaci\u00f3n IP54<\/a>, que lo hace resistente al polvo y las salpicaduras. En cuanto a sus medidas son de 19 x 19 x 20,5 cm y tiene un peso de 500 gramos.<\/p>\n<p><!-- BREAK 5 --><\/p>\n<div class=\"article-asset article-asset-normal article-asset-center\">\n<div class=\"desvio-container\">\n<div class=\"desvio\">\n<div class=\"desvio-figure js-desvio-figure\">\n    <a href=\"https:\/\/www.xatakahome.com\/electrodomesticos-innovadores\/estos-aparatos-desinfectan-quitan-malos-olores-ellos-solos-asi-funcionan-generadores-ozono\"><br \/>\n     <img loading=\"lazy\" decoding=\"async\" alt=\"Estos aparatos desinfectan y quitan malos olores ellos solos: as\u00ed funcionan los generadores de ozono\" width=\"375\" height=\"142\" src=\"https:\/\/i.blogs.es\/f85197\/totalpure-2000-ozone_3\/375_142.webp\" onerror='this.src=\"https:\/\/i.blogs.es\/f85197\/totalpure-2000-ozone_3\/375_142.jpeg\"'><br \/>\n    <\/a>\n   <\/div>\n<div class=\"desvio-summary\">\n<div class=\"desvio-taxonomy js-desvio-taxonomy\">\n     <a href=\"https:\/\/www.xatakahome.com\/electrodomesticos-innovadores\/estos-aparatos-desinfectan-quitan-malos-olores-ellos-solos-asi-funcionan-generadores-ozono\" class=\"desvio-taxonomy-anchor\">En Xataka Smart Home<\/a>\n    <\/div>\n<p>    <a href=\"https:\/\/www.xatakahome.com\/electrodomesticos-innovadores\/estos-aparatos-desinfectan-quitan-malos-olores-ellos-solos-asi-funcionan-generadores-ozono\" class=\"desvio-title js-desvio-title\">Estos aparatos desinfectan y quitan malos olores ellos solos: as\u00ed funcionan los generadores de ozono<\/a>\n   <\/div>\n<\/p><\/div>\n<\/p><\/div>\n<\/div>\n<h2>Tambi\u00e9n te puede interesar<\/h2>\n<p><!-- PIVOT START --><\/p>\n<div class=\"pivot-ecommerce-container m-pivot-ecommerce-redesign article-asset-normal article-asset-center\">\n<div class=\"pivot-ecommerce\">\n<div class=\"pivot-ecommerce-figure\">\n  <a rel=\"nofollow, noopener, noreferrer noopener\" target=\"_blank\" href=\"https:\/\/www.xatakahome.com\/redirect?url=https%3A%2F%2Fwww.amazon.es%2Fdp%2FB094J6JNPB%3Ftag%3Dxatakahome-21%26linkCode%3Dogi%26th%3D1%26psc%3D1&amp;category=seleccion&amp;pivot=1&amp;ecomPostExpiration=perish&amp;postId=112212\"><br \/>\n   <img loading=\"lazy\" decoding=\"async\" alt=\"Soporte para macetas de 6 animales\" width=\"500\" height=\"500\" src=\"https:\/\/i.blogs.es\/e8b763\/51j9wi1a6vs._sl500_\/original.webp\" onerror='this.src=\"https:\/\/i.blogs.es\/e8b763\/51j9wi1a6vs._sl500_\/original.jpeg\"'><br \/>\n  <\/a>\n  <\/div>\n<div class=\"pivot-ecommerce-summary\">\n<p class=\"pivot-ecommerce-desc\">Soporte para macetas de 6 animales<\/p>\n<div class=\"pivot-actions \">\n<div class=\"pivot-actions-row\">\n <a rel=\"nofollow, noopener, noreferrer noopener\" target=\"_blank\" data-asin=\"B094J6JNPB\" data-store=\"Amazon\" href=\"https:\/\/www.xatakahome.com\/redirect?url=https%3A%2F%2Fwww.amazon.es%2Fdp%2FB094J6JNPB%3Ftag%3Dxatakahome-21%26linkCode%3Dogi%26th%3D1%26psc%3D1&amp;category=seleccion&amp;pivot=1&amp;ecomPostExpiration=perish&amp;postId=112212\" title=\"Precio actualizado hoy\" class=\"pivot-action-btn pivot-action-primary\">Hoy en Amazon \u2014 <strong>54,99<\/strong> \u20ac<\/a>\n <\/div>\n<\/p><\/div>\n<\/p><\/div>\n<\/p><\/div>\n<div class=\"pivot-link-msg\">* Alg\u00fan precio puede haber cambiado desde la \u00faltima revisi\u00f3n<\/div>\n<\/p><\/div>\n<p><!-- PIVOT END --><br \/>\n<!-- PIVOT START --><\/p>\n<div class=\"pivot-ecommerce-container m-pivot-ecommerce-redesign article-asset-normal article-asset-center\">\n<div class=\"pivot-ecommerce\">\n<div class=\"pivot-ecommerce-figure\">\n  <a rel=\"nofollow, noopener, noreferrer noopener\" target=\"_blank\" href=\"https:\/\/www.xatakahome.com\/redirect?url=https%3A%2F%2Fwww.amazon.es%2Fdp%2FB0798DVXTX%3Ftag%3Dxatakahome-21%26linkCode%3Dogi%26th%3D1%26psc%3D1&amp;category=seleccion&amp;pivot=1&amp;ecomPostExpiration=perish&amp;postId=112212\"><br \/>\n   <img loading=\"lazy\" decoding=\"async\" alt=\"Keter Comfy - Arc\u00f3n exterior, Ba\u00fal almacenaje\" width=\"500\" height=\"314\" src=\"https:\/\/i.blogs.es\/54d0cb\/41chc8al6wl._sl500_\/original.webp\" onerror='this.src=\"https:\/\/i.blogs.es\/54d0cb\/41chc8al6wl._sl500_\/original.jpeg\"'><br \/>\n  <\/a>\n  <\/div>\n<div class=\"pivot-ecommerce-summary\">\n<p class=\"pivot-ecommerce-desc\">Keter Comfy &#8211; Arc\u00f3n exterior, Ba\u00fal almacenaje<\/p>\n<div class=\"pivot-actions \">\n<div class=\"pivot-actions-row\">\n <a rel=\"nofollow, noopener, noreferrer noopener\" target=\"_blank\" data-asin=\"B0798DVXTX\" data-store=\"Amazon\" href=\"https:\/\/www.xatakahome.com\/redirect?url=https%3A%2F%2Fwww.amazon.es%2Fdp%2FB0798DVXTX%3Ftag%3Dxatakahome-21%26linkCode%3Dogi%26th%3D1%26psc%3D1&amp;category=seleccion&amp;pivot=1&amp;ecomPostExpiration=perish&amp;postId=112212\" title=\"Precio actualizado hoy\" class=\"pivot-action-btn pivot-action-primary\">Hoy en Amazon \u2014 <strong>41,99<\/strong> \u20ac<\/a><br \/>\n   <a rel=\"nofollow, noopener, noreferrer noopener\" target=\"_blank\" data-asin=\"83511336\" data-store=\"Leroy Merlin\" href=\"https:\/\/www.xatakahome.com\/redirect?url=https%3A%2F%2Fwww.leroymerlin.es%2Fproductos%2Fjardin-y-terraza%2Fcasetas-armarios-y-arcones%2Farcones-para-exterior%2Fbaul-de-jardin-marron-comfy-83511336.html&amp;category=seleccion&amp;pivot=1&amp;ecomPostExpiration=perish&amp;postId=112212\" title=\"Precio actualizado hoy\" class=\"pivot-action-btn pivot-action-secondary\">Leroy Merlin \u2014 <strong>166,43<\/strong> \u20ac<\/a>\n <\/div>\n<\/p><\/div>\n<\/p><\/div>\n<\/p><\/div>\n<div class=\"pivot-link-msg\">* Alg\u00fan precio puede haber cambiado desde la \u00faltima revisi\u00f3n<\/div>\n<\/p><\/div>\n<p><!-- PIVOT END --><\/p>\n<p><em>Nota: algunos de los enlaces aqu\u00ed publicados son de afiliados y pueden reportar un beneficio.<\/em><\/p>\n<p><!-- BREAK 6 --><\/p>\n<p>Im\u00e1genes | Lidl<\/p>\n<p>En Xataka Smart Home | <a href=\"https:\/\/www.xatakahome.com\/seleccion\/diez-formas-divertidas-para-iluminar-y-decorar-tu-terraza-o-jardin-esta-primavera-con-luces-led-solares\">Diez formas divertidas para iluminar y decorar tu terraza o jard\u00edn esta primavera con luces LED solares<\/a><\/p>\n<p><!-- BREAK 7 --><\/p>\n<p>En Xataka Smart Home | <a href=\"https:\/\/www.xatakahome.com\/iluminacion-y-energia\/quiero-poner-toldo-gastar-poco-no-tener-que-hacer-agujeros-estas-soluciones-baratas-mercado\">Quiero poner un toldo, gastar poco y no tener que hacer agujeros. Estas son las soluciones m\u00e1s baratas del mercado<\/a><\/p>\n<p><!-- BREAK 8 --><script>\n (function() {\n  window._JS_MODULES = window._JS_MODULES || {};\n  var headElement = document.getElementsByTagName('head')[0];\n  if (_JS_MODULES.instagram) {\n   var instagramScript = document.createElement('script');\n   instagramScript.src = 'https:\/\/platform.instagram.com\/en_US\/embeds.js';\n   instagramScript.async = true;\n   instagramScript.defer = true;\n   headElement.appendChild(instagramScript);\n  }\n })();\n<\/script><\/p>\n<p> &#8211; <br \/> La noticia<br \/>\n      <a href=\"https:\/\/www.xatakahome.com\/seleccion\/este-foco-solar-led-lidl-te-permite-iluminar-tu-terraza-jardin-forma-facil-low-cost?utm_source=feedburner&amp;utm_medium=feed&amp;utm_campaign=29_Apr_2024\"><br \/>\n       <em> Este foco solar LED de Lidl te permite iluminar tu terraza o jard\u00edn de una forma f\u00e1cil y low cost  <\/em><br \/>\n      <\/a><br \/>\n      fue publicada originalmente en<br \/>\n      <a href=\"https:\/\/www.xatakahome.com\/?utm_source=feedburner&amp;utm_medium=feed&amp;utm_campaign=29_Apr_2024\"><br \/>\n       <strong> Xataka Smart Home <\/strong><br \/>\n      <\/a><br \/>\n            por <a href=\"https:\/\/www.xatakahome.com\/autor\/fran-leon?utm_source=feedburner&amp;utm_medium=feed&amp;utm_campaign=29_Apr_2024\"><br \/>\n       Fran Le\u00f3n<br \/>\n      <\/a><br \/>\n      . <\/p>\n<\/div>\n","protected":false},"excerpt":{"rendered":"<p>Ahora que empieza ya el buen tiempo, es el momento id\u00f3neo para preparar nuestra terraza o jard\u00edn de cara a las veladas veraniegas. Como pasaremos m\u00e1s tiempo en la zona exterior de nuestro hogar, Lidl tiene una buena soluci\u00f3n para iluminar estos espacios de forma barata. Se trata de este foco solar LED que cuesta &hellip; <a href=\"https:\/\/domosistemas.com\/?p=24061\" class=\"more-link\">Sigue leyendo <span class=\"screen-reader-text\">Este foco solar LED de Lidl te permite iluminar tu terraza o jard\u00edn de una forma f\u00e1cil y low cost<\/span><\/a><\/p>\n","protected":false},"author":1,"featured_media":0,"comment_status":"closed","ping_status":"closed","sticky":false,"template":"","format":"standard","meta":{"footnotes":""},"categories":[8],"tags":[],"class_list":["post-24061","post","type-post","status-publish","format-standard","hentry","category-xataka"],"_links":{"self":[{"href":"https:\/\/domosistemas.com\/index.php?rest_route=\/wp\/v2\/posts\/24061","targetHints":{"allow":["GET"]}}],"collection":[{"href":"https:\/\/domosistemas.com\/index.php?rest_route=\/wp\/v2\/posts"}],"about":[{"href":"https:\/\/domosistemas.com\/index.php?rest_route=\/wp\/v2\/types\/post"}],"author":[{"embeddable":true,"href":"https:\/\/domosistemas.com\/index.php?rest_route=\/wp\/v2\/users\/1"}],"replies":[{"embeddable":true,"href":"https:\/\/domosistemas.com\/index.php?rest_route=%2Fwp%2Fv2%2Fcomments&post=24061"}],"version-history":[{"count":0,"href":"https:\/\/domosistemas.com\/index.php?rest_route=\/wp\/v2\/posts\/24061\/revisions"}],"wp:attachment":[{"href":"https:\/\/domosistemas.com\/index.php?rest_route=%2Fwp%2Fv2%2Fmedia&parent=24061"}],"wp:term":[{"taxonomy":"category","embeddable":true,"href":"https:\/\/domosistemas.com\/index.php?rest_route=%2Fwp%2Fv2%2Fcategories&post=24061"},{"taxonomy":"post_tag","embeddable":true,"href":"https:\/\/domosistemas.com\/index.php?rest_route=%2Fwp%2Fv2%2Ftags&post=24061"}],"curies":[{"name":"wp","href":"https:\/\/api.w.org\/{rel}","templated":true}]}}