{"id":24149,"date":"2024-05-06T15:45:01","date_gmt":"2024-05-06T15:45:01","guid":{"rendered":"https:\/\/domosistemas.com\/?p=24149"},"modified":"2024-05-06T15:45:01","modified_gmt":"2024-05-06T15:45:01","slug":"este-edificio-de-ocho-plantas-lleva-un-ano-sin-ascensor-porque-una-vecina-no-quiere-pagar","status":"publish","type":"post","link":"https:\/\/domosistemas.com\/?p=24149","title":{"rendered":"Este edificio de ocho plantas lleva un a\u00f1o sin ascensor porque una vecina \u00abno quiere pagar\u00bb"},"content":{"rendered":"<div>\n<p>\n      <img decoding=\"async\" src=\"https:\/\/i.blogs.es\/b997d9\/jason-dent-yxzm_nsgf90-unsplash\/1024_2000.jpeg\" alt=\"Este edificio de ocho plantas lleva un a\u00f1o sin ascensor porque una vecina \" no quiere pagar>\n    <\/p>\n<p>Las disputas entre las comunidades de vecinos pueden dar a lugar a problemas desafortunados como el caso del edificio n\u00famero 116 de la calle Urzaiz, en Vigo. Y es que en pleno centro de Vigo, existe <strong>un edificio de ocho plantas que no tiene ascensor<\/strong>. Bueno, el ascensor existe, pero de momento no se encuentra en funcionamiento.<\/p>\n<p><!-- BREAK 1 --><\/p>\n<p>Tal y como <a href=\"https:\/\/www.xataka.com\/magnet\/edificio-vigo-ocho-plantas-15-familias-lleva-ano-poder-usar-ascensor-motivo-vecina-que-no-paga\">explican<\/a> nuestros compa\u00f1eros de Xataka, lo llamativo de este edificio es la raz\u00f3n que han dado sus vecinos para que el ascensor siga sin funcionar. Y es que seg\u00fan la informaci\u00f3n de <a rel=\"noopener, noreferrer\" href=\"https:\/\/www.farodevigo.es\/gran-vigo\/2024\/04\/22\/impago-vecina-deja-ascensor-un-ano-edificio-vigo-101367108.html\">Faro de Vigo<\/a>, <strong>una de las vecinas del bloque se niega a aportar su parte del pago<\/strong>, lo que ha hecho que durante un a\u00f1o sus residentes no puedan utilizarlo.<\/p>\n<p><!-- BREAK 2 --><\/p>\n<h2>Ocho plantas y un ascensor listo pero paralizado<\/h2>\n<p>La peor parte de la llevan los ancianos que residen en el edificio, ya que <strong>no pueden utilizar el ascensor ni para subir, ni para bajar ni para nada<\/strong>. La cabina permanece, de esta manera, bloqueada hasta que todos los vecinos cumplan con el pago de esta infraestructura.<\/p>\n<p><!-- BREAK 3 --><\/p>\n<p>En el edificio residen unas 15 familias y la comunidad de vecinos acord\u00f3 con una empresa arreglar el ascensor. Si bien los t\u00e9cnicos dejaron el ascensor listo para su uso,<strong> ninguno de los residentes ha podido todav\u00eda montarse en el ascensor<\/strong>. Seg\u00fan la postura de las familias, todo se debe a una \u00fanica persona que \u201cno quiere pagar\u201d.<\/p>\n<p><!-- BREAK 4 --><\/p>\n<div class=\"article-asset-image article-asset-normal article-asset-center\">\n<div class=\"asset-content\">\n<div class=\"caption-img \">\n                    <a rel=\"noopener, noreferrer\" href=\"https:\/\/twitter.com\/Farodevigo\/status\/1782288767211979112\"><\/p>\n<p>    <img decoding=\"async\" alt=\"Faro\" class=\"centro_sinmarco\" src=\"https:\/\/i.blogs.es\/218583\/faro\/450_1000.webp\"><br \/>\n     <\/a><\/p>\n<p>        <span>Haz clic en la imagen para ir a la publicaci\u00f3n<\/span>\n   <\/div>\n<\/p><\/div>\n<\/div>\n<p>Esta disputa ha llegado hasta tal punto que la situaci\u00f3n podr\u00eda trasladarse a los juzgados. Y es que al parecer, <strong>los residentes han decidido recurrir a un abogado<\/strong> para abordar la situaci\u00f3n. \u00abYa lo hemos contratado para que intermedie e intente resolver una situaci\u00f3n que provoca muchos problemas en la comunidad\u00bb, confirma una de las afectadas.<\/p>\n<p><!-- BREAK 5 --><\/p>\n<p>Hay que recordar que se trata de <strong>un edificio de ocho plantas, un \u00fanico ascensor y 15 familias<\/strong>, entre ellas ancianos y personas con movilidad reducida. Seg\u00fan la comunidad de vecinos, en el bloque tambi\u00e9n vive una anciana de unos 80 a\u00f1os de edad que recientemente fue operada de la cadera.<\/p>\n<p><!-- BREAK 6 --><\/p>\n<div class=\"article-asset article-asset-normal article-asset-center\">\n<div class=\"desvio-container\">\n<div class=\"desvio\">\n<div class=\"desvio-figure js-desvio-figure\">\n    <a href=\"https:\/\/www.xatakahome.com\/hogar\/hacer-obras-para-convertir-local-vivienda-no-sencillo-esta-comunidad-vecinos-se-niega-supremo-le-da-razon\"><br \/>\n     <img loading=\"lazy\" decoding=\"async\" alt=\"Hacer obras para convertir un local en vivienda no es tan sencillo: esta comunidad de vecinos se niega y el Supremo le da la raz\u00f3n \" width=\"375\" height=\"142\" src=\"https:\/\/i.blogs.es\/2525b0\/alina-perekatenkova-fdyuqigke7g-unsplash\/375_142.webp\" onerror='this.src=\"https:\/\/i.blogs.es\/2525b0\/alina-perekatenkova-fdyuqigke7g-unsplash\/375_142.jpeg\"'><br \/>\n    <\/a>\n   <\/div>\n<div class=\"desvio-summary\">\n<div class=\"desvio-taxonomy js-desvio-taxonomy\">\n     <a href=\"https:\/\/www.xatakahome.com\/hogar\/hacer-obras-para-convertir-local-vivienda-no-sencillo-esta-comunidad-vecinos-se-niega-supremo-le-da-razon\" class=\"desvio-taxonomy-anchor\">En Xataka Smart Home<\/a>\n    <\/div>\n<p>    <a href=\"https:\/\/www.xatakahome.com\/hogar\/hacer-obras-para-convertir-local-vivienda-no-sencillo-esta-comunidad-vecinos-se-niega-supremo-le-da-razon\" class=\"desvio-title js-desvio-title\">Hacer obras para convertir un local en vivienda no es tan sencillo: esta comunidad de vecinos se niega y el Supremo le da la raz\u00f3n <\/a>\n   <\/div>\n<\/p><\/div>\n<\/p><\/div>\n<\/div>\n<p>Seg\u00fan <a rel=\"noopener, noreferrer\" href=\"https:\/\/cadenaser.com\/galicia\/2024\/04\/23\/mas-de-un-ano-sin-poder-utilizar-el-unico-ascensor-de-su-edificio-radio-vigo\/\">Radio Vigo<\/a>, todos los afectados son inquilinos y muchos ni siquiera conocen los due\u00f1os de sus apartamentos. Tampoco faltan otros problemas, ya que seg\u00fan un vecino afirmaba al medio, la humedad del garaje y la escasez de extintores tambi\u00e9n son situaciones preocupantes para la comunidad. \u00abTemen que est\u00e9n intentando echarlos del edificio\u00bb, concluye la emisora.<\/p>\n<p><!-- BREAK 7 --><\/p>\n<div class=\"article-asset-video article-asset-normal\">\n<div class=\"asset-content\">\n<div class=\"base-asset-video\">\n<div class=\"js-dailymotion\">\n    <script type=\"application\/json\">\n           {\"videoId\":\"x7znesx\",\"autoplay\":true,\"title\":\"Edificio de autoconsumo ASI\u0301 FUNCIONAN - Paneles solares en bloques de pisos\", \"tag\":\"solar\"}\n         <\/script>\n   <\/div>\n<\/p><\/div>\n<\/p><\/div>\n<\/div>\n<p>La normativa para este caso se puede ver reflejada en el <a rel=\"noopener, noreferrer\" href=\"https:\/\/www.boe.es\/buscar\/act.php?id=BOE-A-1960-10906\">art\u00edculo 9<\/a> de la Ley de Propiedad Horizontal, el cual aclara que, entre otras obligaciones, los propietarios deben \u00abcontribuir, con arreglo a la cuota de participaci\u00f3n fijada en el t\u00edtulo o a lo especialmente establecido, a los gastos generales para el adecuado sostenimiento del inmueble, servicios, cargas y responsabilidades que no sean susceptibles de individualizaci\u00f3n\u00bb. La misma ley establece que tienen \u00abcar\u00e1cter obligatorio\u00bb ciertas obras, incluidas aquellas \u00abnecesarias para garantizar los ajustes razonables en accesibilidad\u00bb.<\/p>\n<p><!-- BREAK 8 --><\/p>\n<p>Debemos tener en cuenta que, la ley para los ascensores <a href=\"https:\/\/www.xatakahome.com\/hogar\/esto-que-hay-que-hacer-ascensores-a-partir-1-julio-no-se-queden-fuera-servicio\">cambiar\u00e1 a partir del pr\u00f3ximo 1 de julio<\/a>, donde el Gobierno estipula <strong>una nueva normativa para la adecuaci\u00f3n y mejora de los ascensores<\/strong>, as\u00ed como revisiones recurrentes para garantizar la seguridad de este sistema en los edificios.<\/p>\n<p><!-- BREAK 9 --><\/p>\n<p>Imagen de portada | <a rel=\"noopener, noreferrer\" href=\"https:\/\/unsplash.com\/es\/@jdent\">Jason Dent<\/a><\/p>\n<p><!-- BREAK 10 --><\/p>\n<p>En Xataka Smart Home | <a href=\"https:\/\/www.xatakahome.com\/hogar\/esto-que-hemos-hecho-comunidad-vecinos-para-pagar-luz-solo-ha-costado-15-euros-1\">Esto es lo que hemos hecho en la comunidad de vecinos para pagar menos luz y s\u00f3lo ha costado 15 euros<\/a><\/p>\n<p><!-- BREAK 11 --><script>\n (function() {\n  window._JS_MODULES = window._JS_MODULES || {};\n  var headElement = document.getElementsByTagName('head')[0];\n  if (_JS_MODULES.instagram) {\n   var instagramScript = document.createElement('script');\n   instagramScript.src = 'https:\/\/platform.instagram.com\/en_US\/embeds.js';\n   instagramScript.async = true;\n   instagramScript.defer = true;\n   headElement.appendChild(instagramScript);\n  }\n })();\n<\/script><\/p>\n<p> &#8211; <br \/> La noticia<br \/>\n      <a href=\"https:\/\/www.xatakahome.com\/hogar\/este-edificio-ocho-plantas-lleva-ano-ascensor-porque-vecina-no-quiere-pagar?utm_source=feedburner&amp;utm_medium=feed&amp;utm_campaign=06_May_2024\"><br \/>\n       <em> Este edificio de ocho plantas lleva un a\u00f1o sin ascensor porque una vecina \u00abno quiere pagar\u00bb  <\/em><br \/>\n      <\/a><br \/>\n      fue publicada originalmente en<br \/>\n      <a href=\"https:\/\/www.xatakahome.com\/?utm_source=feedburner&amp;utm_medium=feed&amp;utm_campaign=06_May_2024\"><br \/>\n       <strong> Xataka Smart Home <\/strong><br \/>\n      <\/a><br \/>\n            por <a href=\"https:\/\/www.xatakahome.com\/autor\/antonio-vallejo?utm_source=feedburner&amp;utm_medium=feed&amp;utm_campaign=06_May_2024\"><br \/>\n       Antonio Vallejo<br \/>\n      <\/a><br \/>\n      . <\/p>\n<\/div>\n","protected":false},"excerpt":{"rendered":"<p>Las disputas entre las comunidades de vecinos pueden dar a lugar a problemas desafortunados como el caso del edificio n\u00famero 116 de la calle Urzaiz, en Vigo. Y es que en pleno centro de Vigo, existe un edificio de ocho plantas que no tiene ascensor. Bueno, el ascensor existe, pero de momento no se encuentra &hellip; <a href=\"https:\/\/domosistemas.com\/?p=24149\" class=\"more-link\">Sigue leyendo <span class=\"screen-reader-text\">Este edificio de ocho plantas lleva un a\u00f1o sin ascensor porque una vecina \u00abno quiere pagar\u00bb<\/span><\/a><\/p>\n","protected":false},"author":1,"featured_media":0,"comment_status":"closed","ping_status":"closed","sticky":false,"template":"","format":"standard","meta":{"footnotes":""},"categories":[8],"tags":[],"class_list":["post-24149","post","type-post","status-publish","format-standard","hentry","category-xataka"],"_links":{"self":[{"href":"https:\/\/domosistemas.com\/index.php?rest_route=\/wp\/v2\/posts\/24149","targetHints":{"allow":["GET"]}}],"collection":[{"href":"https:\/\/domosistemas.com\/index.php?rest_route=\/wp\/v2\/posts"}],"about":[{"href":"https:\/\/domosistemas.com\/index.php?rest_route=\/wp\/v2\/types\/post"}],"author":[{"embeddable":true,"href":"https:\/\/domosistemas.com\/index.php?rest_route=\/wp\/v2\/users\/1"}],"replies":[{"embeddable":true,"href":"https:\/\/domosistemas.com\/index.php?rest_route=%2Fwp%2Fv2%2Fcomments&post=24149"}],"version-history":[{"count":0,"href":"https:\/\/domosistemas.com\/index.php?rest_route=\/wp\/v2\/posts\/24149\/revisions"}],"wp:attachment":[{"href":"https:\/\/domosistemas.com\/index.php?rest_route=%2Fwp%2Fv2%2Fmedia&parent=24149"}],"wp:term":[{"taxonomy":"category","embeddable":true,"href":"https:\/\/domosistemas.com\/index.php?rest_route=%2Fwp%2Fv2%2Fcategories&post=24149"},{"taxonomy":"post_tag","embeddable":true,"href":"https:\/\/domosistemas.com\/index.php?rest_route=%2Fwp%2Fv2%2Ftags&post=24149"}],"curies":[{"name":"wp","href":"https:\/\/api.w.org\/{rel}","templated":true}]}}