{"id":24161,"date":"2024-05-07T13:29:14","date_gmt":"2024-05-07T13:29:14","guid":{"rendered":"https:\/\/domosistemas.com\/?p=24161"},"modified":"2024-05-07T13:29:14","modified_gmt":"2024-05-07T13:29:14","slug":"en-unos-meses-todos-los-dispositivos-que-compres-tendran-que-tener-por-ley-este-conector-esta-es-la-fecha-limite","status":"publish","type":"post","link":"https:\/\/domosistemas.com\/?p=24161","title":{"rendered":"En unos meses, todos los dispositivos que compres tendr\u00e1n que tener por ley este conector: esta es la fecha l\u00edmite"},"content":{"rendered":"<div>\n<p>\n      <img decoding=\"async\" src=\"https:\/\/i.blogs.es\/e97b3e\/solen-feyissa-115yge1m28i-unsplash\/1024_2000.jpeg\" alt=\"En unos meses, todos los dispositivos que compres tendr\u00e1n que tener por ley este conector: esta es la fecha l\u00edmite \">\n    <\/p>\n<p>Cada vez tenemos en casa m\u00e1s dispositivos con <a href=\"https:\/\/www.xatakahome.com\/curiosidades\/usb-4-0-thunderbolt-4-repasamos-diferencias-similitudes-dos-estandares-conexion-actuales\">conexiones de todo tipo<\/a>, lo que hace que muchas veces al ir terminando su vida \u00fatil vayamos <strong>acumulando cargadores<\/strong> diferentes con adaptadores y cables que no sabemos muy bien d\u00f3nde guardar.<\/p>\n<p><!-- BREAK 1 --><\/p>\n<p>La <strong>Uni\u00f3n Europea<\/strong> lleva ya varios a\u00f1os detr\u00e1s de acabar con esta situaci\u00f3n y <a href=\"https:\/\/www.xatakahome.com\/accesorios\/europa-quiere-cargador-unico-pese-a-quien-pese-usb-tipo-c-para-dominarlos-a-todos-esta-poco-cerca\">propuso en 2022<\/a> la implantaci\u00f3n de un <strong>cargador \u00fanico<\/strong>, una misma forma de alimentar los dispositivos del hogar digital y conectado que ahorrase costes, materiales y redujese el desperdicio en valiosas materias primas.<\/p>\n<p><!-- BREAK 2 --><\/p>\n<div class=\"article-asset article-asset-normal article-asset-center\">\n<div class=\"desvio-container\">\n<div class=\"desvio\">\n<div class=\"desvio-figure js-desvio-figure\">\n    <a href=\"https:\/\/www.xatakahome.com\/televisores\/que-sencillo-barato-alargador-usb-mejor-aliado-tu-carisima-smart-tv-consejos-compra-modelos-recomendados-1\"><br \/>\n     <img loading=\"lazy\" decoding=\"async\" alt=\"Por qu\u00e9 un sencillo y barato alargador USB es el mejor aliado de tu car\u00edsima Smart TV: consejos de compra y modelos recomendados\" width=\"375\" height=\"142\" src=\"https:\/\/i.blogs.es\/4a5aa3\/alargador\/375_142.webp\" onerror='this.src=\"https:\/\/i.blogs.es\/4a5aa3\/alargador\/375_142.jpeg\"'><br \/>\n    <\/a>\n   <\/div>\n<div class=\"desvio-summary\">\n<div class=\"desvio-taxonomy js-desvio-taxonomy\">\n     <a href=\"https:\/\/www.xatakahome.com\/televisores\/que-sencillo-barato-alargador-usb-mejor-aliado-tu-carisima-smart-tv-consejos-compra-modelos-recomendados-1\" class=\"desvio-taxonomy-anchor\">En Xataka Smart Home<\/a>\n    <\/div>\n<p>    <a href=\"https:\/\/www.xatakahome.com\/televisores\/que-sencillo-barato-alargador-usb-mejor-aliado-tu-carisima-smart-tv-consejos-compra-modelos-recomendados-1\" class=\"desvio-title js-desvio-title\">Por qu\u00e9 un sencillo y barato alargador USB es el mejor aliado de tu car\u00edsima Smart TV: consejos de compra y modelos recomendados<\/a>\n   <\/div>\n<\/p><\/div>\n<\/p><\/div>\n<\/div>\n<h2>Un cargador \u00fanico para dominarlos a todos<\/h2>\n<p>Y parece que la normativa finalmente <strong>ha sido aprobada para Espa\u00f1a<\/strong>, donde ya tenemos reglamento establecido con fechas l\u00edmite para que todos los fabricantes incorporen la nueva ley.<\/p>\n<p><!-- BREAK 3 --><\/p>\n<p>El Consejo de Ministros, a propuesta del Ministerio para la Transformaci\u00f3n Digital y de la Funci\u00f3n P\u00fablica <a rel=\"noopener, noreferrer\" href=\"https:\/\/portal.mineco.gob.es\/es-es\/comunicacion\/Paginas\/20240430-Gobierno-establece-criterios-definen-influencers-regula-utilizacion-cargador-unico.aspx\">aprob\u00f3 finalmente<\/a> hace unos d\u00edas la modificaci\u00f3n del Reglamento sobre la comercializaci\u00f3n de equipos radioel\u00e9ctricos del <a rel=\"noopener, noreferrer\" href=\"https:\/\/www.boe.es\/diario_boe\/txt.php?id=BOE-A-2024-8714\">Real Decreto 188\/2026<\/a>, de 6 de mayo, de forma que <strong>todos los nuevos cargadores de aparatos electr\u00f3nicos tendr\u00e1n que ser del miso est\u00e1ndar<\/strong>. Y en concreto, el elegido para los pr\u00f3ximos a\u00f1os ser\u00e1 el <a href=\"https:\/\/www.xataka.com\/basics\/usb-type-c-que-exactamente-que-se-diferencia-resto\">USB \u00a0tipo C<\/a>.<\/p>\n<p><!-- BREAK 4 --><\/p>\n<p>\u00bf<strong>Cu\u00e1ndo ser\u00e1 obligatorio<\/strong> que todos los equipos tengan este tipo de cargador? Pues se ha establecido varias fechas l\u00edmite a partir de las cuales ya no se podr\u00e1n vender nuevos equipos sin posibilidad de usar un cargador USB tipo C:<\/p>\n<p><!-- BREAK 5 --><\/p>\n<ul>\n<li><strong>28 de diciembre de 2024<\/strong> para dispositivos electr\u00f3nicos en general salvo ordenadores port\u00e1tiles. Esto incluye todos los cargadores de tel\u00e9fonos m\u00f3viles, tabletas, c\u00e1maras, auriculares, altavoces o videoconsolas port\u00e1tiles, entre otros.<\/li>\n<li><strong>Abril de 2026<\/strong> para los ordenadores port\u00e1tiles.<\/li>\n<\/ul>\n<div class=\"article-asset-video article-asset-normal\">\n<div class=\"asset-content\">\n<div class=\"base-asset-video\">\n<div class=\"js-dailymotion\">\n    <script type=\"application\/json\">\n           {\"videoId\":\"x8dmqaj\",\"autoplay\":true,\"title\":\"Un USB-C PARA DOMINARLOS A TODOS- la Unio\u0301n Europea aprueba que haya un cargador u\u0301nico en mo\u0301viles\", \"tag\":\"webedia-prod\"}\n         <\/script>\n   <\/div>\n<\/p><\/div>\n<\/p><\/div>\n<\/div>\n<p>Adem\u00e1s, los fabricantes deber\u00e1n <strong>ofrecer la posibilidad de adquirir estos equipos sin el dispositivo de carga<\/strong> (sin cargador) y de este modo lograr un menor impacto medioambiental con la reducci\u00f3n de residuos electr\u00f3nicos.<\/p>\n<p><!-- BREAK 6 --><\/p>\n<p>Tambi\u00e9n tendr\u00e1 que <strong>indicarse si el cargador est\u00e1 o no incluido<\/strong> con la compra del equipo en forma de pictograma en el embalaje y cerca de la indicaci\u00f3n de precio en las ventas a distancia.<\/p>\n<p><!-- BREAK 7 --><\/p>\n<p>Finalmente, si los equipos requieren <strong>tensiones superiores a\u00a05 voltios<\/strong>, <strong>corrientes superiores a\u00a03 amperios o potencias superiores a\u00a015 vatios<\/strong>, deber\u00e1 a\u00f1adirse un texto adicional: \u201cCarga r\u00e1pida mediante USB PD\u201d, y una referencia de cualquier otro protocolo de carga compatible, cuyo nombre se indicar\u00e1 en formato de texto.<\/p>\n<p><!-- BREAK 8 --><\/p>\n<p>Imagen portada | <a rel=\"noopener, noreferrer\" href=\"https:\/\/unsplash.com\/es\/@solenfeyissa\">Solen Feyissa<\/a><\/p>\n<p><!-- BREAK 9 --><\/p>\n<p>M\u00e1s informaci\u00f3n | <a rel=\"noopener, noreferrer\" href=\"https:\/\/www.boe.es\/diario_boe\/txt.php?id=BOE-A-2024-8714\">BOE<\/a><\/p>\n<p><!-- BREAK 10 --><\/p>\n<p>En Xataka Smart Home | <a href=\"https:\/\/www.xatakahome.com\/accesorios\/europa-quiere-cargador-unico-pese-a-quien-pese-usb-tipo-c-para-dominarlos-a-todos-esta-poco-cerca\">Europa quiere un cargador \u00fanico pese a qui\u00e9n pese: el USB Tipo C para dominarlos a todos ya est\u00e1 un poco m\u00e1s cerca<\/a><\/p>\n<p><!-- BREAK 11 --><script>\n (function() {\n  window._JS_MODULES = window._JS_MODULES || {};\n  var headElement = document.getElementsByTagName('head')[0];\n  if (_JS_MODULES.instagram) {\n   var instagramScript = document.createElement('script');\n   instagramScript.src = 'https:\/\/platform.instagram.com\/en_US\/embeds.js';\n   instagramScript.async = true;\n   instagramScript.defer = true;\n   headElement.appendChild(instagramScript);\n  }\n })();\n<\/script><\/p>\n<p> &#8211; <br \/> La noticia<br \/>\n      <a href=\"https:\/\/www.xatakahome.com\/hogar\/unos-meses-todos-dispositivos-que-compres-tendran-que-tener-ley-este-conector-esta-fecha-limite?utm_source=feedburner&amp;utm_medium=feed&amp;utm_campaign=07_May_2024\"><br \/>\n       <em> En unos meses, todos los dispositivos que compres tendr\u00e1n que tener por ley este conector: esta es la fecha l\u00edmite  <\/em><br \/>\n      <\/a><br \/>\n      fue publicada originalmente en<br \/>\n      <a href=\"https:\/\/www.xatakahome.com\/?utm_source=feedburner&amp;utm_medium=feed&amp;utm_campaign=07_May_2024\"><br \/>\n       <strong> Xataka Smart Home <\/strong><br \/>\n      <\/a><br \/>\n            por <a href=\"https:\/\/www.xatakahome.com\/autor\/paco-rodriguez?utm_source=feedburner&amp;utm_medium=feed&amp;utm_campaign=07_May_2024\"><br \/>\n       Paco Rodriguez<br \/>\n      <\/a><br \/>\n      . <\/p>\n<\/div>\n","protected":false},"excerpt":{"rendered":"<p>Cada vez tenemos en casa m\u00e1s dispositivos con conexiones de todo tipo, lo que hace que muchas veces al ir terminando su vida \u00fatil vayamos acumulando cargadores diferentes con adaptadores y cables que no sabemos muy bien d\u00f3nde guardar. La Uni\u00f3n Europea lleva ya varios a\u00f1os detr\u00e1s de acabar con esta situaci\u00f3n y propuso en &hellip; <a href=\"https:\/\/domosistemas.com\/?p=24161\" class=\"more-link\">Sigue leyendo <span class=\"screen-reader-text\">En unos meses, todos los dispositivos que compres tendr\u00e1n que tener por ley este conector: esta es la fecha l\u00edmite<\/span><\/a><\/p>\n","protected":false},"author":1,"featured_media":0,"comment_status":"closed","ping_status":"closed","sticky":false,"template":"","format":"standard","meta":{"footnotes":""},"categories":[8],"tags":[],"class_list":["post-24161","post","type-post","status-publish","format-standard","hentry","category-xataka"],"_links":{"self":[{"href":"https:\/\/domosistemas.com\/index.php?rest_route=\/wp\/v2\/posts\/24161","targetHints":{"allow":["GET"]}}],"collection":[{"href":"https:\/\/domosistemas.com\/index.php?rest_route=\/wp\/v2\/posts"}],"about":[{"href":"https:\/\/domosistemas.com\/index.php?rest_route=\/wp\/v2\/types\/post"}],"author":[{"embeddable":true,"href":"https:\/\/domosistemas.com\/index.php?rest_route=\/wp\/v2\/users\/1"}],"replies":[{"embeddable":true,"href":"https:\/\/domosistemas.com\/index.php?rest_route=%2Fwp%2Fv2%2Fcomments&post=24161"}],"version-history":[{"count":0,"href":"https:\/\/domosistemas.com\/index.php?rest_route=\/wp\/v2\/posts\/24161\/revisions"}],"wp:attachment":[{"href":"https:\/\/domosistemas.com\/index.php?rest_route=%2Fwp%2Fv2%2Fmedia&parent=24161"}],"wp:term":[{"taxonomy":"category","embeddable":true,"href":"https:\/\/domosistemas.com\/index.php?rest_route=%2Fwp%2Fv2%2Fcategories&post=24161"},{"taxonomy":"post_tag","embeddable":true,"href":"https:\/\/domosistemas.com\/index.php?rest_route=%2Fwp%2Fv2%2Ftags&post=24161"}],"curies":[{"name":"wp","href":"https:\/\/api.w.org\/{rel}","templated":true}]}}