{"id":24189,"date":"2024-05-09T02:00:32","date_gmt":"2024-05-09T02:00:32","guid":{"rendered":"https:\/\/domosistemas.com\/?p=24189"},"modified":"2024-05-09T02:00:32","modified_gmt":"2024-05-09T02:00:32","slug":"el-grupo-zumtobel-se-asocia-con-fegime-para-distribuir-sus-productos-de-iluminacion-en-portugal","status":"publish","type":"post","link":"https:\/\/domosistemas.com\/?p=24189","title":{"rendered":"El Grupo Zumtobel se asocia con Fegime para distribuir sus productos de iluminaci\u00f3n en Portugal"},"content":{"rendered":"<div>\n<p>El fabricante de soluciones de iluminaci\u00f3n innovadoras y sostenibles Grupo Zumtobel ha anunciado una asociaci\u00f3n comercial con Fegime Portugal, por la cual la compa\u00f1\u00eda portuguesa se convierte en el distribuidor oficial de las marcas Thorn y <a href=\"https:\/\/www.zumtobel.com\/es-es\/index.html\" target=\"_blank\" rel=\"noopener sponsored\">Zumtobel<\/a> en Portugal.<\/p>\n<figure id=\"attachment_136764\" aria-describedby=\"caption-attachment-136764\" style=\"width: 800px\" class=\"wp-caption aligncenter\"><img fetchpriority=\"high\" decoding=\"async\" class=\"size-full wp-image-136764\" src=\"https:\/\/static.casadomo.com\/media\/2024\/05\/grupo-zumtobel-asociacion-fegime-portugal-distribucion-productos-portugal.png\" alt=\"Firma del acuerdo entre Grupo Zumtobel y Fegime Portugal.\" width=\"800\" height=\"481\" srcset=\"https:\/\/static.casadomo.com\/media\/2024\/05\/grupo-zumtobel-asociacion-fegime-portugal-distribucion-productos-portugal.png 800w, https:\/\/static.casadomo.com\/media\/2024\/05\/grupo-zumtobel-asociacion-fegime-portugal-distribucion-productos-portugal-300x180.png 300w, https:\/\/static.casadomo.com\/media\/2024\/05\/grupo-zumtobel-asociacion-fegime-portugal-distribucion-productos-portugal-768x462.png 768w, https:\/\/static.casadomo.com\/media\/2024\/05\/grupo-zumtobel-asociacion-fegime-portugal-distribucion-productos-portugal-180x108.png 180w\" sizes=\"(max-width: 800px) 100vw, 800px\"><figcaption id=\"caption-attachment-136764\" class=\"wp-caption-text\">De izquierda a derecha, Wilfrid Chenay, General Manager Iberia de Zumtobel, y Nuno Requetim, Managing Director de Fegime Portugal, durante la firma del acuerdo.<\/figcaption><\/figure>\n<p>Esta asociaci\u00f3n marca un importante paso adelante en el compromiso de Zumtobel de ampliar su presencia en el mercado europeo y al mismo tiempo ofrecer soluciones de iluminaci\u00f3n de alta calidad a un p\u00fablico m\u00e1s amplio. Al colaborar con Fegime, las marcas del Grupo Zumtobel, Zumtobel y Thorn, estar\u00e1n disponibles en una red de distribuci\u00f3n el\u00e9ctrica bien establecida en Portugal.<\/p>\n<p>\u00abEsta asociaci\u00f3n comercial con Fegime Portugal es un paso emocionante para Zumtobel. Al unir fuerzas, estamos seguros de que podremos crear valor a\u00f1adido para nuestros clientes y al mismo tiempo fortalecer nuestra posici\u00f3n en el mercado de la iluminaci\u00f3n\u00bb, comenta Wilfrid Chenay, General Manager Iberia de Zumtobel.<\/p>\n<h2>Compromiso con la satisfacci\u00f3n del cliente<\/h2>\n<p>Con nueve empresas y 37 puntos de venta, Fegime Portugal cubre ampliamente el mercado portugu\u00e9s y es reconocido por su compromiso con la excelencia, lo que lo convierte en el socio \u00f3ptimo para <a href=\"https:\/\/www.casadomo.com\/empresas\/zumtobel\">Zumtobel<\/a>. Ambas empresas se comprometen a proporcionar soluciones de iluminaci\u00f3n de \u00faltima generaci\u00f3n, promoviendo la eficiencia energ\u00e9tica y ofreciendo un servicio excepcional a los clientes.<\/p>\n<p>Por su parte, Fegime Portugal considera que esta asociaci\u00f3n abre nuevas e interesantes oportunidades para sus miembros y refuerza su compromiso con la satisfacci\u00f3n del cliente.<\/p>\n<p>La entrada <a href=\"https:\/\/www.casadomo.com\/2024\/05\/09\/grupo-zumtobel-asocia-fegime-distribuir-productos-iluminacion-portugal\">El Grupo Zumtobel se asocia con Fegime para distribuir sus productos de iluminaci\u00f3n en Portugal<\/a> aparece primero en <a href=\"https:\/\/www.casadomo.com\/\">CASADOMO<\/a>.<\/p>\n<\/div>\n","protected":false},"excerpt":{"rendered":"<p>El fabricante de soluciones de iluminaci\u00f3n innovadoras y sostenibles Grupo Zumtobel ha anunciado una asociaci\u00f3n comercial con Fegime Portugal, por la cual la compa\u00f1\u00eda portuguesa se convierte en el distribuidor oficial de las marcas Thorn y Zumtobel en Portugal. De izquierda a derecha, Wilfrid Chenay, General Manager Iberia de Zumtobel, y Nuno Requetim, Managing Director &hellip; <a href=\"https:\/\/domosistemas.com\/?p=24189\" class=\"more-link\">Sigue leyendo <span class=\"screen-reader-text\">El Grupo Zumtobel se asocia con Fegime para distribuir sus productos de iluminaci\u00f3n en Portugal<\/span><\/a><\/p>\n","protected":false},"author":1,"featured_media":0,"comment_status":"closed","ping_status":"closed","sticky":false,"template":"","format":"standard","meta":{"footnotes":""},"categories":[3],"tags":[],"class_list":["post-24189","post","type-post","status-publish","format-standard","hentry","category-casadomo-com"],"_links":{"self":[{"href":"https:\/\/domosistemas.com\/index.php?rest_route=\/wp\/v2\/posts\/24189","targetHints":{"allow":["GET"]}}],"collection":[{"href":"https:\/\/domosistemas.com\/index.php?rest_route=\/wp\/v2\/posts"}],"about":[{"href":"https:\/\/domosistemas.com\/index.php?rest_route=\/wp\/v2\/types\/post"}],"author":[{"embeddable":true,"href":"https:\/\/domosistemas.com\/index.php?rest_route=\/wp\/v2\/users\/1"}],"replies":[{"embeddable":true,"href":"https:\/\/domosistemas.com\/index.php?rest_route=%2Fwp%2Fv2%2Fcomments&post=24189"}],"version-history":[{"count":0,"href":"https:\/\/domosistemas.com\/index.php?rest_route=\/wp\/v2\/posts\/24189\/revisions"}],"wp:attachment":[{"href":"https:\/\/domosistemas.com\/index.php?rest_route=%2Fwp%2Fv2%2Fmedia&parent=24189"}],"wp:term":[{"taxonomy":"category","embeddable":true,"href":"https:\/\/domosistemas.com\/index.php?rest_route=%2Fwp%2Fv2%2Fcategories&post=24189"},{"taxonomy":"post_tag","embeddable":true,"href":"https:\/\/domosistemas.com\/index.php?rest_route=%2Fwp%2Fv2%2Ftags&post=24189"}],"curies":[{"name":"wp","href":"https:\/\/api.w.org\/{rel}","templated":true}]}}