{"id":24226,"date":"2024-05-12T10:03:47","date_gmt":"2024-05-12T10:03:47","guid":{"rendered":"https:\/\/domosistemas.com\/?p=24226"},"modified":"2024-05-12T10:03:47","modified_gmt":"2024-05-12T10:03:47","slug":"este-aire-acondicionado-portatil-para-ventana-esta-en-oferta-en-carrefour-perfecto-si-viajas-en-autocaravana-este-verano","status":"publish","type":"post","link":"https:\/\/domosistemas.com\/?p=24226","title":{"rendered":"Este aire acondicionado port\u00e1til para ventana est\u00e1 en oferta en Carrefour: perfecto si viajas en autocaravana este verano"},"content":{"rendered":"<div>\n<p>\n      <img decoding=\"async\" src=\"https:\/\/i.blogs.es\/0f2582\/ofertas_cpa_v3-copia-40-\/1024_2000.jpeg\" alt=\"Este aire acondicionado port\u00e1til para ventana est\u00e1 en oferta en Carrefour: perfecto si viajas en autocaravana este verano \">\n    <\/p>\n<p>Ahora que empiezan ya las altas temperaturas, es el momento ideal para encontrar ofertas en productos de refrigeraci\u00f3n. En Carrefour, hemos encontrado este <strong>aire acondicionado port\u00e1til de ventana Universal Blue<\/strong> en oferta, por <a rel=\"noopener, noreferrer\" class=\"js-ecommerce\" href=\"https:\/\/www.xatakahome.com\/redirect?url=https%3A%2F%2Fwww.carrefour.es%2Faire-acondicionado-portatil-de-ventana-universalblue%2F8436589072633%2Fp&amp;category=seleccion&amp;ecomPostExpiration=everlasting&amp;postId=112371\" data-vars-affiliate-url=\"https:\/\/www.xatakahome.com\/redirect?url=https%3A%2F%2Fwww.carrefour.es%2Faire-acondicionado-portatil-de-ventana-universalblue%2F8436589072633%2Fp&amp;category=seleccion&amp;ecomPostExpiration=everlasting&amp;postId=112371\">640,99 euros<\/a>.<\/p>\n<p><!-- BREAK 1 --><!-- PIVOT START --><\/p>\n<div class=\"pivot-ecommerce-container m-pivot-ecommerce-redesign article-asset-normal article-asset-center\">\n<div class=\"pivot-ecommerce\">\n<div class=\"pivot-ecommerce-figure\">\n  <a rel=\"nofollow, noopener, noreferrer noopener\" target=\"_blank\" href=\"https:\/\/www.xatakahome.com\/redirect?url=https%3A%2F%2Fwww.carrefour.es%2Faire-acondicionado-portatil-de-ventana-universalblue%2F8436589072633%2Fp&amp;category=seleccion&amp;pivot=1&amp;ecomPostExpiration=everlasting&amp;postId=112371\"><br \/>\n   <img loading=\"lazy\" decoding=\"async\" alt=\"Universal Blue Colorado Adventur 5012W Aire Acondicionado Port\u00e1til de Ventana 1250 Frigor\u00edas\" width=\"514\" height=\"485\" src=\"https:\/\/i.blogs.es\/d5a8e4\/captura_de_pantalla_2023-05-09_a_las_9.44.11-removebg-preview\/original.webp\" onerror='this.src=\"https:\/\/i.blogs.es\/d5a8e4\/captura_de_pantalla_2023-05-09_a_las_9.44.11-removebg-preview\/original.png\"'><br \/>\n  <\/a>\n  <\/div>\n<div class=\"pivot-ecommerce-summary\">\n<p class=\"pivot-ecommerce-desc\">Universal Blue Colorado Adventur 5012W Aire Acondicionado Port\u00e1til de Ventana 1250 Frigor\u00edas<\/p>\n<div class=\"pivot-actions \">\n<div class=\"pivot-actions-row\">\n <a rel=\"nofollow, noopener, noreferrer noopener\" target=\"_blank\" data-asin=\"\" data-store=\"\" href=\"https:\/\/www.xatakahome.com\/redirect?url=https%3A%2F%2Fwww.carrefour.es%2Faire-acondicionado-portatil-de-ventana-universalblue%2F8436589072633%2Fp&amp;category=seleccion&amp;pivot=1&amp;ecomPostExpiration=everlasting&amp;postId=112371\" title=\"Precio de venta al p\u00fablico a fecha de publicaci\u00f3n\" class=\"pivot-action-btn pivot-action-primary\">PVP en Carrefour \u2014 <strong>640,99<\/strong> \u20ac<\/a><br \/>\n   <a rel=\"nofollow, noopener, noreferrer noopener\" target=\"_blank\" data-asin=\"\" data-store=\"\" href=\"https:\/\/www.xatakahome.com\/redirect?url=https%3A%2F%2Fwww.pccomponentes.com%2Funiversal-blue-colorado-adventur-5012w-aire-acondicionado-portatil-de-ventana-1250-frigorias&amp;category=seleccion&amp;pivot=1&amp;ecomPostExpiration=everlasting&amp;postId=112371\" title=\"Precio de venta al p\u00fablico a fecha de publicaci\u00f3n\" class=\"pivot-action-btn pivot-action-secondary\">PcComponentes \u2014 <strong>799,99<\/strong> \u20ac<\/a><br \/>\n   <a rel=\"nofollow, noopener, noreferrer noopener\" target=\"_blank\" data-asin=\"\" data-store=\"\" href=\"https:\/\/www.xatakahome.com\/redirect?url=https%3A%2F%2Fwww.leroymerlin.es%2Fproductos%2Fcalefaccion-y-climatizacion%2Faire-acondicionado%2Faire-acondicionado-split-inverter%2Faire-acondicionado-portatil-caravanas-universalblue-1250-fg-84660153.html&amp;category=seleccion&amp;pivot=1&amp;ecomPostExpiration=everlasting&amp;postId=112371\" title=\"Precio de venta al p\u00fablico a fecha de publicaci\u00f3n\" class=\"pivot-action-btn pivot-action-secondary\">Leroy Merlin \u2014 <strong>799,99<\/strong> \u20ac<\/a><br \/>\n   <a rel=\"nofollow, noopener, noreferrer noopener\" target=\"_blank\" data-asin=\"\" data-store=\"\" href=\"https:\/\/www.xatakahome.com\/redirect?url=https%3A%2F%2Fwww.amazon.es%2Fdp%2FB08L659P7S%2F&amp;category=seleccion&amp;pivot=1&amp;ecomPostExpiration=everlasting&amp;postId=112371\" title=\"Precio de venta al p\u00fablico a fecha de publicaci\u00f3n\" class=\"pivot-action-btn pivot-action-secondary\">Amazon \u2014 <strong>799,99<\/strong> \u20ac<\/a>\n <\/div>\n<\/p><\/div>\n<\/p><\/div>\n<\/p><\/div>\n<div class=\"pivot-link-msg\">* Alg\u00fan precio puede haber cambiado desde la \u00faltima revisi\u00f3n<\/div>\n<\/p><\/div>\n<p><!-- PIVOT END --><\/p>\n<h2>Comprar aire acondicionado de ventana Universal Blue Colorado Adventur 5012W al mejor precio<\/h2>\n<div class=\"article-asset-image article-asset-normal article-asset-center\">\n<div class=\"asset-content\">\n                    <a rel=\"noopener, noreferrer\" class=\"js-ecommerce\" href=\"https:\/\/www.xatakahome.com\/redirect?url=https%3A%2F%2Fwww.carrefour.es%2Faire-acondicionado-portatil-de-ventana-universalblue%2F8436589072633%2Fp&amp;category=seleccion&amp;ecomPostExpiration=everlasting&amp;postId=112371\" data-vars-affiliate-url=\"https:\/\/www.xatakahome.com\/redirect?url=https%3A%2F%2Fwww.carrefour.es%2Faire-acondicionado-portatil-de-ventana-universalblue%2F8436589072633%2Fp&amp;category=seleccion&amp;ecomPostExpiration=everlasting&amp;postId=112371\"><\/p>\n<p>    <img decoding=\"async\" alt=\"aire acondicionado port\u00e1til para ventana Universal Blue\" class=\"centro_sinmarco\" src=\"https:\/\/i.blogs.es\/2ed347\/proyecto-nuevo-38-\/450_1000.webp\"><br \/>\n     <\/a><\/p><\/div>\n<\/div>\n<p>Si eres de los que viaja en caravana, en Carrefour puedes conseguir este aire acondicionado de ventana Universal Blue Colorado Adventur por <a rel=\"noopener, noreferrer\" class=\"js-ecommerce\" href=\"https:\/\/www.xatakahome.com\/redirect?url=https%3A%2F%2Fwww.carrefour.es%2Faire-acondicionado-portatil-de-ventana-universalblue%2F8436589072633%2Fp&amp;category=seleccion&amp;ecomPostExpiration=everlasting&amp;postId=112371\" data-vars-affiliate-url=\"https:\/\/www.xatakahome.com\/redirect?url=https%3A%2F%2Fwww.carrefour.es%2Faire-acondicionado-portatil-de-ventana-universalblue%2F8436589072633%2Fp&amp;category=seleccion&amp;ecomPostExpiration=everlasting&amp;postId=112371\" data-id=\"noopener noreferrer\">640,99 euros<\/a>. Su precio recomendado es de 799,99 euros, por lo que, en estos momentos, lo consigues con un <strong>descuento de 150 euros<\/strong>.<\/p>\n<p><!-- BREAK 2 --><\/p>\n<p>El modelo Colorado Adventur 50212W es el nuevo <a href=\"https:\/\/www.xatakahome.com\/iluminacion-y-energia\/usar-aire-acondicionado-invierno-para-ahorrar-electricidad-cuando-buena-idea-como-configurarlo\">aire acondicionado<\/a> port\u00e1til de ventana de la firma Universal Blue y resulta perfecto para la <strong>ventana de tu hogar o para la autocaravana<\/strong>, si disfrutas viajando en verano as\u00ed y poder disfrutar de aire fresquito sobre ruedas.<\/p>\n<p><!-- BREAK 3 --><\/p>\n<div class=\"article-asset-video article-asset-normal\">\n<div class=\"asset-content\">\n<div class=\"base-asset-video\">\n<div class=\"js-dailymotion\">\n    <script type=\"application\/json\">\n           {\"videoId\":\"x821l1z\",\"autoplay\":true,\"title\":\"7 tips para que tu smartphone sobreviva al verano\", \"tag\":\"\"}\n         <\/script>\n   <\/div>\n<\/p><\/div>\n<\/p><\/div>\n<\/div>\n<p>Cuenta con 1.250 frigor\u00edas y conexi\u00f3n <a href=\"https:\/\/www.xatakamovil.com\/conectividad\/casi-todo-que-tienes-casa-perjudica-tu-cobertura-wifi-todos-estos-materiales-objetos-bloquean-senal\">WiFi<\/a>, para que as\u00ed puedas controlar el aparato por voz o desde la app de tu smartphone. Su colocaci\u00f3n es muy sencilla y adem\u00e1s destaca por ser un aparato <strong>totalmente silencioso<\/strong>, as\u00ed que no te molestar\u00e1 de noche y podr\u00e1s descansar tranquilamente.<\/p>\n<p><!-- BREAK 4 --><\/p>\n<p>Su tama\u00f1o compacto te permitir\u00e1 transportarlo f\u00e1cilmente, por lo que, adem\u00e1s de para viajar en caravana, resulta perfecto para llev\u00e1rtelo a tu casa de la playa o segunda residencia. Cuenta con <strong>tres modos de funcionamiento<\/strong> y clasificaci\u00f3n energ\u00e9tica A, por lo que no tendr\u00e1s un gasto desorbitado en tu <a href=\"https:\/\/www.xatakahome.com\/iluminacion-y-energia\/pvpc-mercado-libre-que-mejor-para-factura-luz-a-partir-primavera\">factura de la luz<\/a>.<\/p>\n<p><!-- BREAK 5 --><\/p>\n<div class=\"article-asset article-asset-normal article-asset-center\">\n<div class=\"desvio-container\">\n<div class=\"desvio\">\n<div class=\"desvio-figure js-desvio-figure\">\n    <a href=\"https:\/\/www.xatakahome.com\/hogar\/mi-perro-ensuciaba-todo-al-beber-esto-que-he-empezado-a-usar-para-no-tener-vivir-pegado-a-fregona\"><br \/>\n     <img loading=\"lazy\" decoding=\"async\" alt=\"Mi perro lo ensuciaba todo al beber. Esto es lo que he empezado a usar para no tener vivir pegado a la fregona \" width=\"375\" height=\"142\" src=\"https:\/\/i.blogs.es\/8ea5c7\/perro\/375_142.webp\" onerror='this.src=\"https:\/\/i.blogs.es\/8ea5c7\/perro\/375_142.jpeg\"'><br \/>\n    <\/a>\n   <\/div>\n<div class=\"desvio-summary\">\n<div class=\"desvio-taxonomy js-desvio-taxonomy\">\n     <a href=\"https:\/\/www.xatakahome.com\/hogar\/mi-perro-ensuciaba-todo-al-beber-esto-que-he-empezado-a-usar-para-no-tener-vivir-pegado-a-fregona\" class=\"desvio-taxonomy-anchor\">En Xataka Smart Home<\/a>\n    <\/div>\n<p>    <a href=\"https:\/\/www.xatakahome.com\/hogar\/mi-perro-ensuciaba-todo-al-beber-esto-que-he-empezado-a-usar-para-no-tener-vivir-pegado-a-fregona\" class=\"desvio-title js-desvio-title\">Mi perro lo ensuciaba todo al beber. Esto es lo que he empezado a usar para no tener vivir pegado a la fregona <\/a>\n   <\/div>\n<\/p><\/div>\n<\/p><\/div>\n<\/div>\n<h2>Tambi\u00e9n te puede interesar<\/h2>\n<p><!-- PIVOT START --><\/p>\n<div class=\"pivot-ecommerce-container m-pivot-ecommerce-redesign article-asset-normal article-asset-center\">\n<div class=\"pivot-ecommerce\">\n<div class=\"pivot-ecommerce-figure\">\n  <a rel=\"nofollow, noopener, noreferrer noopener\" target=\"_blank\" href=\"https:\/\/www.xatakahome.com\/redirect?url=https%3A%2F%2Fwww.amazon.es%2Fdp%2FB09SWS16W6%3Ftag%3Dxatakahome-21%26linkCode%3Dogi%26th%3D1%26psc%3D1&amp;category=seleccion&amp;pivot=1&amp;ecomPostExpiration=everlasting&amp;postId=112371\"><br \/>\n   <img loading=\"lazy\" decoding=\"async\" alt=\"Kindle (modelo de 2022)\" width=\"500\" height=\"500\" src=\"https:\/\/i.blogs.es\/f0e506\/41cu27vp5hl._sl500_\/original.webp\" onerror='this.src=\"https:\/\/i.blogs.es\/f0e506\/41cu27vp5hl._sl500_\/original.jpeg\"'><br \/>\n  <\/a>\n  <\/div>\n<div class=\"pivot-ecommerce-summary\">\n<p class=\"pivot-ecommerce-desc\">Kindle (modelo de 2022)<\/p>\n<div class=\"pivot-actions \">\n<div class=\"pivot-actions-row\">\n <a rel=\"nofollow, noopener, noreferrer noopener\" target=\"_blank\" data-asin=\"B09SWS16W6\" data-store=\"Amazon\" href=\"https:\/\/www.xatakahome.com\/redirect?url=https%3A%2F%2Fwww.amazon.es%2Fdp%2FB09SWS16W6%3Ftag%3Dxatakahome-21%26linkCode%3Dogi%26th%3D1%26psc%3D1&amp;category=seleccion&amp;pivot=1&amp;ecomPostExpiration=everlasting&amp;postId=112371\" title=\"Precio actualizado hoy\" class=\"pivot-action-btn pivot-action-primary\">Hoy en Amazon \u2014 <strong>109,00<\/strong> \u20ac<\/a><br \/>\n   <a rel=\"nofollow, noopener, noreferrer noopener\" target=\"_blank\" data-asin=\"1543749\" data-store=\"MediaMarkt\" href=\"https:\/\/www.xatakahome.com\/redirect?url=https%3A%2F%2Fwww.mediamarkt.es%2Fes%2Fproduct%2F_ereader-amazon-kindle-para-ebook-6-doble-de-almacenamiento-16-gb-300-ppp-e-ink-negro-1543749.html&amp;category=seleccion&amp;pivot=1&amp;ecomPostExpiration=everlasting&amp;postId=112371\" title=\"Precio actualizado hoy\" class=\"pivot-action-btn pivot-action-secondary\">MediaMarkt \u2014 <strong>109,00<\/strong> \u20ac<\/a>\n <\/div>\n<\/p><\/div>\n<\/p><\/div>\n<\/p><\/div>\n<div class=\"pivot-link-msg\">* Alg\u00fan precio puede haber cambiado desde la \u00faltima revisi\u00f3n<\/div>\n<\/p><\/div>\n<p><!-- PIVOT END --><br \/>\n<!-- PIVOT START --><\/p>\n<div class=\"pivot-ecommerce-container m-pivot-ecommerce-redesign article-asset-normal article-asset-center\">\n<div class=\"pivot-ecommerce\">\n<div class=\"pivot-ecommerce-figure\">\n  <a rel=\"nofollow, noopener, noreferrer noopener\" target=\"_blank\" href=\"https:\/\/www.xatakahome.com\/redirect?url=https%3A%2F%2Fwww.amazon.es%2Fdp%2FB0CC2PV22L%3Ftag%3Dxatakahome-21%26linkCode%3Dogi%26th%3D1%26psc%3D1&amp;category=seleccion&amp;pivot=1&amp;ecomPostExpiration=everlasting&amp;postId=112371\"><br \/>\n   <img loading=\"lazy\" decoding=\"async\" alt='Lenovo Tab M10 (3rd Gen) - Tablet de 10.1\" WUXGA' width=\"500\" height=\"442\" src=\"https:\/\/i.blogs.es\/826be2\/41znou3psyl._sl500_\/original.webp\" onerror='this.src=\"https:\/\/i.blogs.es\/826be2\/41znou3psyl._sl500_\/original.jpeg\"'><br \/>\n  <\/a>\n  <\/div>\n<div class=\"pivot-ecommerce-summary\">\n<p class=\"pivot-ecommerce-desc\">Lenovo Tab M10 (3rd Gen) &#8211; Tablet de 10.1&#8243; WUXGA<\/p>\n<div class=\"pivot-actions \">\n<div class=\"pivot-actions-row\">\n <a rel=\"nofollow, noopener, noreferrer noopener\" target=\"_blank\" data-asin=\"B0CC2PV22L\" data-store=\"Amazon\" href=\"https:\/\/www.xatakahome.com\/redirect?url=https%3A%2F%2Fwww.amazon.es%2Fdp%2FB0CC2PV22L%3Ftag%3Dxatakahome-21%26linkCode%3Dogi%26th%3D1%26psc%3D1&amp;category=seleccion&amp;pivot=1&amp;ecomPostExpiration=everlasting&amp;postId=112371\" title=\"Precio actualizado hoy\" class=\"pivot-action-btn pivot-action-primary\">Hoy en Amazon \u2014 <strong>146,99<\/strong> \u20ac<\/a>\n <\/div>\n<\/p><\/div>\n<\/p><\/div>\n<\/p><\/div>\n<div class=\"pivot-link-msg\">* Alg\u00fan precio puede haber cambiado desde la \u00faltima revisi\u00f3n<\/div>\n<\/p><\/div>\n<p><!-- PIVOT END --><\/p>\n<p><em>Nota: algunos de los enlaces aqu\u00ed publicados son de afiliados y pueden reportar un beneficio.<\/em><\/p>\n<p><!-- BREAK 6 --><\/p>\n<p>Im\u00e1genes | Universal Blue<\/p>\n<p>En Xataka Smart Home | <a href=\"https:\/\/www.xatakahome.com\/seleccion\/aire-acondicionado-portatil-que-mirar-antes-comprar-uno-estos-dispositivos-para-combatir-calor-1\">Aire acondicionado port\u00e1til: qu\u00e9 mirar antes de comprar uno de estos dispositivos para combatir el calor<\/a><\/p>\n<p><!-- BREAK 7 --><\/p>\n<p>En Xataka Smart Home | <a href=\"https:\/\/www.xatakahome.com\/a-fondo\/quiero-comprar-aire-acondicionado-portatil-estos-tres-puntos-importantes-que-fijarse-para-acertar\">Quiero comprar un aire acondicionado port\u00e1til: estos son los tres puntos m\u00e1s importantes en los que fijarse para acertar<\/a><\/p>\n<p><!-- BREAK 8 --><script>\n (function() {\n  window._JS_MODULES = window._JS_MODULES || {};\n  var headElement = document.getElementsByTagName('head')[0];\n  if (_JS_MODULES.instagram) {\n   var instagramScript = document.createElement('script');\n   instagramScript.src = 'https:\/\/platform.instagram.com\/en_US\/embeds.js';\n   instagramScript.async = true;\n   instagramScript.defer = true;\n   headElement.appendChild(instagramScript);\n  }\n })();\n<\/script><\/p>\n<p> &#8211; <br \/> La noticia<br \/>\n      <a href=\"https:\/\/www.xatakahome.com\/seleccion\/este-aire-acondicionado-portatil-para-ventana-esta-oferta-carrefour-perfecto-viajas-autocaravana-este-verano?utm_source=feedburner&amp;utm_medium=feed&amp;utm_campaign=12_May_2024\"><br \/>\n       <em> Este aire acondicionado port\u00e1til para ventana est\u00e1 en oferta en Carrefour: perfecto si viajas en autocaravana este verano  <\/em><br \/>\n      <\/a><br \/>\n      fue publicada originalmente en<br \/>\n      <a href=\"https:\/\/www.xatakahome.com\/?utm_source=feedburner&amp;utm_medium=feed&amp;utm_campaign=12_May_2024\"><br \/>\n       <strong> Xataka Smart Home <\/strong><br \/>\n      <\/a><br \/>\n            por <a href=\"https:\/\/www.xatakahome.com\/autor\/fran-leon?utm_source=feedburner&amp;utm_medium=feed&amp;utm_campaign=12_May_2024\"><br \/>\n       Fran Le\u00f3n<br \/>\n      <\/a><br \/>\n      . <\/p>\n<\/div>\n","protected":false},"excerpt":{"rendered":"<p>Ahora que empiezan ya las altas temperaturas, es el momento ideal para encontrar ofertas en productos de refrigeraci\u00f3n. En Carrefour, hemos encontrado este aire acondicionado port\u00e1til de ventana Universal Blue en oferta, por 640,99 euros. Universal Blue Colorado Adventur 5012W Aire Acondicionado Port\u00e1til de Ventana 1250 Frigor\u00edas PVP en Carrefour \u2014 640,99 \u20ac PcComponentes \u2014 &hellip; <a href=\"https:\/\/domosistemas.com\/?p=24226\" class=\"more-link\">Sigue leyendo <span class=\"screen-reader-text\">Este aire acondicionado port\u00e1til para ventana est\u00e1 en oferta en Carrefour: perfecto si viajas en autocaravana este verano<\/span><\/a><\/p>\n","protected":false},"author":1,"featured_media":0,"comment_status":"closed","ping_status":"closed","sticky":false,"template":"","format":"standard","meta":{"footnotes":""},"categories":[8],"tags":[],"class_list":["post-24226","post","type-post","status-publish","format-standard","hentry","category-xataka"],"_links":{"self":[{"href":"https:\/\/domosistemas.com\/index.php?rest_route=\/wp\/v2\/posts\/24226","targetHints":{"allow":["GET"]}}],"collection":[{"href":"https:\/\/domosistemas.com\/index.php?rest_route=\/wp\/v2\/posts"}],"about":[{"href":"https:\/\/domosistemas.com\/index.php?rest_route=\/wp\/v2\/types\/post"}],"author":[{"embeddable":true,"href":"https:\/\/domosistemas.com\/index.php?rest_route=\/wp\/v2\/users\/1"}],"replies":[{"embeddable":true,"href":"https:\/\/domosistemas.com\/index.php?rest_route=%2Fwp%2Fv2%2Fcomments&post=24226"}],"version-history":[{"count":0,"href":"https:\/\/domosistemas.com\/index.php?rest_route=\/wp\/v2\/posts\/24226\/revisions"}],"wp:attachment":[{"href":"https:\/\/domosistemas.com\/index.php?rest_route=%2Fwp%2Fv2%2Fmedia&parent=24226"}],"wp:term":[{"taxonomy":"category","embeddable":true,"href":"https:\/\/domosistemas.com\/index.php?rest_route=%2Fwp%2Fv2%2Fcategories&post=24226"},{"taxonomy":"post_tag","embeddable":true,"href":"https:\/\/domosistemas.com\/index.php?rest_route=%2Fwp%2Fv2%2Ftags&post=24226"}],"curies":[{"name":"wp","href":"https:\/\/api.w.org\/{rel}","templated":true}]}}