{"id":24250,"date":"2024-05-14T07:29:54","date_gmt":"2024-05-14T07:29:54","guid":{"rendered":"https:\/\/domosistemas.com\/?p=24250"},"modified":"2024-05-14T07:29:54","modified_gmt":"2024-05-14T07:29:54","slug":"estas-plantas-arboles-y-flores-habituales-en-terrazas-patios-y-jardines-no-se-llevan-bien-con-las-podas-primaverales","status":"publish","type":"post","link":"https:\/\/domosistemas.com\/?p=24250","title":{"rendered":"Estas plantas, \u00e1rboles y flores habituales en terrazas, patios y jardines no se llevan bien con las podas primaverales"},"content":{"rendered":"<div>\n<p>\n      <img decoding=\"async\" src=\"https:\/\/i.blogs.es\/0d08cf\/pexels-egor-kunovsky-1199972-6738991\/1024_2000.jpeg\" alt=\"Estas plantas, \u00e1rboles y flores habituales en terrazas, patios y jardines no se llevan bien con las podas primaverales \">\n    <\/p>\n<p>Estamos en <strong>plena primavera<\/strong> y tras las \u00faltimas lluvias y el calor las plantas y \u00e1rboles est\u00e1n en su m\u00e1ximo esplendor, lo que puede llevarnos a pensar que es el momento id\u00f3neo para podarlas, recortar sus hojas flores y ramas de cara a mejorar su vitalidad o simplemente su est\u00e9tica.<\/p>\n<p><!-- BREAK 1 --><\/p>\n<p>Sin embargo, no todas las plantas que podamos tener en el <strong>jard\u00edn, patio o terraza de casa<\/strong> se llevan bien con las podas primaverales. De hecho, hay algunas muy populares a las que lejos de hacerles un favor estaremos perjudicando de forma importante. \u00bfCu\u00e1les son? A continuaci\u00f3n tenemos un listado con algunas de las que <strong>no conviene podar en primavera<\/strong>.<\/p>\n<p><!-- BREAK 2 --><\/p>\n<div class=\"article-asset article-asset-normal article-asset-center\">\n<div class=\"desvio-container\">\n<div class=\"desvio\">\n<div class=\"desvio-figure js-desvio-figure\">\n    <a href=\"https:\/\/www.xatakahome.com\/hogar\/podar-arbol-tu-vecino-este-invade-tu-jardin-no-buena-idea-esto-que-dice-ley\"><br \/>\n     <img loading=\"lazy\" decoding=\"async\" alt=\"Podar el \u00e1rbol de tu vecino si \u00e9ste invade tu jard\u00edn no es buena idea: esto es lo que dice la ley \" width=\"375\" height=\"142\" src=\"https:\/\/i.blogs.es\/82a5d3\/martin-martz-jjt_7mwrem4-unsplash\/375_142.webp\" onerror='this.src=\"https:\/\/i.blogs.es\/82a5d3\/martin-martz-jjt_7mwrem4-unsplash\/375_142.jpeg\"'><br \/>\n    <\/a>\n   <\/div>\n<div class=\"desvio-summary\">\n<div class=\"desvio-taxonomy js-desvio-taxonomy\">\n     <a href=\"https:\/\/www.xatakahome.com\/hogar\/podar-arbol-tu-vecino-este-invade-tu-jardin-no-buena-idea-esto-que-dice-ley\" class=\"desvio-taxonomy-anchor\">En Xataka Smart Home<\/a>\n    <\/div>\n<p>    <a href=\"https:\/\/www.xatakahome.com\/hogar\/podar-arbol-tu-vecino-este-invade-tu-jardin-no-buena-idea-esto-que-dice-ley\" class=\"desvio-title js-desvio-title\">Podar el \u00e1rbol de tu vecino si \u00e9ste invade tu jard\u00edn no es buena idea: esto es lo que dice la ley <\/a>\n   <\/div>\n<\/p><\/div>\n<\/p><\/div>\n<\/div>\n<h2>Forsitia<\/h2>\n<div class=\"article-asset-image article-asset-normal article-asset-center\">\n<div class=\"asset-content\">\n<div class=\"caption-img \">\n                    <a rel=\"noopener, noreferrer\" href=\"https:\/\/commons.wikimedia.org\/w\/index.php?curid=96550\"><\/p>\n<p>    <img decoding=\"async\" alt=\"Forsythia Close Up 2 Cropped\" class=\"centro_sinmarco\" src=\"https:\/\/i.blogs.es\/8f35ec\/forsythia_close-up_2_cropped\/450_1000.webp\"><br \/>\n     <\/a><\/p>\n<p>        <span>Imagen: Rdsmith4<\/span>\n   <\/div>\n<\/p><\/div>\n<\/div>\n<p>La <strong>forsitia o forsythia<\/strong> es un arbusto que florece en primavera y que puede verse privado de su floraci\u00f3n temprana si se poda en el momento equivocado.<\/p>\n<p><!-- BREAK 3 --><\/p>\n<p>Florece entre febrero y abril, dependiendo de la zona y el momento adecuado para podar es <strong>despu\u00e9s de que finalice el per\u00edodo de floraci\u00f3n<\/strong>. Si lo hacemos demasiado pronto en primavera supondr\u00e1 que estaremos cortando los brotes de ese a\u00f1o.<\/p>\n<p><!-- BREAK 4 --><\/p>\n<h2>Rododendro<\/h2>\n<div class=\"article-asset-image article-asset-normal article-asset-center\">\n<div class=\"asset-content\">\n<div class=\"caption-img \">\n                    <a rel=\"noopener, noreferrer\" href=\"https:\/\/es.wikipedia.org\/wiki\/Rhododendron#\/media\/Archivo:Rhododendron_ponticum_(1).jpg\"><\/p>\n<p>    <img decoding=\"async\" alt=\"Rhododendron Ponticum 1\" class=\"centro_sinmarco\" src=\"https:\/\/i.blogs.es\/6af46a\/rhododendron_ponticum_-1-\/450_1000.webp\"><br \/>\n     <\/a><\/p>\n<p>        <span>Imagen: Wikipedia<\/span>\n   <\/div>\n<\/p><\/div>\n<\/div>\n<p>Estos populares arbustos de hoja perenne son otro tipo de planta que florece en primavera y <strong>no deben podarse hasta despu\u00e9s de la floraci\u00f3n<\/strong>.\u00a0<\/p>\n<p><!-- BREAK 5 --><\/p>\n<p>El momento correcto para hacerlo puede ser <strong>a finales de primavera<\/strong> en algunas \u00a0zonas o <strong>principios de verano<\/strong> en otras. La \u00fanica raz\u00f3n para podar los rododendros a finales del invierno o principios de la primavera es si desea rejuvenecer una planta vieja y no nos preocupa perder las flores de una temporada.<\/p>\n<p><!-- BREAK 6 --><\/p>\n<h2>Madreselvas<\/h2>\n<div class=\"article-asset-image article-asset-normal article-asset-center\">\n<div class=\"asset-content\">\n<div class=\"caption-img \">\n                    <a rel=\"noopener, noreferrer\" href=\"https:\/\/commons.wikimedia.org\/w\/index.php?curid=6833933\"><\/p>\n<p>    <img decoding=\"async\" alt=\"Blute Des Gartengeissblatt\" class=\"centro_sinmarco\" src=\"https:\/\/i.blogs.es\/8466c9\/blute_des_gartengeissblatt\/450_1000.webp\"><br \/>\n     <\/a><\/p>\n<p>        <span>Imagen: 3268zauber<\/span>\n   <\/div>\n<\/p><\/div>\n<\/div>\n<p>Las madreselvas o <strong>lonicera caprifolium<\/strong><em><strong> <\/strong><\/em>son plantas trepadoras que no necesitan mucha poda, pero hacerlo en el momento equivocado en primavera puede acabar con sus flores arom\u00e1ticas.<\/p>\n<p><!-- BREAK 7 --><\/p>\n<p>Las plantas florecen desde el verano hasta el oto\u00f1o y el momento adecuado para podar las madreselvas es <strong>despu\u00e9s de que hayan florecido<\/strong> siguiendo la regla de poda de un tercio al recortar, para evitar quitar demasiado.<\/p>\n<p><!-- BREAK 8 --><\/p>\n<h2>Azaleas<\/h2>\n<div class=\"article-asset-image article-asset-normal article-asset-center\">\n<div class=\"asset-content\">\n<div class=\"caption-img \">\n                    <a rel=\"noopener, noreferrer\" href=\"https:\/\/es.wikipedia.org\/wiki\/Azalea#\/media\/Archivo:Azaleia00005.jpg\"><\/p>\n<p>    <img decoding=\"async\" alt=\"Azaleia00005\" class=\"centro_sinmarco\" src=\"https:\/\/i.blogs.es\/dff1f2\/azaleia00005\/450_1000.webp\"><br \/>\n     <\/a><\/p>\n<p>        <span>Imagen: Leonardo Sakaki<\/span>\n   <\/div>\n<\/p><\/div>\n<\/div>\n<p>Las azaleas son arbustos con flores muy similares a los rododendros y forman parte del g\u00e9nero de los rhododendron. Producen sus grandes flores <strong>en primavera<\/strong> sobre los brotes que se forman durante el crecimiento del a\u00f1o anterior.<\/p>\n<p><!-- BREAK 9 --><\/p>\n<p>Hay que <strong>podarlas antes de que florezcan en primavera<\/strong> sin cortar los brotes que llevar\u00e1n las flores de este a\u00f1o.<\/p>\n<p><!-- BREAK 10 --><\/p>\n<h2><strong>Celinda<\/strong><\/h2>\n<div class=\"article-asset-image article-asset-normal article-asset-center\">\n<div class=\"asset-content\">\n<div class=\"caption-img \">\n                    <a rel=\"noopener, noreferrer\" href=\"https:\/\/es.wikipedia.org\/wiki\/Philadelphus_coronarius#\/media\/Archivo:Philadelphus_coronarius_1.jpg\"><\/p>\n<p>    <img decoding=\"async\" alt=\"Philadelphus Coronarius 1\" class=\"centro_sinmarco\" src=\"https:\/\/i.blogs.es\/b0880e\/philadelphus_coronarius_1\/450_1000.webp\"><br \/>\n     <\/a><\/p>\n<p>        <span>Imagen: Dr ramses<\/span>\n   <\/div>\n<\/p><\/div>\n<\/div>\n<p>La <strong>celinda, philadelphus coronarius<\/strong>, llamada tambi\u00e9n jeringuilla<strong> <\/strong>o naranja simulada, produce flores blancas desde finales de la primavera hasta principios del verano.\u00a0<\/p>\n<p><!-- BREAK 11 --><\/p>\n<p>Las flores aparecen en las viejas producidas el a\u00f1o anterior, por lo que la poda antes de la floraci\u00f3n en primavera eliminar\u00e1 la madera que contiene los brotes y las flores del a\u00f1o. El momento de podarlas llega <strong>en verano<\/strong>, despu\u00e9s de que hayan florecido.\u00a0<\/p>\n<p><!-- BREAK 12 --><\/p>\n<h2>Abedules y arces japoneses<\/h2>\n<div class=\"article-asset-image article-asset-normal article-asset-center\">\n<div class=\"asset-content\">\n<div class=\"caption-img \">\n                    <a rel=\"noopener, noreferrer\" href=\"https:\/\/es.wikipedia.org\/wiki\/Betula#\/media\/Archivo:Betula_ermannii0.jpg\"><\/p>\n<p>    <img decoding=\"async\" alt=\"Betula Ermannii0\" class=\"centro_sinmarco\" src=\"https:\/\/i.blogs.es\/9113c2\/betula_ermannii0\/450_1000.webp\"><br \/>\n     <\/a><\/p>\n<p>        <span>Imagen: Kurt St\u00fcber<\/span>\n   <\/div>\n<\/p><\/div>\n<\/div>\n<p>El momento de podar los \u00e1rboles suele ser cuando est\u00e1n a punto de romper su letargo a finales del invierno o principios de la primavera. Ese es el momento ideal para podar las ramas<strong> <\/strong>de muchas especies diferentes, pero <strong>no de los abedules ni los arces<\/strong>.<\/p>\n<p><!-- BREAK 13 --><\/p>\n<p>Podar cuando existe riesgo de que fluya la savia es un error que puede dejar a los abedules cada vez m\u00e1s susceptibles a plagas y enfermedades. El momento ideal para hacerlo es <strong>desde finales del verano hasta el oto\u00f1o<\/strong>.<\/p>\n<p><!-- BREAK 14 --><\/p>\n<p>En cuanto a los arces japoneses, el momento adecuado es tambi\u00e9n <strong>desde finales del verano hasta principios del oto\u00f1o<\/strong>. Si lo hacemos en primavera el \u00e1rbol se estresar\u00e1 y debilitar\u00e1 debido a la savia que fluye de los cortes de poda.<\/p>\n<p><!-- BREAK 15 --><\/p>\n<div class=\"article-asset-video article-asset-normal\">\n<div class=\"asset-content\">\n<div class=\"base-asset-video\">\n<div class=\"js-dailymotion\">\n    <script type=\"application\/json\">\n           {\"videoId\":\"x8006fc\",\"autoplay\":true,\"title\":\"C\u00f3mo dormir cuando hace mucho calor y no tienes aire acondicionado\", \"tag\":\"\"}\n         <\/script>\n   <\/div>\n<\/p><\/div>\n<\/p><\/div>\n<\/div>\n<h2>Hortensias<\/h2>\n<div class=\"article-asset-image article-asset-normal article-asset-center\">\n<div class=\"asset-content\">\n<div class=\"caption-img \">\n                    <a rel=\"noopener, noreferrer\" href=\"https:\/\/es.wikipedia.org\/wiki\/Hydrangea#\/media\/Archivo:Hydrangea_macrophylla_-_Hortensia_hydrangea.jpg\"><\/p>\n<p>    <img decoding=\"async\" alt=\"Hydrangea Macrophylla Hortensia Hydrangea\" class=\"centro_sinmarco\" src=\"https:\/\/i.blogs.es\/80cd6d\/hydrangea_macrophylla_-_hortensia_hydrangea\/450_1000.webp\"><br \/>\n     <\/a><\/p>\n<p>        <span>Imagen: Raul654<\/span>\n   <\/div>\n<\/p><\/div>\n<\/div>\n<p>Un error importante al podar las hortensias ser\u00eda tratarlas a todas de la misma manera, por lo que hay que conocerlas bien antes de planificar cualquier poda.<\/p>\n<p><!-- BREAK 16 --><\/p>\n<p>La diferencia clave es determinar si nuestra hortensia florece en madera nueva o vieja, lo que dicta cu\u00e1ndo podarlas. Y en general estas \u00faltimas no deben podarse en primavera y <strong>conviene hacerlo durante el verano<\/strong>, despu\u00e9s de que hayan florecido para no destruir los brotes.<\/p>\n<p><!-- BREAK 17 --><\/p>\n<h2>Lilas<\/h2>\n<div class=\"article-asset-image article-asset-normal article-asset-center\">\n<div class=\"asset-content\">\n<div class=\"caption-img \">\n                    <a rel=\"noopener, noreferrer\" href=\"https:\/\/es.wikipedia.org\/wiki\/Syringa#\/media\/Archivo:Lilac.head.600pix.jpg\"><\/p>\n<p>    <img decoding=\"async\" alt=\"Lilac Head 600pix\" class=\"centro_sinmarco\" src=\"https:\/\/i.blogs.es\/cb9ab7\/lilac.head.600pix\/450_1000.webp\"><br \/>\n     <\/a><\/p>\n<p>        <span>Imagen: Arpingstone<\/span>\n   <\/div>\n<\/p><\/div>\n<\/div>\n<p>Si podamos estas plantas en el momento equivocado estaremos acabando con un a\u00f1o entero de sus hermosas flores perfumadas.<\/p>\n<p><!-- BREAK 18 --><\/p>\n<p>Las lilas florecen en primavera y deben podarse <strong>despu\u00e9s de que terminen de florecer a principios del verano<\/strong> eliminando las flores viejas y las ramas muertas, enfermas o cruzadas.<\/p>\n<p><!-- BREAK 19 --><\/p>\n<p>V\u00eda | <a rel=\"noopener, noreferrer\" href=\"https:\/\/www.homesandgardens.com\/gardens\/what-not-to-prune-in-spring\">Homesandgardens<\/a><\/p>\n<p><!-- BREAK 20 --><\/p>\n<p>Imagen portada | <a rel=\"noopener, noreferrer\" href=\"https:\/\/www.pexels.com\/es-es\/foto\/flores-edificio-techo-arquitectura-6738991\/\">Egor Kunovsky<\/a><\/p>\n<p><!-- BREAK 21 --><\/p>\n<p>En Xataka Smart Home | <a href=\"https:\/\/www.xatakahome.com\/hogar\/podar-arbol-tu-vecino-este-invade-tu-jardin-no-buena-idea-esto-que-dice-ley\">Podar el \u00e1rbol de tu vecino si \u00e9ste invade tu jard\u00edn no es buena idea: esto es lo que dice la ley<\/a><\/p>\n<p><!-- BREAK 22 --><script>\n (function() {\n  window._JS_MODULES = window._JS_MODULES || {};\n  var headElement = document.getElementsByTagName('head')[0];\n  if (_JS_MODULES.instagram) {\n   var instagramScript = document.createElement('script');\n   instagramScript.src = 'https:\/\/platform.instagram.com\/en_US\/embeds.js';\n   instagramScript.async = true;\n   instagramScript.defer = true;\n   headElement.appendChild(instagramScript);\n  }\n })();\n<\/script><\/p>\n<p> &#8211; <br \/> La noticia<br \/>\n      <a href=\"https:\/\/www.xatakahome.com\/hogar\/estas-plantas-arboles-flores-habituales-terrazas-patios-jardines-no-se-llevan-bien-podas-primaverales?utm_source=feedburner&amp;utm_medium=feed&amp;utm_campaign=14_May_2024\"><br \/>\n       <em> Estas plantas, \u00e1rboles y flores habituales en terrazas, patios y jardines no se llevan bien con las podas primaverales  <\/em><br \/>\n      <\/a><br \/>\n      fue publicada originalmente en<br \/>\n      <a href=\"https:\/\/www.xatakahome.com\/?utm_source=feedburner&amp;utm_medium=feed&amp;utm_campaign=14_May_2024\"><br \/>\n       <strong> Xataka Smart Home <\/strong><br \/>\n      <\/a><br \/>\n            por <a href=\"https:\/\/www.xatakahome.com\/autor\/paco-rodriguez?utm_source=feedburner&amp;utm_medium=feed&amp;utm_campaign=14_May_2024\"><br \/>\n       Paco Rodriguez<br \/>\n      <\/a><br \/>\n      . <\/p>\n<\/div>\n","protected":false},"excerpt":{"rendered":"<p>Estamos en plena primavera y tras las \u00faltimas lluvias y el calor las plantas y \u00e1rboles est\u00e1n en su m\u00e1ximo esplendor, lo que puede llevarnos a pensar que es el momento id\u00f3neo para podarlas, recortar sus hojas flores y ramas de cara a mejorar su vitalidad o simplemente su est\u00e9tica. Sin embargo, no todas las &hellip; <a href=\"https:\/\/domosistemas.com\/?p=24250\" class=\"more-link\">Sigue leyendo <span class=\"screen-reader-text\">Estas plantas, \u00e1rboles y flores habituales en terrazas, patios y jardines no se llevan bien con las podas primaverales<\/span><\/a><\/p>\n","protected":false},"author":1,"featured_media":0,"comment_status":"closed","ping_status":"closed","sticky":false,"template":"","format":"standard","meta":{"footnotes":""},"categories":[8],"tags":[],"class_list":["post-24250","post","type-post","status-publish","format-standard","hentry","category-xataka"],"_links":{"self":[{"href":"https:\/\/domosistemas.com\/index.php?rest_route=\/wp\/v2\/posts\/24250","targetHints":{"allow":["GET"]}}],"collection":[{"href":"https:\/\/domosistemas.com\/index.php?rest_route=\/wp\/v2\/posts"}],"about":[{"href":"https:\/\/domosistemas.com\/index.php?rest_route=\/wp\/v2\/types\/post"}],"author":[{"embeddable":true,"href":"https:\/\/domosistemas.com\/index.php?rest_route=\/wp\/v2\/users\/1"}],"replies":[{"embeddable":true,"href":"https:\/\/domosistemas.com\/index.php?rest_route=%2Fwp%2Fv2%2Fcomments&post=24250"}],"version-history":[{"count":0,"href":"https:\/\/domosistemas.com\/index.php?rest_route=\/wp\/v2\/posts\/24250\/revisions"}],"wp:attachment":[{"href":"https:\/\/domosistemas.com\/index.php?rest_route=%2Fwp%2Fv2%2Fmedia&parent=24250"}],"wp:term":[{"taxonomy":"category","embeddable":true,"href":"https:\/\/domosistemas.com\/index.php?rest_route=%2Fwp%2Fv2%2Fcategories&post=24250"},{"taxonomy":"post_tag","embeddable":true,"href":"https:\/\/domosistemas.com\/index.php?rest_route=%2Fwp%2Fv2%2Ftags&post=24250"}],"curies":[{"name":"wp","href":"https:\/\/api.w.org\/{rel}","templated":true}]}}