{"id":24355,"date":"2024-05-22T15:01:21","date_gmt":"2024-05-22T15:01:21","guid":{"rendered":"https:\/\/domosistemas.com\/?p=24355"},"modified":"2024-05-22T15:01:21","modified_gmt":"2024-05-22T15:01:21","slug":"los-cinco-accesorios-baratos-de-temu-que-se-convertiran-en-tu-salvavidas-si-vas-de-camping-este-verano","status":"publish","type":"post","link":"https:\/\/domosistemas.com\/?p=24355","title":{"rendered":"Los cinco accesorios baratos de Temu que se convertir\u00e1n en tu salvavidas si vas de camping este verano"},"content":{"rendered":"<div>\n<p>\n      <img decoding=\"async\" src=\"https:\/\/i.blogs.es\/aa1a6d\/ofertas_cpa_v3-copia-35-\/1024_2000.jpeg\" alt=\"Los cinco accesorios baratos de Temu que se convertir\u00e1n en tu salvavidas si vas de camping este verano\">\n    <\/p>\n<p>Irse de camping est\u00e1 m\u00e1s de moda que hace unos a\u00f1os. Si tus vacaciones de este verano van a ser de este tipo y no sabes c\u00f3mo equiparte, Temu tiene un sinf\u00edn de accesorios que te <strong>har\u00e1n m\u00e1s f\u00e1cil la experiencia de acampada<\/strong>. Te mostramos una selecci\u00f3n con algunos de esos productos que se convertir\u00e1n en tu salvaci\u00f3n este verano.<\/p>\n<p><!-- BREAK 1 --><\/p>\n<h2>Panel solar plegable<\/h2>\n<div class=\"article-asset-image article-asset-normal article-asset-center\">\n<div class=\"asset-content\">\n                    <a rel=\"nofollow, sponsored, noopener, noreferrer noopener\" target=\"_blank\" class=\"js-ecommerce\" href=\"https:\/\/www.xatakahome.com\/redirect?url=https%3A%2F%2Fwww.temu.com%2Fes%2F1pc-panel-solar-plegable-usb-portatil-flexible-pequeno-impermeable-5v-paneles-solares-plegables-celulas-para-cargador-de-bateria-de-telefono-movil-g-601099524014723.html&amp;category=seleccion&amp;ecomPostExpiration=everlasting&amp;postId=112564\" data-vars-affiliate-url=\"https:\/\/www.xatakahome.com\/redirect?url=https%3A%2F%2Fwww.temu.com%2Fes%2F1pc-panel-solar-plegable-usb-portatil-flexible-pequeno-impermeable-5v-paneles-solares-plegables-celulas-para-cargador-de-bateria-de-telefono-movil-g-601099524014723.html&amp;category=seleccion&amp;ecomPostExpiration=everlasting&amp;postId=112564\"><\/p>\n<p>    <img decoding=\"async\" alt=\"panel solar plegable\" class=\"centro_sinmarco\" src=\"https:\/\/i.blogs.es\/1ff234\/proyecto-nuevo-8\/450_1000.webp\"><br \/>\n     <\/a><\/p><\/div>\n<\/div>\n<p>Con un precio habitual de 80,05 euros, ahora es un buen momento para hacerse con este panel solar plegable en Temu, ya que tiene un descuento del 82% (lo que se traduce en un <strong>ahorro de 65,81 euros<\/strong>), qued\u00e1ndose en <a rel=\"nofollow, sponsored, noopener, noreferrer noopener\" target=\"_blank\" class=\"js-ecommerce\" href=\"https:\/\/www.xatakahome.com\/redirect?url=https%3A%2F%2Fwww.temu.com%2Fes%2F1pc-panel-solar-plegable-usb-portatil-flexible-pequeno-impermeable-5v-paneles-solares-plegables-celulas-para-cargador-de-bateria-de-telefono-movil-g-601099524014723.html&amp;category=seleccion&amp;ecomPostExpiration=everlasting&amp;postId=112564\" data-vars-affiliate-url=\"https:\/\/www.xatakahome.com\/redirect?url=https%3A%2F%2Fwww.temu.com%2Fes%2F1pc-panel-solar-plegable-usb-portatil-flexible-pequeno-impermeable-5v-paneles-solares-plegables-celulas-para-cargador-de-bateria-de-telefono-movil-g-601099524014723.html&amp;category=seleccion&amp;ecomPostExpiration=everlasting&amp;postId=112564\">14,24 euros<\/a>.<\/p>\n<p><!-- BREAK 2 --><\/p>\n<p>Este <a href=\"https:\/\/www.xatakahome.com\/iluminacion-y-energia\/paneles-solares-cada-vez-baratos-que-mucha-gente-esta-usando-forma-insospechadas\">panel solar<\/a> cuenta con una tensi\u00f3n de funcionamiento de 36 V y una potencia de salida de <strong>entre 10 a 20 W<\/strong>. Lo puedes encontrar en color negro o camuflaje y a trav\u00e9s de su puerto USB podr\u00e1s cargar tus dispositivos m\u00f3viles.<\/p>\n<p><!-- BREAK 3 --><!-- PIVOT START --><\/p>\n<div class=\"pivot-ecommerce-container m-pivot-ecommerce-redesign article-asset-normal article-asset-center\">\n<div class=\"pivot-ecommerce\">\n<div class=\"pivot-ecommerce-figure\">\n  <a rel=\"nofollow, sponsored, noopener, noreferrer noopener\" target=\"_blank\" href=\"https:\/\/www.xatakahome.com\/redirect?url=https%3A%2F%2Fwww.temu.com%2Fes%2F1pc-panel-solar-plegable-usb-portatil-flexible-pequeno-impermeable-5v-paneles-solares-plegables-celulas-para-cargador-de-bateria-de-telefono-movil-g-601099524014723.html&amp;category=seleccion&amp;pivot=1&amp;ecomPostExpiration=everlasting&amp;postId=112564\"><br \/>\n   <img loading=\"lazy\" decoding=\"async\" alt=\"Panel solar plegable\" width=\"600\" height=\"600\" src=\"https:\/\/i.blogs.es\/024080\/blob\/original.webp\" onerror='this.src=\"https:\/\/i.blogs.es\/024080\/blob\/original.jpeg\"'><br \/>\n  <\/a>\n  <\/div>\n<div class=\"pivot-ecommerce-summary\">\n<p class=\"pivot-ecommerce-desc\">Panel solar plegable<\/p>\n<div class=\"pivot-actions \">\n<div class=\"pivot-actions-row\">\n <a rel=\"nofollow, sponsored, noopener, noreferrer noopener\" target=\"_blank\" data-asin=\"\" data-store=\"\" href=\"https:\/\/www.xatakahome.com\/redirect?url=https%3A%2F%2Fwww.temu.com%2Fes%2F1pc-panel-solar-plegable-usb-portatil-flexible-pequeno-impermeable-5v-paneles-solares-plegables-celulas-para-cargador-de-bateria-de-telefono-movil-g-601099524014723.html&amp;category=seleccion&amp;pivot=1&amp;ecomPostExpiration=everlasting&amp;postId=112564\" title=\"Precio de venta al p\u00fablico a fecha de publicaci\u00f3n\" class=\"pivot-action-btn pivot-action-primary\">PVP en Temu \u2014 <strong>14,24<\/strong> \u20ac<\/a>\n <\/div>\n<\/p><\/div>\n<\/p><\/div>\n<\/p><\/div>\n<div class=\"pivot-link-msg\">* Alg\u00fan precio puede haber cambiado desde la \u00faltima revisi\u00f3n<\/div>\n<\/p><\/div>\n<p><!-- PIVOT END --><\/p>\n<h2>Pack de cuatro focos solares antimosquitos<\/h2>\n<div class=\"article-asset-image article-asset-normal article-asset-center\">\n<div class=\"asset-content\">\n                    <a rel=\"nofollow, sponsored, noopener, noreferrer noopener\" target=\"_blank\" class=\"js-ecommerce\" href=\"https:\/\/www.xatakahome.com\/redirect?url=https%3A%2F%2Fwww.temu.com%2Fes%2F4-luces-solares-repelentes-de-mosquitos-para-exteriores-jardin-patio-pasillo-luz-solar-recargable-repelente-de-mosquitos-luz-nocturna-repelente-de-insectos-aleja-a-los-mosquitos-de-casa-luz-solar-recargable-automatica-repelente-de-mosquitos-lampara-nocturna-repelente-de-mosquitos-e-insectos-mantiene-a-los-mosquitos-alejados-de-casa-luz-nocturna-repelente-de-mosquitos-de-verano-g-601099552643664.html&amp;category=seleccion&amp;ecomPostExpiration=everlasting&amp;postId=112564\" data-vars-affiliate-url=\"https:\/\/www.xatakahome.com\/redirect?url=https%3A%2F%2Fwww.temu.com%2Fes%2F4-luces-solares-repelentes-de-mosquitos-para-exteriores-jardin-patio-pasillo-luz-solar-recargable-repelente-de-mosquitos-luz-nocturna-repelente-de-insectos-aleja-a-los-mosquitos-de-casa-luz-solar-recargable-automatica-repelente-de-mosquitos-lampara-nocturna-repelente-de-mosquitos-e-insectos-mantiene-a-los-mosquitos-alejados-de-casa-luz-nocturna-repelente-de-mosquitos-de-verano-g-601099552643664.html&amp;category=seleccion&amp;ecomPostExpiration=everlasting&amp;postId=112564\"><\/p>\n<p>    <img decoding=\"async\" alt=\"pack de cuatro focos solares antimosquitos\" class=\"centro_sinmarco\" src=\"https:\/\/i.blogs.es\/4e3560\/proyecto-nuevo-9\/450_1000.webp\"><br \/>\n     <\/a><\/p><\/div>\n<\/div>\n<p>Otro de los productos que puedes colocar delante de tu tienda de campa\u00f1a es esta l\u00e1mpara solar antimosquitos. El pack de 4 unidades tiene un precio habitual de 64,91 euros pero, ahora, en Temu est\u00e1 disponible en oferta por <a rel=\"nofollow, sponsored, noopener, noreferrer noopener\" target=\"_blank\" class=\"js-ecommerce\" href=\"https:\/\/www.xatakahome.com\/redirect?url=https%3A%2F%2Fwww.temu.com%2Fes%2F4-luces-solares-repelentes-de-mosquitos-para-exteriores-jardin-patio-pasillo-luz-solar-recargable-repelente-de-mosquitos-luz-nocturna-repelente-de-insectos-aleja-a-los-mosquitos-de-casa-luz-solar-recargable-automatica-repelente-de-mosquitos-lampara-nocturna-repelente-de-mosquitos-e-insectos-mantiene-a-los-mosquitos-alejados-de-casa-luz-nocturna-repelente-de-mosquitos-de-verano-g-601099552643664.html&amp;category=seleccion&amp;ecomPostExpiration=everlasting&amp;postId=112564\" data-vars-affiliate-url=\"https:\/\/www.xatakahome.com\/redirect?url=https%3A%2F%2Fwww.temu.com%2Fes%2F4-luces-solares-repelentes-de-mosquitos-para-exteriores-jardin-patio-pasillo-luz-solar-recargable-repelente-de-mosquitos-luz-nocturna-repelente-de-insectos-aleja-a-los-mosquitos-de-casa-luz-solar-recargable-automatica-repelente-de-mosquitos-lampara-nocturna-repelente-de-mosquitos-e-insectos-mantiene-a-los-mosquitos-alejados-de-casa-luz-nocturna-repelente-de-mosquitos-de-verano-g-601099552643664.html&amp;category=seleccion&amp;ecomPostExpiration=everlasting&amp;postId=112564\">20,01 euros<\/a>, obteni\u00e9ndolo as\u00ed con un <strong>ahorro de casi 45 euros<\/strong>.<\/p>\n<p><!-- BREAK 4 --><\/p>\n<p>Funcionan con <a href=\"https:\/\/www.xatakahome.com\/iluminacion-y-energia\/carrera-dominar-energia-solar-tiene-nuevo-episodio-asi-ambicioso-plan-japon-para-derrotar-a-china\">energ\u00eda solar<\/a>, por lo que solo se pueden usar en exteriores. Son <strong>resistentes al agua<\/strong> y permite elegir entre luz blanca o morada, que es la m\u00e1s efectiva para matar a los mosquitos y otros peque\u00f1os insectos.<\/p>\n<p><!-- BREAK 5 --><!-- PIVOT START --><\/p>\n<div class=\"pivot-ecommerce-container m-pivot-ecommerce-redesign article-asset-normal article-asset-center\">\n<div class=\"pivot-ecommerce\">\n<div class=\"pivot-ecommerce-figure\">\n  <a rel=\"nofollow, sponsored, noopener, noreferrer noopener\" target=\"_blank\" href=\"https:\/\/www.xatakahome.com\/redirect?url=https%3A%2F%2Fwww.temu.com%2Fes%2F4-luces-solares-repelentes-de-mosquitos-para-exteriores-jardin-patio-pasillo-luz-solar-recargable-repelente-de-mosquitos-luz-nocturna-repelente-de-insectos-aleja-a-los-mosquitos-de-casa-luz-solar-recargable-automatica-repelente-de-mosquitos-lampara-nocturna-repelente-de-mosquitos-e-insectos-mantiene-a-los-mosquitos-alejados-de-casa-luz-nocturna-repelente-de-mosquitos-de-verano-g-601099552643664.html&amp;category=seleccion&amp;pivot=1&amp;ecomPostExpiration=everlasting&amp;postId=112564\"><br \/>\n   <img loading=\"lazy\" decoding=\"async\" alt=\"Pack de cuatro focos solares antimosquitos\" width=\"600\" height=\"600\" src=\"https:\/\/i.blogs.es\/77bb65\/blob\/original.webp\" onerror='this.src=\"https:\/\/i.blogs.es\/77bb65\/blob\/original.jpeg\"'><br \/>\n  <\/a>\n  <\/div>\n<div class=\"pivot-ecommerce-summary\">\n<p class=\"pivot-ecommerce-desc\">Pack de cuatro focos solares antimosquitos<\/p>\n<div class=\"pivot-actions \">\n<div class=\"pivot-actions-row\">\n <a rel=\"nofollow, sponsored, noopener, noreferrer noopener\" target=\"_blank\" data-asin=\"\" data-store=\"\" href=\"https:\/\/www.xatakahome.com\/redirect?url=https%3A%2F%2Fwww.temu.com%2Fes%2F4-luces-solares-repelentes-de-mosquitos-para-exteriores-jardin-patio-pasillo-luz-solar-recargable-repelente-de-mosquitos-luz-nocturna-repelente-de-insectos-aleja-a-los-mosquitos-de-casa-luz-solar-recargable-automatica-repelente-de-mosquitos-lampara-nocturna-repelente-de-mosquitos-e-insectos-mantiene-a-los-mosquitos-alejados-de-casa-luz-nocturna-repelente-de-mosquitos-de-verano-g-601099552643664.html&amp;category=seleccion&amp;pivot=1&amp;ecomPostExpiration=everlasting&amp;postId=112564\" title=\"Precio de venta al p\u00fablico a fecha de publicaci\u00f3n\" class=\"pivot-action-btn pivot-action-primary\">PVP en Temu \u2014 <strong>20,01<\/strong> \u20ac<\/a>\n <\/div>\n<\/p><\/div>\n<\/p><\/div>\n<\/p><\/div>\n<div class=\"pivot-link-msg\">* Alg\u00fan precio puede haber cambiado desde la \u00faltima revisi\u00f3n<\/div>\n<\/p><\/div>\n<p><!-- PIVOT END --><\/p>\n<h2>Ventilador de camping con luces LED<\/h2>\n<div class=\"article-asset-image article-asset-normal article-asset-center\">\n<div class=\"asset-content\">\n                    <a rel=\"nofollow, sponsored, noopener, noreferrer noopener\" target=\"_blank\" class=\"js-ecommerce\" href=\"https:\/\/www.xatakahome.com\/redirect?url=https%3A%2F%2Fwww.temu.com%2Fes%2Fventilador-de-camping-con-luces-led-ventilador-recargable-para-tienda-de-campana-al-aire-libre-con-gancho-para-colgar-control-remoto-aspa-de-ventilador-extraible-temporizador-3-velocidades-y-3-niveles-de-luz-bateria-de-5200-mah-adecuado-para-viajes-en-tienda-de-campana-varios-colores-g-601099512310579.html&amp;category=seleccion&amp;ecomPostExpiration=everlasting&amp;postId=112564\" data-vars-affiliate-url=\"https:\/\/www.xatakahome.com\/redirect?url=https%3A%2F%2Fwww.temu.com%2Fes%2Fventilador-de-camping-con-luces-led-ventilador-recargable-para-tienda-de-campana-al-aire-libre-con-gancho-para-colgar-control-remoto-aspa-de-ventilador-extraible-temporizador-3-velocidades-y-3-niveles-de-luz-bateria-de-5200-mah-adecuado-para-viajes-en-tienda-de-campana-varios-colores-g-601099512310579.html&amp;category=seleccion&amp;ecomPostExpiration=everlasting&amp;postId=112564\"><\/p>\n<p>    <img decoding=\"async\" alt=\"Ventilador de camping con luces LED\" class=\"centro_sinmarco\" src=\"https:\/\/i.blogs.es\/deb100\/proyecto-nuevo-10\/450_1000.webp\"><br \/>\n     <\/a><\/p><\/div>\n<\/div>\n<p>Pasar calor es una de las principales preocupaciones que puedes tener al irte de camping, por eso un accesorio de este tipo te vendr\u00e1 muy bien. Se trata de un ventilador de camping con luces LED que est\u00e1 en oferta en Temu por <a rel=\"nofollow, sponsored, noopener, noreferrer noopener\" target=\"_blank\" class=\"js-ecommerce\" href=\"https:\/\/www.xatakahome.com\/redirect?url=https%3A%2F%2Fwww.temu.com%2Fes%2Fventilador-de-camping-con-luces-led-ventilador-recargable-para-tienda-de-campana-al-aire-libre-con-gancho-para-colgar-control-remoto-aspa-de-ventilador-extraible-temporizador-3-velocidades-y-3-niveles-de-luz-bateria-de-5200-mah-adecuado-para-viajes-en-tienda-de-campana-varios-colores-g-601099512310579.html&amp;category=seleccion&amp;ecomPostExpiration=everlasting&amp;postId=112564\" data-vars-affiliate-url=\"https:\/\/www.xatakahome.com\/redirect?url=https%3A%2F%2Fwww.temu.com%2Fes%2Fventilador-de-camping-con-luces-led-ventilador-recargable-para-tienda-de-campana-al-aire-libre-con-gancho-para-colgar-control-remoto-aspa-de-ventilador-extraible-temporizador-3-velocidades-y-3-niveles-de-luz-bateria-de-5200-mah-adecuado-para-viajes-en-tienda-de-campana-varios-colores-g-601099512310579.html&amp;category=seleccion&amp;ecomPostExpiration=everlasting&amp;postId=112564\">25,88 euros<\/a>. Su precio anterior era de 46,99 euros, por lo que tiene aplicado un <strong>descuento de m\u00e1s de 20 euros<\/strong>.<\/p>\n<p><!-- BREAK 6 --><\/p>\n<p>Funciona con bater\u00eda, que se carga a trav\u00e9s de puerto USB. Est\u00e1 fabricado en caucho y disponible en diferentes colores. Este <a href=\"https:\/\/www.xatakahome.com\/seleccion\/ventiladores-de-pie-cual-comprar-consejos-y-recomendaciones\">ventilador<\/a> cuenta con un mosquet\u00f3n para poder colgarlo en la tienda de campa\u00f1a y, adem\u00e1s, viene con un peque\u00f1o <strong>mando a distancia<\/strong> para controlarlo.<\/p>\n<p><!-- BREAK 7 --><!-- PIVOT START --><\/p>\n<div class=\"pivot-ecommerce-container m-pivot-ecommerce-redesign article-asset-normal article-asset-center\">\n<div class=\"pivot-ecommerce\">\n<div class=\"pivot-ecommerce-figure\">\n  <a rel=\"nofollow, sponsored, noopener, noreferrer noopener\" target=\"_blank\" href=\"https:\/\/www.xatakahome.com\/redirect?url=https%3A%2F%2Fwww.temu.com%2Fes%2Fventilador-de-camping-con-luces-led-ventilador-recargable-para-tienda-de-campana-al-aire-libre-con-gancho-para-colgar-control-remoto-aspa-de-ventilador-extraible-temporizador-3-velocidades-y-3-niveles-de-luz-bateria-de-5200-mah-adecuado-para-viajes-en-tienda-de-campana-varios-colores-g-601099512310579.html&amp;category=seleccion&amp;pivot=1&amp;ecomPostExpiration=everlasting&amp;postId=112564\"><br \/>\n   <img loading=\"lazy\" decoding=\"async\" alt=\"Ventilador de camping con luces LED\" width=\"600\" height=\"600\" src=\"https:\/\/i.blogs.es\/6f9405\/blob\/original.webp\" onerror='this.src=\"https:\/\/i.blogs.es\/6f9405\/blob\/original.jpeg\"'><br \/>\n  <\/a>\n  <\/div>\n<div class=\"pivot-ecommerce-summary\">\n<p class=\"pivot-ecommerce-desc\">Ventilador de camping con luces LED<\/p>\n<div class=\"pivot-actions \">\n<div class=\"pivot-actions-row\">\n <a rel=\"nofollow, sponsored, noopener, noreferrer noopener\" target=\"_blank\" data-asin=\"\" data-store=\"\" href=\"https:\/\/www.xatakahome.com\/redirect?url=https%3A%2F%2Fwww.temu.com%2Fes%2Fventilador-de-camping-con-luces-led-ventilador-recargable-para-tienda-de-campana-al-aire-libre-con-gancho-para-colgar-control-remoto-aspa-de-ventilador-extraible-temporizador-3-velocidades-y-3-niveles-de-luz-bateria-de-5200-mah-adecuado-para-viajes-en-tienda-de-campana-varios-colores-g-601099512310579.html&amp;category=seleccion&amp;pivot=1&amp;ecomPostExpiration=everlasting&amp;postId=112564\" title=\"Precio de venta al p\u00fablico a fecha de publicaci\u00f3n\" class=\"pivot-action-btn pivot-action-primary\">PVP en Temu \u2014 <strong>20,58<\/strong> \u20ac<\/a>\n <\/div>\n<\/p><\/div>\n<\/p><\/div>\n<\/p><\/div>\n<div class=\"pivot-link-msg\">* Alg\u00fan precio puede haber cambiado desde la \u00faltima revisi\u00f3n<\/div>\n<\/p><\/div>\n<p><!-- PIVOT END --><\/p>\n<div class=\"article-asset-video article-asset-normal\">\n<div class=\"asset-content\">\n<div class=\"base-asset-video\">\n<div class=\"js-dailymotion\">\n    <script type=\"application\/json\">\n           {\"videoId\":\"x8kdcm7\",\"autoplay\":true,\"title\":\"Anuncio de Temu en Super Bowl 2023\", \"tag\":\"temu\"}\n         <\/script>\n   <\/div>\n<\/p><\/div>\n<\/p><\/div>\n<\/div>\n<h2>Foco LED port\u00e1til<\/h2>\n<div class=\"article-asset-image article-asset-normal article-asset-center\">\n<div class=\"asset-content\">\n                    <a rel=\"nofollow, sponsored, noopener, noreferrer noopener\" target=\"_blank\" class=\"js-ecommerce\" href=\"https:\/\/www.xatakahome.com\/redirect?url=https%3A%2F%2Fwww.temu.com%2Fes%2Flinterna-de-busqueda-multifuncional-recargable-solar-foco-led-portatil-para-exteriores-con-succion-magnetica-luz-de-emergencia-portatil-recargable-por-usb-adecuada-para-acampar-mercados-nocturnos-turismo-g-601099539316232.html&amp;category=seleccion&amp;ecomPostExpiration=everlasting&amp;postId=112564\" data-vars-affiliate-url=\"https:\/\/www.xatakahome.com\/redirect?url=https%3A%2F%2Fwww.temu.com%2Fes%2Flinterna-de-busqueda-multifuncional-recargable-solar-foco-led-portatil-para-exteriores-con-succion-magnetica-luz-de-emergencia-portatil-recargable-por-usb-adecuada-para-acampar-mercados-nocturnos-turismo-g-601099539316232.html&amp;category=seleccion&amp;ecomPostExpiration=everlasting&amp;postId=112564\"><\/p>\n<p>    <img decoding=\"async\" alt=\"foco led port\u00e1til\" class=\"centro_sinmarco\" src=\"https:\/\/i.blogs.es\/4771ed\/captura-de-pantalla-2024-05-22-a-las-14.59.20\/450_1000.webp\"><br \/>\n     <\/a><\/p><\/div>\n<\/div>\n<p>Cuando cae la noche, este accesorio es indispensable para quienes est\u00e1n de acampada. Se trata de un foco LED port\u00e1til, cuyo precio ha bajado en Temu hasta los <a rel=\"nofollow, sponsored, noopener, noreferrer noopener\" target=\"_blank\" class=\"js-ecommerce\" href=\"https:\/\/www.xatakahome.com\/redirect?url=https%3A%2F%2Fwww.temu.com%2Fes%2Flinterna-de-busqueda-multifuncional-recargable-solar-foco-led-portatil-para-exteriores-con-succion-magnetica-luz-de-emergencia-portatil-recargable-por-usb-adecuada-para-acampar-mercados-nocturnos-turismo-g-601099539316232.html&amp;category=seleccion&amp;ecomPostExpiration=everlasting&amp;postId=112564\" data-vars-affiliate-url=\"https:\/\/www.xatakahome.com\/redirect?url=https%3A%2F%2Fwww.temu.com%2Fes%2Flinterna-de-busqueda-multifuncional-recargable-solar-foco-led-portatil-para-exteriores-con-succion-magnetica-luz-de-emergencia-portatil-recargable-por-usb-adecuada-para-acampar-mercados-nocturnos-turismo-g-601099539316232.html&amp;category=seleccion&amp;ecomPostExpiration=everlasting&amp;postId=112564\">9,44 euros<\/a>. Antes costaba 18,74 euros, por lo que ahora tiene un <strong>descuento de casi el 50%<\/strong>.<\/p>\n<p><!-- BREAK 8 --><\/p>\n<p>Ofrece una gran iluminaci\u00f3n en un tama\u00f1o compacto. Adem\u00e1s, es muy ligero, para que puedas transportarlo f\u00e1cilmente. Cuenta con <strong>cuatro modos de luz <\/strong>y su bater\u00eda se recarga a trav\u00e9s de energ\u00eda solo o mediante cable <a href=\"https:\/\/www.xatakahome.com\/hogar\/unos-meses-todos-dispositivos-que-compres-tendran-que-tener-ley-este-conector-esta-fecha-limite\">USB<\/a>.<\/p>\n<p><!-- BREAK 9 --><!-- PIVOT START --><\/p>\n<div class=\"pivot-ecommerce-container m-pivot-ecommerce-redesign article-asset-normal article-asset-center\">\n<div class=\"pivot-ecommerce\">\n<div class=\"pivot-ecommerce-figure\">\n  <a rel=\"nofollow, sponsored, noopener, noreferrer noopener\" target=\"_blank\" href=\"https:\/\/www.xatakahome.com\/redirect?url=https%3A%2F%2Fwww.temu.com%2Fes%2Flinterna-de-busqueda-multifuncional-recargable-solar-foco-led-portatil-para-exteriores-con-succion-magnetica-luz-de-emergencia-portatil-recargable-por-usb-adecuada-para-acampar-mercados-nocturnos-turismo-g-601099539316232.html&amp;category=seleccion&amp;pivot=1&amp;ecomPostExpiration=everlasting&amp;postId=112564\"><br \/>\n   <img loading=\"lazy\" decoding=\"async\" alt=\"Foco LED port\u00e1til\" width=\"644\" height=\"600\" src=\"https:\/\/i.blogs.es\/d0f8c4\/blob\/original.webp\" onerror='this.src=\"https:\/\/i.blogs.es\/d0f8c4\/blob\/original.png\"'><br \/>\n  <\/a>\n  <\/div>\n<div class=\"pivot-ecommerce-summary\">\n<p class=\"pivot-ecommerce-desc\">Foco LED port\u00e1til<\/p>\n<div class=\"pivot-actions \">\n<div class=\"pivot-actions-row\">\n <a rel=\"nofollow, sponsored, noopener, noreferrer noopener\" target=\"_blank\" data-asin=\"\" data-store=\"\" href=\"https:\/\/www.xatakahome.com\/redirect?url=https%3A%2F%2Fwww.temu.com%2Fes%2Flinterna-de-busqueda-multifuncional-recargable-solar-foco-led-portatil-para-exteriores-con-succion-magnetica-luz-de-emergencia-portatil-recargable-por-usb-adecuada-para-acampar-mercados-nocturnos-turismo-g-601099539316232.html&amp;category=seleccion&amp;pivot=1&amp;ecomPostExpiration=everlasting&amp;postId=112564\" title=\"Precio de venta al p\u00fablico a fecha de publicaci\u00f3n\" class=\"pivot-action-btn pivot-action-primary\">PVP en Temu \u2014 <strong>9,44<\/strong> \u20ac<\/a>\n <\/div>\n<\/p><\/div>\n<\/p><\/div>\n<\/p><\/div>\n<div class=\"pivot-link-msg\">* Alg\u00fan precio puede haber cambiado desde la \u00faltima revisi\u00f3n<\/div>\n<\/p><\/div>\n<p><!-- PIVOT END --><\/p>\n<h2>Cafetera espresso port\u00e1til<\/h2>\n<div class=\"article-asset-image article-asset-normal article-asset-center\">\n<div class=\"asset-content\">\n                    <a rel=\"nofollow, sponsored, noopener, noreferrer noopener\" target=\"_blank\" class=\"js-ecommerce\" href=\"https:\/\/www.xatakahome.com\/redirect?url=https%3A%2F%2Fwww.temu.com%2Fes%2Fcafelffe-2-en-1-maquina-de-cafe-portatil-capsula-manual-cafetera-espresso-para-capsulas-nespresso-y-cafe-en-polvo-g-601099514277173.htmlara-acampar-mercados-nocturnos-turismo-g-601099539316232.html&amp;category=seleccion&amp;ecomPostExpiration=everlasting&amp;postId=112564\" data-vars-affiliate-url=\"https:\/\/www.xatakahome.com\/redirect?url=https%3A%2F%2Fwww.temu.com%2Fes%2Fcafelffe-2-en-1-maquina-de-cafe-portatil-capsula-manual-cafetera-espresso-para-capsulas-nespresso-y-cafe-en-polvo-g-601099514277173.htmlara-acampar-mercados-nocturnos-turismo-g-601099539316232.html&amp;category=seleccion&amp;ecomPostExpiration=everlasting&amp;postId=112564\"><\/p>\n<p>    <img decoding=\"async\" alt=\"cafetera espresso port\u00e1til\" class=\"centro_sinmarco\" src=\"https:\/\/i.blogs.es\/63e7d8\/captura-de-pantalla-2024-05-22-a-las-15.04.25\/450_1000.webp\"><br \/>\n     <\/a><\/p><\/div>\n<\/div>\n<p>Si eres de los que te gusta tomarte un caf\u00e9 reci\u00e9n levantado y no quieres renunciar a ello durante tus vacaciones de camping, esta cafetera espresso port\u00e1til se convertir\u00e1 en imprescindible. Su precio habitual es de 121,99 euros pero, en estos momentos, en Temu est\u00e1 rebajada hasta los <a rel=\"nofollow, sponsored, noopener, noreferrer noopener\" target=\"_blank\" class=\"js-ecommerce\" href=\"https:\/\/www.xatakahome.com\/redirect?url=https%3A%2F%2Fwww.temu.com%2Fes%2Fcafelffe-2-en-1-maquina-de-cafe-portatil-capsula-manual-cafetera-espresso-para-capsulas-nespresso-y-cafe-en-polvo-g-601099514277173.html&amp;category=seleccion&amp;ecomPostExpiration=everlasting&amp;postId=112564\" data-vars-affiliate-url=\"https:\/\/www.xatakahome.com\/redirect?url=https%3A%2F%2Fwww.temu.com%2Fes%2Fcafelffe-2-en-1-maquina-de-cafe-portatil-capsula-manual-cafetera-espresso-para-capsulas-nespresso-y-cafe-en-polvo-g-601099514277173.html&amp;category=seleccion&amp;ecomPostExpiration=everlasting&amp;postId=112564\">44,93 euros<\/a>, por lo que tiene aplicado un <strong>descuento de 77,06 euros<\/strong>.<\/p>\n<p><!-- BREAK 10 --><\/p>\n<p>Puedes utilizarla tanto con <strong>c\u00e1psulas de caf\u00e9<\/strong> (Dolce Gusto o Nespresso) como con <strong>caf\u00e9 molido<\/strong>. Su funcionamiento es muy sencillo y solo necesitas tener agua caliente en su dep\u00f3sito y activar la bomba. El tama\u00f1o de la taza que ofrece es de 35 ml.<\/p>\n<p><!-- BREAK 11 --><!-- PIVOT START --><\/p>\n<div class=\"pivot-ecommerce-container m-pivot-ecommerce-redesign article-asset-normal article-asset-center\">\n<div class=\"pivot-ecommerce\">\n<div class=\"pivot-ecommerce-figure\">\n  <a rel=\"nofollow, sponsored, noopener, noreferrer noopener\" target=\"_blank\" href=\"https:\/\/www.xatakahome.com\/redirect?url=https%3A%2F%2Fwww.temu.com%2Fes%2Fcafelffe-2-en-1-maquina-de-cafe-portatil-capsula-manual-cafetera-espresso-para-capsulas-nespresso-y-cafe-en-polvo-g-601099514277173.html&amp;category=seleccion&amp;pivot=1&amp;ecomPostExpiration=everlasting&amp;postId=112564\"><br \/>\n   <img loading=\"lazy\" decoding=\"async\" alt=\"Cafetera espresso manual\" width=\"812\" height=\"812\" src=\"https:\/\/i.blogs.es\/f070f4\/blob\/original.webp\" onerror='this.src=\"https:\/\/i.blogs.es\/f070f4\/blob\/original.png\"'><br \/>\n  <\/a>\n  <\/div>\n<div class=\"pivot-ecommerce-summary\">\n<p class=\"pivot-ecommerce-desc\">Cafetera espresso manual<\/p>\n<div class=\"pivot-actions \">\n<div class=\"pivot-actions-row\">\n <a rel=\"nofollow, sponsored, noopener, noreferrer noopener\" target=\"_blank\" data-asin=\"\" data-store=\"\" href=\"https:\/\/www.xatakahome.com\/redirect?url=https%3A%2F%2Fwww.temu.com%2Fes%2Fcafelffe-2-en-1-maquina-de-cafe-portatil-capsula-manual-cafetera-espresso-para-capsulas-nespresso-y-cafe-en-polvo-g-601099514277173.html&amp;category=seleccion&amp;pivot=1&amp;ecomPostExpiration=everlasting&amp;postId=112564\" title=\"Precio de venta al p\u00fablico a fecha de publicaci\u00f3n\" class=\"pivot-action-btn pivot-action-primary\">PVP en Temu \u2014 <strong>44,93<\/strong> \u20ac<\/a>\n <\/div>\n<\/p><\/div>\n<\/p><\/div>\n<\/p><\/div>\n<div class=\"pivot-link-msg\">* Alg\u00fan precio puede haber cambiado desde la \u00faltima revisi\u00f3n<\/div>\n<\/p><\/div>\n<p><!-- PIVOT END --><\/p>\n<div class=\"article-asset article-asset-normal article-asset-center\">\n<div class=\"desvio-container\">\n<div class=\"desvio\">\n<div class=\"desvio-figure js-desvio-figure\">\n    <a href=\"https:\/\/www.xatakahome.com\/hogar\/nueva-linea-ventiladores-para-gadgets-noctua-quiere-que-nos-olvidemos-calentones-nuestros-dispositivos\"><br \/>\n     <img loading=\"lazy\" decoding=\"async\" alt=\"La nueva l\u00ednea de ventiladores para gadgets de Noctua quiere que nos olvidemos de los calentones en nuestros dispositivos \" width=\"375\" height=\"142\" src=\"https:\/\/i.blogs.es\/6f8897\/noctua_home_1\/375_142.webp\" onerror='this.src=\"https:\/\/i.blogs.es\/6f8897\/noctua_home_1\/375_142.png\"'><br \/>\n    <\/a>\n   <\/div>\n<div class=\"desvio-summary\">\n<div class=\"desvio-taxonomy js-desvio-taxonomy\">\n     <a href=\"https:\/\/www.xatakahome.com\/hogar\/nueva-linea-ventiladores-para-gadgets-noctua-quiere-que-nos-olvidemos-calentones-nuestros-dispositivos\" class=\"desvio-taxonomy-anchor\">En Xataka Smart Home<\/a>\n    <\/div>\n<p>    <a href=\"https:\/\/www.xatakahome.com\/hogar\/nueva-linea-ventiladores-para-gadgets-noctua-quiere-que-nos-olvidemos-calentones-nuestros-dispositivos\" class=\"desvio-title js-desvio-title\">La nueva l\u00ednea de ventiladores para gadgets de Noctua quiere que nos olvidemos de los calentones en nuestros dispositivos <\/a>\n   <\/div>\n<\/p><\/div>\n<\/p><\/div>\n<\/div>\n<h2>Tambi\u00e9n te puede interesar<\/h2>\n<p><!-- PIVOT START --><\/p>\n<div class=\"pivot-ecommerce-container m-pivot-ecommerce-redesign article-asset-normal article-asset-center\">\n<div class=\"pivot-ecommerce\">\n<div class=\"pivot-ecommerce-figure\">\n  <a rel=\"nofollow, sponsored, noopener, noreferrer noopener\" target=\"_blank\" href=\"https:\/\/www.xatakahome.com\/redirect?url=https%3A%2F%2Fwww.amazon.es%2Fdp%2FB08J497FB1%3Ftag%3Dxatakahome-21%26linkCode%3Dogi%26th%3D1%26psc%3D1&amp;category=seleccion&amp;pivot=1&amp;ecomPostExpiration=everlasting&amp;postId=112564\"><br \/>\n   <img loading=\"lazy\" decoding=\"async\" alt=\"HELP FLASH SMART | Luz de Emergencia aut\u00f3noma para veh\u00edculos\" width=\"500\" height=\"500\" src=\"https:\/\/i.blogs.es\/f40d48\/41vqonde2kl._sl500_\/original.webp\" onerror='this.src=\"https:\/\/i.blogs.es\/f40d48\/41vqonde2kl._sl500_\/original.jpeg\"'><br \/>\n  <\/a>\n  <\/div>\n<div class=\"pivot-ecommerce-summary\">\n<p class=\"pivot-ecommerce-desc\">HELP FLASH SMART | Luz de Emergencia aut\u00f3noma para veh\u00edculos<\/p>\n<div class=\"pivot-actions \">\n<div class=\"pivot-actions-row\">\n <a rel=\"nofollow, sponsored, noopener, noreferrer noopener\" target=\"_blank\" data-asin=\"B08J497FB1\" data-store=\"Amazon\" href=\"https:\/\/www.xatakahome.com\/redirect?url=https%3A%2F%2Fwww.amazon.es%2Fdp%2FB08J497FB1%3Ftag%3Dxatakahome-21%26linkCode%3Dogi%26th%3D1%26psc%3D1&amp;category=seleccion&amp;pivot=1&amp;ecomPostExpiration=everlasting&amp;postId=112564\" title=\"Precio actualizado hoy\" class=\"pivot-action-btn pivot-action-primary\">Hoy en Amazon \u2014 <strong>18,86<\/strong> \u20ac<\/a>\n <\/div>\n<\/p><\/div>\n<\/p><\/div>\n<\/p><\/div>\n<div class=\"pivot-link-msg\">* Alg\u00fan precio puede haber cambiado desde la \u00faltima revisi\u00f3n<\/div>\n<\/p><\/div>\n<p><!-- PIVOT END --><br \/>\n<!-- PIVOT START --><\/p>\n<div class=\"pivot-ecommerce-container m-pivot-ecommerce-redesign article-asset-normal article-asset-center\">\n<div class=\"pivot-ecommerce\">\n<div class=\"pivot-ecommerce-figure\">\n  <a rel=\"nofollow, sponsored, noopener, noreferrer noopener\" target=\"_blank\" href=\"https:\/\/www.xatakahome.com\/redirect?url=https%3A%2F%2Fwww.amazon.es%2Fdp%2FB0C8NWT1QZ%3Ftag%3Dxatakahome-21%26linkCode%3Dogi%26th%3D1%26psc%3D1&amp;category=seleccion&amp;pivot=1&amp;ecomPostExpiration=everlasting&amp;postId=112564\"><br \/>\n   <img loading=\"lazy\" decoding=\"async\" alt=\"Amazfit Bip 5 Smartwatch\" width=\"500\" height=\"500\" src=\"https:\/\/i.blogs.es\/c01650\/41xxoss6xzl._sl500_\/original.webp\" onerror='this.src=\"https:\/\/i.blogs.es\/c01650\/41xxoss6xzl._sl500_\/original.jpeg\"'><br \/>\n  <\/a>\n  <\/div>\n<div class=\"pivot-ecommerce-summary\">\n<p class=\"pivot-ecommerce-desc\">Amazfit Bip 5 Smartwatch<\/p>\n<div class=\"pivot-actions \">\n<div class=\"pivot-actions-row\">\n <a rel=\"nofollow, sponsored, noopener, noreferrer noopener\" target=\"_blank\" data-asin=\"B0C8NWT1QZ\" data-store=\"Amazon\" href=\"https:\/\/www.xatakahome.com\/redirect?url=https%3A%2F%2Fwww.amazon.es%2Fdp%2FB0C8NWT1QZ%3Ftag%3Dxatakahome-21%26linkCode%3Dogi%26th%3D1%26psc%3D1&amp;category=seleccion&amp;pivot=1&amp;ecomPostExpiration=everlasting&amp;postId=112564\" title=\"Precio actualizado hoy\" class=\"pivot-action-btn pivot-action-primary\">Hoy en Amazon \u2014 <strong>73,52<\/strong> \u20ac<\/a><br \/>\n   <a rel=\"nofollow, sponsored, noopener, noreferrer noopener\" target=\"_blank\" data-asin=\"1558030\" data-store=\"MediaMarkt\" href=\"https:\/\/www.xatakahome.com\/redirect?url=https%3A%2F%2Fwww.mediamarkt.es%2Fes%2Fproduct%2F_smartwatch-amazfit-bip-5-22-mm-pantalla-191-llamadas-bluetooth-120-modos-deporte-negro-1558030.html&amp;category=seleccion&amp;pivot=1&amp;ecomPostExpiration=everlasting&amp;postId=112564\" title=\"Precio actualizado hoy\" class=\"pivot-action-btn pivot-action-secondary\">MediaMarkt \u2014 <strong>79,00<\/strong> \u20ac<\/a><br \/>\n   <a rel=\"nofollow, sponsored, noopener, noreferrer noopener\" target=\"_blank\" data-asin=\"10749469\" data-store=\"PcComponentes\" href=\"https:\/\/www.xatakahome.com\/redirect?url=https%3A%2F%2Fwww.pccomponentes.com%2Famazfit-bip-5-dark-gray&amp;category=seleccion&amp;pivot=1&amp;ecomPostExpiration=everlasting&amp;postId=112564\" title=\"Precio actualizado hoy\" class=\"pivot-action-btn pivot-action-secondary\">PcComponentes \u2014 <strong>89,90<\/strong> \u20ac<\/a>\n <\/div>\n<\/p><\/div>\n<\/p><\/div>\n<\/p><\/div>\n<div class=\"pivot-link-msg\">* Alg\u00fan precio puede haber cambiado desde la \u00faltima revisi\u00f3n<\/div>\n<\/p><\/div>\n<p><!-- PIVOT END --><\/p>\n<p><em>Nota: algunos de los enlaces aqu\u00ed publicados son de afiliados y pueden reportar un beneficio.<\/em><\/p>\n<p><!-- BREAK 12 --><\/p>\n<p>Im\u00e1genes | Temu<\/p>\n<p>En Xataka Smart Home | <a href=\"https:\/\/www.xatakahome.com\/a-fondo\/proyector-4k-que-mirar-antes-comprar-tecnologias-modelos-recomendados\">Proyector 4K, qu\u00e9 mirar antes de comprar: tecnolog\u00edas y modelos recomendados<\/a><\/p>\n<p><!-- BREAK 13 --><\/p>\n<p>En Xataka Smart Home | <a href=\"https:\/\/www.xatakahome.com\/seleccion\/mejores-altavoces-bluetooth-cual-comprar-consejos-recomendaciones\">Los mejores altavoces Bluetooth: \u00bfCu\u00e1l comprar? Consejos y recomendaciones<\/a><\/p>\n<p><!-- BREAK 14 --><script>\n (function() {\n  window._JS_MODULES = window._JS_MODULES || {};\n  var headElement = document.getElementsByTagName('head')[0];\n  if (_JS_MODULES.instagram) {\n   var instagramScript = document.createElement('script');\n   instagramScript.src = 'https:\/\/platform.instagram.com\/en_US\/embeds.js';\n   instagramScript.async = true;\n   instagramScript.defer = true;\n   headElement.appendChild(instagramScript);\n  }\n })();\n<\/script><\/p>\n<p> &#8211; <br \/> La noticia<br \/>\n      <a href=\"https:\/\/www.xatakahome.com\/seleccion\/cinco-accesorios-baratos-temu-que-se-convertiran-tu-salvavidas-vas-camping-este-verano?utm_source=feedburner&amp;utm_medium=feed&amp;utm_campaign=22_May_2024\"><br \/>\n       <em> Los cinco accesorios baratos de Temu que se convertir\u00e1n en tu salvavidas si vas de camping este verano <\/em><br \/>\n      <\/a><br \/>\n      fue publicada originalmente en<br \/>\n      <a href=\"https:\/\/www.xatakahome.com\/?utm_source=feedburner&amp;utm_medium=feed&amp;utm_campaign=22_May_2024\"><br \/>\n       <strong> Xataka Smart Home <\/strong><br \/>\n      <\/a><br \/>\n            por <a href=\"https:\/\/www.xatakahome.com\/autor\/fran-leon?utm_source=feedburner&amp;utm_medium=feed&amp;utm_campaign=22_May_2024\"><br \/>\n       Fran Le\u00f3n<br \/>\n      <\/a><br \/>\n      . <\/p>\n<\/div>\n","protected":false},"excerpt":{"rendered":"<p>Irse de camping est\u00e1 m\u00e1s de moda que hace unos a\u00f1os. Si tus vacaciones de este verano van a ser de este tipo y no sabes c\u00f3mo equiparte, Temu tiene un sinf\u00edn de accesorios que te har\u00e1n m\u00e1s f\u00e1cil la experiencia de acampada. Te mostramos una selecci\u00f3n con algunos de esos productos que se convertir\u00e1n &hellip; <a href=\"https:\/\/domosistemas.com\/?p=24355\" class=\"more-link\">Sigue leyendo <span class=\"screen-reader-text\">Los cinco accesorios baratos de Temu que se convertir\u00e1n en tu salvavidas si vas de camping este verano<\/span><\/a><\/p>\n","protected":false},"author":1,"featured_media":0,"comment_status":"closed","ping_status":"closed","sticky":false,"template":"","format":"standard","meta":{"footnotes":""},"categories":[8],"tags":[],"class_list":["post-24355","post","type-post","status-publish","format-standard","hentry","category-xataka"],"_links":{"self":[{"href":"https:\/\/domosistemas.com\/index.php?rest_route=\/wp\/v2\/posts\/24355","targetHints":{"allow":["GET"]}}],"collection":[{"href":"https:\/\/domosistemas.com\/index.php?rest_route=\/wp\/v2\/posts"}],"about":[{"href":"https:\/\/domosistemas.com\/index.php?rest_route=\/wp\/v2\/types\/post"}],"author":[{"embeddable":true,"href":"https:\/\/domosistemas.com\/index.php?rest_route=\/wp\/v2\/users\/1"}],"replies":[{"embeddable":true,"href":"https:\/\/domosistemas.com\/index.php?rest_route=%2Fwp%2Fv2%2Fcomments&post=24355"}],"version-history":[{"count":0,"href":"https:\/\/domosistemas.com\/index.php?rest_route=\/wp\/v2\/posts\/24355\/revisions"}],"wp:attachment":[{"href":"https:\/\/domosistemas.com\/index.php?rest_route=%2Fwp%2Fv2%2Fmedia&parent=24355"}],"wp:term":[{"taxonomy":"category","embeddable":true,"href":"https:\/\/domosistemas.com\/index.php?rest_route=%2Fwp%2Fv2%2Fcategories&post=24355"},{"taxonomy":"post_tag","embeddable":true,"href":"https:\/\/domosistemas.com\/index.php?rest_route=%2Fwp%2Fv2%2Ftags&post=24355"}],"curies":[{"name":"wp","href":"https:\/\/api.w.org\/{rel}","templated":true}]}}