{"id":24393,"date":"2024-05-27T02:00:20","date_gmt":"2024-05-27T02:00:20","guid":{"rendered":"https:\/\/domosistemas.com\/?p=24393"},"modified":"2024-05-27T02:00:20","modified_gmt":"2024-05-27T02:00:20","slug":"la-comunidad-valenciana-mejora-la-accesibilidad-en-edificios-de-atencion-ciudadana-con-equipos-tecnologicos","status":"publish","type":"post","link":"https:\/\/domosistemas.com\/?p=24393","title":{"rendered":"La Comunidad Valenciana mejora la accesibilidad en edificios de atenci\u00f3n ciudadana con equipos tecnol\u00f3gicos"},"content":{"rendered":"<div>\n<p>Con el objetivo de facilitar a las personas con discapacidad cognitiva la accesibilidad a los edificios de atenci\u00f3n ciudadana de la Comunidad Valenciana, la <a href=\"https:\/\/www.gva.es\/es\/inicio\/presentacion\" target=\"_blank\" rel=\"noopener\">Generalitat Valenciana<\/a> ha anunciado que instalar\u00e1 equipamiento y dispositivos tecnol\u00f3gicos de informaci\u00f3n y de orientaci\u00f3n, as\u00ed como avisos lum\u00ednicos, tanto en el interior como en el exterior de los edificios.<\/p>\n<figure id=\"attachment_137830\" aria-describedby=\"caption-attachment-137830\" style=\"width: 800px\" class=\"wp-caption aligncenter\"><img loading=\"lazy\" decoding=\"async\" class=\"size-full wp-image-137830\" src=\"https:\/\/static.casadomo.com\/media\/2024\/05\/generalitat-valenciana-accesibilidad-edificios-discapacidad-cognitiva.png\" alt=\"Accesibilidad personas con discapacidad cognitiva.\" width=\"800\" height=\"495\" srcset=\"https:\/\/static.casadomo.com\/media\/2024\/05\/generalitat-valenciana-accesibilidad-edificios-discapacidad-cognitiva.png 800w, https:\/\/static.casadomo.com\/media\/2024\/05\/generalitat-valenciana-accesibilidad-edificios-discapacidad-cognitiva-300x186.png 300w, https:\/\/static.casadomo.com\/media\/2024\/05\/generalitat-valenciana-accesibilidad-edificios-discapacidad-cognitiva-768x475.png 768w, https:\/\/static.casadomo.com\/media\/2024\/05\/generalitat-valenciana-accesibilidad-edificios-discapacidad-cognitiva-180x111.png 180w\" sizes=\"auto, (max-width: 800px) 100vw, 800px\"><figcaption id=\"caption-attachment-137830\" class=\"wp-caption-text\">Los edificios contar\u00e1n con dispositivos tecnol\u00f3gicos de informaci\u00f3n y orientaci\u00f3n, adem\u00e1s de avisos lum\u00ednicos.<\/figcaption><\/figure>\n<p>Esta iniciativa de mejora de la accesibilidad se desarrollar\u00e1 en 47 edificios de atenci\u00f3n ciudadana, de los cuales 24 est\u00e1n adscritos a la Vicepresidencia Segunda y Conselleria de Servicios Sociales, Igualdad y Vivienda, y 13 a la Conselleria de Hacienda, Econom\u00eda y Administraci\u00f3n P\u00fablica. Adem\u00e1s, se actuar\u00e1 en un edificio del Instituto Valenciano de Servicios Sociales y en nueve del Instituto Valenciano de la Juventud.<\/p>\n<p>Estas actuaciones se desarrollar\u00e1n en virtud del convenio entre la Secretar\u00eda de Estado de Derechos Sociales y la Comunidad Valenciana para la ejecuci\u00f3n de proyectos con cargo a los fondos procedentes del Mecanismo para la Recuperaci\u00f3n y Resiliencia. En funci\u00f3n de este acuerdo se asignaron 16 millones de euros al Plan de Accesibilidad Universal e Inclusiva de las administraciones p\u00fablicas valencianas.<\/p>\n<h2>Mayor inclusividad en los servicios p\u00fablicos<\/h2>\n<p>Esta adecuaci\u00f3n permitir\u00e1 que las personas con discapacidad cognitiva puedan acceder en igualdad de condiciones y de manera inclusiva a los servicios p\u00fablicos que ofrecen los edificios de atenci\u00f3n ciudadana, con el objetivo de mejorar su calidad de vida y seguridad.<\/p>\n<p>La autorizaci\u00f3n de acceso a los inmuebles y la ejecuci\u00f3n de las instalaciones por parte de las empresas adjudicatarias se ha realizado mediante el acuerdo suscrito entre la Vicepresidencia Segunda y Conselleria de Servicios Sociales, Igualdad y Vivienda y la Conselleria de Hacienda, Econom\u00eda y Administraci\u00f3n P\u00fablica.<\/p>\n<p>La entrada <a href=\"https:\/\/www.casadomo.com\/2024\/05\/27\/comunidad-valenciana-mejora-accesibilidad-edificios-atencion-ciudadana-equipos-tecnologicos\">La Comunidad Valenciana mejora la accesibilidad en edificios de atenci\u00f3n ciudadana con equipos tecnol\u00f3gicos<\/a> aparece primero en <a href=\"https:\/\/www.casadomo.com\/\">CASADOMO<\/a>.<\/p>\n<\/div>\n","protected":false},"excerpt":{"rendered":"<p>Con el objetivo de facilitar a las personas con discapacidad cognitiva la accesibilidad a los edificios de atenci\u00f3n ciudadana de la Comunidad Valenciana, la Generalitat Valenciana ha anunciado que instalar\u00e1 equipamiento y dispositivos tecnol\u00f3gicos de informaci\u00f3n y de orientaci\u00f3n, as\u00ed como avisos lum\u00ednicos, tanto en el interior como en el exterior de los edificios. Los &hellip; <a href=\"https:\/\/domosistemas.com\/?p=24393\" class=\"more-link\">Sigue leyendo <span class=\"screen-reader-text\">La Comunidad Valenciana mejora la accesibilidad en edificios de atenci\u00f3n ciudadana con equipos tecnol\u00f3gicos<\/span><\/a><\/p>\n","protected":false},"author":1,"featured_media":0,"comment_status":"closed","ping_status":"closed","sticky":false,"template":"","format":"standard","meta":{"footnotes":""},"categories":[3],"tags":[],"class_list":["post-24393","post","type-post","status-publish","format-standard","hentry","category-casadomo-com"],"_links":{"self":[{"href":"https:\/\/domosistemas.com\/index.php?rest_route=\/wp\/v2\/posts\/24393","targetHints":{"allow":["GET"]}}],"collection":[{"href":"https:\/\/domosistemas.com\/index.php?rest_route=\/wp\/v2\/posts"}],"about":[{"href":"https:\/\/domosistemas.com\/index.php?rest_route=\/wp\/v2\/types\/post"}],"author":[{"embeddable":true,"href":"https:\/\/domosistemas.com\/index.php?rest_route=\/wp\/v2\/users\/1"}],"replies":[{"embeddable":true,"href":"https:\/\/domosistemas.com\/index.php?rest_route=%2Fwp%2Fv2%2Fcomments&post=24393"}],"version-history":[{"count":0,"href":"https:\/\/domosistemas.com\/index.php?rest_route=\/wp\/v2\/posts\/24393\/revisions"}],"wp:attachment":[{"href":"https:\/\/domosistemas.com\/index.php?rest_route=%2Fwp%2Fv2%2Fmedia&parent=24393"}],"wp:term":[{"taxonomy":"category","embeddable":true,"href":"https:\/\/domosistemas.com\/index.php?rest_route=%2Fwp%2Fv2%2Fcategories&post=24393"},{"taxonomy":"post_tag","embeddable":true,"href":"https:\/\/domosistemas.com\/index.php?rest_route=%2Fwp%2Fv2%2Ftags&post=24393"}],"curies":[{"name":"wp","href":"https:\/\/api.w.org\/{rel}","templated":true}]}}