{"id":24467,"date":"2024-06-02T13:01:56","date_gmt":"2024-06-02T13:01:56","guid":{"rendered":"https:\/\/domosistemas.com\/?p=24467"},"modified":"2024-06-02T13:01:56","modified_gmt":"2024-06-02T13:01:56","slug":"11-muebles-baratos-de-ikea-leroy-merlin-y-lidl-para-preparar-balcones-terrazas-y-jardines-para-el-verano","status":"publish","type":"post","link":"https:\/\/domosistemas.com\/?p=24467","title":{"rendered":"11 muebles baratos de Ikea, Leroy Merl\u00edn y Lidl para preparar balcones, terrazas y jardines para el verano"},"content":{"rendered":"<div>\n<p>\n      <img decoding=\"async\" src=\"https:\/\/i.blogs.es\/f705c1\/captura-de-pantalla-2024-06-01-a-las-21.41.07\/1024_2000.jpeg\" alt=\"11 muebles baratos de Ikea, Leroy Merl\u00edn y Lidl para preparar balcones, terrazas y jardines para el verano  \">\n    <\/p>\n<p>El buen tiempo ya ha llegado y lo normal es que nos acompa\u00f1e hasta entrado el oto\u00f1o, por lo que es momento de <strong>poner a punto nuestras terrazas, balcones y jardines para pasar tiempo<\/strong> en ellos: una comida o cena en el exterior, aprovechar para terminar esa novela que estamos leyendo o tomar el fresco cuando anochece son solo algunas de las actividades que podemos hacer en estos espacios al aire libre.<\/p>\n<p><!-- BREAK 1 --><\/p>\n<p>Adem\u00e1s de una buena limpieza, es momento de realizar peque\u00f1as inversiones para disfrutarlas y decimos peque\u00f1as porque no hace falta gastar mucho dinero para colocar una mesa y sillas, un sof\u00e1 o incluso una hamaca para estar a gusto. Aqu\u00ed tienes algunas ideas en forma de <strong>muebles baratos de IKEA, Leroy Merlin o Lidl ideales para exterior.<\/strong><\/p>\n<p><!-- BREAK 2 --><\/p>\n<div class=\"article-asset-image article-asset-normal article-asset-center\">\n<div class=\"asset-content\">\n<div class=\"caption-img \">\n                    <a rel=\"nofollow, sponsored, noopener, noreferrer noopener\" target=\"_blank\" class=\"js-ecommerce\" href=\"https:\/\/www.xatakahome.com\/redirect?url=https%3A%2F%2Fwww.lidl.es%2Fes%2Festanteria-de-jardin%2Fp64639&amp;category=diseno-y-arquitectura&amp;ecomPostExpiration=everlasting&amp;postId=112702\" data-vars-affiliate-url=\"https:\/\/www.xatakahome.com\/redirect?url=https%3A%2F%2Fwww.lidl.es%2Fes%2Festanteria-de-jardin%2Fp64639&amp;category=diseno-y-arquitectura&amp;ecomPostExpiration=everlasting&amp;postId=112702\"><\/p>\n<p>    <img decoding=\"async\" alt=\"Captura De Pantalla 2024 06 02 A Las 11 10 38\" class=\"centro_sinmarco\" src=\"https:\/\/i.blogs.es\/b6ed49\/captura-de-pantalla-2024-06-02-a-las-11.10.38\/450_1000.webp\"><br \/>\n     <\/a><\/p>\n<p>        <span>Lidl<\/span>\n   <\/div>\n<\/p><\/div>\n<\/div>\n<p>Empezamos por un b\u00e1sico para quienes gustan de colocar macetas y dejarlas mucho m\u00e1s organizadas, aprovechando el espacio disponible gracias a esta <strong>estanter\u00eda hecha de metal con un dise\u00f1o retro <\/strong>de lo m\u00e1s atractivo. Adem\u00e1s tiene patas con protectores y se pliega. Por <a rel=\"nofollow, sponsored, noopener, noreferrer noopener\" target=\"_blank\" class=\"js-ecommerce\" href=\"https:\/\/www.xatakahome.com\/redirect?url=https%3A%2F%2Fwww.lidl.es%2Fes%2Festanteria-de-jardin%2Fp64639&amp;category=diseno-y-arquitectura&amp;ecomPostExpiration=everlasting&amp;postId=112702\" data-vars-affiliate-url=\"https:\/\/www.xatakahome.com\/redirect?url=https%3A%2F%2Fwww.lidl.es%2Fes%2Festanteria-de-jardin%2Fp64639&amp;category=diseno-y-arquitectura&amp;ecomPostExpiration=everlasting&amp;postId=112702\">12,99 euros<\/a> en Lidl.<\/p>\n<p><!-- BREAK 3 --><!-- PIVOT START --><\/p>\n<div class=\"pivot-ecommerce-container m-pivot-ecommerce-redesign article-asset-normal article-asset-center\">\n<div class=\"pivot-ecommerce\">\n<div class=\"pivot-ecommerce-figure\">\n  <a rel=\"nofollow, sponsored, noopener, noreferrer noopener\" target=\"_blank\" href=\"https:\/\/www.xatakahome.com\/redirect?url=https%3A%2F%2Fwww.lidl.es%2Fes%2Festanteria-de-jardin%2Fp64639&amp;category=diseno-y-arquitectura&amp;pivot=1&amp;ecomPostExpiration=everlasting&amp;postId=112702\"><br \/>\n   <img loading=\"lazy\" decoding=\"async\" alt=\"Estanter\u00eda de jard\u00edn\n\" width=\"554\" height=\"553\" src=\"https:\/\/i.blogs.es\/970de6\/blob\/original.webp\" onerror='this.src=\"https:\/\/i.blogs.es\/970de6\/blob\/original.jpeg\"'><br \/>\n  <\/a>\n  <\/div>\n<div class=\"pivot-ecommerce-summary\">\n<p class=\"pivot-ecommerce-desc\">Estanter\u00eda de jard\u00edn\n<\/p>\n<div class=\"pivot-actions \">\n<div class=\"pivot-actions-row\">\n <a rel=\"nofollow, sponsored, noopener, noreferrer noopener\" target=\"_blank\" data-asin=\"\" data-store=\"\" href=\"https:\/\/www.xatakahome.com\/redirect?url=https%3A%2F%2Fwww.lidl.es%2Fes%2Festanteria-de-jardin%2Fp64639&amp;category=diseno-y-arquitectura&amp;pivot=1&amp;ecomPostExpiration=everlasting&amp;postId=112702\" title=\"Precio de venta al p\u00fablico a fecha de publicaci\u00f3n\" class=\"pivot-action-btn pivot-action-primary\">PVP en Lidl \u2014 <strong>12,99<\/strong> \u20ac<\/a>\n <\/div>\n<\/p><\/div>\n<\/p><\/div>\n<\/p><\/div>\n<div class=\"pivot-link-msg\">* Alg\u00fan precio puede haber cambiado desde la \u00faltima revisi\u00f3n<\/div>\n<\/p><\/div>\n<p><!-- PIVOT END --><\/p>\n<div class=\"article-asset-image article-asset-normal article-asset-center\">\n<div class=\"asset-content\">\n<div class=\"caption-img \">\n                    <a rel=\"nofollow, sponsored, noopener, noreferrer noopener\" target=\"_blank\" class=\"js-ecommerce\" href=\"https:\/\/www.xatakahome.com\/redirect?url=https%3A%2F%2Fwww.ikea.com%2Fes%2Fes%2Fp%2Ftarno-mesa-con-2-sillas-exterior-negro-tinte-marron-claro-s69898415%2F&amp;category=diseno-y-arquitectura&amp;ecomPostExpiration=everlasting&amp;postId=112702\" data-vars-affiliate-url=\"https:\/\/www.xatakahome.com\/redirect?url=https%3A%2F%2Fwww.ikea.com%2Fes%2Fes%2Fp%2Ftarno-mesa-con-2-sillas-exterior-negro-tinte-marron-claro-s69898415%2F&amp;category=diseno-y-arquitectura&amp;ecomPostExpiration=everlasting&amp;postId=112702\"><\/p>\n<p>    <img decoding=\"async\" alt=\"Captura De Pantalla 2024 06 02 A Las 10 54 14\" class=\"centro_sinmarco\" src=\"https:\/\/i.blogs.es\/ce2f12\/captura-de-pantalla-2024-06-02-a-las-10.54.14\/450_1000.webp\"><br \/>\n     <\/a><\/p>\n<p>        <span>T\u00c4RN\u00d6 de IKEA<\/span>\n   <\/div>\n<\/p><\/div>\n<\/div>\n<p>B\u00e1sico para aprovechar cualquier espacio es este conjunto con dos sillas y mesa de IKEA que cabe incluso en las terrazas m\u00e1s peque\u00f1as. Son de madera y metal, tienen un dise\u00f1o que entra por los ojos y se pliegan, el conjunto en IKEA cuesta <a rel=\"nofollow, sponsored, noopener, noreferrer noopener\" target=\"_blank\" class=\"js-ecommerce\" href=\"https:\/\/www.xatakahome.com\/redirect?url=https%3A%2F%2Fwww.ikea.com%2Fes%2Fes%2Fp%2Ftarno-mesa-con-2-sillas-exterior-negro-tinte-marron-claro-s69898415%2F&amp;category=diseno-y-arquitectura&amp;ecomPostExpiration=everlasting&amp;postId=112702\" data-vars-affiliate-url=\"https:\/\/www.xatakahome.com\/redirect?url=https%3A%2F%2Fwww.ikea.com%2Fes%2Fes%2Fp%2Ftarno-mesa-con-2-sillas-exterior-negro-tinte-marron-claro-s69898415%2F&amp;category=diseno-y-arquitectura&amp;ecomPostExpiration=everlasting&amp;postId=112702\">49 euros<\/a>.<\/p>\n<p><!-- BREAK 4 --><!-- PIVOT START --><\/p>\n<div class=\"pivot-ecommerce-container m-pivot-ecommerce-redesign article-asset-normal article-asset-center\">\n<div class=\"pivot-ecommerce\">\n<div class=\"pivot-ecommerce-figure\">\n  <a rel=\"nofollow, sponsored, noopener, noreferrer noopener\" target=\"_blank\" href=\"https:\/\/www.xatakahome.com\/redirect?url=https%3A%2F%2Fwww.ikea.com%2Fes%2Fes%2Fp%2Ftarno-mesa-con-2-sillas-exterior-negro-tinte-marron-claro-s69898415%2F&amp;category=diseno-y-arquitectura&amp;pivot=1&amp;ecomPostExpiration=everlasting&amp;postId=112702\"><br \/>\n   <img loading=\"lazy\" decoding=\"async\" alt=\"T\u00c4RN\u00d6\nMesa con 2 sillas de exterior, negro\/tinte marr\u00f3n claro\" width=\"1010\" height=\"1010\" src=\"https:\/\/i.blogs.es\/d7151f\/blob\/original.webp\" onerror='this.src=\"https:\/\/i.blogs.es\/d7151f\/blob\/original.jpeg\"'><br \/>\n  <\/a>\n  <\/div>\n<div class=\"pivot-ecommerce-summary\">\n<p class=\"pivot-ecommerce-desc\">T\u00c4RN\u00d6<br \/>\nMesa con 2 sillas de exterior, negro\/tinte marr\u00f3n claro<\/p>\n<div class=\"pivot-actions \">\n<div class=\"pivot-actions-row\">\n <a rel=\"nofollow, sponsored, noopener, noreferrer noopener\" target=\"_blank\" data-asin=\"\" data-store=\"\" href=\"https:\/\/www.xatakahome.com\/redirect?url=https%3A%2F%2Fwww.ikea.com%2Fes%2Fes%2Fp%2Ftarno-mesa-con-2-sillas-exterior-negro-tinte-marron-claro-s69898415%2F&amp;category=diseno-y-arquitectura&amp;pivot=1&amp;ecomPostExpiration=everlasting&amp;postId=112702\" title=\"Precio de venta al p\u00fablico a fecha de publicaci\u00f3n\" class=\"pivot-action-btn pivot-action-primary\">PVP en PVP en IKEA \u2014 <strong>49,00<\/strong> \u20ac<\/a>\n <\/div>\n<\/p><\/div>\n<\/p><\/div>\n<\/p><\/div>\n<div class=\"pivot-link-msg\">* Alg\u00fan precio puede haber cambiado desde la \u00faltima revisi\u00f3n<\/div>\n<\/p><\/div>\n<p><!-- PIVOT END --><\/p>\n<div class=\"article-asset-image article-asset-normal article-asset-center\">\n<div class=\"asset-content\">\n<div class=\"caption-img \">\n                    <a rel=\"nofollow, sponsored, noopener, noreferrer noopener\" target=\"_blank\" class=\"js-ecommerce\" href=\"https:\/\/www.xatakahome.com\/redirect?url=https%3A%2F%2Fwww.leroymerlin.es%2Fproductos%2Fjardin-y-terraza%2Fmuebles-de-jardin%2Fseries-de-mobiliario-de-jardin%2Fserie-flora%2Fconjunto-de-muebles-de-terraza-flora-de-acero-para-2-comensales-83099766.html%3Fsrc%3Dclk&amp;category=diseno-y-arquitectura&amp;ecomPostExpiration=everlasting&amp;postId=112702\" data-vars-affiliate-url=\"https:\/\/www.xatakahome.com\/redirect?url=https%3A%2F%2Fwww.leroymerlin.es%2Fproductos%2Fjardin-y-terraza%2Fmuebles-de-jardin%2Fseries-de-mobiliario-de-jardin%2Fserie-flora%2Fconjunto-de-muebles-de-terraza-flora-de-acero-para-2-comensales-83099766.html%3Fsrc%3Dclk&amp;category=diseno-y-arquitectura&amp;ecomPostExpiration=everlasting&amp;postId=112702\"><\/p>\n<p>    <img decoding=\"async\" alt=\"Captura De Pantalla 2024 06 02 A Las 11 00 47\" class=\"centro_sinmarco\" src=\"https:\/\/i.blogs.es\/c3a8e3\/captura-de-pantalla-2024-06-02-a-las-11.00.47\/450_1000.webp\"><br \/>\n     <\/a><\/p>\n<p>        <span>Leroy Merlin<\/span>\n   <\/div>\n<\/p><\/div>\n<\/div>\n<p>La misma combinaci\u00f3n de <strong>dos mesas y silla<\/strong> pero m\u00e1s grandes y con estilo m\u00e1s moderno est\u00e1n disponibles en Leroy Merlin por <a rel=\"nofollow, sponsored, noopener, noreferrer noopener\" target=\"_blank\" class=\"js-ecommerce\" href=\"https:\/\/www.xatakahome.com\/redirect?url=https%3A%2F%2Fwww.leroymerlin.es%2Fproductos%2Fjardin-y-terraza%2Fmuebles-de-jardin%2Fseries-de-mobiliario-de-jardin%2Fserie-flora%2Fconjunto-de-muebles-de-terraza-flora-de-acero-para-2-comensales-83099766.html&amp;category=diseno-y-arquitectura&amp;ecomPostExpiration=everlasting&amp;postId=112702\" data-vars-affiliate-url=\"https:\/\/www.xatakahome.com\/redirect?url=https%3A%2F%2Fwww.leroymerlin.es%2Fproductos%2Fjardin-y-terraza%2Fmuebles-de-jardin%2Fseries-de-mobiliario-de-jardin%2Fserie-flora%2Fconjunto-de-muebles-de-terraza-flora-de-acero-para-2-comensales-83099766.html&amp;category=diseno-y-arquitectura&amp;ecomPostExpiration=everlasting&amp;postId=112702\">94,91 euros<\/a>. Son plegables, est\u00e1n hechas de acero y son de lo m\u00e1s resistentes.<\/p>\n<p><!-- BREAK 5 --><!-- PIVOT START --><\/p>\n<div class=\"pivot-ecommerce-container m-pivot-ecommerce-redesign article-asset-normal article-asset-center\">\n<div class=\"pivot-ecommerce\">\n<div class=\"pivot-ecommerce-figure\">\n  <a rel=\"nofollow, sponsored, noopener, noreferrer noopener\" target=\"_blank\" href=\"https:\/\/www.xatakahome.com\/redirect?url=https%3A%2F%2Fwww.leroymerlin.es%2Fproductos%2Fjardin-y-terraza%2Fmuebles-de-jardin%2Fseries-de-mobiliario-de-jardin%2Fserie-flora%2Fconjunto-de-muebles-de-terraza-flora-de-acero-para-2-comensales-83099766.html%3Fsrc%3Dclk&amp;category=diseno-y-arquitectura&amp;pivot=1&amp;ecomPostExpiration=everlasting&amp;postId=112702\"><br \/>\n   <img loading=\"lazy\" decoding=\"async\" alt=\"Conjunto de muebles de terraza Flora de acero para 2 comensales\" width=\"1168\" height=\"1168\" src=\"https:\/\/i.blogs.es\/709172\/blob\/original.webp\" onerror='this.src=\"https:\/\/i.blogs.es\/709172\/blob\/original.jpeg\"'><br \/>\n  <\/a>\n  <\/div>\n<div class=\"pivot-ecommerce-summary\">\n<p class=\"pivot-ecommerce-desc\">Conjunto de muebles de terraza Flora de acero para 2 comensales<\/p>\n<div class=\"pivot-actions \">\n<div class=\"pivot-actions-row\">\n <a rel=\"nofollow, sponsored, noopener, noreferrer noopener\" target=\"_blank\" data-asin=\"\" data-store=\"\" href=\"https:\/\/www.xatakahome.com\/redirect?url=https%3A%2F%2Fwww.leroymerlin.es%2Fproductos%2Fjardin-y-terraza%2Fmuebles-de-jardin%2Fseries-de-mobiliario-de-jardin%2Fserie-flora%2Fconjunto-de-muebles-de-terraza-flora-de-acero-para-2-comensales-83099766.html%3Fsrc%3Dclk&amp;category=diseno-y-arquitectura&amp;pivot=1&amp;ecomPostExpiration=everlasting&amp;postId=112702\" title=\"Precio de venta al p\u00fablico a fecha de publicaci\u00f3n\" class=\"pivot-action-btn pivot-action-primary\">PVP en Leroy Merlin \u2014 <strong>94,91<\/strong> \u20ac<\/a>\n <\/div>\n<\/p><\/div>\n<\/p><\/div>\n<\/p><\/div>\n<div class=\"pivot-link-msg\">* Alg\u00fan precio puede haber cambiado desde la \u00faltima revisi\u00f3n<\/div>\n<\/p><\/div>\n<p><!-- PIVOT END --><\/p>\n<div class=\"article-asset-image article-asset-normal article-asset-center\">\n<div class=\"asset-content\">\n<div class=\"caption-img \">\n                    <a rel=\"nofollow, sponsored, noopener, noreferrer noopener\" target=\"_blank\" class=\"js-ecommerce\" href=\"https:\/\/www.xatakahome.com\/redirect?url=https%3A%2F%2Fwww.lidl.es%2Fes%2Fconjunto-de-mesa-y-sillones%2Fp37906&amp;category=diseno-y-arquitectura&amp;ecomPostExpiration=everlasting&amp;postId=112702\" data-vars-affiliate-url=\"https:\/\/www.xatakahome.com\/redirect?url=https%3A%2F%2Fwww.lidl.es%2Fes%2Fconjunto-de-mesa-y-sillones%2Fp37906&amp;category=diseno-y-arquitectura&amp;ecomPostExpiration=everlasting&amp;postId=112702\"><\/p>\n<p>    <img decoding=\"async\" alt=\"Captura De Pantalla 2024 06 02 A Las 11 14 46\" class=\"centro_sinmarco\" src=\"https:\/\/i.blogs.es\/75a738\/captura-de-pantalla-2024-06-02-a-las-11.14.46\/450_1000.webp\"><br \/>\n     <\/a><\/p>\n<p>        <span>Lidl<\/span>\n   <\/div>\n<\/p><\/div>\n<\/div>\n<p>Si prefieres gastar algo m\u00e1s de dinero pero a cambio tener este <strong>c\u00f3modo conjunto de mesa y sillones<\/strong>, lo tienes en Lidl a mitad de precio: <a rel=\"nofollow, sponsored, noopener, noreferrer noopener\" target=\"_blank\" class=\"js-ecommerce\" href=\"https:\/\/www.xatakahome.com\/redirect?url=https%3A%2F%2Fwww.lidl.es%2Fes%2Fconjunto-de-mesa-y-sillones%2Fp37906&amp;category=diseno-y-arquitectura&amp;ecomPostExpiration=everlasting&amp;postId=112702\" data-vars-affiliate-url=\"https:\/\/www.xatakahome.com\/redirect?url=https%3A%2F%2Fwww.lidl.es%2Fes%2Fconjunto-de-mesa-y-sillones%2Fp37906&amp;category=diseno-y-arquitectura&amp;ecomPostExpiration=everlasting&amp;postId=112702\">114,99 euros<\/a>. En este caso no son plegables, pero son bastante m\u00e1s grandes para descansar a tus anchas, tienen una robusta estructura que imita el rat\u00e1n f\u00e1cil de limpiar.<\/p>\n<p><!-- BREAK 6 --><!-- PIVOT START --><\/p>\n<div class=\"pivot-ecommerce-container m-pivot-ecommerce-redesign article-asset-normal article-asset-center\">\n<div class=\"pivot-ecommerce\">\n<div class=\"pivot-ecommerce-figure\">\n  <a rel=\"nofollow, sponsored, noopener, noreferrer noopener\" target=\"_blank\" href=\"https:\/\/www.xatakahome.com\/redirect?url=https%3A%2F%2Fwww.lidl.es%2Fes%2Fconjunto-de-mesa-y-sillones%2Fp37906&amp;category=diseno-y-arquitectura&amp;pivot=1&amp;ecomPostExpiration=everlasting&amp;postId=112702\"><br \/>\n   <img loading=\"lazy\" decoding=\"async\" alt=\"Conjunto de mesa y sillones\" width=\"588\" height=\"588\" src=\"https:\/\/i.blogs.es\/cacc96\/blob\/original.webp\" onerror='this.src=\"https:\/\/i.blogs.es\/cacc96\/blob\/original.jpeg\"'><br \/>\n  <\/a>\n  <\/div>\n<div class=\"pivot-ecommerce-summary\">\n<p class=\"pivot-ecommerce-desc\">Conjunto de mesa y sillones<\/p>\n<div class=\"pivot-actions \">\n<div class=\"pivot-actions-row\">\n <a rel=\"nofollow, sponsored, noopener, noreferrer noopener\" target=\"_blank\" data-asin=\"\" data-store=\"\" href=\"https:\/\/www.xatakahome.com\/redirect?url=https%3A%2F%2Fwww.lidl.es%2Fes%2Fconjunto-de-mesa-y-sillones%2Fp37906&amp;category=diseno-y-arquitectura&amp;pivot=1&amp;ecomPostExpiration=everlasting&amp;postId=112702\" title=\"Precio de venta al p\u00fablico a fecha de publicaci\u00f3n\" class=\"pivot-action-btn pivot-action-primary\">PVP en Lidl \u2014 <strong>114,99<\/strong> \u20ac<\/a>\n <\/div>\n<\/p><\/div>\n<\/p><\/div>\n<\/p><\/div>\n<div class=\"pivot-link-msg\">* Alg\u00fan precio puede haber cambiado desde la \u00faltima revisi\u00f3n<\/div>\n<\/p><\/div>\n<p><!-- PIVOT END --><\/p>\n<div class=\"article-asset-image article-asset-normal article-asset-center\">\n<div class=\"asset-content\">\n<div class=\"caption-img \">\n                    <a rel=\"nofollow, sponsored, noopener, noreferrer noopener\" target=\"_blank\" class=\"js-ecommerce\" href=\"https:\/\/www.xatakahome.com\/redirect?url=https%3A%2F%2Fwww.lidl.es%2Fes%2Fmesa-de-madera-para-jardin-sevilla%2Fp38000&amp;category=diseno-y-arquitectura&amp;ecomPostExpiration=everlasting&amp;postId=112702\" data-vars-affiliate-url=\"https:\/\/www.xatakahome.com\/redirect?url=https%3A%2F%2Fwww.lidl.es%2Fes%2Fmesa-de-madera-para-jardin-sevilla%2Fp38000&amp;category=diseno-y-arquitectura&amp;ecomPostExpiration=everlasting&amp;postId=112702\"><\/p>\n<p>    <img decoding=\"async\" alt=\"Captura De Pantalla 2024 06 02 A Las 11 08 16\" class=\"centro_sinmarco\" src=\"https:\/\/i.blogs.es\/3bc94c\/captura-de-pantalla-2024-06-02-a-las-11.08.16\/450_1000.webp\"><br \/>\n     <\/a><\/p>\n<p>        <span>Lidl<\/span>\n   <\/div>\n<\/p><\/div>\n<\/div>\n<p>Si solo necesitas <strong>una mesa bonita y resistente<\/strong>, ojo porque este modelo Sevilla est\u00e1 a mitad de precio en Lidl: <a rel=\"nofollow, sponsored, noopener, noreferrer noopener\" target=\"_blank\" class=\"js-ecommerce\" href=\"https:\/\/www.xatakahome.com\/redirect?url=https%3A%2F%2Fwww.lidl.es%2Fes%2Fmesa-de-madera-para-jardin-sevilla%2Fp38000%3F&amp;category=diseno-y-arquitectura&amp;ecomPostExpiration=everlasting&amp;postId=112702\" data-vars-affiliate-url=\"https:\/\/www.xatakahome.com\/redirect?url=https%3A%2F%2Fwww.lidl.es%2Fes%2Fmesa-de-madera-para-jardin-sevilla%2Fp38000%3F&amp;category=diseno-y-arquitectura&amp;ecomPostExpiration=everlasting&amp;postId=112702\">54,99 euros<\/a>. Est\u00e1 hecha de madera de acacia maciza y robusta de extracci\u00f3n sostenible y adem\u00e1s soporta hasta 50 kg de peso. Con agujero para colocar una sombrilla.<\/p>\n<p><!-- BREAK 7 --><!-- PIVOT START --><\/p>\n<div class=\"pivot-ecommerce-container m-pivot-ecommerce-redesign article-asset-normal article-asset-center\">\n<div class=\"pivot-ecommerce\">\n<div class=\"pivot-ecommerce-figure\">\n  <a rel=\"nofollow, sponsored, noopener, noreferrer noopener\" target=\"_blank\" href=\"https:\/\/www.xatakahome.com\/redirect?url=https%3A%2F%2Fwww.lidl.es%2Fes%2Fmesa-de-madera-para-jardin-sevilla%2Fp38000&amp;category=diseno-y-arquitectura&amp;pivot=1&amp;ecomPostExpiration=everlasting&amp;postId=112702\"><br \/>\n   <img loading=\"lazy\" decoding=\"async\" alt=\"Mesa de madera para jard\u00edn Sevilla\" width=\"668\" height=\"668\" src=\"https:\/\/i.blogs.es\/0b5b10\/blob\/original.webp\" onerror='this.src=\"https:\/\/i.blogs.es\/0b5b10\/blob\/original.jpeg\"'><br \/>\n  <\/a>\n  <\/div>\n<div class=\"pivot-ecommerce-summary\">\n<p class=\"pivot-ecommerce-desc\">Mesa de madera para jard\u00edn Sevilla<\/p>\n<div class=\"pivot-actions \">\n<div class=\"pivot-actions-row\">\n <a rel=\"nofollow, sponsored, noopener, noreferrer noopener\" target=\"_blank\" data-asin=\"\" data-store=\"\" href=\"https:\/\/www.xatakahome.com\/redirect?url=https%3A%2F%2Fwww.lidl.es%2Fes%2Fmesa-de-madera-para-jardin-sevilla%2Fp38000&amp;category=diseno-y-arquitectura&amp;pivot=1&amp;ecomPostExpiration=everlasting&amp;postId=112702\" title=\"Precio de venta al p\u00fablico a fecha de publicaci\u00f3n\" class=\"pivot-action-btn pivot-action-primary\">PVP en Lidl \u2014 <strong>54,99<\/strong> \u20ac<\/a>\n <\/div>\n<\/p><\/div>\n<\/p><\/div>\n<\/p><\/div>\n<div class=\"pivot-link-msg\">* Alg\u00fan precio puede haber cambiado desde la \u00faltima revisi\u00f3n<\/div>\n<\/p><\/div>\n<p><!-- PIVOT END --><\/p>\n<div class=\"article-asset-image article-asset-normal article-asset-center\">\n<div class=\"asset-content\">\n<div class=\"caption-img \">\n                    <a rel=\"nofollow, sponsored, noopener, noreferrer noopener\" target=\"_blank\" class=\"js-ecommerce\" href=\"https:\/\/www.xatakahome.com\/redirect?url=https%3A%2F%2Fwww.ikea.com%2Fes%2Fes%2Fp%2Ftarno-banco-jardin-plegable-negro-tinte-marron-claro-00534903%2F&amp;category=diseno-y-arquitectura&amp;ecomPostExpiration=everlasting&amp;postId=112702\" data-vars-affiliate-url=\"https:\/\/www.xatakahome.com\/redirect?url=https%3A%2F%2Fwww.ikea.com%2Fes%2Fes%2Fp%2Ftarno-banco-jardin-plegable-negro-tinte-marron-claro-00534903%2F&amp;category=diseno-y-arquitectura&amp;ecomPostExpiration=everlasting&amp;postId=112702\"><\/p>\n<p>    <img decoding=\"async\" alt=\"Captura De Pantalla 2024 06 02 A Las 10 57 28\" class=\"centro_sinmarco\" src=\"https:\/\/i.blogs.es\/8962be\/captura-de-pantalla-2024-06-02-a-las-10.57.28\/450_1000.webp\"><br \/>\n     <\/a><\/p>\n<p>        <span>T\u00c4RN\u00d6 de IKEA<\/span>\n   <\/div>\n<\/p><\/div>\n<\/div>\n<p>De la misma familia del conjunto de silla y mesa baratos de IKEA es este <strong>banco T\u00c4RN\u00d6<\/strong>, igualmente con l\u00edneas cl\u00e1sicas y hecho en madera y metal. Cuesta <a rel=\"nofollow, sponsored, noopener, noreferrer noopener\" target=\"_blank\" class=\"js-ecommerce\" href=\"https:\/\/www.xatakahome.com\/redirect?url=https%3A%2F%2Fwww.ikea.com%2Fes%2Fes%2Fp%2Ftarno-banco-jardin-plegable-negro-tinte-marron-claro-00534903%2F&amp;category=diseno-y-arquitectura&amp;ecomPostExpiration=everlasting&amp;postId=112702\" data-vars-affiliate-url=\"https:\/\/www.xatakahome.com\/redirect?url=https%3A%2F%2Fwww.ikea.com%2Fes%2Fes%2Fp%2Ftarno-banco-jardin-plegable-negro-tinte-marron-claro-00534903%2F&amp;category=diseno-y-arquitectura&amp;ecomPostExpiration=everlasting&amp;postId=112702\">59 euros<\/a>, puedes ponerle un coj\u00edn para que resulte m\u00e1s confortable y es plegable para ocupar menos espacio cuando no lo vayas a usar.<\/p>\n<p><!-- BREAK 8 --><!-- PIVOT START --><\/p>\n<div class=\"pivot-ecommerce-container m-pivot-ecommerce-redesign article-asset-normal article-asset-center\">\n<div class=\"pivot-ecommerce\">\n<div class=\"pivot-ecommerce-figure\">\n  <a rel=\"nofollow, sponsored, noopener, noreferrer noopener\" target=\"_blank\" href=\"https:\/\/www.xatakahome.com\/redirect?url=https%3A%2F%2Fwww.ikea.com%2Fes%2Fes%2Fp%2Ftarno-banco-jardin-plegable-negro-tinte-marron-claro-00534903%2F&amp;category=diseno-y-arquitectura&amp;pivot=1&amp;ecomPostExpiration=everlasting&amp;postId=112702\"><br \/>\n   <img loading=\"lazy\" decoding=\"async\" alt=\"T\u00c4RN\u00d6\nBanco jard\u00edn, plegable negro\/tinte marr\u00f3n claro\" width=\"994\" height=\"994\" src=\"https:\/\/i.blogs.es\/ec65e7\/blob\/original.webp\" onerror='this.src=\"https:\/\/i.blogs.es\/ec65e7\/blob\/original.jpeg\"'><br \/>\n  <\/a>\n  <\/div>\n<div class=\"pivot-ecommerce-summary\">\n<p class=\"pivot-ecommerce-desc\">T\u00c4RN\u00d6<br \/>\nBanco jard\u00edn, plegable negro\/tinte marr\u00f3n claro<\/p>\n<div class=\"pivot-actions \">\n<div class=\"pivot-actions-row\">\n <a rel=\"nofollow, sponsored, noopener, noreferrer noopener\" target=\"_blank\" data-asin=\"\" data-store=\"\" href=\"https:\/\/www.xatakahome.com\/redirect?url=https%3A%2F%2Fwww.ikea.com%2Fes%2Fes%2Fp%2Ftarno-banco-jardin-plegable-negro-tinte-marron-claro-00534903%2F&amp;category=diseno-y-arquitectura&amp;pivot=1&amp;ecomPostExpiration=everlasting&amp;postId=112702\" title=\"Precio de venta al p\u00fablico a fecha de publicaci\u00f3n\" class=\"pivot-action-btn pivot-action-primary\">PVP en PVP en IKEA \u2014 <strong>59,00<\/strong> \u20ac<\/a>\n <\/div>\n<\/p><\/div>\n<\/p><\/div>\n<\/p><\/div>\n<div class=\"pivot-link-msg\">* Alg\u00fan precio puede haber cambiado desde la \u00faltima revisi\u00f3n<\/div>\n<\/p><\/div>\n<p><!-- PIVOT END --><\/p>\n<div class=\"article-asset-image article-asset-normal article-asset-center\">\n<div class=\"asset-content\">\n<div class=\"caption-img \">\n                    <a rel=\"nofollow, sponsored, noopener, noreferrer noopener\" target=\"_blank\" class=\"js-ecommerce\" href=\"https:\/\/www.xatakahome.com\/redirect?url=https%3A%2F%2Fwww.leroymerlin.es%2Fproductos%2Fjardin-y-terraza%2Fmuebles-de-jardin%2Fsillas-de-jardin-y-terraza%2Fsillas-de-plastico-para-jardin%2Fbanco-de-jardin-de-resina-miami-gris-grafito-sin-cojin-2-plazas-83972911.html%3Fsrc%3Dclk&amp;category=diseno-y-arquitectura&amp;ecomPostExpiration=everlasting&amp;postId=112702\" data-vars-affiliate-url=\"https:\/\/www.xatakahome.com\/redirect?url=https%3A%2F%2Fwww.leroymerlin.es%2Fproductos%2Fjardin-y-terraza%2Fmuebles-de-jardin%2Fsillas-de-jardin-y-terraza%2Fsillas-de-plastico-para-jardin%2Fbanco-de-jardin-de-resina-miami-gris-grafito-sin-cojin-2-plazas-83972911.html%3Fsrc%3Dclk&amp;category=diseno-y-arquitectura&amp;ecomPostExpiration=everlasting&amp;postId=112702\"><\/p>\n<p>    <img decoding=\"async\" alt=\"Captura De Pantalla 2024 06 02 A Las 11 01 51\" class=\"centro_sinmarco\" src=\"https:\/\/i.blogs.es\/f880cf\/captura-de-pantalla-2024-06-02-a-las-11.01.51\/450_1000.webp\"><br \/>\n     <\/a><\/p>\n<p>        <span>Leroy Merlin<\/span>\n   <\/div>\n<\/p><\/div>\n<\/div>\n<p><strong>Resistente, c\u00f3modo y funcional es este banco de jard\u00edn<\/strong> hecho de resina en el que perfectamente caben dos personas. De f\u00e1cil limpieza, soporta hasta 120 kg de peso y tiene reposabrazos y un dise\u00f1o ergon\u00f3mico. Cuesta <a rel=\"nofollow, sponsored, noopener, noreferrer noopener\" target=\"_blank\" class=\"js-ecommerce\" href=\"https:\/\/www.xatakahome.com\/redirect?url=https%3A%2F%2Fwww.leroymerlin.es%2Fproductos%2Fjardin-y-terraza%2Fmuebles-de-jardin%2Fsillas-de-jardin-y-terraza%2Fsillas-de-plastico-para-jardin%2Fbanco-de-jardin-de-resina-miami-gris-grafito-sin-cojin-2-plazas-83972911.html%3Fsrc%3Dclk%3F%26utm_content%3D0%26sv1%3Daffiliate%26sv_campaign_id%3D1060761%26awc%3D20598_1717320547_9979ea18fcc45bbc28a85b53cb72a6a8%26utm_id%3D387962916%26utm_source%3Dawin%26utm_medium%3Dafiliacion%26utm_term%3D1060761%26utm_content%3D0%26utm_campaign%3Dlmes_nac_na_ao_Afiliados_20240101_20241231%26sv1%3Daffiliate%26sv_campaign_id%3D1060761%26dclid%3DCP7Z7snNvIYDFbghBgAdb_ohEw&amp;category=diseno-y-arquitectura&amp;ecomPostExpiration=everlasting&amp;postId=112702\" data-vars-affiliate-url=\"https:\/\/www.xatakahome.com\/redirect?url=https%3A%2F%2Fwww.leroymerlin.es%2Fproductos%2Fjardin-y-terraza%2Fmuebles-de-jardin%2Fsillas-de-jardin-y-terraza%2Fsillas-de-plastico-para-jardin%2Fbanco-de-jardin-de-resina-miami-gris-grafito-sin-cojin-2-plazas-83972911.html%3Fsrc%3Dclk%3F%26utm_content%3D0%26sv1%3Daffiliate%26sv_campaign_id%3D1060761%26awc%3D20598_1717320547_9979ea18fcc45bbc28a85b53cb72a6a8%26utm_id%3D387962916%26utm_source%3Dawin%26utm_medium%3Dafiliacion%26utm_term%3D1060761%26utm_content%3D0%26utm_campaign%3Dlmes_nac_na_ao_Afiliados_20240101_20241231%26sv1%3Daffiliate%26sv_campaign_id%3D1060761%26dclid%3DCP7Z7snNvIYDFbghBgAdb_ohEw&amp;category=diseno-y-arquitectura&amp;ecomPostExpiration=everlasting&amp;postId=112702\">97,99 euros<\/a> en Leroy Merlin.<\/p>\n<p><!-- BREAK 9 --><!-- PIVOT START --><\/p>\n<div class=\"pivot-ecommerce-container m-pivot-ecommerce-redesign article-asset-normal article-asset-center\">\n<div class=\"pivot-ecommerce\">\n<div class=\"pivot-ecommerce-figure\">\n  <a rel=\"nofollow, sponsored, noopener, noreferrer noopener\" target=\"_blank\" href=\"https:\/\/www.xatakahome.com\/redirect?url=https%3A%2F%2Fwww.leroymerlin.es%2Fproductos%2Fjardin-y-terraza%2Fmuebles-de-jardin%2Fsillas-de-jardin-y-terraza%2Fsillas-de-plastico-para-jardin%2Fbanco-de-jardin-de-resina-miami-gris-grafito-sin-cojin-2-plazas-83972911.html%3Fsrc%3Dclk&amp;category=diseno-y-arquitectura&amp;pivot=1&amp;ecomPostExpiration=everlasting&amp;postId=112702\"><br \/>\n   <img loading=\"lazy\" decoding=\"async\" alt=\"Banco de jard\u00edn de resina Miami gris grafito sin coj\u00edn 2 plazas\" width=\"858\" height=\"858\" src=\"https:\/\/i.blogs.es\/adba53\/blob\/original.webp\" onerror='this.src=\"https:\/\/i.blogs.es\/adba53\/blob\/original.jpeg\"'><br \/>\n  <\/a>\n  <\/div>\n<div class=\"pivot-ecommerce-summary\">\n<p class=\"pivot-ecommerce-desc\">Banco de jard\u00edn de resina Miami gris grafito sin coj\u00edn 2 plazas<\/p>\n<div class=\"pivot-actions \">\n<div class=\"pivot-actions-row\">\n <a rel=\"nofollow, sponsored, noopener, noreferrer noopener\" target=\"_blank\" data-asin=\"\" data-store=\"\" href=\"https:\/\/www.xatakahome.com\/redirect?url=https%3A%2F%2Fwww.leroymerlin.es%2Fproductos%2Fjardin-y-terraza%2Fmuebles-de-jardin%2Fsillas-de-jardin-y-terraza%2Fsillas-de-plastico-para-jardin%2Fbanco-de-jardin-de-resina-miami-gris-grafito-sin-cojin-2-plazas-83972911.html%3Fsrc%3Dclk&amp;category=diseno-y-arquitectura&amp;pivot=1&amp;ecomPostExpiration=everlasting&amp;postId=112702\" title=\"Precio de venta al p\u00fablico a fecha de publicaci\u00f3n\" class=\"pivot-action-btn pivot-action-primary\">PVP en Leroy Merlin \u2014 <strong>97,99<\/strong> \u20ac<\/a>\n <\/div>\n<\/p><\/div>\n<\/p><\/div>\n<\/p><\/div>\n<div class=\"pivot-link-msg\">* Alg\u00fan precio puede haber cambiado desde la \u00faltima revisi\u00f3n<\/div>\n<\/p><\/div>\n<p><!-- PIVOT END --><\/p>\n<div class=\"article-asset-image article-asset-normal article-asset-center\">\n<div class=\"asset-content\">\n<div class=\"caption-img \">\n                    <a rel=\"nofollow, sponsored, noopener, noreferrer noopener\" target=\"_blank\" class=\"js-ecommerce\" href=\"https:\/\/www.xatakahome.com\/redirect?url=https%3A%2F%2Fwww.leroymerlin.es%2Fproductos%2Fjardin-y-terraza%2Fmuebles-de-jardin%2Fbancos-y-sofas-de-jardin%2Fsofas-de-exterior%2Fsofa-de-jardin-sofa-para-exteriore-madera-maciza-de-pino-cfw38890-91730788.html&amp;category=diseno-y-arquitectura&amp;ecomPostExpiration=everlasting&amp;postId=112702\" data-vars-affiliate-url=\"https:\/\/www.xatakahome.com\/redirect?url=https%3A%2F%2Fwww.leroymerlin.es%2Fproductos%2Fjardin-y-terraza%2Fmuebles-de-jardin%2Fbancos-y-sofas-de-jardin%2Fsofas-de-exterior%2Fsofa-de-jardin-sofa-para-exteriore-madera-maciza-de-pino-cfw38890-91730788.html&amp;category=diseno-y-arquitectura&amp;ecomPostExpiration=everlasting&amp;postId=112702\"><\/p>\n<p>    <img decoding=\"async\" alt=\"Captura De Pantalla 2024 06 02 A Las 10 59 31\" class=\"centro_sinmarco\" src=\"https:\/\/i.blogs.es\/ccfef1\/captura-de-pantalla-2024-06-02-a-las-10.59.31\/450_1000.webp\"><br \/>\n     <\/a><\/p>\n<p>        <span>Leroy Merlin<\/span>\n   <\/div>\n<\/p><\/div>\n<\/div>\n<p>Si quieres una <strong>silla de madera de aspecto r\u00fastico<\/strong>, en Leroy Merlin est\u00e1 esta especie de sof\u00e1 de lo m\u00e1s resistente con respaldo hecho de madera maciza de pino. Para que sea m\u00e1s c\u00f3modo, puedes ponerle unos cojines. Por <a rel=\"nofollow, sponsored, noopener, noreferrer noopener\" target=\"_blank\" class=\"js-ecommerce\" href=\"https:\/\/www.xatakahome.com\/redirect?url=https%3A%2F%2Fwww.leroymerlin.es%2Fproductos%2Fjardin-y-terraza%2Fmuebles-de-jardin%2Fbancos-y-sofas-de-jardin%2Fsofas-de-exterior%2Fsofa-de-jardin-sofa-para-exteriore-madera-maciza-de-pino-cfw38890-91730788.html%3F%26utm_content%3D0%26sv1%3Daffiliate%26sv_campaign_id%3D1060761%26awc%3D20598_1717320699_fa81b578c66e955558e30ac03e1c7a86%26utm_id%3D387962916%26utm_source%3Dawin%26utm_medium%3Dafiliacion%26utm_term%3D1060761%26utm_content%3D0%26utm_campaign%3Dlmes_nac_na_ao_Afiliados_20240101_20241231%26sv1%3Daffiliate%26sv_campaign_id%3D1060761%26dclid%3DCKW2gpLOvIYDFRpCQQIdz5wEBA&amp;category=diseno-y-arquitectura&amp;ecomPostExpiration=everlasting&amp;postId=112702\" data-vars-affiliate-url=\"https:\/\/www.xatakahome.com\/redirect?url=https%3A%2F%2Fwww.leroymerlin.es%2Fproductos%2Fjardin-y-terraza%2Fmuebles-de-jardin%2Fbancos-y-sofas-de-jardin%2Fsofas-de-exterior%2Fsofa-de-jardin-sofa-para-exteriore-madera-maciza-de-pino-cfw38890-91730788.html%3F%26utm_content%3D0%26sv1%3Daffiliate%26sv_campaign_id%3D1060761%26awc%3D20598_1717320699_fa81b578c66e955558e30ac03e1c7a86%26utm_id%3D387962916%26utm_source%3Dawin%26utm_medium%3Dafiliacion%26utm_term%3D1060761%26utm_content%3D0%26utm_campaign%3Dlmes_nac_na_ao_Afiliados_20240101_20241231%26sv1%3Daffiliate%26sv_campaign_id%3D1060761%26dclid%3DCKW2gpLOvIYDFRpCQQIdz5wEBA&amp;category=diseno-y-arquitectura&amp;ecomPostExpiration=everlasting&amp;postId=112702\">55,99 euros<\/a>.<\/p>\n<p><!-- BREAK 10 --><!-- PIVOT START --><\/p>\n<div class=\"pivot-ecommerce-container m-pivot-ecommerce-redesign article-asset-normal article-asset-center\">\n<div class=\"pivot-ecommerce\">\n<div class=\"pivot-ecommerce-figure\">\n  <a rel=\"nofollow, sponsored, noopener, noreferrer noopener\" target=\"_blank\" href=\"https:\/\/www.xatakahome.com\/redirect?url=https%3A%2F%2Fwww.leroymerlin.es%2Fproductos%2Fjardin-y-terraza%2Fmuebles-de-jardin%2Fbancos-y-sofas-de-jardin%2Fsofas-de-exterior%2Fsofa-de-jardin-sofa-para-exteriore-madera-maciza-de-pino-cfw38890-91730788.html&amp;category=diseno-y-arquitectura&amp;pivot=1&amp;ecomPostExpiration=everlasting&amp;postId=112702\"><br \/>\n   <img loading=\"lazy\" decoding=\"async\" alt=\"Sof\u00e1 de jard\u00edn\uff0cSof\u00e1 para exteriore madera maciza de pino CFW38890\" width=\"1198\" height=\"1198\" src=\"https:\/\/i.blogs.es\/d2c2ba\/blob\/original.webp\" onerror='this.src=\"https:\/\/i.blogs.es\/d2c2ba\/blob\/original.jpeg\"'><br \/>\n  <\/a>\n  <\/div>\n<div class=\"pivot-ecommerce-summary\">\n<p class=\"pivot-ecommerce-desc\">Sof\u00e1 de jard\u00edn\uff0cSof\u00e1 para exteriore madera maciza de pino CFW38890<\/p>\n<div class=\"pivot-actions \">\n<div class=\"pivot-actions-row\">\n <a rel=\"nofollow, sponsored, noopener, noreferrer noopener\" target=\"_blank\" data-asin=\"\" data-store=\"\" href=\"https:\/\/www.xatakahome.com\/redirect?url=https%3A%2F%2Fwww.leroymerlin.es%2Fproductos%2Fjardin-y-terraza%2Fmuebles-de-jardin%2Fbancos-y-sofas-de-jardin%2Fsofas-de-exterior%2Fsofa-de-jardin-sofa-para-exteriore-madera-maciza-de-pino-cfw38890-91730788.html&amp;category=diseno-y-arquitectura&amp;pivot=1&amp;ecomPostExpiration=everlasting&amp;postId=112702\" title=\"Precio de venta al p\u00fablico a fecha de publicaci\u00f3n\" class=\"pivot-action-btn pivot-action-primary\">PVP en Leroy Merlin \u2014 <strong>55,99<\/strong> \u20ac<\/a>\n <\/div>\n<\/p><\/div>\n<\/p><\/div>\n<\/p><\/div>\n<div class=\"pivot-link-msg\">* Alg\u00fan precio puede haber cambiado desde la \u00faltima revisi\u00f3n<\/div>\n<\/p><\/div>\n<p><!-- PIVOT END --><\/p>\n<div class=\"article-asset-image article-asset-normal article-asset-center\">\n<div class=\"asset-content\">\n<div class=\"caption-img \">\n                    <a rel=\"nofollow, sponsored, noopener, noreferrer noopener\" target=\"_blank\" class=\"js-ecommerce\" href=\"https:\/\/www.xatakahome.com\/redirect?url=https%3A%2F%2Fwww.lidl.es%2Fes%2Fpuf-de-exterior%2Fp37773&amp;category=diseno-y-arquitectura&amp;ecomPostExpiration=everlasting&amp;postId=112702\" data-vars-affiliate-url=\"https:\/\/www.xatakahome.com\/redirect?url=https%3A%2F%2Fwww.lidl.es%2Fes%2Fpuf-de-exterior%2Fp37773&amp;category=diseno-y-arquitectura&amp;ecomPostExpiration=everlasting&amp;postId=112702\"><\/p>\n<p>    <img decoding=\"async\" alt=\"Captura De Pantalla 2024 06 02 A Las 11 05 01\" class=\"centro_sinmarco\" src=\"https:\/\/i.blogs.es\/53bb03\/captura-de-pantalla-2024-06-02-a-las-11.05.01\/450_1000.webp\"><br \/>\n     <\/a><\/p>\n<p>        <span>Lidl<\/span>\n   <\/div>\n<\/p><\/div>\n<\/div>\n<p>Si quieres tumbarte y descansar y las estructuras r\u00edgidas no te llaman demasiado, este <strong>puff de exteriores de Lidl <\/strong>es una fant\u00e1stica opci\u00f3n. Cuesta <a rel=\"nofollow, sponsored, noopener, noreferrer noopener\" target=\"_blank\" class=\"js-ecommerce\" href=\"https:\/\/www.xatakahome.com\/redirect?url=https%3A%2F%2Fwww.lidl.es%2Fes%2Fpuf-de-exterior%2Fp37773%3F&amp;category=diseno-y-arquitectura&amp;ecomPostExpiration=everlasting&amp;postId=112702\" data-vars-affiliate-url=\"https:\/\/www.xatakahome.com\/redirect?url=https%3A%2F%2Fwww.lidl.es%2Fes%2Fpuf-de-exterior%2Fp37773%3F&amp;category=diseno-y-arquitectura&amp;ecomPostExpiration=everlasting&amp;postId=112702\">89,99 euros<\/a> y resiste la intemperie y los rayos UV, para que soporte bien las inclemencias del tiempo.<\/p>\n<p><!-- BREAK 11 --><!-- PIVOT START --><\/p>\n<div class=\"pivot-ecommerce-container m-pivot-ecommerce-redesign article-asset-normal article-asset-center\">\n<div class=\"pivot-ecommerce\">\n<div class=\"pivot-ecommerce-figure\">\n  <a rel=\"nofollow, sponsored, noopener, noreferrer noopener\" target=\"_blank\" href=\"https:\/\/www.xatakahome.com\/redirect?url=https%3A%2F%2Fwww.lidl.es%2Fes%2Fpuf-de-exterior%2Fp37773&amp;category=diseno-y-arquitectura&amp;pivot=1&amp;ecomPostExpiration=everlasting&amp;postId=112702\"><br \/>\n   <img loading=\"lazy\" decoding=\"async\" alt=\"Puf de exterior\nC\u00f3modo asiento para interiores y exteriores.\" width=\"678\" height=\"678\" src=\"https:\/\/i.blogs.es\/e6e5e4\/blob\/original.webp\" onerror='this.src=\"https:\/\/i.blogs.es\/e6e5e4\/blob\/original.jpeg\"'><br \/>\n  <\/a>\n  <\/div>\n<div class=\"pivot-ecommerce-summary\">\n<p class=\"pivot-ecommerce-desc\">Puf de exterior<br \/>\nC\u00f3modo asiento para interiores y exteriores.<\/p>\n<div class=\"pivot-actions \">\n<div class=\"pivot-actions-row\">\n <a rel=\"nofollow, sponsored, noopener, noreferrer noopener\" target=\"_blank\" data-asin=\"\" data-store=\"\" href=\"https:\/\/www.xatakahome.com\/redirect?url=https%3A%2F%2Fwww.lidl.es%2Fes%2Fpuf-de-exterior%2Fp37773&amp;category=diseno-y-arquitectura&amp;pivot=1&amp;ecomPostExpiration=everlasting&amp;postId=112702\" title=\"Precio de venta al p\u00fablico a fecha de publicaci\u00f3n\" class=\"pivot-action-btn pivot-action-primary\">PVP en Lidl \u2014 <strong>89,99<\/strong> \u20ac<\/a>\n <\/div>\n<\/p><\/div>\n<\/p><\/div>\n<\/p><\/div>\n<div class=\"pivot-link-msg\">* Alg\u00fan precio puede haber cambiado desde la \u00faltima revisi\u00f3n<\/div>\n<\/p><\/div>\n<p><!-- PIVOT END --><\/p>\n<div class=\"article-asset-image article-asset-normal article-asset-center\">\n<div class=\"asset-content\">\n<div class=\"caption-img \">\n                    <a rel=\"nofollow, sponsored, noopener, noreferrer noopener\" target=\"_blank\" class=\"js-ecommerce\" href=\"https:\/\/www.xatakahome.com\/redirect?url=https%3A%2F%2Fwww.lidl.es%2Fes%2Fhamaca-con-estructura-de-madera%2Fp37749&amp;category=diseno-y-arquitectura&amp;ecomPostExpiration=everlasting&amp;postId=112702\" data-vars-affiliate-url=\"https:\/\/www.xatakahome.com\/redirect?url=https%3A%2F%2Fwww.lidl.es%2Fes%2Fhamaca-con-estructura-de-madera%2Fp37749&amp;category=diseno-y-arquitectura&amp;ecomPostExpiration=everlasting&amp;postId=112702\"><\/p>\n<p>    <img decoding=\"async\" alt=\"Captura De Pantalla 2024 06 02 A Las 11 09 27\" class=\"centro_sinmarco\" src=\"https:\/\/i.blogs.es\/3413dd\/captura-de-pantalla-2024-06-02-a-las-11.09.27\/450_1000.webp\"><br \/>\n     <\/a><\/p>\n<p>        <span>Lidl<\/span>\n   <\/div>\n<\/p><\/div>\n<\/div>\n<p>Aunque el textil de las hamacas de colgar pueden encontrarse en muchos comercios, encontrar d\u00f3nde instalarlas tiene su aquel. Lidl lo pone muy f\u00e1cil vendiendo <strong>estructura y hamaca<\/strong> a mitad de precio: cuesta <a rel=\"nofollow, sponsored, noopener, noreferrer noopener\" target=\"_blank\" class=\"js-ecommerce\" href=\"https:\/\/www.xatakahome.com\/redirect?url=https%3A%2F%2Fwww.lidl.es%2Fes%2Fhamaca-con-estructura-de-madera%2Fp37749&amp;category=diseno-y-arquitectura&amp;ecomPostExpiration=everlasting&amp;postId=112702\" data-vars-affiliate-url=\"https:\/\/www.xatakahome.com\/redirect?url=https%3A%2F%2Fwww.lidl.es%2Fes%2Fhamaca-con-estructura-de-madera%2Fp37749&amp;category=diseno-y-arquitectura&amp;ecomPostExpiration=everlasting&amp;postId=112702\">99 euros<\/a> y tiene un dise\u00f1o robusto y atractivo.<\/p>\n<p><!-- BREAK 12 --><!-- PIVOT START --><\/p>\n<div class=\"pivot-ecommerce-container m-pivot-ecommerce-redesign article-asset-normal article-asset-center\">\n<div class=\"pivot-ecommerce\">\n<div class=\"pivot-ecommerce-figure\">\n  <a rel=\"nofollow, sponsored, noopener, noreferrer noopener\" target=\"_blank\" href=\"https:\/\/www.xatakahome.com\/redirect?url=https%3A%2F%2Fwww.lidl.es%2Fes%2Fhamaca-con-estructura-de-madera%2Fp37749&amp;category=diseno-y-arquitectura&amp;pivot=1&amp;ecomPostExpiration=everlasting&amp;postId=112702\"><br \/>\n   <img loading=\"lazy\" decoding=\"async\" alt=\"Hamaca con estructura de madera\" width=\"643\" height=\"644\" src=\"https:\/\/i.blogs.es\/453a94\/blob\/original.webp\" onerror='this.src=\"https:\/\/i.blogs.es\/453a94\/blob\/original.jpeg\"'><br \/>\n  <\/a>\n  <\/div>\n<div class=\"pivot-ecommerce-summary\">\n<p class=\"pivot-ecommerce-desc\">Hamaca con estructura de madera<\/p>\n<div class=\"pivot-actions \">\n<div class=\"pivot-actions-row\">\n <a rel=\"nofollow, sponsored, noopener, noreferrer noopener\" target=\"_blank\" data-asin=\"\" data-store=\"\" href=\"https:\/\/www.xatakahome.com\/redirect?url=https%3A%2F%2Fwww.lidl.es%2Fes%2Fhamaca-con-estructura-de-madera%2Fp37749&amp;category=diseno-y-arquitectura&amp;pivot=1&amp;ecomPostExpiration=everlasting&amp;postId=112702\" title=\"Precio de venta al p\u00fablico a fecha de publicaci\u00f3n\" class=\"pivot-action-btn pivot-action-primary\">PVP en Lidl \u2014 <strong>99,00<\/strong> \u20ac<\/a>\n <\/div>\n<\/p><\/div>\n<\/p><\/div>\n<\/p><\/div>\n<div class=\"pivot-link-msg\">* Alg\u00fan precio puede haber cambiado desde la \u00faltima revisi\u00f3n<\/div>\n<\/p><\/div>\n<p><!-- PIVOT END --><\/p>\n<div class=\"article-asset-image article-asset-normal article-asset-center\">\n<div class=\"asset-content\">\n<div class=\"caption-img \">\n                    <a rel=\"nofollow, sponsored, noopener, noreferrer noopener\" target=\"_blank\" class=\"js-ecommerce\" href=\"https:\/\/www.xatakahome.com\/redirect?url=https%3A%2F%2Fwww.ikea.com%2Fes%2Fes%2Fp%2Fnammaro-sillon-exterior-tinte-marron-claro-kuddarna-beige-s29526163%2F&amp;category=diseno-y-arquitectura&amp;ecomPostExpiration=everlasting&amp;postId=112702\" data-vars-affiliate-url=\"https:\/\/www.xatakahome.com\/redirect?url=https%3A%2F%2Fwww.ikea.com%2Fes%2Fes%2Fp%2Fnammaro-sillon-exterior-tinte-marron-claro-kuddarna-beige-s29526163%2F&amp;category=diseno-y-arquitectura&amp;ecomPostExpiration=everlasting&amp;postId=112702\"><\/p>\n<p>    <img decoding=\"async\" alt=\"Captura De Pantalla 2024 06 02 A Las 10 56 22\" class=\"centro_sinmarco\" src=\"https:\/\/i.blogs.es\/1f4f0b\/captura-de-pantalla-2024-06-02-a-las-10.56.22\/450_1000.webp\"><br \/>\n     <\/a><\/p>\n<p>        <span>N\u00c4MMAR\u00d6 de IKEA<\/span>\n   <\/div>\n<\/p><\/div>\n<\/div>\n<p>Cerramos con un <strong>comod\u00edsimo sill\u00f3n de exteriores<\/strong> de aspecto r\u00fastico gracias a sus l\u00edneas y construcci\u00f3n en madera, pero sorprendentemente confortable por su dise\u00f1o, reposabrazos y que viene con cojines para respaldo y asiento resistentes al exterior. Cuesta <a rel=\"nofollow, sponsored, noopener, noreferrer noopener\" target=\"_blank\" class=\"js-ecommerce\" href=\"https:\/\/www.xatakahome.com\/redirect?url=https%3A%2F%2Fwww.ikea.com%2Fes%2Fes%2Fp%2Fnammaro-sillon-exterior-tinte-marron-claro-kuddarna-beige-s29526163%2F&amp;category=diseno-y-arquitectura&amp;ecomPostExpiration=everlasting&amp;postId=112702\" data-vars-affiliate-url=\"https:\/\/www.xatakahome.com\/redirect?url=https%3A%2F%2Fwww.ikea.com%2Fes%2Fes%2Fp%2Fnammaro-sillon-exterior-tinte-marron-claro-kuddarna-beige-s29526163%2F&amp;category=diseno-y-arquitectura&amp;ecomPostExpiration=everlasting&amp;postId=112702\">101 euros<\/a> en IKEA.<\/p>\n<p><!-- BREAK 13 --><!-- PIVOT START --><\/p>\n<div class=\"pivot-ecommerce-container m-pivot-ecommerce-redesign article-asset-normal article-asset-center\">\n<div class=\"pivot-ecommerce\">\n<div class=\"pivot-ecommerce-figure\">\n  <a rel=\"nofollow, sponsored, noopener, noreferrer noopener\" target=\"_blank\" href=\"https:\/\/www.xatakahome.com\/redirect?url=https%3A%2F%2Fwww.ikea.com%2Fes%2Fes%2Fp%2Fnammaro-sillon-exterior-tinte-marron-claro-kuddarna-beige-s29526163%2F&amp;category=diseno-y-arquitectura&amp;pivot=1&amp;ecomPostExpiration=everlasting&amp;postId=112702\"><br \/>\n   <img loading=\"lazy\" decoding=\"async\" alt=\"N\u00c4MMAR\u00d6\nSill\u00f3n de exterior, tinte marr\u00f3n claro\/Kuddarna beige\" width=\"1014\" height=\"1014\" src=\"https:\/\/i.blogs.es\/9681bf\/blob\/original.webp\" onerror='this.src=\"https:\/\/i.blogs.es\/9681bf\/blob\/original.jpeg\"'><br \/>\n  <\/a>\n  <\/div>\n<div class=\"pivot-ecommerce-summary\">\n<p class=\"pivot-ecommerce-desc\">N\u00c4MMAR\u00d6<br \/>\nSill\u00f3n de exterior, tinte marr\u00f3n claro\/Kuddarna beige<\/p>\n<div class=\"pivot-actions \">\n<div class=\"pivot-actions-row\">\n <a rel=\"nofollow, sponsored, noopener, noreferrer noopener\" target=\"_blank\" data-asin=\"\" data-store=\"\" href=\"https:\/\/www.xatakahome.com\/redirect?url=https%3A%2F%2Fwww.ikea.com%2Fes%2Fes%2Fp%2Fnammaro-sillon-exterior-tinte-marron-claro-kuddarna-beige-s29526163%2F&amp;category=diseno-y-arquitectura&amp;pivot=1&amp;ecomPostExpiration=everlasting&amp;postId=112702\" title=\"Precio de venta al p\u00fablico a fecha de publicaci\u00f3n\" class=\"pivot-action-btn pivot-action-primary\">PVP en PVP en IKEA \u2014 <strong>101,00<\/strong> \u20ac<\/a>\n <\/div>\n<\/p><\/div>\n<\/p><\/div>\n<\/p><\/div>\n<div class=\"pivot-link-msg\">* Alg\u00fan precio puede haber cambiado desde la \u00faltima revisi\u00f3n<\/div>\n<\/p><\/div>\n<p><!-- PIVOT END --><\/p>\n<p><\/p>\n<p><\/p>\n<p><\/p>\n<p>Portada | IKEA<\/p>\n<p>En Xataka Home | <a href=\"https:\/\/www.xatakahome.com\/seleccion\/luces-de-exterior-para-terraza-y-jardin-cual-comprar-consejos-y-recomendaciones\">Luces de exterior para terraza y jard\u00edn: \u00bfCu\u00e1l comprar? Consejos y recomendaciones<\/a><\/p>\n<p><script>\n (function() {\n  window._JS_MODULES = window._JS_MODULES || {};\n  var headElement = document.getElementsByTagName('head')[0];\n  if (_JS_MODULES.instagram) {\n   var instagramScript = document.createElement('script');\n   instagramScript.src = 'https:\/\/platform.instagram.com\/en_US\/embeds.js';\n   instagramScript.async = true;\n   instagramScript.defer = true;\n   headElement.appendChild(instagramScript);\n  }\n })();\n<\/script><\/p>\n<p> &#8211; <br \/> La noticia<br \/>\n      <a href=\"https:\/\/www.xatakahome.com\/diseno-y-arquitectura\/11-muebles-baratos-ikea-leroy-merlin-lidl-para-preparar-balcones-terrazas-jardines-para-verano?utm_source=feedburner&amp;utm_medium=feed&amp;utm_campaign=02_Jun_2024\"><br \/>\n       <em> 11 muebles baratos de Ikea, Leroy Merl\u00edn y Lidl para preparar balcones, terrazas y jardines para el verano   <\/em><br \/>\n      <\/a><br \/>\n      fue publicada originalmente en<br \/>\n      <a href=\"https:\/\/www.xatakahome.com\/?utm_source=feedburner&amp;utm_medium=feed&amp;utm_campaign=02_Jun_2024\"><br \/>\n       <strong> Xataka Smart Home <\/strong><br \/>\n      <\/a><br \/>\n            por <a href=\"https:\/\/www.xatakahome.com\/autor\/eva-rodriguez?utm_source=feedburner&amp;utm_medium=feed&amp;utm_campaign=02_Jun_2024\"><br \/>\n       Eva Rodriguez de Luis<br \/>\n      <\/a><br \/>\n      . <\/p>\n<\/div>\n","protected":false},"excerpt":{"rendered":"<p>El buen tiempo ya ha llegado y lo normal es que nos acompa\u00f1e hasta entrado el oto\u00f1o, por lo que es momento de poner a punto nuestras terrazas, balcones y jardines para pasar tiempo en ellos: una comida o cena en el exterior, aprovechar para terminar esa novela que estamos leyendo o tomar el fresco &hellip; <a href=\"https:\/\/domosistemas.com\/?p=24467\" class=\"more-link\">Sigue leyendo <span class=\"screen-reader-text\">11 muebles baratos de Ikea, Leroy Merl\u00edn y Lidl para preparar balcones, terrazas y jardines para el verano<\/span><\/a><\/p>\n","protected":false},"author":1,"featured_media":0,"comment_status":"closed","ping_status":"closed","sticky":false,"template":"","format":"standard","meta":{"footnotes":""},"categories":[8],"tags":[],"class_list":["post-24467","post","type-post","status-publish","format-standard","hentry","category-xataka"],"_links":{"self":[{"href":"https:\/\/domosistemas.com\/index.php?rest_route=\/wp\/v2\/posts\/24467","targetHints":{"allow":["GET"]}}],"collection":[{"href":"https:\/\/domosistemas.com\/index.php?rest_route=\/wp\/v2\/posts"}],"about":[{"href":"https:\/\/domosistemas.com\/index.php?rest_route=\/wp\/v2\/types\/post"}],"author":[{"embeddable":true,"href":"https:\/\/domosistemas.com\/index.php?rest_route=\/wp\/v2\/users\/1"}],"replies":[{"embeddable":true,"href":"https:\/\/domosistemas.com\/index.php?rest_route=%2Fwp%2Fv2%2Fcomments&post=24467"}],"version-history":[{"count":0,"href":"https:\/\/domosistemas.com\/index.php?rest_route=\/wp\/v2\/posts\/24467\/revisions"}],"wp:attachment":[{"href":"https:\/\/domosistemas.com\/index.php?rest_route=%2Fwp%2Fv2%2Fmedia&parent=24467"}],"wp:term":[{"taxonomy":"category","embeddable":true,"href":"https:\/\/domosistemas.com\/index.php?rest_route=%2Fwp%2Fv2%2Fcategories&post=24467"},{"taxonomy":"post_tag","embeddable":true,"href":"https:\/\/domosistemas.com\/index.php?rest_route=%2Fwp%2Fv2%2Ftags&post=24467"}],"curies":[{"name":"wp","href":"https:\/\/api.w.org\/{rel}","templated":true}]}}