{"id":24483,"date":"2024-06-03T15:04:40","date_gmt":"2024-06-03T15:04:40","guid":{"rendered":"https:\/\/domosistemas.com\/?p=24483"},"modified":"2024-06-03T15:04:40","modified_gmt":"2024-06-03T15:04:40","slug":"si-vas-a-usar-el-aire-acondicionado-en-invierno-esta-funcion-te-permitira-calefaccionar-la-casa-mientras-ahorras-energia","status":"publish","type":"post","link":"https:\/\/domosistemas.com\/?p=24483","title":{"rendered":"Si vas a usar el aire acondicionado en invierno, esta funci\u00f3n te permitir\u00e1 calefaccionar la casa mientras ahorras energ\u00eda"},"content":{"rendered":"<div>\n<p>\n      <img decoding=\"async\" src=\"https:\/\/i.blogs.es\/b7b9a6\/original\/1024_2000.jpeg\" alt=\"Si vas a usar el aire acondicionado en invierno, esta funci\u00f3n te permitir\u00e1 calefaccionar la casa mientras ahorras energ\u00eda \">\n    <\/p>\n<p>Ahora que vuelve a llegar el fr\u00edo, quiz\u00e1s ya est\u00e9s poniendo a punto tu <a href=\"https:\/\/www.xatakahome.com\/a-fondo\/estos-cinco-errores-comunes-al-usar-aire-acondicionado-haran-que-funcione-peor-que-pagues-tu-factura-luz\">aire acondicionado<\/a> y dem\u00e1s aparatos de calefacci\u00f3n para aclimatar la casa a <a href=\"https:\/\/www.xatakahome.com\/hogar\/esta-temperatura-ideal-aire-acondicionado-para-ahorrar-factura-luz-pasar-calor-verano-2\">una temperatura agradable<\/a> para evitar el fr\u00edo. No obstante, debes tener presente que el aire acondicionado <strong>es un dispositivo que no consume precisamente poco<\/strong>. Aunque por suerte, la gran mayor\u00eda de estos aparatos incluyen un modo de bajo consumo para muchas de sus operaciones.<\/p>\n<p><!-- BREAK 1 --><\/p>\n<p>Bajo estas l\u00edneas te contamos c\u00f3mo puedes utilizar tu aire acondicionado con un par de opciones que quiz\u00e1s no te hab\u00edas percatado y que pueden hacer que <strong>el consumo el\u00e9ctrico de tu factura se reduzca considerablemente<\/strong>.<\/p>\n<p><!-- BREAK 2 --><\/p>\n<h2>Revisa los modos de tu aire acondicionado<\/h2>\n<p>El mando de tu aire acondicionado cuenta con una serie de opciones que modifican el comportamiento de tu aire acondicionado. Entre ellas, es muy posible que haya <strong>un indicador donde ponga \u2018Low\u2019<\/strong>. Pues bien, este peque\u00f1o indicador es uno de los remedios m\u00e1s comunes para reducir el consumo de tu aire acondicionado.<\/p>\n<p><!-- BREAK 3 --><\/p>\n<div class=\"article-asset-image article-asset-normal article-asset-center\">\n<div class=\"asset-content\">\n<p>   <img decoding=\"async\" alt=\"aire acondicionado\" class=\"centro_sinmarco\" src=\"https:\/\/i.blogs.es\/780c35\/original-1-\/450_1000.webp\"><\/p><\/div>\n<\/div>\n<p>Low significa literalmente \u2018bajo\u2019 en ingl\u00e9s, y en este contexto, lo que har\u00e1 ser\u00e1 <strong>reducir la velocidad del ventilador y el funcionamiento del compresor <\/strong>para que trabajen a un ritmo m\u00e1s lento. Esto restar\u00e1 potencia al aparato, s\u00ed, pero en situaciones en las que no necesites un gran chorro de aire caliente o fr\u00edo, te ser\u00e1 de gran ayuda para reducir el coste de tu factura el\u00e9ctrica.<\/p>\n<p><!-- BREAK 4 --><\/p>\n<p>Poner la calefacci\u00f3n en Low har\u00e1 tambi\u00e9n que<strong> el ruido sea notablemente menor<\/strong>, por lo que si tu m\u00e1quina de aire acondicionado hace un ruido molesto, siempre puedes reducir la velocidad para que funcione sin que te moleste por la noche. Adem\u00e1s, tambi\u00e9n puedes optar por modificar la temperatura, ya que es otro factor que producir\u00e1 un impacto en el consumo el\u00e9ctrico del aparato.<\/p>\n<p><!-- BREAK 5 --><\/p>\n<div class=\"article-asset article-asset-normal article-asset-center\">\n<div class=\"desvio-container\">\n<div class=\"desvio\">\n<div class=\"desvio-figure js-desvio-figure\">\n    <a href=\"https:\/\/www.xatakahome.com\/hogar\/encender-aire-acondicionado-todos-dias-junio-esto-que-te-costara-factura-luz\"><br \/>\n     <img loading=\"lazy\" decoding=\"async\" alt=\"Encender el aire acondicionado todos los d\u00edas de junio: esto es lo que te costar\u00e1 en la factura de la luz \" width=\"375\" height=\"142\" src=\"https:\/\/i.blogs.es\/a801d3\/black-and-white-building-wall-metal-box-monochrome-340914-pxhere.com\/375_142.webp\" onerror='this.src=\"https:\/\/i.blogs.es\/a801d3\/black-and-white-building-wall-metal-box-monochrome-340914-pxhere.com\/375_142.jpeg\"'><br \/>\n    <\/a>\n   <\/div>\n<div class=\"desvio-summary\">\n<div class=\"desvio-taxonomy js-desvio-taxonomy\">\n     <a href=\"https:\/\/www.xatakahome.com\/hogar\/encender-aire-acondicionado-todos-dias-junio-esto-que-te-costara-factura-luz\" class=\"desvio-taxonomy-anchor\">En Xataka Smart Home<\/a>\n    <\/div>\n<p>    <a href=\"https:\/\/www.xatakahome.com\/hogar\/encender-aire-acondicionado-todos-dias-junio-esto-que-te-costara-factura-luz\" class=\"desvio-title js-desvio-title\">Encender el aire acondicionado todos los d\u00edas de junio: esto es lo que te costar\u00e1 en la factura de la luz <\/a>\n   <\/div>\n<\/p><\/div>\n<\/p><\/div>\n<\/div>\n<p>Reducir el funcionamiento de los modos tambi\u00e9n servir\u00e1 para otros como <strong>el modo ventilador de tu aire, que suele ser el que menos consume de todos<\/strong>, ya que solamente pone en funcionamiento el ventilador sin necesidad de transformar la temperatura del aire que circula. Para momentos no tan calurosos donde solamente necesitamos una peque\u00f1a brisa de aire, puede servirnos de gran utilidad, ya que ayudaremos a que el consumo sea mucho menor.<\/p>\n<p><!-- BREAK 6 --><\/p>\n<div class=\"article-asset-video article-asset-normal\">\n<div class=\"asset-content\">\n<div class=\"base-asset-video\">\n<div class=\"js-dailymotion\">\n    <script type=\"application\/json\">\n           {\"videoId\":\"x8006fc\",\"autoplay\":true,\"title\":\"C\u00f3mo dormir cuando hace mucho calor y no tienes aire acondicionado\", \"tag\":\"\"}\n         <\/script>\n   <\/div>\n<\/p><\/div>\n<\/p><\/div>\n<\/div>\n<p>Aquellas m\u00e1quinas de aire acondicionado m\u00e1s modernas tambi\u00e9n incluyen <strong>un modo de ahorro de energ\u00eda<\/strong> que optimizar\u00e1n el funcionamiento para consumir el m\u00ednimo de energ\u00eda posible. Este modo se encargar\u00e1 de poner autom\u00e1ticamente los ventiladores y el compresor en modo Low para que el aparato pueda funcionar de forma \u00f3ptima y ahorrando tambi\u00e9n energ\u00eda. Tambi\u00e9n modificar\u00e1 la temperatura si es necesario.<\/p>\n<p><!-- BREAK 7 --><\/p>\n<p>As\u00ed que ya lo sabes, si est\u00e1s haciendo los preparativos para tu aire acondicionado, ten en cuenta estas peque\u00f1as recomendaciones si lo que quieres es ahorrar en la factura de la luz optimizando el funcionamiento de tu aire acondicionado.<\/p>\n<p><!-- BREAK 8 --><\/p>\n<p>En Xataka Smart Home | <a href=\"https:\/\/www.xatakahome.com\/hogar\/nuestro-aire-acondicionado-hace-alguna-estas-siete-cosas-probable-que-vaya-a-sufrir-averia-esto-hay-que-vigilar\">Si nuestro aire acondicionado hace alguna de estas siete cosas, es probable que vaya a sufrir una aver\u00eda: esto hay que vigilar<\/a><\/p>\n<p><script>\n (function() {\n  window._JS_MODULES = window._JS_MODULES || {};\n  var headElement = document.getElementsByTagName('head')[0];\n  if (_JS_MODULES.instagram) {\n   var instagramScript = document.createElement('script');\n   instagramScript.src = 'https:\/\/platform.instagram.com\/en_US\/embeds.js';\n   instagramScript.async = true;\n   instagramScript.defer = true;\n   headElement.appendChild(instagramScript);\n  }\n })();\n<\/script><\/p>\n<p> &#8211; <br \/> La noticia<br \/>\n      <a href=\"https:\/\/www.xatakahome.com\/tutoriales\/vas-a-usar-aire-acondicionado-invierno-esta-funcion-te-permitira-calefaccionar-casa-ahorras-energia?utm_source=feedburner&amp;utm_medium=feed&amp;utm_campaign=03_Jun_2024\"><br \/>\n       <em> Si vas a usar el aire acondicionado en invierno, esta funci\u00f3n te permitir\u00e1 calefaccionar la casa mientras ahorras energ\u00eda  <\/em><br \/>\n      <\/a><br \/>\n      fue publicada originalmente en<br \/>\n      <a href=\"https:\/\/www.xatakahome.com\/?utm_source=feedburner&amp;utm_medium=feed&amp;utm_campaign=03_Jun_2024\"><br \/>\n       <strong> Xataka Smart Home <\/strong><br \/>\n      <\/a><br \/>\n            por <a href=\"https:\/\/www.xatakahome.com\/autor\/antonio-vallejo?utm_source=feedburner&amp;utm_medium=feed&amp;utm_campaign=03_Jun_2024\"><br \/>\n       Antonio Vallejo<br \/>\n      <\/a><br \/>\n      . <\/p>\n<\/div>\n","protected":false},"excerpt":{"rendered":"<p>Ahora que vuelve a llegar el fr\u00edo, quiz\u00e1s ya est\u00e9s poniendo a punto tu aire acondicionado y dem\u00e1s aparatos de calefacci\u00f3n para aclimatar la casa a una temperatura agradable para evitar el fr\u00edo. No obstante, debes tener presente que el aire acondicionado es un dispositivo que no consume precisamente poco. Aunque por suerte, la gran &hellip; <a href=\"https:\/\/domosistemas.com\/?p=24483\" class=\"more-link\">Sigue leyendo <span class=\"screen-reader-text\">Si vas a usar el aire acondicionado en invierno, esta funci\u00f3n te permitir\u00e1 calefaccionar la casa mientras ahorras energ\u00eda<\/span><\/a><\/p>\n","protected":false},"author":1,"featured_media":0,"comment_status":"closed","ping_status":"closed","sticky":false,"template":"","format":"standard","meta":{"footnotes":""},"categories":[8],"tags":[],"class_list":["post-24483","post","type-post","status-publish","format-standard","hentry","category-xataka"],"_links":{"self":[{"href":"https:\/\/domosistemas.com\/index.php?rest_route=\/wp\/v2\/posts\/24483","targetHints":{"allow":["GET"]}}],"collection":[{"href":"https:\/\/domosistemas.com\/index.php?rest_route=\/wp\/v2\/posts"}],"about":[{"href":"https:\/\/domosistemas.com\/index.php?rest_route=\/wp\/v2\/types\/post"}],"author":[{"embeddable":true,"href":"https:\/\/domosistemas.com\/index.php?rest_route=\/wp\/v2\/users\/1"}],"replies":[{"embeddable":true,"href":"https:\/\/domosistemas.com\/index.php?rest_route=%2Fwp%2Fv2%2Fcomments&post=24483"}],"version-history":[{"count":0,"href":"https:\/\/domosistemas.com\/index.php?rest_route=\/wp\/v2\/posts\/24483\/revisions"}],"wp:attachment":[{"href":"https:\/\/domosistemas.com\/index.php?rest_route=%2Fwp%2Fv2%2Fmedia&parent=24483"}],"wp:term":[{"taxonomy":"category","embeddable":true,"href":"https:\/\/domosistemas.com\/index.php?rest_route=%2Fwp%2Fv2%2Fcategories&post=24483"},{"taxonomy":"post_tag","embeddable":true,"href":"https:\/\/domosistemas.com\/index.php?rest_route=%2Fwp%2Fv2%2Ftags&post=24483"}],"curies":[{"name":"wp","href":"https:\/\/api.w.org\/{rel}","templated":true}]}}