{"id":24503,"date":"2024-06-04T15:01:24","date_gmt":"2024-06-04T15:01:24","guid":{"rendered":"https:\/\/domosistemas.com\/?p=24503"},"modified":"2024-06-04T15:01:24","modified_gmt":"2024-06-04T15:01:24","slug":"mediamarkt-tiene-los-mejores-chollos-en-aires-acondicionados-y-ventiladores-para-sobrevivir-a-las-proximas-olas-de-calor","status":"publish","type":"post","link":"https:\/\/domosistemas.com\/?p=24503","title":{"rendered":"MediaMarkt tiene los mejores chollos en aires acondicionados y ventiladores para sobrevivir a las pr\u00f3ximas olas de calor"},"content":{"rendered":"<div>\n<p>\n      <img decoding=\"async\" src=\"https:\/\/i.blogs.es\/b6032e\/ofertas_cpa_v3-copia-11-\/1024_2000.jpeg\" alt=\"MediaMarkt tiene los mejores chollos en aires acondicionados y ventiladores para sobrevivir a las pr\u00f3ximas olas de calor \">\n    <\/p>\n<p>MediaMarkt est\u00e1 celebrando su campa\u00f1a \u00ab<strong>Especial Hogar<\/strong>\u00ab. Ahora que ya queda poco para inaugurar el verano, seguro que est\u00e1s buscando ofertas en dispositivos de climatizaci\u00f3n. Te mostramos algunos de los mejores chollos que hemos encontrado y que te ayudar\u00e1n a sobrevivir a las pr\u00f3ximas olas de calor.<\/p>\n<p><!-- BREAK 1 --><\/p>\n<h2>Aire acondicionado por\u00e1til Cecotec ForceClima 9100 Soundless<\/h2>\n<div class=\"article-asset-image article-asset-normal article-asset-center\">\n<div class=\"asset-content\">\n                    <a rel=\"nofollow, sponsored, noopener, noreferrer noopener\" target=\"_blank\" class=\"js-ecommerce\" href=\"https:\/\/www.xatakahome.com\/redirect?url=https%3A%2F%2Fwww.mediamarkt.es%2Fes%2Fproduct%2F_aire-acondicionado-portatil-cecotec-forceclima-9100-soundless-1010-w-9000-btu-4-modos-2-velocidades-silencioso-mando-a-distancia-blanco-1549508.html&amp;category=seleccion&amp;ecomPostExpiration=everlasting&amp;postId=112745\" data-vars-affiliate-url=\"https:\/\/www.xatakahome.com\/redirect?url=https%3A%2F%2Fwww.mediamarkt.es%2Fes%2Fproduct%2F_aire-acondicionado-portatil-cecotec-forceclima-9100-soundless-1010-w-9000-btu-4-modos-2-velocidades-silencioso-mando-a-distancia-blanco-1549508.html&amp;category=seleccion&amp;ecomPostExpiration=everlasting&amp;postId=112745\"><\/p>\n<p>    <img decoding=\"async\" alt=\"Cecotec ForceClima 9100 Soundless\" class=\"centro_sinmarco\" src=\"https:\/\/i.blogs.es\/ec97cd\/proyecto-nuevo-18-\/450_1000.webp\"><br \/>\n     <\/a><\/p><\/div>\n<\/div>\n<p>Con un precio recomendado de 274,90 euros, durante esta campa\u00f1a de MediaMarkt se puede conseguir este aire acondicionado port\u00e1til Cecotec ForceClima 9100 Soundless con un <strong>descuento del 20%<\/strong>. Esto se traduce en un ahorro de 55 euros, ya que est\u00e1 disponible por <a rel=\"nofollow, sponsored, noopener, noreferrer noopener\" target=\"_blank\" class=\"js-ecommerce\" href=\"https:\/\/www.xatakahome.com\/redirect?url=https%3A%2F%2Fwww.mediamarkt.es%2Fes%2Fproduct%2F_aire-acondicionado-portatil-cecotec-forceclima-9100-soundless-1010-w-9000-btu-4-modos-2-velocidades-silencioso-mando-a-distancia-blanco-1549508.html&amp;category=seleccion&amp;ecomPostExpiration=everlasting&amp;postId=112745\" data-vars-affiliate-url=\"https:\/\/www.xatakahome.com\/redirect?url=https%3A%2F%2Fwww.mediamarkt.es%2Fes%2Fproduct%2F_aire-acondicionado-portatil-cecotec-forceclima-9100-soundless-1010-w-9000-btu-4-modos-2-velocidades-silencioso-mando-a-distancia-blanco-1549508.html&amp;category=seleccion&amp;ecomPostExpiration=everlasting&amp;postId=112745\">219,90 euros<\/a>. El env\u00edo, adem\u00e1s, es gratuito.<\/p>\n<p><!-- BREAK 2 --><\/p>\n<p>Con una capacidad de enfriamiento de 9.000 BTU y una potencia de 1.010 W, este <a href=\"https:\/\/www.xatakahome.com\/seleccion\/aire-acondicionado-portatil-que-mirar-antes-comprar-uno-estos-dispositivos-para-combatir-calor-1\">aire acondicionado port\u00e1til<\/a> es perfecto para enfriar estancias de <strong>hasta 20 metros cuadrados<\/strong>. Ofrece cuatro modos de funcionamiento y dos velocidades. Adem\u00e1s, es silencioso, cuenta con temporizador y viene con mando a distancia para controlarlo c\u00f3modamente.<\/p>\n<p><!-- BREAK 3 --><!-- PIVOT START --><\/p>\n<div class=\"pivot-ecommerce-container m-pivot-ecommerce-redesign article-asset-normal article-asset-center\">\n<div class=\"pivot-ecommerce\">\n<div class=\"pivot-ecommerce-figure\">\n  <a rel=\"nofollow, sponsored, noopener, noreferrer noopener\" target=\"_blank\" href=\"https:\/\/www.xatakahome.com\/redirect?url=https%3A%2F%2Fwww.mediamarkt.es%2Fes%2Fproduct%2F_aire-acondicionado-portatil-cecotec-forceclima-9100-soundless-1010-w-9000-btu-4-modos-2-velocidades-silencioso-mando-a-distancia-blanco-1549508.html&amp;category=seleccion&amp;pivot=1&amp;ecomPostExpiration=everlasting&amp;postId=112745\"><br \/>\n   <img loading=\"lazy\" decoding=\"async\" alt=\"Cecotec Aire Acondicionado Port\u00e1til con Mando a Distancia ForceClima 9100 Soundless\" width=\"500\" height=\"500\" src=\"https:\/\/i.blogs.es\/451d7f\/31b-jg8fnul._sl500_\/original.webp\" onerror='this.src=\"https:\/\/i.blogs.es\/451d7f\/31b-jg8fnul._sl500_\/original.jpeg\"'><br \/>\n  <\/a>\n  <\/div>\n<div class=\"pivot-ecommerce-summary\">\n<p class=\"pivot-ecommerce-desc\">Cecotec Aire Acondicionado Port\u00e1til con Mando a Distancia ForceClima 9100 Soundless<\/p>\n<div class=\"pivot-actions \">\n<div class=\"pivot-actions-row\">\n <a rel=\"nofollow, sponsored, noopener, noreferrer noopener\" target=\"_blank\" data-asin=\"1549508\" data-store=\"MediaMarkt\" href=\"https:\/\/www.xatakahome.com\/redirect?url=https%3A%2F%2Fwww.mediamarkt.es%2Fes%2Fproduct%2F_aire-acondicionado-portatil-cecotec-forceclima-9100-soundless-1010-w-9000-btu-4-modos-2-velocidades-silencioso-mando-a-distancia-blanco-1549508.html&amp;category=seleccion&amp;pivot=1&amp;ecomPostExpiration=everlasting&amp;postId=112745\" title=\"Precio actualizado hoy\" class=\"pivot-action-btn pivot-action-primary\">Hoy en MediaMarkt \u2014 <strong>219,90<\/strong> \u20ac<\/a><br \/>\n   <a rel=\"nofollow, sponsored, noopener, noreferrer noopener\" target=\"_blank\" data-asin=\"001004780304137\" data-store=\"El Corte Ingl\u00e9s\" href=\"https:\/\/www.xatakahome.com\/redirect?url=https%3A%2F%2Fwww.elcorteingles.es%2Felectrodomesticos%2FA48495186-aire-acondicionado-portatil-cecotec-con-2236-frigh---8173%2F&amp;category=seleccion&amp;pivot=1&amp;ecomPostExpiration=everlasting&amp;postId=112745\" title=\"Precio actualizado hoy\" class=\"pivot-action-btn pivot-action-secondary\">El Corte Ingl\u00e9s \u2014 <strong>219,90<\/strong> \u20ac<\/a><br \/>\n   <a rel=\"nofollow, sponsored, noopener, noreferrer noopener\" target=\"_blank\" data-asin=\"10718849\" data-store=\"PcComponentes\" href=\"https:\/\/www.xatakahome.com\/redirect?url=https%3A%2F%2Fwww.pccomponentes.com%2Fcecotec-forceclima-9100-soundless-aire-acondicionado-portatil-con-mando-a-distancia-9000-btu&amp;category=seleccion&amp;pivot=1&amp;ecomPostExpiration=everlasting&amp;postId=112745\" title=\"Precio actualizado hoy\" class=\"pivot-action-btn pivot-action-secondary\">PcComponentes \u2014 <strong>219,91<\/strong> \u20ac<\/a><br \/>\n   <a rel=\"nofollow, sponsored, noopener, noreferrer noopener\" target=\"_blank\" data-asin=\"88478765\" data-store=\"Leroy Merlin\" href=\"https:\/\/www.xatakahome.com\/redirect?url=https%3A%2F%2Fwww.leroymerlin.es%2Fproductos%2Fcalefaccion-y-climatizacion%2Faire-acondicionado%2Faire-acondicionado-portatil%2Faire-acondicionado-portatil-con-mando-a-distancia-forceclima-9100-soundless-9000-btu-tecnologia-soundless-pantalla-led-4-modos-2-velocidades-cob-88478765.html&amp;category=seleccion&amp;pivot=1&amp;ecomPostExpiration=everlasting&amp;postId=112745\" title=\"Precio actualizado hoy\" class=\"pivot-action-btn pivot-action-secondary\">Leroy Merlin \u2014 <strong>270,69<\/strong> \u20ac<\/a>\n <\/div>\n<\/p><\/div>\n<\/p><\/div>\n<\/p><\/div>\n<div class=\"pivot-link-msg\">* Alg\u00fan precio puede haber cambiado desde la \u00faltima revisi\u00f3n<\/div>\n<\/p><\/div>\n<p><!-- PIVOT END --><\/p>\n<h1>Ventilador de pie Rowenta VU4420F2<\/h1>\n<div class=\"article-asset-image article-asset-normal article-asset-center\">\n<div class=\"asset-content\">\n                    <a rel=\"nofollow, sponsored, noopener, noreferrer noopener\" target=\"_blank\" class=\"js-ecommerce\" href=\"https:\/\/www.xatakahome.com\/redirect?url=https%3A%2F%2Fwww.mediamarkt.es%2Fes%2Fproduct%2F_ventilador-de-pie-rowenta-vu4420f0-60-w-1-3-m-54-db-55-m%25C2%25B3-min-antimosquitos-3-velocidades-negro-1499823.html&amp;category=seleccion&amp;ecomPostExpiration=everlasting&amp;postId=112745\" data-vars-affiliate-url=\"https:\/\/www.xatakahome.com\/redirect?url=https%3A%2F%2Fwww.mediamarkt.es%2Fes%2Fproduct%2F_ventilador-de-pie-rowenta-vu4420f0-60-w-1-3-m-54-db-55-m%25C2%25B3-min-antimosquitos-3-velocidades-negro-1499823.html&amp;category=seleccion&amp;ecomPostExpiration=everlasting&amp;postId=112745\"><\/p>\n<p>    <img decoding=\"async\" alt=\"Ventilador de pie Rowenta VU4420F2\" class=\"centro_sinmarco\" src=\"https:\/\/i.blogs.es\/d5399d\/proyecto-nuevo-19-\/450_1000.webp\"><br \/>\n     <\/a><\/p><\/div>\n<\/div>\n<p>Si no quieres gastarte tanto dinero en climatizar tu casa y el ventilador de pie es m\u00e1s que suficiente para ti, este Rowenta VU4420F2 es una buena opci\u00f3n a tener en cuenta. Ahora, en MediaMarkt, se queda disponible por <a rel=\"nofollow, sponsored, noopener, noreferrer noopener\" target=\"_blank\" class=\"js-ecommerce\" href=\"https:\/\/www.xatakahome.com\/redirect?url=https%3A%2F%2Fwww.mediamarkt.es%2Fes%2Fproduct%2F_ventilador-de-pie-rowenta-vu4420f0-60-w-1-3-m-54-db-55-m%25C2%25B3-min-antimosquitos-3-velocidades-negro-1499823.html&amp;category=seleccion&amp;ecomPostExpiration=everlasting&amp;postId=112745\" data-vars-affiliate-url=\"https:\/\/www.xatakahome.com\/redirect?url=https%3A%2F%2Fwww.mediamarkt.es%2Fes%2Fproduct%2F_ventilador-de-pie-rowenta-vu4420f0-60-w-1-3-m-54-db-55-m%25C2%25B3-min-antimosquitos-3-velocidades-negro-1499823.html&amp;category=seleccion&amp;ecomPostExpiration=everlasting&amp;postId=112745\">89,99 euros<\/a> frente a los 109,99 euros que cuesta habitualmente. Tiene aplicado, por tanto, un <strong>descuento de 20 euros<\/strong>.<\/p>\n<p><!-- BREAK 4 --><\/p>\n<p>Este <a href=\"https:\/\/www.xatakahome.com\/seleccion\/ventiladores-de-pie-cual-comprar-consejos-y-recomendaciones\">ventilador de pie<\/a> tiene una potencia de 60 W y ofrece tres velocidades diferentes, adem\u00e1s de contar con oscilaci\u00f3n autom\u00e1tica. El flujo de aire que ofrece es de hasta 55 m3\/min. Una de sus principales ventajas es que es un <strong>ventilador anti mosquitos<\/strong>. Puedes instalar un bote de repelente en su interior y el propio dispositivo lo ir\u00e1 pulverizando durante 60 noches.<\/p>\n<p><!-- BREAK 5 --><!-- PIVOT START --><\/p>\n<div class=\"pivot-ecommerce-container m-pivot-ecommerce-redesign article-asset-normal article-asset-center\">\n<div class=\"pivot-ecommerce\">\n<div class=\"pivot-ecommerce-figure\">\n  <a rel=\"nofollow, sponsored, noopener, noreferrer noopener\" target=\"_blank\" href=\"https:\/\/www.xatakahome.com\/redirect?url=https%3A%2F%2Fwww.mediamarkt.es%2Fes%2Fproduct%2F_ventilador-de-pie-rowenta-vu4420f0-60-w-1-3-m-54-db-55-m%25C2%25B3-min-antimosquitos-3-velocidades-negro-1499823.html&amp;category=seleccion&amp;pivot=1&amp;ecomPostExpiration=everlasting&amp;postId=112745\"><br \/>\n   <img loading=\"lazy\" decoding=\"async\" alt=\"Ventilador de pie - Rowenta VU4420F2\" width=\"600\" height=\"600\" src=\"https:\/\/i.blogs.es\/f44c92\/blob\/original.webp\" onerror='this.src=\"https:\/\/i.blogs.es\/f44c92\/blob\/original.jpeg\"'><br \/>\n  <\/a>\n  <\/div>\n<div class=\"pivot-ecommerce-summary\">\n<p class=\"pivot-ecommerce-desc\">Ventilador de pie &#8211; Rowenta VU4420F2<\/p>\n<div class=\"pivot-actions \">\n<div class=\"pivot-actions-row\">\n <a rel=\"nofollow, sponsored, noopener, noreferrer noopener\" target=\"_blank\" data-asin=\"\" data-store=\"\" href=\"https:\/\/www.xatakahome.com\/redirect?url=https%3A%2F%2Fwww.mediamarkt.es%2Fes%2Fproduct%2F_ventilador-de-pie-rowenta-vu4420f0-60-w-1-3-m-54-db-55-m%25C2%25B3-min-antimosquitos-3-velocidades-negro-1499823.html&amp;category=seleccion&amp;pivot=1&amp;ecomPostExpiration=everlasting&amp;postId=112745\" title=\"Precio de venta al p\u00fablico a fecha de publicaci\u00f3n\" class=\"pivot-action-btn pivot-action-primary\">PVP en MediaMarkt \u2014 <strong>89,99<\/strong> \u20ac<\/a>\n <\/div>\n<\/p><\/div>\n<\/p><\/div>\n<\/p><\/div>\n<div class=\"pivot-link-msg\">* Alg\u00fan precio puede haber cambiado desde la \u00faltima revisi\u00f3n<\/div>\n<\/p><\/div>\n<p><!-- PIVOT END --><\/p>\n<h1>Climatizador evaporativo &#8211; CLIMATORREKNX KLACK<\/h1>\n<div class=\"article-asset-image article-asset-normal article-asset-center\">\n<div class=\"asset-content\">\n                    <a rel=\"nofollow, sponsored, noopener, noreferrer noopener\" target=\"_blank\" class=\"js-ecommerce\" href=\"https:\/\/www.xatakahome.com\/redirect?url=https%3A%2F%2Fwww.mediamarkt.es%2Fes%2Fproduct%2F_climatizador-evaporativo-climatorreknx-klack-blanco-141095025.html&amp;category=seleccion&amp;ecomPostExpiration=everlasting&amp;postId=112745\" data-vars-affiliate-url=\"https:\/\/www.xatakahome.com\/redirect?url=https%3A%2F%2Fwww.mediamarkt.es%2Fes%2Fproduct%2F_climatizador-evaporativo-climatorreknx-klack-blanco-141095025.html&amp;category=seleccion&amp;ecomPostExpiration=everlasting&amp;postId=112745\"><\/p>\n<p>    <img decoding=\"async\" alt=\"Climatizador evaporativo - CLIMATORREKNX KLACK, Blanco\" class=\"centro_sinmarco\" src=\"https:\/\/i.blogs.es\/d0f6a0\/proyecto-nuevo-20-\/450_1000.webp\"><br \/>\n     <\/a><\/p><\/div>\n<\/div>\n<p>Otro de los dispositivos que sirven para enfriar nuestro hogar en verano son los climatizadores evaporativos. Este modelo Climatorrenknx de la firma Klack est\u00e1 ahora en oferta en MediaMarkt. Su precio habitual es de 89,90 euros pero, ahora, puedes conseguirlo con un <strong>descuento de 30 euros<\/strong>, por <a rel=\"nofollow, sponsored, noopener, noreferrer noopener\" target=\"_blank\" class=\"js-ecommerce\" href=\"https:\/\/www.xatakahome.com\/redirect?url=https%3A%2F%2Fwww.mediamarkt.es%2Fes%2Fproduct%2F_climatizador-evaporativo-climatorreknx-klack-blanco-141095025.html&amp;category=seleccion&amp;ecomPostExpiration=everlasting&amp;postId=112745\" data-vars-affiliate-url=\"https:\/\/www.xatakahome.com\/redirect?url=https%3A%2F%2Fwww.mediamarkt.es%2Fes%2Fproduct%2F_climatizador-evaporativo-climatorreknx-klack-blanco-141095025.html&amp;category=seleccion&amp;ecomPostExpiration=everlasting&amp;postId=112745\">59,90 euros<\/a>.<\/p>\n<p><!-- BREAK 6 --><\/p>\n<p>Tiene una potencia de 100 W y cuenta con funci\u00f3n humidificador. Este <a href=\"https:\/\/www.xatakahome.com\/a-fondo\/cuatro-ventajas-climatizadores-evaporativos-que-no-te-da-aire-acondicionado-portatil\">climatizador evaporativo<\/a> utiliza el proceso natural de evaporaci\u00f3n de agua para enfriar y refrescar el aire, proporcionando sensaci\u00f3n de frescor. Adem\u00e1s, incorpora <strong>ruedas y un asa port\u00e1til<\/strong> para poderlo mover c\u00f3modamente por tu hogar. El dep\u00f3sito que trae es de 4 litros.<\/p>\n<p><!-- BREAK 7 --><!-- PIVOT START --><\/p>\n<div class=\"pivot-ecommerce-container m-pivot-ecommerce-redesign article-asset-normal article-asset-center\">\n<div class=\"pivot-ecommerce\">\n<div class=\"pivot-ecommerce-figure\">\n  <a rel=\"nofollow, sponsored, noopener, noreferrer noopener\" target=\"_blank\" href=\"https:\/\/www.xatakahome.com\/redirect?url=https%3A%2F%2Fwww.mediamarkt.es%2Fes%2Fproduct%2F_climatizador-evaporativo-climatorreknx-klack-blanco-141095025.html&amp;category=seleccion&amp;pivot=1&amp;ecomPostExpiration=everlasting&amp;postId=112745\"><br \/>\n   <img loading=\"lazy\" decoding=\"async\" alt=\"Climatizador evaporativo - CLIMATORREKNX KLACK, Blanco\n\" width=\"600\" height=\"600\" src=\"https:\/\/i.blogs.es\/1d591c\/blob\/original.webp\" onerror='this.src=\"https:\/\/i.blogs.es\/1d591c\/blob\/original.jpeg\"'><br \/>\n  <\/a>\n  <\/div>\n<div class=\"pivot-ecommerce-summary\">\n<p class=\"pivot-ecommerce-desc\">Climatizador evaporativo &#8211; CLIMATORREKNX KLACK, Blanco\n<\/p>\n<div class=\"pivot-actions \">\n<div class=\"pivot-actions-row\">\n <a rel=\"nofollow, sponsored, noopener, noreferrer noopener\" target=\"_blank\" data-asin=\"\" data-store=\"\" href=\"https:\/\/www.xatakahome.com\/redirect?url=https%3A%2F%2Fwww.mediamarkt.es%2Fes%2Fproduct%2F_climatizador-evaporativo-climatorreknx-klack-blanco-141095025.html&amp;category=seleccion&amp;pivot=1&amp;ecomPostExpiration=everlasting&amp;postId=112745\" title=\"Precio de venta al p\u00fablico a fecha de publicaci\u00f3n\" class=\"pivot-action-btn pivot-action-primary\">PVP en MediaMarkt \u2014 <strong>59,90<\/strong> \u20ac<\/a>\n <\/div>\n<\/p><\/div>\n<\/p><\/div>\n<\/p><\/div>\n<div class=\"pivot-link-msg\">* Alg\u00fan precio puede haber cambiado desde la \u00faltima revisi\u00f3n<\/div>\n<\/p><\/div>\n<p><!-- PIVOT END --><\/p>\n<div class=\"article-asset-video article-asset-normal\">\n<div class=\"asset-content\">\n<div class=\"base-asset-video\">\n<div class=\"js-dailymotion\">\n    <script type=\"application\/json\">\n           {\"videoId\":\"x8006fc\",\"autoplay\":true,\"title\":\"C\u00f3mo dormir cuando hace mucho calor y no tienes aire acondicionado\", \"tag\":\"\"}\n         <\/script>\n   <\/div>\n<\/p><\/div>\n<\/p><\/div>\n<\/div>\n<h1>Ventilador de techo Grunkel SKYECO-42<\/h1>\n<div class=\"article-asset-image article-asset-normal article-asset-center\">\n<div class=\"asset-content\">\n                    <a rel=\"nofollow, sponsored, noopener, noreferrer noopener\" target=\"_blank\" class=\"js-ecommerce\" href=\"https:\/\/www.xatakahome.com\/redirect?url=https%3A%2F%2Fwww.mediamarkt.es%2Fes%2Fproduct%2F_ventilador-de-techo-grunkel-skyeco-52-24-w-6-velocidades-blanco-140293446.html&amp;category=seleccion&amp;ecomPostExpiration=everlasting&amp;postId=112745\" data-vars-affiliate-url=\"https:\/\/www.xatakahome.com\/redirect?url=https%3A%2F%2Fwww.mediamarkt.es%2Fes%2Fproduct%2F_ventilador-de-techo-grunkel-skyeco-52-24-w-6-velocidades-blanco-140293446.html&amp;category=seleccion&amp;ecomPostExpiration=everlasting&amp;postId=112745\"><\/p>\n<p>    <img decoding=\"async\" alt=\"ventilador de techo Grunkel SKYECO-42\" class=\"centro_sinmarco\" src=\"https:\/\/i.blogs.es\/dd54bb\/proyecto-nuevo-21-\/450_1000.webp\"><br \/>\n     <\/a><\/p><\/div>\n<\/div>\n<p>Los ventiladores de techo tambi\u00e9n son una muy buena opci\u00f3n a tener en cuenta para sofocar el calor en casa, sobre todo a la hora de dormir. Ahora, durante la campa\u00f1a \u00abEspecial Hogar\u00bb de MediaMarkt, este modelo Grunkel SKYECO-42 se puede comprar por <a rel=\"nofollow, sponsored, noopener, noreferrer noopener\" target=\"_blank\" class=\"js-ecommerce\" href=\"https:\/\/www.xatakahome.com\/redirect?url=https%3A%2F%2Fwww.mediamarkt.es%2Fes%2Fproduct%2F_ventilador-de-techo-grunkel-skyeco-52-24-w-6-velocidades-blanco-140293446.html&amp;category=seleccion&amp;ecomPostExpiration=everlasting&amp;postId=112745\" data-vars-affiliate-url=\"https:\/\/www.xatakahome.com\/redirect?url=https%3A%2F%2Fwww.mediamarkt.es%2Fes%2Fproduct%2F_ventilador-de-techo-grunkel-skyeco-52-24-w-6-velocidades-blanco-140293446.html&amp;category=seleccion&amp;ecomPostExpiration=everlasting&amp;postId=112745\">89,90 euros<\/a> frente a los 99,90 euros que cuesta habitualmente. Consigues con su compra un <strong>ahorro de 10 euros<\/strong>.<\/p>\n<p><!-- BREAK 8 --><\/p>\n<p>Este <a href=\"https:\/\/www.xatakahome.com\/tutoriales\/asi-preparo-ventilador-techo-para-combatir-calor-altas-temperaturas-durara-funcionara-mejor\">ventilador de techo<\/a> tiene una potencia de 28 W y sus aspas funcionan a seis velocidades diferentes. Adem\u00e1s, incorpora una <strong>luz LED de 15 W<\/strong> y temporizador de hasta ocho horas. Tambi\u00e9n viene con mando a distancia, para que puedas controlarlo c\u00f3modamente desde el sof\u00e1 o la cama.<\/p>\n<p><!-- BREAK 9 --><!-- PIVOT START --><\/p>\n<div class=\"pivot-ecommerce-container m-pivot-ecommerce-redesign article-asset-normal article-asset-center\">\n<div class=\"pivot-ecommerce\">\n<div class=\"pivot-ecommerce-figure\">\n  <a rel=\"nofollow, sponsored, noopener, noreferrer noopener\" target=\"_blank\" href=\"https:\/\/www.xatakahome.com\/redirect?url=https%3A%2F%2Fwww.mediamarkt.es%2Fes%2Fproduct%2F_ventilador-de-techo-grunkel-skyeco-52-24-w-6-velocidades-blanco-140293446.html&amp;category=seleccion&amp;pivot=1&amp;ecomPostExpiration=everlasting&amp;postId=112745\"><br \/>\n   <img loading=\"lazy\" decoding=\"async\" alt=\"Ventilador de techo - GRUNKEL SKYECO-52, 24 W, 6 velocidades, Blanco\n\" width=\"600\" height=\"600\" src=\"https:\/\/i.blogs.es\/a73d3e\/blob\/original.webp\" onerror='this.src=\"https:\/\/i.blogs.es\/a73d3e\/blob\/original.jpeg\"'><br \/>\n  <\/a>\n  <\/div>\n<div class=\"pivot-ecommerce-summary\">\n<p class=\"pivot-ecommerce-desc\">Ventilador de techo &#8211; GRUNKEL SKYECO-52, 24 W, 6 velocidades, Blanco\n<\/p>\n<div class=\"pivot-actions \">\n<div class=\"pivot-actions-row\">\n <a rel=\"nofollow, sponsored, noopener, noreferrer noopener\" target=\"_blank\" data-asin=\"\" data-store=\"\" href=\"https:\/\/www.xatakahome.com\/redirect?url=https%3A%2F%2Fwww.mediamarkt.es%2Fes%2Fproduct%2F_ventilador-de-techo-grunkel-skyeco-52-24-w-6-velocidades-blanco-140293446.html&amp;category=seleccion&amp;pivot=1&amp;ecomPostExpiration=everlasting&amp;postId=112745\" title=\"Precio de venta al p\u00fablico a fecha de publicaci\u00f3n\" class=\"pivot-action-btn pivot-action-primary\">PVP en MediaMarkt \u2014 <strong>89,90<\/strong> \u20ac<\/a><br \/>\n   <a rel=\"nofollow, sponsored, noopener, noreferrer noopener\" target=\"_blank\" data-asin=\"\" data-store=\"\" href=\"https:\/\/www.xatakahome.com\/redirect?url=https%3A%2F%2Fwww.miravia.es%2Fp%2Fi1360214010998554-s2076608079470362.html&amp;category=seleccion&amp;pivot=1&amp;ecomPostExpiration=everlasting&amp;postId=112745\" title=\"Precio de venta al p\u00fablico a fecha de publicaci\u00f3n\" class=\"pivot-action-btn pivot-action-secondary\">Miravia \u2014 <strong>102,37<\/strong> \u20ac<\/a>\n <\/div>\n<\/p><\/div>\n<\/p><\/div>\n<\/p><\/div>\n<div class=\"pivot-link-msg\">* Alg\u00fan precio puede haber cambiado desde la \u00faltima revisi\u00f3n<\/div>\n<\/p><\/div>\n<p><!-- PIVOT END --><\/p>\n<h2>Aire acondicionado port\u00e1til &#8211; OK OAC 7023 W ES<\/h2>\n<div class=\"article-asset-image article-asset-normal article-asset-center\">\n<div class=\"asset-content\">\n                    <a rel=\"nofollow, sponsored, noopener, noreferrer noopener\" target=\"_blank\" class=\"js-ecommerce\" href=\"https:\/\/www.xatakahome.com\/redirect?url=https%3A%2F%2Fwww.mediamarkt.es%2Fes%2Fproduct%2F_aire-acondicionado-portatil-ok-oac-7023-w-es-1720-fgh-lcd-display-deshumificador-blanco-1549931.html&amp;category=seleccion&amp;ecomPostExpiration=everlasting&amp;postId=112745\" data-vars-affiliate-url=\"https:\/\/www.xatakahome.com\/redirect?url=https%3A%2F%2Fwww.mediamarkt.es%2Fes%2Fproduct%2F_aire-acondicionado-portatil-ok-oac-7023-w-es-1720-fgh-lcd-display-deshumificador-blanco-1549931.html&amp;category=seleccion&amp;ecomPostExpiration=everlasting&amp;postId=112745\"><\/p>\n<p>    <img decoding=\"async\" alt=\"Aire acondicionado port\u00e1til - OK OAC 7023 W ES\" class=\"centro_sinmarco\" src=\"https:\/\/i.blogs.es\/4300e4\/proyecto-nuevo-22-\/450_1000.webp\"><br \/>\n     <\/a><\/p><\/div>\n<\/div>\n<p>OK es una marca propia de MediaMarkt y durante la campa\u00f1a \u00abEspecial Hogar\u00bb, puedes conseguir el aire acondicionado OK OAC 7023 W ES a muy buen precio. Concretamente, est\u00e1 disponible por <a rel=\"nofollow, sponsored, noopener, noreferrer noopener\" target=\"_blank\" class=\"js-ecommerce\" href=\"https:\/\/www.xatakahome.com\/redirect?url=https%3A%2F%2Fwww.mediamarkt.es%2Fes%2Fproduct%2F_aire-acondicionado-portatil-ok-oac-7023-w-es-1720-fgh-lcd-display-deshumificador-blanco-1549931.html&amp;category=seleccion&amp;ecomPostExpiration=everlasting&amp;postId=112745\" data-vars-affiliate-url=\"https:\/\/www.xatakahome.com\/redirect?url=https%3A%2F%2Fwww.mediamarkt.es%2Fes%2Fproduct%2F_aire-acondicionado-portatil-ok-oac-7023-w-es-1720-fgh-lcd-display-deshumificador-blanco-1549931.html&amp;category=seleccion&amp;ecomPostExpiration=everlasting&amp;postId=112745\">179 euros<\/a>, obteniendo as\u00ed un <strong>ahorro de 50 euros<\/strong> frente a los 229 euros que cuesta habitualmente.<\/p>\n<p><!-- BREAK 10 --><\/p>\n<p>Este <a href=\"https:\/\/www.xatakahome.com\/guia-de-compra\/aires-acondicionados-portatiles-silenciosos-estos-mejores-mercado-para-superar-ola-calor\">aire acondicionado port\u00e1til<\/a> cuenta con una gran capacidad de producci\u00f3n de fr\u00edo de <strong>hasta 2.0 kW<\/strong>. Adem\u00e1s, cuenta con funci\u00f3n deshumidificador (con una capacidad de hasta 19,2 litros por d\u00eda). Incluye temporizador y mando a distancia y puedes controlarlo a trav\u00e9s de su pantalla LCD Display.<\/p>\n<p><!-- BREAK 11 --><!-- PIVOT START --><\/p>\n<div class=\"pivot-ecommerce-container m-pivot-ecommerce-redesign article-asset-normal article-asset-center\">\n<div class=\"pivot-ecommerce\">\n<div class=\"pivot-ecommerce-figure\">\n  <a rel=\"nofollow, sponsored, noopener, noreferrer noopener\" target=\"_blank\" href=\"https:\/\/www.xatakahome.com\/redirect?url=https%3A%2F%2Fwww.mediamarkt.es%2Fes%2Fproduct%2F_aire-acondicionado-portatil-ok-oac-7023-w-es-1720-fgh-lcd-display-deshumificador-blanco-1549931.html&amp;category=seleccion&amp;pivot=1&amp;ecomPostExpiration=everlasting&amp;postId=112745\"><br \/>\n   <img loading=\"lazy\" decoding=\"async\" alt=\"Aire acondicionado port\u00e1til - OK OAC 7023 W ES, 1720 fg\/h, LCD Display, Deshumidificador, Blanco\n\" width=\"600\" height=\"600\" src=\"https:\/\/i.blogs.es\/4be1f8\/blob\/original.webp\" onerror='this.src=\"https:\/\/i.blogs.es\/4be1f8\/blob\/original.jpeg\"'><br \/>\n  <\/a>\n  <\/div>\n<div class=\"pivot-ecommerce-summary\">\n<p class=\"pivot-ecommerce-desc\">Aire acondicionado port\u00e1til &#8211; OK OAC 7023 W ES, 1720 fg\/h, LCD Display, Deshumidificador, Blanco\n<\/p>\n<div class=\"pivot-actions \">\n<div class=\"pivot-actions-row\">\n <a rel=\"nofollow, sponsored, noopener, noreferrer noopener\" target=\"_blank\" data-asin=\"\" data-store=\"\" href=\"https:\/\/www.xatakahome.com\/redirect?url=https%3A%2F%2Fwww.mediamarkt.es%2Fes%2Fproduct%2F_aire-acondicionado-portatil-ok-oac-7023-w-es-1720-fgh-lcd-display-deshumificador-blanco-1549931.html&amp;category=seleccion&amp;pivot=1&amp;ecomPostExpiration=everlasting&amp;postId=112745\" title=\"Precio de venta al p\u00fablico a fecha de publicaci\u00f3n\" class=\"pivot-action-btn pivot-action-primary\">PVP en MediaMarkt \u2014 <strong>179,00<\/strong> \u20ac<\/a>\n <\/div>\n<\/p><\/div>\n<\/p><\/div>\n<\/p><\/div>\n<div class=\"pivot-link-msg\">* Alg\u00fan precio puede haber cambiado desde la \u00faltima revisi\u00f3n<\/div>\n<\/p><\/div>\n<p><!-- PIVOT END --><\/p>\n<div class=\"article-asset article-asset-normal article-asset-center\">\n<div class=\"desvio-container\">\n<div class=\"desvio\">\n<div class=\"desvio-figure js-desvio-figure\">\n    <a href=\"https:\/\/www.xatakahome.com\/a-fondo\/estas-perdiendo-espacio-nevera-porque-no-todos-alimentos-deben-ir-dentro-esto-que-conviene-tener-cuenta\"><br \/>\n     <img loading=\"lazy\" decoding=\"async\" alt=\"Est\u00e1s perdiendo espacio en la nevera porque no todos los alimentos deben ir dentro: esto es lo que conviene tener en cuenta \" width=\"375\" height=\"142\" src=\"https:\/\/i.blogs.es\/92c340\/original-1-\/375_142.webp\" onerror='this.src=\"https:\/\/i.blogs.es\/92c340\/original-1-\/375_142.jpeg\"'><br \/>\n    <\/a>\n   <\/div>\n<div class=\"desvio-summary\">\n<div class=\"desvio-taxonomy js-desvio-taxonomy\">\n     <a href=\"https:\/\/www.xatakahome.com\/a-fondo\/estas-perdiendo-espacio-nevera-porque-no-todos-alimentos-deben-ir-dentro-esto-que-conviene-tener-cuenta\" class=\"desvio-taxonomy-anchor\">En Xataka Smart Home<\/a>\n    <\/div>\n<p>    <a href=\"https:\/\/www.xatakahome.com\/a-fondo\/estas-perdiendo-espacio-nevera-porque-no-todos-alimentos-deben-ir-dentro-esto-que-conviene-tener-cuenta\" class=\"desvio-title js-desvio-title\">Est\u00e1s perdiendo espacio en la nevera porque no todos los alimentos deben ir dentro: esto es lo que conviene tener en cuenta <\/a>\n   <\/div>\n<\/p><\/div>\n<\/p><\/div>\n<\/div>\n<h2>Tambi\u00e9n te puede interesar<\/h2>\n<p><!-- PIVOT START --><\/p>\n<div class=\"pivot-ecommerce-container m-pivot-ecommerce-redesign article-asset-normal article-asset-center\">\n<div class=\"pivot-ecommerce\">\n<div class=\"pivot-ecommerce-figure\">\n  <a rel=\"nofollow, sponsored, noopener, noreferrer noopener\" target=\"_blank\" href=\"https:\/\/www.xatakahome.com\/redirect?url=https%3A%2F%2Fwww.amazon.es%2Fdp%2FB092ZJDK8C%3Ftag%3Dxatakahome-21%26linkCode%3Dogi%26th%3D1%26psc%3D1&amp;category=seleccion&amp;pivot=1&amp;ecomPostExpiration=everlasting&amp;postId=112745\"><br \/>\n   <img loading=\"lazy\" decoding=\"async\" alt=\"Mellerware - Ventilador de Techo con Mando a Distancia Brizy Bright\" width=\"500\" height=\"500\" src=\"https:\/\/i.blogs.es\/37c629\/31jgugtvbel._sl500_\/original.webp\" onerror='this.src=\"https:\/\/i.blogs.es\/37c629\/31jgugtvbel._sl500_\/original.jpeg\"'><br \/>\n  <\/a>\n  <\/div>\n<div class=\"pivot-ecommerce-summary\">\n<p class=\"pivot-ecommerce-desc\">Mellerware &#8211; Ventilador de Techo con Mando a Distancia Brizy Bright<\/p>\n<div class=\"pivot-actions \">\n<div class=\"pivot-actions-row\">\n <a rel=\"nofollow, sponsored, noopener, noreferrer noopener\" target=\"_blank\" data-asin=\"B092ZJDK8C\" data-store=\"Amazon\" href=\"https:\/\/www.xatakahome.com\/redirect?url=https%3A%2F%2Fwww.amazon.es%2Fdp%2FB092ZJDK8C%3Ftag%3Dxatakahome-21%26linkCode%3Dogi%26th%3D1%26psc%3D1&amp;category=seleccion&amp;pivot=1&amp;ecomPostExpiration=everlasting&amp;postId=112745\" title=\"Precio actualizado hoy\" class=\"pivot-action-btn pivot-action-primary\">Hoy en Amazon \u2014 <strong>134,99<\/strong> \u20ac<\/a><br \/>\n   <a rel=\"nofollow, sponsored, noopener, noreferrer noopener\" target=\"_blank\" data-asin=\"407308\" data-store=\"PcComponentes\" href=\"https:\/\/www.xatakahome.com\/redirect?url=https%3A%2F%2Fwww.pccomponentes.com%2Fmellerware-brizy-bright-ventilador-de-techo-con-luz-y-mando-45w-madera-clara&amp;category=seleccion&amp;pivot=1&amp;ecomPostExpiration=everlasting&amp;postId=112745\" title=\"Precio actualizado hoy\" class=\"pivot-action-btn pivot-action-secondary\">PcComponentes \u2014 <strong>219,99<\/strong> \u20ac<\/a>\n <\/div>\n<\/p><\/div>\n<\/p><\/div>\n<\/p><\/div>\n<div class=\"pivot-link-msg\">* Alg\u00fan precio puede haber cambiado desde la \u00faltima revisi\u00f3n<\/div>\n<\/p><\/div>\n<p><!-- PIVOT END --><br \/>\n<!-- PIVOT START --><\/p>\n<div class=\"pivot-ecommerce-container m-pivot-ecommerce-redesign article-asset-normal article-asset-center\">\n<div class=\"pivot-ecommerce\">\n<div class=\"pivot-ecommerce-figure\">\n  <a rel=\"nofollow, sponsored, noopener, noreferrer noopener\" target=\"_blank\" href=\"https:\/\/www.xatakahome.com\/redirect?url=https%3A%2F%2Fwww.amazon.es%2Fdp%2FB09MV3TF4K%3Ftag%3Dxatakahome-21%26linkCode%3Dogi%26th%3D1%26psc%3D1&amp;category=seleccion&amp;pivot=1&amp;ecomPostExpiration=everlasting&amp;postId=112745\"><br \/>\n   <img loading=\"lazy\" decoding=\"async\" alt=\"Philips - Bliss Ventilador de techo con luz LED (28W) y mando\" width=\"500\" height=\"500\" src=\"https:\/\/i.blogs.es\/be80e5\/31gsdhikzel._sl500_\/original.webp\" onerror='this.src=\"https:\/\/i.blogs.es\/be80e5\/31gsdhikzel._sl500_\/original.jpeg\"'><br \/>\n  <\/a>\n  <\/div>\n<div class=\"pivot-ecommerce-summary\">\n<p class=\"pivot-ecommerce-desc\">Philips &#8211; Bliss Ventilador de techo con luz LED (28W) y mando<\/p>\n<div class=\"pivot-actions \">\n<div class=\"pivot-actions-row\">\n <a rel=\"nofollow, sponsored, noopener, noreferrer noopener\" target=\"_blank\" data-asin=\"B09MV3TF4K\" data-store=\"Amazon\" href=\"https:\/\/www.xatakahome.com\/redirect?url=https%3A%2F%2Fwww.amazon.es%2Fdp%2FB09MV3TF4K%3Ftag%3Dxatakahome-21%26linkCode%3Dogi%26th%3D1%26psc%3D1&amp;category=seleccion&amp;pivot=1&amp;ecomPostExpiration=everlasting&amp;postId=112745\" title=\"Precio actualizado hoy\" class=\"pivot-action-btn pivot-action-primary\">Hoy en Amazon \u2014 <strong>223,95<\/strong> \u20ac<\/a><br \/>\n   <a rel=\"nofollow, sponsored, noopener, noreferrer noopener\" target=\"_blank\" data-asin=\"10412561\" data-store=\"PcComponentes\" href=\"https:\/\/www.xatakahome.com\/redirect?url=https%3A%2F%2Fwww.pccomponentes.com%2Fphilips-lighting-bliss-ventilador-de-techo-con-luz-led-y-mando-106cm-negro&amp;category=seleccion&amp;pivot=1&amp;ecomPostExpiration=everlasting&amp;postId=112745\" title=\"Precio actualizado hoy\" class=\"pivot-action-btn pivot-action-secondary\">PcComponentes \u2014 <strong>279,99<\/strong> \u20ac<\/a><br \/>\n   <a rel=\"nofollow, sponsored, noopener, noreferrer noopener\" target=\"_blank\" data-asin=\"83832946\" data-store=\"Leroy Merlin\" href=\"https:\/\/www.xatakahome.com\/redirect?url=https%3A%2F%2Fwww.leroymerlin.es%2Fproductos%2Filuminacion%2Fventiladores-de-techo%2Ftodos-los-ventiladores-de-techo%2Fventilador-plegable-de-techo-bliss-dc-negro-philips-83832946.html&amp;category=seleccion&amp;pivot=1&amp;ecomPostExpiration=everlasting&amp;postId=112745\" title=\"Precio actualizado hoy\" class=\"pivot-action-btn pivot-action-secondary\">Leroy Merlin \u2014 <strong>322,67<\/strong> \u20ac<\/a>\n <\/div>\n<\/p><\/div>\n<\/p><\/div>\n<\/p><\/div>\n<div class=\"pivot-link-msg\">* Alg\u00fan precio puede haber cambiado desde la \u00faltima revisi\u00f3n<\/div>\n<\/p><\/div>\n<p><!-- PIVOT END --><\/p>\n<p><em>Nota: algunos de los enlaces aqu\u00ed publicados son de afiliados y pueden reportar un beneficio.<\/em><\/p>\n<p>Im\u00e1genes | Webedia, OK OAC, Grunkel, Klack, Rowenta y Cecotec<\/p>\n<p>En Xataka Smart Home | <a href=\"https:\/\/www.xatakahome.com\/guia-de-compra\/refrigeradores-compactos-personales-que-sirven-como-funcionan-ventajas-e-inconvenientes\">Refrigeradores compactos personales: qu\u00e9 son, para qu\u00e9 sirven, c\u00f3mo funcionan, ventajas e inconvenientes<\/a><\/p>\n<p>En Xataka Smart Home | <a href=\"https:\/\/www.xatakahome.com\/seleccion\/sensores-movimiento-para-luces-exterior-cual-comprar-consejos-recomendaciones\" data-id=\"noopener noreferrer\">Sensores de movimiento para luces de exterior: \u00bfCu\u00e1l comprar? Consejos y recomendaciones<\/a><\/p>\n<p><script>\n (function() {\n  window._JS_MODULES = window._JS_MODULES || {};\n  var headElement = document.getElementsByTagName('head')[0];\n  if (_JS_MODULES.instagram) {\n   var instagramScript = document.createElement('script');\n   instagramScript.src = 'https:\/\/platform.instagram.com\/en_US\/embeds.js';\n   instagramScript.async = true;\n   instagramScript.defer = true;\n   headElement.appendChild(instagramScript);\n  }\n })();\n<\/script><\/p>\n<p> &#8211; <br \/> La noticia<br \/>\n      <a href=\"https:\/\/www.xatakahome.com\/seleccion\/mediamarkt-tiene-mejores-chollos-aires-acondicionados-ventiladores-para-sobrevivir-a-proximas-olas-calor?utm_source=feedburner&amp;utm_medium=feed&amp;utm_campaign=04_Jun_2024\"><br \/>\n       <em> MediaMarkt tiene los mejores chollos en aires acondicionados y ventiladores para sobrevivir a las pr\u00f3ximas olas de calor  <\/em><br \/>\n      <\/a><br \/>\n      fue publicada originalmente en<br \/>\n      <a href=\"https:\/\/www.xatakahome.com\/?utm_source=feedburner&amp;utm_medium=feed&amp;utm_campaign=04_Jun_2024\"><br \/>\n       <strong> Xataka Smart Home <\/strong><br \/>\n      <\/a><br \/>\n            por <a href=\"https:\/\/www.xatakahome.com\/autor\/fran-leon?utm_source=feedburner&amp;utm_medium=feed&amp;utm_campaign=04_Jun_2024\"><br \/>\n       Fran Le\u00f3n<br \/>\n      <\/a><br \/>\n      . <\/p>\n<\/div>\n","protected":false},"excerpt":{"rendered":"<p>MediaMarkt est\u00e1 celebrando su campa\u00f1a \u00abEspecial Hogar\u00ab. Ahora que ya queda poco para inaugurar el verano, seguro que est\u00e1s buscando ofertas en dispositivos de climatizaci\u00f3n. Te mostramos algunos de los mejores chollos que hemos encontrado y que te ayudar\u00e1n a sobrevivir a las pr\u00f3ximas olas de calor. Aire acondicionado por\u00e1til Cecotec ForceClima 9100 Soundless Con &hellip; <a href=\"https:\/\/domosistemas.com\/?p=24503\" class=\"more-link\">Sigue leyendo <span class=\"screen-reader-text\">MediaMarkt tiene los mejores chollos en aires acondicionados y ventiladores para sobrevivir a las pr\u00f3ximas olas de calor<\/span><\/a><\/p>\n","protected":false},"author":1,"featured_media":0,"comment_status":"closed","ping_status":"closed","sticky":false,"template":"","format":"standard","meta":{"footnotes":""},"categories":[8],"tags":[],"class_list":["post-24503","post","type-post","status-publish","format-standard","hentry","category-xataka"],"_links":{"self":[{"href":"https:\/\/domosistemas.com\/index.php?rest_route=\/wp\/v2\/posts\/24503","targetHints":{"allow":["GET"]}}],"collection":[{"href":"https:\/\/domosistemas.com\/index.php?rest_route=\/wp\/v2\/posts"}],"about":[{"href":"https:\/\/domosistemas.com\/index.php?rest_route=\/wp\/v2\/types\/post"}],"author":[{"embeddable":true,"href":"https:\/\/domosistemas.com\/index.php?rest_route=\/wp\/v2\/users\/1"}],"replies":[{"embeddable":true,"href":"https:\/\/domosistemas.com\/index.php?rest_route=%2Fwp%2Fv2%2Fcomments&post=24503"}],"version-history":[{"count":0,"href":"https:\/\/domosistemas.com\/index.php?rest_route=\/wp\/v2\/posts\/24503\/revisions"}],"wp:attachment":[{"href":"https:\/\/domosistemas.com\/index.php?rest_route=%2Fwp%2Fv2%2Fmedia&parent=24503"}],"wp:term":[{"taxonomy":"category","embeddable":true,"href":"https:\/\/domosistemas.com\/index.php?rest_route=%2Fwp%2Fv2%2Fcategories&post=24503"},{"taxonomy":"post_tag","embeddable":true,"href":"https:\/\/domosistemas.com\/index.php?rest_route=%2Fwp%2Fv2%2Ftags&post=24503"}],"curies":[{"name":"wp","href":"https:\/\/api.w.org\/{rel}","templated":true}]}}