{"id":24513,"date":"2024-06-05T06:09:27","date_gmt":"2024-06-05T06:09:27","guid":{"rendered":"https:\/\/domosistemas.com\/?p=24513"},"modified":"2024-06-05T06:09:27","modified_gmt":"2024-06-05T06:09:27","slug":"movistar-plus-estrena-manana-un-nuevo-canal-de-tv-gratis-para-todos-esto-es-lo-que-ofrecera-ii-guerra-mundial-por-m","status":"publish","type":"post","link":"https:\/\/domosistemas.com\/?p=24513","title":{"rendered":"Movistar Plus+ estrena ma\u00f1ana un nuevo canal de TV gratis para todos: esto es lo que ofrecer\u00e1 &#8216;II Guerra Mundial por M+&#8217;"},"content":{"rendered":"<div>\n<p>\n      <img decoding=\"async\" src=\"https:\/\/i.blogs.es\/fcdefc\/50986297-3a7c-fba0-7696-2380d898e4e6\/1024_2000.jpeg\" alt=\"Movistar Plus+ estrena ma\u00f1ana un nuevo canal de TV gratis para todos: esto es lo que ofrecer\u00e1 'II Guerra Mundial por M+' \">\n    <\/p>\n<p><strong>Movistar Plus+<\/strong> contin\u00faa con las novedades de cara a este mes de junio, y tras finalizar con la programaci\u00f3n del canal temporal &#8216;<strong>Clint Eastwood por M+&#8217; <\/strong>hace unos d\u00edas,<strong> <\/strong>ma\u00f1ana le toca el turno a la llegada de nuevo espacio tambi\u00e9n con cine, pero adem\u00e1s con series y documentales.<\/p>\n<p><!-- BREAK 1 --><\/p>\n<p>Se trata del canal &#8216;<strong>II Guerra Mundial por M+&#8217;, <\/strong>que se estrenar\u00e1<strong> <\/strong>el jueves <strong>6 de junio<\/strong> de 2024 con motivo del <strong>80\u00ba aniversario del D\u00eda D<\/strong>, el d\u00eda del desembarco de Normand\u00eda, considerado como el principio del fin de la <strong>II Guerra Mundial<\/strong>.<\/p>\n<p><!-- BREAK 2 --><\/p>\n<div class=\"article-asset article-asset-normal article-asset-center\">\n<div class=\"desvio-container\">\n<div class=\"desvio\">\n<div class=\"desvio-figure js-desvio-figure\">\n    <a href=\"https:\/\/www.xatakahome.com\/servicios-de-smart-tv\/he-probado-nuevo-movistar-plus-durante-mes-esto-que-me-han-parecido-sus-canales-premium\"><br \/>\n     <img loading=\"lazy\" decoding=\"async\" alt=\"He probado el nuevo Movistar Plus+ durante un mes: esto es lo que me han parecido sus canales pr\u00e9mium \" width=\"375\" height=\"142\" src=\"https:\/\/i.blogs.es\/95ed94\/movistar-plus\/375_142.webp\" onerror='this.src=\"https:\/\/i.blogs.es\/95ed94\/movistar-plus\/375_142.jpeg\"'><br \/>\n    <\/a>\n   <\/div>\n<div class=\"desvio-summary\">\n<div class=\"desvio-taxonomy js-desvio-taxonomy\">\n     <a href=\"https:\/\/www.xatakahome.com\/servicios-de-smart-tv\/he-probado-nuevo-movistar-plus-durante-mes-esto-que-me-han-parecido-sus-canales-premium\" class=\"desvio-taxonomy-anchor\">En Xataka Smart Home<\/a>\n    <\/div>\n<p>    <a href=\"https:\/\/www.xatakahome.com\/servicios-de-smart-tv\/he-probado-nuevo-movistar-plus-durante-mes-esto-que-me-han-parecido-sus-canales-premium\" class=\"desvio-title js-desvio-title\">He probado el nuevo Movistar Plus+ durante un mes: esto es lo que me han parecido sus canales pr\u00e9mium <\/a>\n   <\/div>\n<\/p><\/div>\n<\/p><\/div>\n<\/div>\n<h2><strong>&#8216;II Guerra Mundial por M+&#8217;<\/strong><\/h2>\n<div class=\"article-asset-image article-asset-normal article-asset-center\">\n<div class=\"asset-content\">\n<p>   <img decoding=\"async\" alt=\"E8150fa3 F9a1 D9d8 4327 57ae8e3f268c\" class=\"centro_sinmarco\" src=\"https:\/\/i.blogs.es\/b18da1\/e8150fa3-f9a1-d9d8-4327-57ae8e3f268c\/450_1000.webp\"><\/p><\/div>\n<\/div>\n<p><strong>Movistar Plus+<\/strong> se une a esta efem\u00e9ride con una programaci\u00f3n especial, un canal exclusivo multicontenido en el que podremos ver una selecci\u00f3n de <strong>documentales <\/strong>como la gran producci\u00f3n de BBC &#8216;D\u00eda D: en primera persona&#8217;, &#8216;D\u00eda D: cineastas en el frente&#8217; o &#8216;D\u00eda D: la batalla en color&#8217;.<\/p>\n<p><!-- BREAK 3 --><\/p>\n<p>Tambi\u00e9n grandes t\u00edtulos de cine con <strong>pel\u00edculas<\/strong> <strong>reci\u00e9n estrenadas<\/strong> en la plataforma como &#8216;La zona de inter\u00e9s&#8217; o &#8216;Sisu&#8217; y series, como las dos temporadas de &#8216;El mundo en llamas&#8217;. Adem\u00e1s, el 25 de junio el canal estrenar\u00e1 el<strong> <\/strong>primer episodio de la esperada serie &#8216;El tatuador de Auschwitz&#8217; (conjuntamente con Series por M+).<\/p>\n<p><!-- BREAK 4 --><\/p>\n<p>Adem\u00e1s de los mencionados, podremos ver el mejor cine b\u00e9lico de todos los tiempos con t\u00edtulos como <strong>&#8216;Patton&#8217;<\/strong>, <strong>&#8216;Malditos bastardos&#8217;<\/strong>, <strong>&#8216;La tumba de las luci\u00e9rnagas&#8217;<\/strong> o <strong>&#8216;El Pianista&#8217;<\/strong>, y una selecci\u00f3n de los mejores documentales sobre el conflicto: las cuatro temporadas de <strong>&#8216;El ascenso de los nazis&#8217;<\/strong>, <strong>&#8216;Oppenheimer: el dilema de la bomba at\u00f3mica&#8217;<\/strong> o <strong>&#8216;1945: el a\u00f1o que cambi\u00f3 la historia&#8217;<\/strong>, entre otros.<\/p>\n<p><!-- BREAK 5 --><\/p>\n<div class=\"article-asset-video article-asset-normal\">\n<div class=\"asset-content\">\n<div class=\"base-asset-video\">\n<div class=\"js-dailymotion\">\n    <script type=\"application\/json\">\n           {\"videoId\":\"x87tnqf\",\"autoplay\":true,\"title\":\"MOVISTAR_ Co\u0301mo instalar tu\u0301 mismo el descodificador UHD Smart Wifi de Movistar (1080p_25fps_H264-128kbit_AAC)\", \"tag\":\"Movistar\"}\n         <\/script>\n   <\/div>\n<\/p><\/div>\n<\/p><\/div>\n<\/div>\n<p>&#8216;II Guerra Mundial por M+&#8217; estar\u00e1 disponible <strong>del 6 al 25 de junio en el dial 15<\/strong> del decodificador y adem\u00e1s de en directo en este canal, todos los contenidos se podr\u00e1n disfrutar bajo demanda en la plataforma desde su estreno.<\/p>\n<p><!-- BREAK 6 --><\/p>\n<p>M\u00e1s informaci\u00f3n e im\u00e1genes | <a rel=\"noopener, noreferrer\" href=\"https:\/\/comunicacion.movistarplus.es\/nota-de-prensa\/movistar-plus-conmemora-el-80o-aniversario-del-desembarco-de-normandia-con-las-mejores-series-peliculas-y-documentales\/\">Movistar<\/a><\/p>\n<p>En Xataka Smart Home | <a href=\"https:\/\/www.xatakahome.com\/servicios-de-smart-tv\/he-probado-nuevo-movistar-plus-durante-mes-esto-que-me-han-parecido-sus-canales-premium\">He probado el nuevo Movistar Plus+ durante un mes: esto es lo que me han parecido sus canales pr\u00e9mium<\/a><\/p>\n<p><script>\n (function() {\n  window._JS_MODULES = window._JS_MODULES || {};\n  var headElement = document.getElementsByTagName('head')[0];\n  if (_JS_MODULES.instagram) {\n   var instagramScript = document.createElement('script');\n   instagramScript.src = 'https:\/\/platform.instagram.com\/en_US\/embeds.js';\n   instagramScript.async = true;\n   instagramScript.defer = true;\n   headElement.appendChild(instagramScript);\n  }\n })();\n<\/script><\/p>\n<p> &#8211; <br \/> La noticia<br \/>\n      <a href=\"https:\/\/www.xatakahome.com\/servicios-de-smart-tv\/movistar-plus-estrena-manana-nuevo-canal-tv-gratis-para-todos-esto-que-ofrecera-ii-guerra-mundial-m?utm_source=feedburner&amp;utm_medium=feed&amp;utm_campaign=05_Jun_2024\"><br \/>\n       <em> Movistar Plus+ estrena ma\u00f1ana un nuevo canal de TV gratis para todos: esto es lo que ofrecer\u00e1 &#8216;II Guerra Mundial por M+&#8217;  <\/em><br \/>\n      <\/a><br \/>\n      fue publicada originalmente en<br \/>\n      <a href=\"https:\/\/www.xatakahome.com\/?utm_source=feedburner&amp;utm_medium=feed&amp;utm_campaign=05_Jun_2024\"><br \/>\n       <strong> Xataka Smart Home <\/strong><br \/>\n      <\/a><br \/>\n            por <a href=\"https:\/\/www.xatakahome.com\/autor\/paco-rodriguez?utm_source=feedburner&amp;utm_medium=feed&amp;utm_campaign=05_Jun_2024\"><br \/>\n       Paco Rodriguez<br \/>\n      <\/a><br \/>\n      . <\/p>\n<\/div>\n","protected":false},"excerpt":{"rendered":"<p>Movistar Plus+ contin\u00faa con las novedades de cara a este mes de junio, y tras finalizar con la programaci\u00f3n del canal temporal &#8216;Clint Eastwood por M+&#8217; hace unos d\u00edas, ma\u00f1ana le toca el turno a la llegada de nuevo espacio tambi\u00e9n con cine, pero adem\u00e1s con series y documentales. Se trata del canal &#8216;II Guerra &hellip; <a href=\"https:\/\/domosistemas.com\/?p=24513\" class=\"more-link\">Sigue leyendo <span class=\"screen-reader-text\">Movistar Plus+ estrena ma\u00f1ana un nuevo canal de TV gratis para todos: esto es lo que ofrecer\u00e1 &#8216;II Guerra Mundial por M+&#8217;<\/span><\/a><\/p>\n","protected":false},"author":1,"featured_media":0,"comment_status":"closed","ping_status":"closed","sticky":false,"template":"","format":"standard","meta":{"footnotes":""},"categories":[8],"tags":[],"class_list":["post-24513","post","type-post","status-publish","format-standard","hentry","category-xataka"],"_links":{"self":[{"href":"https:\/\/domosistemas.com\/index.php?rest_route=\/wp\/v2\/posts\/24513","targetHints":{"allow":["GET"]}}],"collection":[{"href":"https:\/\/domosistemas.com\/index.php?rest_route=\/wp\/v2\/posts"}],"about":[{"href":"https:\/\/domosistemas.com\/index.php?rest_route=\/wp\/v2\/types\/post"}],"author":[{"embeddable":true,"href":"https:\/\/domosistemas.com\/index.php?rest_route=\/wp\/v2\/users\/1"}],"replies":[{"embeddable":true,"href":"https:\/\/domosistemas.com\/index.php?rest_route=%2Fwp%2Fv2%2Fcomments&post=24513"}],"version-history":[{"count":0,"href":"https:\/\/domosistemas.com\/index.php?rest_route=\/wp\/v2\/posts\/24513\/revisions"}],"wp:attachment":[{"href":"https:\/\/domosistemas.com\/index.php?rest_route=%2Fwp%2Fv2%2Fmedia&parent=24513"}],"wp:term":[{"taxonomy":"category","embeddable":true,"href":"https:\/\/domosistemas.com\/index.php?rest_route=%2Fwp%2Fv2%2Fcategories&post=24513"},{"taxonomy":"post_tag","embeddable":true,"href":"https:\/\/domosistemas.com\/index.php?rest_route=%2Fwp%2Fv2%2Ftags&post=24513"}],"curies":[{"name":"wp","href":"https:\/\/api.w.org\/{rel}","templated":true}]}}