{"id":24518,"date":"2024-06-05T10:20:26","date_gmt":"2024-06-05T10:20:26","guid":{"rendered":"https:\/\/domosistemas.com\/?p=24518"},"modified":"2024-06-05T10:20:26","modified_gmt":"2024-06-05T10:20:26","slug":"tomar-un-cafe-nada-mas-levantarnos-no-es-lo-que-esperabamos-esto-es-lo-que-dice-la-ciencia-sobre-sus-efectos","status":"publish","type":"post","link":"https:\/\/domosistemas.com\/?p=24518","title":{"rendered":"Tomar un caf\u00e9 nada m\u00e1s levantarnos no es lo que esper\u00e1bamos. Esto es lo que dice la ciencia sobre sus efectos"},"content":{"rendered":"<div>\n<p>\n      <img decoding=\"async\" src=\"https:\/\/i.blogs.es\/305117\/pexels-olly-935743\/1024_2000.jpeg\" alt=\"Tomar un caf\u00e9 nada m\u00e1s levantarnos no es lo que esper\u00e1bamos. Esto es lo que dice la ciencia sobre sus efectos\">\n    <\/p>\n<p>Una costumbre arraigada en muchos hogares: tomar un caf\u00e9 para comenzar la ma\u00f1ana. Una taza de caf\u00e9 es <strong>un ritual para muchas personas<\/strong>, una forma de comenzar el d\u00eda al mismo tiempo que les ayuda a dejar atr\u00e1s los restos de sue\u00f1o tras unas horas de descanso.<\/p>\n<p><!-- BREAK 1 --><\/p>\n<p>Hasta ahora conoc\u00edamos los problemas que podr\u00eda ocasionar <strong>tomar un caf\u00e9 llegadas ciertas horas<\/strong> del d\u00eda, sobre todo por la noche. A m\u00ed siempre me viene a la cabeza la <a rel=\"noopener, noreferrer\" href=\"https:\/\/www.facebook.com\/watch\/?v=1043055775787446\">frase de la m\u00edtica Estela Reynolds<\/a>: \u00bfun caf\u00e9? \u00bfpor la ma\u00f1ana?. Pero lo que no sab\u00eda es que el caf\u00e9 no funciona como esper\u00e1bamos si lo tomamos nada m\u00e1s levantarnos.<\/p>\n<p><!-- BREAK 2 --><\/p>\n<h2>Lo inesperado de una taza<\/h2>\n<div class=\"article-asset-image article-asset-normal article-asset-center\">\n<div class=\"asset-content\">\n<div class=\"caption-img \">\n                    <a rel=\"noopener, noreferrer\" href=\"https:\/\/www.pexels.com\/es-es\/foto\/cafe-taza-naturaleza-muerta-taza-de-cafe-14838102\/\"><\/p>\n<p>    <img decoding=\"async\" alt=\"Pexels I Sra Atan 62697022 14838102\" class=\"centro_sinmarco\" src=\"https:\/\/i.blogs.es\/ac7d4f\/pexels-i-sra-atan-62697022-14838102\/450_1000.webp\"><br \/>\n     <\/a><\/p>\n<p>        <span>Foto de \u0130sra Atan<\/span>\n   <\/div>\n<\/p><\/div>\n<\/div>\n<p>Lo que para muchos es una costumbre que ven con total naturalidad, eso de tomarse un caf\u00e9 nada m\u00e1s levantarse, tiene algunas consideraciones a tener en cuenta. Esa es al menos la conclusi\u00f3n a la que han llegado investigadores de la Universidad de Arizona.<\/p>\n<p><!-- BREAK 3 --><\/p>\n<div class=\"article-asset-video article-asset-normal\">\n<div class=\"asset-content\">\n<div class=\"base-asset-video\">\n<div class=\"js-dailymotion\">\n    <script type=\"application\/json\">\n           {\"videoId\":\"x7zo910\",\"autoplay\":true,\"title\":\"Az\u00facares a\u00f1adidos: \u00bfC\u00f3mo evitarlos y mejorar la dieta?\", \"tag\":\"az\u00facar\"}\n         <\/script>\n   <\/div>\n<\/p><\/div>\n<\/p><\/div>\n<\/div>\n<p>As\u00ed, en declaraciones al <a rel=\"noopener, noreferrer\" href=\"https:\/\/www.nytimes.com\/2024\/05\/29\/well\/eat\/coffee-caffeine-timing.html\">New York Times<\/a>, Michael Grandner, director del programa de investigaci\u00f3n sobre el sue\u00f1o y la salud de la citada Universidad de Arizona, declara que \u00e9l <strong>prefiere dejar pasar un periodo de tiempo prudencial<\/strong> antes de tomarse el primer caf\u00e9 por la ma\u00f1ana.<\/p>\n<p><!-- BREAK 4 --><\/p>\n<p>Entre los supuestos beneficios del caf\u00e9, est\u00e1 el que <strong>ayuda a despejar el cuerpo<\/strong>, pero este estudio determina que quiz\u00e1s no es la mejor opci\u00f3n y afirma que quiz\u00e1s es mejor esperar un poco antes de ingerir cafeina.<\/p>\n<p><!-- BREAK 5 --><\/p>\n<p>El caf\u00e9 tiene adem\u00e1s de la cafe\u00edna, <strong>una variedad de mol\u00e9culas con actividad biol\u00f3gica<\/strong>, que producen efectos como disminuci\u00f3n de la fatiga, aumento del alerta y mejora del humor.<\/p>\n<p><!-- BREAK 6 --><\/p>\n<div class=\"article-asset-image article-asset-normal article-asset-center\">\n<div class=\"asset-content\">\n<div class=\"caption-img \">\n                    <a rel=\"noopener, noreferrer\" href=\"https:\/\/www.pexels.com\/es-es\/foto\/persona-sosteniendo-una-taza-pintada-blanca-ceramci-be-happy-851213\/\"><\/p>\n<p>    <img decoding=\"async\" alt=\"Pexels Fotios Photos 851213\" class=\"centro_sinmarco\" src=\"https:\/\/i.blogs.es\/c39b4d\/pexels-fotios-photos-851213\/450_1000.webp\"><br \/>\n     <\/a><\/p>\n<p>        <span>Foto de Lisa Fotios<\/span>\n   <\/div>\n<\/p><\/div>\n<\/div>\n<p>En este sentido <strong>la adenosina juega un papel fundamental<\/strong>. Como explica <a rel=\"noopener, noreferrer\" href=\"https:\/\/www.feinberg.northwestern.edu\/faculty-profiles\/az\/profile.html?xid=31723\">Marilyn Cornelis<\/a>, investigadora de cafe\u00edna en la Facultad de Medicina Feinberg de la Universidad Northwestern, se trata de una sustancia natural producida por nuestro cuerpo pero que tambi\u00e9n se encuentra en distintos alimentos de origen animal y vegetal.<\/p>\n<p><!-- BREAK 7 --><\/p>\n<p>Cuando termina el d\u00eda, la <strong>sensaci\u00f3n de cansancio y somnolencia<\/strong> est\u00e1 propiciada por la adenosina, cuya acumulaci\u00f3n le est\u00e1 indicando a nuestro cerebro que es el momento de descansar.<\/p>\n<p><!-- BREAK 8 --><\/p>\n<p>Lo que hace la cafe\u00edna es<strong> impedir que la adenosina act\u00fae sobre las c\u00e9lulas cerebrales<\/strong>, de forma que se evita la sensaci\u00f3n de sue\u00f1o o somnolencia. El problema es que consumir cafe\u00edna con regularidad, lo que hace es tener un efecto totalmente contrario, pues el cuerpo produce m\u00e1s adenosina. Esto se traduce en que las personas cada vez van a necesitar m\u00e1s cafe\u00edna para tener la misma sensaci\u00f3n de estar despiertas.<\/p>\n<p><!-- BREAK 9 --><\/p>\n<div class=\"article-asset article-asset-normal article-asset-center\">\n<div class=\"desvio-container\">\n<div class=\"desvio\">\n<div class=\"desvio-figure js-desvio-figure\">\n    <a href=\"https:\/\/www.xatakahome.com\/domotica\/me-costaba-dormir-asi-que-he-configurado-alexa-me-ayude-mis-cuatro-trucos-me-ayude-a-conciliar-sueno\"><br \/>\n     <img loading=\"lazy\" decoding=\"async\" alt=\"Me costaba dormir, as\u00ed que he configurado Alexa para que me ayude: estos son mis cuatro trucos para conciliar el sue\u00f1o\" width=\"375\" height=\"142\" src=\"https:\/\/i.blogs.es\/bac61e\/echo-pop\/375_142.webp\" onerror='this.src=\"https:\/\/i.blogs.es\/bac61e\/echo-pop\/375_142.jpeg\"'><br \/>\n    <\/a>\n   <\/div>\n<div class=\"desvio-summary\">\n<div class=\"desvio-taxonomy js-desvio-taxonomy\">\n     <a href=\"https:\/\/www.xatakahome.com\/domotica\/me-costaba-dormir-asi-que-he-configurado-alexa-me-ayude-mis-cuatro-trucos-me-ayude-a-conciliar-sueno\" class=\"desvio-taxonomy-anchor\">En Xataka Smart Home<\/a>\n    <\/div>\n<p>    <a href=\"https:\/\/www.xatakahome.com\/domotica\/me-costaba-dormir-asi-que-he-configurado-alexa-me-ayude-mis-cuatro-trucos-me-ayude-a-conciliar-sueno\" class=\"desvio-title js-desvio-title\">Me costaba dormir, as\u00ed que he configurado Alexa para que me ayude: estos son mis cuatro trucos para conciliar el sue\u00f1o<\/a>\n   <\/div>\n<\/p><\/div>\n<\/p><\/div>\n<\/div>\n<p>Entonces \u00bfqu\u00e9 tiene que ver con todo esto el primer caf\u00e9 de la ma\u00f1ana nada m\u00e1s levantarse? Cuando nos despertamos, <strong>los niveles de adenosina en el cuerpo, son m\u00e1s bajos<\/strong> que los que tenemos al final del d\u00eda, por lo que consumir caf\u00e9 a primera hora de la ma\u00f1ana, puede tener un efecto m\u00e1s limitado y hace que el caf\u00e9 y sus supuestos beneficios sean menos efectivos.<\/p>\n<p><!-- BREAK 10 --><\/p>\n<p>Por este motivo Grandner afirma que <strong>prefiere dejar pasar entre media hora y una hora<\/strong> despu\u00e9s de despertarse antes de tomar la primera taza de caf\u00e9, si bien afirma que se trata de una preferencia personal.<\/p>\n<p><!-- BREAK 11 --><\/p>\n<p>Lo que si es cierto, es que retrasar la ingesta de la primera taza de caf\u00e9 hasta pasado un tiempo desde que nos hemos despertado, <strong>ayuda a que sus efectos duren m\u00e1s<\/strong> teniendo en cuenta que estos no aparecen hasta pasados unos 30 minutos despu\u00e9s de su consumo.<\/p>\n<p><!-- BREAK 12 --><\/p>\n<p>Dicho esto, tambi\u00e9n hay que tener en cuenta que se recomienda no ingerir caf\u00e9, al menos <strong>seis horas antes de irse a dormir<\/strong>, debido a los efectos estimulantes que ya hemos comentado.<\/p>\n<p><!-- BREAK 13 --><\/p>\n<p>V\u00eda | <a rel=\"noopener, noreferrer\" href=\"https:\/\/www.huffingtonpost.es\/life\/salud\/estos-son-efectos-tomar-cafe-primera-hora-dia.html\">Huffingtonpost<\/a><\/p>\n<p>Foto de portada | <a rel=\"noopener, noreferrer\" href=\"https:\/\/www.pexels.com\/es-es\/foto\/mujer-en-chaqueta-gris-se-sienta-en-la-cama-utiliza-portatil-gris-935743\/\">Andrea Piacquadio<\/a><\/p>\n<p>En Xataka SmartHome | <a href=\"https:\/\/www.xatakahome.com\/tutoriales\/asi-he-conectado-mi-cafetera-nespresso-al-wi-fi-ahora-esto-todo-que-puedo-hacer-movil-1\">As\u00ed he conectado mi cafetera Nespresso al Wi-Fi y ahora esto es todo lo que puedo hacer desde el m\u00f3vil<\/a><\/p>\n<p><script>\n (function() {\n  window._JS_MODULES = window._JS_MODULES || {};\n  var headElement = document.getElementsByTagName('head')[0];\n  if (_JS_MODULES.instagram) {\n   var instagramScript = document.createElement('script');\n   instagramScript.src = 'https:\/\/platform.instagram.com\/en_US\/embeds.js';\n   instagramScript.async = true;\n   instagramScript.defer = true;\n   headElement.appendChild(instagramScript);\n  }\n })();\n<\/script><\/p>\n<p> &#8211; <br \/> La noticia<br \/>\n      <a href=\"https:\/\/www.xatakahome.com\/curiosidades\/tomar-cafe-nada-levantarnos-no-que-esperabamos-esto-que-dice-ciencia-sus-efectos?utm_source=feedburner&amp;utm_medium=feed&amp;utm_campaign=05_Jun_2024\"><br \/>\n       <em> Tomar un caf\u00e9 nada m\u00e1s levantarnos no es lo que esper\u00e1bamos. Esto es lo que dice la ciencia sobre sus efectos <\/em><br \/>\n      <\/a><br \/>\n      fue publicada originalmente en<br \/>\n      <a href=\"https:\/\/www.xatakahome.com\/?utm_source=feedburner&amp;utm_medium=feed&amp;utm_campaign=05_Jun_2024\"><br \/>\n       <strong> Xataka Smart Home <\/strong><br \/>\n      <\/a><br \/>\n            por <a href=\"https:\/\/www.xatakahome.com\/autor\/jose-antonio-carmona?utm_source=feedburner&amp;utm_medium=feed&amp;utm_campaign=05_Jun_2024\"><br \/>\n       Jose Antonio Carmona<br \/>\n      <\/a><br \/>\n      . <\/p>\n<\/div>\n","protected":false},"excerpt":{"rendered":"<p>Una costumbre arraigada en muchos hogares: tomar un caf\u00e9 para comenzar la ma\u00f1ana. Una taza de caf\u00e9 es un ritual para muchas personas, una forma de comenzar el d\u00eda al mismo tiempo que les ayuda a dejar atr\u00e1s los restos de sue\u00f1o tras unas horas de descanso. Hasta ahora conoc\u00edamos los problemas que podr\u00eda ocasionar &hellip; <a href=\"https:\/\/domosistemas.com\/?p=24518\" class=\"more-link\">Sigue leyendo <span class=\"screen-reader-text\">Tomar un caf\u00e9 nada m\u00e1s levantarnos no es lo que esper\u00e1bamos. Esto es lo que dice la ciencia sobre sus efectos<\/span><\/a><\/p>\n","protected":false},"author":1,"featured_media":0,"comment_status":"closed","ping_status":"closed","sticky":false,"template":"","format":"standard","meta":{"footnotes":""},"categories":[8],"tags":[],"class_list":["post-24518","post","type-post","status-publish","format-standard","hentry","category-xataka"],"_links":{"self":[{"href":"https:\/\/domosistemas.com\/index.php?rest_route=\/wp\/v2\/posts\/24518","targetHints":{"allow":["GET"]}}],"collection":[{"href":"https:\/\/domosistemas.com\/index.php?rest_route=\/wp\/v2\/posts"}],"about":[{"href":"https:\/\/domosistemas.com\/index.php?rest_route=\/wp\/v2\/types\/post"}],"author":[{"embeddable":true,"href":"https:\/\/domosistemas.com\/index.php?rest_route=\/wp\/v2\/users\/1"}],"replies":[{"embeddable":true,"href":"https:\/\/domosistemas.com\/index.php?rest_route=%2Fwp%2Fv2%2Fcomments&post=24518"}],"version-history":[{"count":0,"href":"https:\/\/domosistemas.com\/index.php?rest_route=\/wp\/v2\/posts\/24518\/revisions"}],"wp:attachment":[{"href":"https:\/\/domosistemas.com\/index.php?rest_route=%2Fwp%2Fv2%2Fmedia&parent=24518"}],"wp:term":[{"taxonomy":"category","embeddable":true,"href":"https:\/\/domosistemas.com\/index.php?rest_route=%2Fwp%2Fv2%2Fcategories&post=24518"},{"taxonomy":"post_tag","embeddable":true,"href":"https:\/\/domosistemas.com\/index.php?rest_route=%2Fwp%2Fv2%2Ftags&post=24518"}],"curies":[{"name":"wp","href":"https:\/\/api.w.org\/{rel}","templated":true}]}}