{"id":24537,"date":"2024-06-06T12:01:31","date_gmt":"2024-06-06T12:01:31","guid":{"rendered":"https:\/\/domosistemas.com\/?p=24537"},"modified":"2024-06-06T12:01:31","modified_gmt":"2024-06-06T12:01:31","slug":"usar-tus-electrodomesticos-en-las-horas-mas-baratas-ya-no-merece-tanto-la-pena-esta-es-la-letra-pequena-de-la-nueva-tarifa-pvpc","status":"publish","type":"post","link":"https:\/\/domosistemas.com\/?p=24537","title":{"rendered":"Usar tus electrodom\u00e9sticos en las horas m\u00e1s baratas ya no merece tanto la pena: esta es la \u00abletra peque\u00f1a\u00bb de la nueva tarifa PVPC"},"content":{"rendered":"<div>\n<p>\n      <img decoding=\"async\" src=\"https:\/\/i.blogs.es\/673b56\/a65-design-a5avnv-wevc-unsplash\/1024_2000.jpeg\" alt=\"Usar tus electrodom\u00e9sticos en las horas m\u00e1s baratas ya no merece tanto la pena: esta es la \" letra peque de la nueva tarifa pvpc>\n    <\/p>\n<p>La <a href=\"https:\/\/www.xataka.com\/energia\/precio-electricidad-caro-historia-manana-tarde-se-pagara-a-700-eur-mwh\">incesante subida en la factura de la luz<\/a> los dos \u00faltimos a\u00f1os fueron una de las principales preocupaciones de las familias espa\u00f1olas, por muchas <a href=\"https:\/\/www.xatakahome.com\/iluminacion-y-energia\/siete-sencillas-medidas-que-estamos-tomando-casa-para-ahorrar-nueva-factura-luz\">medidas y trucos de ahorro<\/a> que intent\u00e1semos aplicar para tratar de <strong>rebajar el coste a final de mes<\/strong>.<\/p>\n<p><!-- BREAK 1 --><\/p>\n<p>Este ha sido uno de los caballos de batalla del Ministerio para la Transici\u00f3n Ecol\u00f3gica y el Reto Demogr\u00e1fico (MITECO) con medidas como el <a href=\"https:\/\/www.xatakahome.com\/iluminacion-y-energia\/que-tope-al-gas-medida-gobierno-que-entra-vigor-para-rebajar-factura-luz\">tope al gas<\/a>, la <a href=\"https:\/\/www.xatakahome.com\/iluminacion-y-energia\/gobierno-bajara-iva-luz-a-mitad-pasara-10-al-5-a-partir-proximo-sabado\">bajada de impuestos como el IVA a la mitad<\/a> o la m\u00e1s reciente <strong>modificaci\u00f3n de la tarifa PVPC<\/strong> que <a href=\"https:\/\/www.xatakahome.com\/iluminacion-y-energia\/nueva-tarifa-luz-pvpc-se-aprueba-hoy-estos-cambios-objetivos-que-persigue\/amp\">se aprob\u00f3 el verano pasado<\/a> con importantes novedades que en teor\u00eda deber\u00edan ayudar a estabilizar los precios, pero que como veremos pueden traer consecuencias no deseadas por algunos consumidores.<\/p>\n<p><!-- BREAK 2 --><\/p>\n<div class=\"toc-container article-asset-normal\">\n<details>\n<summary class=\"toc-header is-open\">\n   <span class=\"toc-heading\"><br \/>\n    <span>\u00cdndice de Contenidos (2)<\/span><br \/>\n   <\/span><br \/>\n   <span class=\"icon-folded\"><\/span><br \/>\n  <\/summary>\n<\/details>\n<div class=\"toc-list-wrap is-open\">\n<div class=\"toc-list-item\">\n<ul class=\"toc-list\">\n<li class=\"toc-item\">\n       <a href=\"https:\/\/www.xatakahome.com\/#tarifa-luz-pvpc-estable-para-consumidor-despreocupado-1\" class=\"toc-item-link\">Una tarifa de la luz PVPC m\u00e1s estable para el consumidor despreocupado<\/a>\n      <\/li>\n<li class=\"toc-item\">\n       <a href=\"https:\/\/www.xatakahome.com\/#encender-tus-electrodomesticos-horas-baratas-no-merecera-pena-2\" class=\"toc-item-link\">Encender tus electrodom\u00e9sticos en las horas m\u00e1s baratas ya no merecer\u00e1 tanto la pena<\/a>\n      <\/li>\n<\/ul><\/div>\n<\/p><\/div>\n<\/div>\n<div class=\"article-asset article-asset-normal article-asset-center\">\n<div class=\"desvio-container\">\n<div class=\"desvio\">\n<div class=\"desvio-figure js-desvio-figure\">\n    <a href=\"https:\/\/www.xatakahome.com\/a-fondo\/tener-tarifa-luz-mercado-libre-regulado-que-diferencias-ventajas-e-inconvenientes-hay-cada-caso\"><br \/>\n     <img loading=\"lazy\" decoding=\"async\" alt=\"Tener la tarifa de la luz en el mercado libre o en el regulado: qu\u00e9 diferencias, ventajas e inconvenientes hay en cada caso\" width=\"375\" height=\"142\" src=\"https:\/\/i.blogs.es\/69abbc\/anthony-indraus-bb9jwutmpuk-unsplash\/375_142.webp\" onerror='this.src=\"https:\/\/i.blogs.es\/69abbc\/anthony-indraus-bb9jwutmpuk-unsplash\/375_142.jpg\"'><br \/>\n    <\/a>\n   <\/div>\n<div class=\"desvio-summary\">\n<div class=\"desvio-taxonomy js-desvio-taxonomy\">\n     <a href=\"https:\/\/www.xatakahome.com\/a-fondo\/tener-tarifa-luz-mercado-libre-regulado-que-diferencias-ventajas-e-inconvenientes-hay-cada-caso\" class=\"desvio-taxonomy-anchor\">En Xataka Smart Home<\/a>\n    <\/div>\n<p>    <a href=\"https:\/\/www.xatakahome.com\/a-fondo\/tener-tarifa-luz-mercado-libre-regulado-que-diferencias-ventajas-e-inconvenientes-hay-cada-caso\" class=\"desvio-title js-desvio-title\">Tener la tarifa de la luz en el mercado libre o en el regulado: qu\u00e9 diferencias, ventajas e inconvenientes hay en cada caso<\/a>\n   <\/div>\n<\/p><\/div>\n<\/p><\/div>\n<\/div>\n<h2 id=\"tarifa-luz-pvpc-estable-para-consumidor-despreocupado-1\" class=\"toc-enabled\"><span class=\"toc-shortcut-icon\" title=\"Ver \u00cdndice de contenido\"><\/span>Una tarifa de la luz PVPC m\u00e1s estable para el consumidor despreocupado<\/h2>\n<p>Se trataba de un proyecto que estuvo en <a rel=\"noopener, noreferrer\" href=\"https:\/\/energia.gob.es\/es-es\/Participacion\/Paginas\/DetalleParticipacionPublica.aspx?k=551\">tr\u00e1mite de audiencia e informaci\u00f3n p\u00fablica<\/a> <strong>hasta el 7 de noviembre <\/strong>y que <strong>el martes 13 de junio<\/strong> de 2023 fue finalmente aprobado en el Consejo de Ministros en un intento, seg\u00fan sus responsables, de <strong>\u00abreducir la volatilidad\u00bb<\/strong> de una tarifa regulada que hasta ahora estaba sujeta a cambios bruscos en el precio cada d\u00eda e incluso cada hora.<\/p>\n<p><!-- BREAK 3 --><\/p>\n<p>La idea del Ministerio consiste b\u00e1sicamente en incorporar a la f\u00f3rmula de c\u00e1lculo del precio de la electricidad, que cambia cada d\u00eda, un <strong>nuevo sistema a medio y largo plazo<\/strong> para evitar las fuertes oscilaciones que ahora tenemos, pero en teor\u00eda sin perder las referencias de precios a corto plazo que fomentan el ahorro y el consumo eficiente.<\/p>\n<p><!-- BREAK 4 --><\/p>\n<p>As\u00ed, con la nueva tarifa PVPC que entr\u00f3 en vigor a partir del <strong>1 de enero de 2024, <\/strong>la variaci\u00f3n entre el registro m\u00e1ximo y el m\u00ednimo de los precios se reduce un tercio, pasando del <strong>27% al 17%<\/strong> en las horas diurnas y <strong>del 23% al 16%<\/strong> en la media mensual durante el a\u00f1o completo.<\/p>\n<p><!-- BREAK 5 --><\/p>\n<p>Las referencias de los mercados de futuro se ir\u00e1n introduciendo en los precios progresivamente de modo que \u00e9stos representen<strong> el 40% en 2024 y el 55% en 2025<\/strong>. As\u00ed, como <a rel=\"noopener, noreferrer\" href=\"https:\/\/www.ocu.org\/vivienda-y-energia\/gas-luz\/noticias\/reforma-pvpc\">recoge la OCU en su \u00faltimo informe<\/a>, los cambios quedar\u00e1n de la siguiente forma:<\/p>\n<p><!-- BREAK 6 --><\/p>\n<ul>\n<li>El<strong> 1 de enero de 2024 <\/strong>se inicia el nuevo sistema estando el <strong>75% del importe<\/strong> determinado por el precio diario y el <strong>25% se repartir\u00e1<\/strong> entre el mercado de futuros mensual, trimestral y anual.<\/li>\n<li>En <strong>enero de 2025 <\/strong>se reducir\u00e1 en 15 puntos el mercado diario, quedando la proporci\u00f3n en<strong> 60% para el mercado diario y 40% para el de futuros<\/strong>.<\/li>\n<li>En<strong> Enero de 2026 <\/strong>el c\u00e1lculo del PVPC adoptar\u00e1 el formato definitivo, donde el <strong>45% depender\u00e1 del mercado diario<\/strong> y el <strong>55% se repartir\u00e1 entre los otros tres mercados<\/strong>.<\/li>\n<\/ul>\n<div class=\"article-asset-image article-asset-normal article-asset-center\">\n<div class=\"asset-content\">\n<div class=\"caption-img \">\n<p>   <img decoding=\"async\" alt=\"Tarifa Luz\" class=\"centro_sinmarco\" src=\"https:\/\/i.blogs.es\/3e1b75\/tarifa-luz\/450_1000.webp\"><\/p>\n<p>        <span>Fuente: OCU<\/span>\n   <\/div>\n<\/p><\/div>\n<\/div>\n<h2 id=\"encender-tus-electrodomesticos-horas-baratas-no-merecera-pena-2\" class=\"toc-enabled\"><span class=\"toc-shortcut-icon\" title=\"Ver \u00cdndice de contenido\"><\/span>Encender tus electrodom\u00e9sticos en las horas m\u00e1s baratas ya no merecer\u00e1 tanto la pena<\/h2>\n<p>El efecto directo que este cambio tendr\u00e1 sobre la tarifa PVPC de la luz ser\u00e1 <strong>acortar las diferencias entre el precio m\u00e1ximo y el m\u00ednimo <\/strong>que actualmente alcanza la electricidad a distintas horas del d\u00eda, o entre unos d\u00edas y otros, dirigi\u00e9ndose hacia una media m\u00e1s estable.<\/p>\n<p><!-- BREAK 7 --><\/p>\n<p>Esto dar\u00e1 m\u00e1s estabilidad a las facturas, s\u00ed, y ser\u00e1 m\u00e1s sencillo conocer aproximadamente a qu\u00e9 precio vamos a pagar la electricidad en los pr\u00f3ximos d\u00edas. Sin embargo tiene una contrapartida importante para los <strong>usuarios que se han adaptado a usar sus electrodom\u00e9sticos en las horas m\u00e1s econ\u00f3micas<\/strong> logrando importantes ahorros.<\/p>\n<p><!-- BREAK 8 --><\/p>\n<p>La nueva tarifa PVPC <strong>no incentivar\u00e1 el uso de nuestros equipos en las horas m\u00e1s baratas,<\/strong> donde en general significa que hay menor demanda o mayor producci\u00f3n de fuentes renovables como la solar. As\u00ed, ya no tendr\u00e1 tanta importancia si pones la lavadora o el lavavajillas a una hora o a otra,<strong> teniendo precios m\u00e1s parecidos en todos los horarios.<\/strong><\/p>\n<p><!-- BREAK 9 --><\/p>\n<div class=\"article-asset-video article-asset-normal\">\n<div class=\"asset-content\">\n<div class=\"base-asset-video\">\n<div class=\"js-dailymotion\">\n    <script type=\"application\/json\">\n           {\"videoId\":\"x81h7p2\",\"autoplay\":true,\"title\":\"NUEVA FACTURA DE LA LUZ: TODO LO QUE DEBES SABER para AHORRAR AL M\u00c1XIMO\", \"tag\":\"\"}\n         <\/script>\n   <\/div>\n<\/p><\/div>\n<\/p><\/div>\n<\/div>\n<p>Adem\u00e1s, como podemos comprobar en la gr\u00e1fica adjunta, <strong>el precio medio de la luz no parece que vaya a sufrir una rebaja importante<\/strong>, tan solo se van a acortar los picos entre las horas m\u00e1s caras y m\u00e1s baratas, dependientes de los diferentes peajes y cargos que se apliquen en cada momento.<\/p>\n<p><!-- BREAK 10 --><\/p>\n<div class=\"article-asset-image article-asset-normal article-asset-center\">\n<div class=\"asset-content\">\n<div class=\"caption-img \">\n<p>   <img decoding=\"async\" alt=\"Pvpc\" class=\"centro_sinmarco\" src=\"https:\/\/i.blogs.es\/316bee\/pvpc\/450_1000.webp\"><\/p>\n<p>        <span>Fuente: OCU<\/span>\n   <\/div>\n<\/p><\/div>\n<\/div>\n<p><strong>\u00bfA qui\u00e9n beneficiar\u00e1 esta tarifa?<\/strong> Pues a consumidores dom\u00e9sticos que no quieren o pueden andar preocup\u00e1ndose por la hora en la que encienden sus electrodom\u00e9sticos y aparatos, ya que notar\u00e1n una rebaja sensible dependiendo del horario en el que suelan usarlos.<\/p>\n<p><!-- BREAK 11 --><\/p>\n<p><strong>\u00bfA qui\u00e9n perjudicar\u00e1 esta tarifa?<\/strong> A los usuarios que se han acostumbrado a <strong>redirigir su consumo el\u00e9ctrico hacia las horas valle<\/strong>, que ven c\u00f3mo sus facturas se incrementan sensiblemente al no poder aprovechar esas <a href=\"https:\/\/www.xatakahome.com\/a-fondo\/algunos-dias-precio-luz-casi-gratis-tu-factura-sigue-siendo-cara-estos-costes-ocultos\">\u00abhoras o d\u00edas chollo\u00bb<\/a> que tenemos ahora mismo.<\/p>\n<p><!-- BREAK 12 --><\/p>\n<p>Imagen portada | <a rel=\"noopener, noreferrer\" href=\"https:\/\/unsplash.com\/es\/@huutin23\">A65 Design<\/a><\/p>\n<p>M\u00e1s informaci\u00f3n | <a rel=\"noopener, noreferrer\" href=\"https:\/\/www.ocu.org\/vivienda-y-energia\/gas-luz\/noticias\/reforma-pvpc\">OCU<\/a><\/p>\n<p>En Xataka Smart Home | <a href=\"https:\/\/www.xatakahome.com\/iluminacion-y-energia\/nueva-tarifa-luz-pvpc-se-aprueba-hoy-estos-cambios-objetivos-que-persigue\/amp\">As\u00ed es la nueva tarifa de la luz PVPC: quiere acabar con la volatilidad de los precios, aunque no con las subidas<\/a><\/p>\n<p><script>\n (function() {\n  window._JS_MODULES = window._JS_MODULES || {};\n  var headElement = document.getElementsByTagName('head')[0];\n  if (_JS_MODULES.instagram) {\n   var instagramScript = document.createElement('script');\n   instagramScript.src = 'https:\/\/platform.instagram.com\/en_US\/embeds.js';\n   instagramScript.async = true;\n   instagramScript.defer = true;\n   headElement.appendChild(instagramScript);\n  }\n })();\n<\/script><\/p>\n<p> &#8211; <br \/> La noticia<br \/>\n      <a href=\"https:\/\/www.xatakahome.com\/hogar\/usar-tus-electrodomesticos-horas-baratas-no-merece-pena-esta-letra-pequena-nueva-tarifa-pvpc?utm_source=feedburner&amp;utm_medium=feed&amp;utm_campaign=06_Jun_2024\"><br \/>\n       <em> Usar tus electrodom\u00e9sticos en las horas m\u00e1s baratas ya no merece tanto la pena: esta es la \u00abletra peque\u00f1a\u00bb de la nueva tarifa PVPC   <\/em><br \/>\n      <\/a><br \/>\n      fue publicada originalmente en<br \/>\n      <a href=\"https:\/\/www.xatakahome.com\/?utm_source=feedburner&amp;utm_medium=feed&amp;utm_campaign=06_Jun_2024\"><br \/>\n       <strong> Xataka Smart Home <\/strong><br \/>\n      <\/a><br \/>\n            por <a href=\"https:\/\/www.xatakahome.com\/autor\/paco-rodriguez?utm_source=feedburner&amp;utm_medium=feed&amp;utm_campaign=06_Jun_2024\"><br \/>\n       Paco Rodriguez<br \/>\n      <\/a><br \/>\n      . <\/p>\n<\/div>\n","protected":false},"excerpt":{"rendered":"<p>La incesante subida en la factura de la luz los dos \u00faltimos a\u00f1os fueron una de las principales preocupaciones de las familias espa\u00f1olas, por muchas medidas y trucos de ahorro que intent\u00e1semos aplicar para tratar de rebajar el coste a final de mes. Este ha sido uno de los caballos de batalla del Ministerio para &hellip; <a href=\"https:\/\/domosistemas.com\/?p=24537\" class=\"more-link\">Sigue leyendo <span class=\"screen-reader-text\">Usar tus electrodom\u00e9sticos en las horas m\u00e1s baratas ya no merece tanto la pena: esta es la \u00abletra peque\u00f1a\u00bb de la nueva tarifa PVPC<\/span><\/a><\/p>\n","protected":false},"author":1,"featured_media":0,"comment_status":"closed","ping_status":"closed","sticky":false,"template":"","format":"standard","meta":{"footnotes":""},"categories":[8],"tags":[],"class_list":["post-24537","post","type-post","status-publish","format-standard","hentry","category-xataka"],"_links":{"self":[{"href":"https:\/\/domosistemas.com\/index.php?rest_route=\/wp\/v2\/posts\/24537","targetHints":{"allow":["GET"]}}],"collection":[{"href":"https:\/\/domosistemas.com\/index.php?rest_route=\/wp\/v2\/posts"}],"about":[{"href":"https:\/\/domosistemas.com\/index.php?rest_route=\/wp\/v2\/types\/post"}],"author":[{"embeddable":true,"href":"https:\/\/domosistemas.com\/index.php?rest_route=\/wp\/v2\/users\/1"}],"replies":[{"embeddable":true,"href":"https:\/\/domosistemas.com\/index.php?rest_route=%2Fwp%2Fv2%2Fcomments&post=24537"}],"version-history":[{"count":0,"href":"https:\/\/domosistemas.com\/index.php?rest_route=\/wp\/v2\/posts\/24537\/revisions"}],"wp:attachment":[{"href":"https:\/\/domosistemas.com\/index.php?rest_route=%2Fwp%2Fv2%2Fmedia&parent=24537"}],"wp:term":[{"taxonomy":"category","embeddable":true,"href":"https:\/\/domosistemas.com\/index.php?rest_route=%2Fwp%2Fv2%2Fcategories&post=24537"},{"taxonomy":"post_tag","embeddable":true,"href":"https:\/\/domosistemas.com\/index.php?rest_route=%2Fwp%2Fv2%2Ftags&post=24537"}],"curies":[{"name":"wp","href":"https:\/\/api.w.org\/{rel}","templated":true}]}}