{"id":24549,"date":"2024-06-07T07:07:37","date_gmt":"2024-06-07T07:07:37","guid":{"rendered":"https:\/\/domosistemas.com\/?p=24549"},"modified":"2024-06-07T07:07:37","modified_gmt":"2024-06-07T07:07:37","slug":"mi-casa-tiene-un-ascensor-de-casi-50-anos-y-por-ahora-no-le-afecta-la-nueva-ley-este-es-el-truco-legal-que-lo-hace-posible","status":"publish","type":"post","link":"https:\/\/domosistemas.com\/?p=24549","title":{"rendered":"Mi casa tiene un ascensor de casi 50 a\u00f1os y por ahora no le afecta la nueva Ley. Este es el truco legal que lo hace posible"},"content":{"rendered":"<div>\n<p>\n      <img decoding=\"async\" src=\"https:\/\/i.blogs.es\/84d338\/img_4948\/1024_2000.jpeg\" alt=\"Mi casa tiene un ascensor de casi 50 a\u00f1os y por ahora no le afecta la nueva Ley. Este es el truco legal que lo hace posible\">\n    <\/p>\n<p>Los consumidores ya sabemos que de aqu\u00ed a unas semanas, en concreto el 1 de julio, entrar\u00e1 en vigor una <a href=\"https:\/\/www.xatakahome.com\/hogar\/40-ascensores-debera-reformarse-proximo-mes-asi-nueva-ley-seguridad\">nueva normativa<\/a> que regula los ascensores en los edificios. Un cambio que afectar\u00e1 a las estructuras m\u00e1s antiguas y que conllevar\u00e1 <strong>un gasto importante para las comunidades de vecinos <\/strong>(se estima en unos 3.000 euros de partida que puede ser m\u00e1s seg\u00fan los defectos a corregir).<\/p>\n<p><!-- BREAK 1 --><\/p>\n<p>Esto conlleva en muchos casos que se tengan que producir las temidas derramas o la generaci\u00f3n de extras en lo que se paga en el recibo de la comunidad para hacer frente a <strong>una reforma que no es nada barata<\/strong>. Pero sin embargo hay un peque\u00f1o resquicio legal que puede ahorrar a los vecinos mucho dinero.<\/p>\n<p><!-- BREAK 2 --><\/p>\n<div class=\"toc-container article-asset-normal\">\n<details>\n<summary class=\"toc-header \">\n   <span class=\"toc-heading\"><br \/>\n    <span>\u00cdndice de Contenidos (4)<\/span><br \/>\n   <\/span><br \/>\n   <span class=\"icon-folded\"><\/span><br \/>\n  <\/summary>\n<\/details>\n<div class=\"toc-list-wrap \">\n<div class=\"toc-list-item\">\n<ul class=\"toc-list\">\n<li class=\"toc-item\">\n       <a href=\"https:\/\/www.xatakahome.com\/#que-dice-ley-1\" class=\"toc-item-link\">Lo que dice la Ley<\/a>\n      <\/li>\n<li class=\"toc-item\">\n       <a href=\"https:\/\/www.xatakahome.com\/#clave-esta-oca-que-2\" class=\"toc-item-link\">La clave est\u00e1 en la OCA pero \u00bfqu\u00e9 es?<\/a>\n      <\/li>\n<li class=\"toc-item\">\n       <a href=\"https:\/\/www.xatakahome.com\/#cuando-se-pasa-oca-que-controla-3\" class=\"toc-item-link\">Cuando se pasa la OCA y qu\u00e9 controla<\/a>\n      <\/li>\n<li class=\"toc-item\">\n       <a href=\"https:\/\/www.xatakahome.com\/#que-ocurre-se-pasa-oca-no-se-supera-4\" class=\"toc-item-link\">Qu\u00e9 ocurre si se pasa la OCA o no se supera<\/a>\n      <\/li>\n<\/ul><\/div>\n<\/p><\/div>\n<\/div>\n<h2 id=\"que-dice-ley-1\" class=\"toc-enabled\"><span class=\"toc-shortcut-icon\" title=\"Ver \u00cdndice de contenido\"><\/span>Lo que dice la Ley<\/h2>\n<div class=\"article-asset-image article-asset-normal article-asset-center\">\n<div class=\"asset-content\">\n<p>   <img decoding=\"async\" alt=\"Fascensores\" class=\"centro_sinmarco\" src=\"https:\/\/i.blogs.es\/b14d43\/fascensores\/450_1000.webp\"><\/p><\/div>\n<\/div>\n<p>La <strong>reforma del parque de ascensores<\/strong> es ya una realidad y afecta a una gran cantidad de instalaciones. A menor n\u00famero de vecinos, m\u00e1s importante ser\u00e1 el gasto a realizar para adecuar el elevador a la <a href=\"https:\/\/www.xatakahome.com\/diseno-y-arquitectura\/tu-casa-hay-ascensor-llega-nueva-normativa-a-partir-verano-estas-novedades\">normativa<\/a> que entra en vigor el 1 de julio.<\/p>\n<p><!-- BREAK 3 --><\/p>\n<p>Y son muchos los afectados. Por poner un ejemplo y como cuentan en el <a rel=\"noopener, noreferrer\" href=\"https:\/\/www.ideal.es\/granada\/ocho-diez-ascensores-granada-reformarse-nueva-ley-20240606003842-nt.html\">Ideal<\/a>, en el caso de mi ciudad, ocho de cada diez ascensores tendr\u00e1n que adaptarse y reformarse para cumplir con la nueva ley publicada en el <a rel=\"noopener, noreferrer\" href=\"https:\/\/www.boe.es\/diario_boe\/txt.php?id=BOE-A-2024-7258\" data-id=\"noopener, noreferrer\">Bolet\u00edn Oficial del Estado (BOE)<\/a> para dar vida a la <strong>\u00abInstrucci\u00f3n T\u00e9cnica Complementaria ITC AEM 1 de Ascensores\u00bb.<\/strong><\/p>\n<p><!-- BREAK 4 --><\/p>\n<div class=\"article-asset-video article-asset-normal\">\n<div class=\"asset-content\">\n<div class=\"base-asset-video\">\n   <iframe loading=\"lazy\" width=\"650\" height=\"366\" src=\"\/\/www.youtube.com\/embed\/2vfUUwrUqPE\" allowfullscreen><\/iframe>\n  <\/div>\n<\/p><\/div>\n<\/div>\n<p>En el caso de mi ciudad, que puede extenderse a otras muchas, <strong>la clave est\u00e1 en los a\u00f1os de muchas instalaciones<\/strong>. Seg\u00fan afirma el presidente del Colegio de Administradores de Fincas en Granada, Rafael Mart\u00edn, el motivo es que hay muchos ascensores antiguos, de los a\u00f1os 70, 80 y 90.<\/p>\n<p><!-- BREAK 5 --><\/p>\n<p>En mi caso, en el de mi edificio, el ascensor es del a\u00f1o 1974 y aunque el sistema de motores se cambio en 1998, la cabina sigue siendo antigua. Y por ello <strong>tendremos que adaptarlo a la nueva norma<\/strong>, aunque tras contactar con la empresa que lleva el mantenimiento me han advertido de algo que podr\u00eda ser un \u00abtruco legal\u00bb para evitar por ahora, ese gasto.<\/p>\n<p><!-- BREAK 6 --><\/p>\n<h2 id=\"clave-esta-oca-que-2\" class=\"toc-enabled\"><span class=\"toc-shortcut-icon\" title=\"Ver \u00cdndice de contenido\"><\/span>La clave est\u00e1 en la OCA pero \u00bfqu\u00e9 es?<\/h2>\n<div class=\"article-asset-image article-asset-normal article-asset-center\">\n<div class=\"asset-content\">\n<p>   <img decoding=\"async\" alt=\"Ascensor\" class=\"centro_sinmarco\" src=\"https:\/\/i.blogs.es\/9d0f55\/img_4946\/450_1000.webp\"><\/p><\/div>\n<\/div>\n<p>Y es que estar\u00e1n exentos de pasar esa reforma por ahora todos aquellos que a d\u00eda anterior al 1 de julio hayan pasado la Inspecci\u00f3n T\u00e9cnica de Ascensores. Es <strong>una especie de \u00abITV\u00bb exclusiva para ascensores<\/strong> y que est\u00e1 regulada por el <a rel=\"noopener, noreferrer\" href=\"https:\/\/boe.es\/buscar\/doc.php?id=BOE-A-2013-1969\" data-id=\"noopener\"><u>Real Decreto 88\/2013 del 8 de febrero<\/u><\/a><u>.<\/u><\/p>\n<p><!-- BREAK 7 --><\/p>\n<p>Normalmente conocida tambi\u00e9n como OCA (son las siglas de <strong>\u00abOrganismo de Control Autorizado\u00bb<\/strong>), se trata de una inspecci\u00f3n que se realizar cada cuatro a\u00f1os al ascensor por parte de una entidad supervisora.<\/p>\n<p><!-- BREAK 8 --><\/p>\n<div class=\"article-asset-image article-asset-normal article-asset-center\">\n<div class=\"asset-content\">\n<p>   <img decoding=\"async\" alt=\"Ascensor\" class=\"centro_sinmarco\" src=\"https:\/\/i.blogs.es\/a518f9\/img_49451\/450_1000.webp\"><\/p><\/div>\n<\/div>\n<p>El objetivo de esta ITV es <strong>garantizar la seguridad y el correcto funcionamiento del ascensor<\/strong> y en ese aspecto se incluye tambi\u00e9n el que est\u00e9 sujeto a la normativa. La responsabilidad de que se efect\u00fae a tiempo es del <strong>propietario de la instalaci\u00f3n, que es <\/strong>el presidente en las comunidades de vecinos.<\/p>\n<p><!-- BREAK 9 --><\/p>\n<p>De hecho, seg\u00fan me informaron en una empresa de ascensores, al pasar esta inspecci\u00f3n antes del 1 de julio, <strong>ganamos cuatro a\u00f1os<\/strong> antes de tener que afrontar la necesaria adaptaci\u00f3n.<\/p>\n<p><!-- BREAK 10 --><\/p>\n<h2 id=\"cuando-se-pasa-oca-que-controla-3\" class=\"toc-enabled\"><span class=\"toc-shortcut-icon\" title=\"Ver \u00cdndice de contenido\"><\/span>Cuando se pasa la OCA y qu\u00e9 controla<\/h2>\n<div class=\"article-asset-image article-asset-normal article-asset-center\">\n<div class=\"asset-content\">\n<p>   <img decoding=\"async\" alt=\"Ascensor\" class=\"centro_sinmarco\" src=\"https:\/\/i.blogs.es\/82adb3\/img_4947\/450_1000.webp\"><\/p><\/div>\n<\/div>\n<p>El periodo para pasar esta inspecci\u00f3n var\u00eda seg\u00fan el tipo de instalaci\u00f3n y ascensor:<\/p>\n<ul>\n<li><strong>Deber\u00e1n pasarla cada 2 a\u00f1os<\/strong> ascensores instalados en edificios industriales y edificios p\u00fablicos.<\/li>\n<li><strong>Cada 4 a\u00f1os<\/strong> en el caso de ascensores en bloques de m\u00e1s de 4 plantas o m\u00e1s de 20 viviendas.<\/li>\n<li><strong>Cada 6 a\u00f1os<\/strong> para los sistemas no incluidos en los casos anteriores.<\/li>\n<\/ul>\n<p>Seg\u00fan detallan en la web de <a rel=\"noopener, noreferrer\" href=\"https:\/\/embarba.com\/2021\/02\/oca-inspeccion-tecnica-de-ascensor-que-es\/\">Embarba<\/a>, la revisi\u00f3n, en la que intervendr\u00e1n el inspector del OCA y un representante de la empresa de mantenimiento, es un proceso en el que <strong>se comprueban las siguientes<\/strong> <strong>partes del ascensor<\/strong>:<\/p>\n<p><!-- BREAK 11 --><\/p>\n<ol>\n<li>Las puertas de ascensor a la cabina y su condena mec\u00e1nica y el\u00e9ctrica.<\/li>\n<li>Los cables de tracci\u00f3n y sus amarres.<\/li>\n<li>Los mecanismos de freno.<\/li>\n<li>Los topes el\u00e1sticos y amortiguadores.<\/li>\n<li>El paraca\u00eddas y limitador de velocidad.<\/li>\n<li>Los topes el\u00e1sticos y amortiguadores.<\/li>\n<li>Los dispositivos de alarma y de emergencia.<\/li>\n<li>La cabina y acceso a ella.<\/li>\n<li>El contrapeso.<\/li>\n<li>Circuitos el\u00e9ctricos de seguridad.<\/li>\n<li>El hueco del ascensor.<\/li>\n<li>El cuarto de m\u00e1quinas, poleas y el grupo tractor.<\/li>\n<li>El mantenimiento, identificaci\u00f3n, r\u00f3tulos, etc.<\/li>\n<\/ol>\n<h2 id=\"que-ocurre-se-pasa-oca-no-se-supera-4\" class=\"toc-enabled\"><span class=\"toc-shortcut-icon\" title=\"Ver \u00cdndice de contenido\"><\/span>Qu\u00e9 ocurre si se pasa la OCA o no se supera<\/h2>\n<div class=\"article-asset-image article-asset-normal article-asset-center\">\n<div class=\"asset-content\">\n<p>   <img decoding=\"async\" alt=\"Ascensor\" class=\"centro_sinmarco\" src=\"https:\/\/i.blogs.es\/05bc86\/img_4949\/450_1000.webp\"><\/p><\/div>\n<\/div>\n<p>Si el ascensor pasa la inspecci\u00f3n de forma favorable, recibir\u00e1 una especie de sello adhesivo (como las ITV de los coches) con <strong>informaci\u00f3n relativa a la revisi\u00f3n y pr\u00f3ximas inspecciones.<\/strong><\/p>\n<p><!-- BREAK 12 --><\/p>\n<p><strong>Si no la supera<\/strong>, los titulares y la empresa mantenedora recibir\u00e1n un Informe de Inspecci\u00f3n que tambi\u00e9n se comunicar\u00e1 al organismo correspondiente y a partir de ah\u00ed pueden darse varios casos:<\/p>\n<p><!-- BREAK 13 --><\/p>\n<ul>\n<li><strong>Inspecciones favorables<\/strong> sin defectos, con defectos leves o con reparo (interacci\u00f3n defecto leve en inspecci\u00f3n anterior).<\/li>\n<li>Para inspecciones desfavorables con <strong>fallos graves<\/strong>, los titulares tendr\u00e1n 6 meses para subsanar las deficiencias detectadas y realizar una 2\u00ba Inspecci\u00f3n de comprobaci\u00f3n.<\/li>\n<li>Si los <strong>defectos en las inspecciones desfavarobles son muy graves<\/strong>, el ascensor quedara anulado y fuera de servicio hasta que se subsanen las deficiencias detectadas y se proceda a una 2\u00ba Inspecci\u00f3n de Verificaci\u00f3n.<\/li>\n<\/ul>\n<div class=\"article-asset-image article-asset-normal article-asset-center\">\n<div class=\"asset-content\">\n<div class=\"caption-img \">\n<p>   <img decoding=\"async\" alt=\"Ascensor\" class=\"centro_sinmarco\" src=\"https:\/\/i.blogs.es\/917922\/captura-de-pantalla-2024-06-07-a-las-9.40.24\/450_1000.webp\"><\/p>\n<p>        <span>Documento acreditativo de haber superado la OCA<\/span>\n   <\/div>\n<\/p><\/div>\n<\/div>\n<p>Con todo esto, si en tu casa, en tu edificio, el ascensor ha pasado recientemente la Inspecci\u00f3n T\u00e9cnica de Ascensores, los vecinos no tendr\u00e1n que afrontar la reforma <strong>hasta que no llegue el momento de la pr\u00f3xima inspecci\u00f3n<\/strong>. Para poner en contexto, en la foto del sello de control del ascensor de mi casa aparece la fecha 2027 que es cuando s\u00ed que tendremos que afrontar la reforma obligatoriamente.<\/p>\n<p><!-- BREAK 14 --><\/p>\n<p>Estas son 7 las medidas que deben implementarse en los ascensores:<\/p>\n<ul>\n<li>Nivelaci\u00f3n deficiente<\/li>\n<li>Movimientos ascendentes incontrolados<\/li>\n<li>Barreras infrarrojas laterales<\/li>\n<li>Adaptaci\u00f3n del contrapeso<\/li>\n<li>Dispositivos de control de sobrecarga<\/li>\n<li>Comunicaci\u00f3n bidireccional en cabina<\/li>\n<li>Sustituci\u00f3n de gu\u00edas<\/li>\n<\/ul>\n<p>Para completar la informaci\u00f3n, <strong>he contactado con la empresa que lleva el mantenimiento<\/strong> del ascensor y en edificio y me han confirmado lo que ya sab\u00edamos.<\/p>\n<p><!-- BREAK 15 --><\/p>\n<p>Una vez se ha pasado la inspecci\u00f3n t\u00e9cnica, el ascensor no deber\u00e1 adaptarse a la nueva normativa <strong>hasta que no llegue el momento de la siguiente inspecci\u00f3n<\/strong>, que ser\u00e1 cuando el organismo de control determine cuales son los cambios que deben efectuarse. Esta es la norma general, pero puede cambiar en el caso de que una persona tenga un incidente en el ascensor. En ese caso <strong>debe comunicarse a Industria<\/strong> y un organismo independiente de control. Se encargar\u00e1 de terminar el problema y comunicar a la comunidad propietarios cu\u00e1les son los cambios que deben efectuarse en la instalaci\u00f3n.<\/p>\n<p><!-- BREAK 16 --><\/p>\n<div class=\"article-asset article-asset-normal article-asset-center\">\n<div class=\"desvio-container\">\n<div class=\"desvio\">\n<div class=\"desvio-figure js-desvio-figure\">\n    <a href=\"https:\/\/www.xatakahome.com\/hogar\/esto-que-hay-que-hacer-ascensores-a-partir-1-julio-no-se-queden-fuera-servicio\"><br \/>\n     <img loading=\"lazy\" decoding=\"async\" alt=\"Esto es lo que hay que hacer con los ascensores a partir del 1 de julio para que no se queden fuera de servicio \" width=\"375\" height=\"142\" src=\"https:\/\/i.blogs.es\/bbcf05\/ascensor\/375_142.webp\" onerror='this.src=\"https:\/\/i.blogs.es\/bbcf05\/ascensor\/375_142.jpeg\"'><br \/>\n    <\/a>\n   <\/div>\n<div class=\"desvio-summary\">\n<div class=\"desvio-taxonomy js-desvio-taxonomy\">\n     <a href=\"https:\/\/www.xatakahome.com\/hogar\/esto-que-hay-que-hacer-ascensores-a-partir-1-julio-no-se-queden-fuera-servicio\" class=\"desvio-taxonomy-anchor\">En Xataka Smart Home<\/a>\n    <\/div>\n<p>    <a href=\"https:\/\/www.xatakahome.com\/hogar\/esto-que-hay-que-hacer-ascensores-a-partir-1-julio-no-se-queden-fuera-servicio\" class=\"desvio-title js-desvio-title\">Esto es lo que hay que hacer con los ascensores a partir del 1 de julio para que no se queden fuera de servicio <\/a>\n   <\/div>\n<\/p><\/div>\n<\/p><\/div>\n<\/div>\n<p>Por otro lado, seg\u00fan detallan en <a rel=\"noopener, noreferrer\" href=\"https:\/\/www.duplexascensores.com\/nueva-itc\/\">Duplex Ascensores<\/a>, hay un plazo diferente para cada medida m\u00ednima de seguridad.<\/p>\n<blockquote><p>En el caso de instalaci\u00f3n de Barreras Infrarrojas ser\u00e1 de 6 meses desde un accidente por golpe de puerta o 1 a\u00f1o desde la Inspecci\u00f3n Peri\u00f3dica Obligatoria con defecto. Este plazo de 1 a\u00f1o desde la \u00faltima IPO con defecto tambi\u00e9n aplica para la nivelaci\u00f3n deficiente, comunicaci\u00f3n bidireccional y dispositivo de control de sobrecarga. Para la sustituci\u00f3n de gu\u00edas y contrapeso el plazo ser\u00e1 de 3 a\u00f1os para ascensores de m\u00e1s de 50 a\u00f1os y de 5 a\u00f1os para los ascensores con menos de 50 a\u00f1os de antig\u00fcedad. Para la adecuaci\u00f3n de los movimientos incontrolados de cabina ser\u00e1 el hito de la sustituci\u00f3n del Grupo Tractor + Maniobra la que lo corregir\u00e1.<\/p><\/blockquote>\n<p>A partir de entonces, las comunidades de vecinos tendr\u00e1n unos <strong>plazos m\u00ednimos para subsanar las carencias<\/strong> y adaptarse a los cambios. No realizar esta inspecci\u00f3n en fecha puede acarrear problemas para la comunidad de propietarios y la persona a su cargo que van desde sanciones administrativas hasta responsabilidades civiles y penales graves y adem\u00e1s pueden conllevar que el ascensor <a rel=\"noopener, noreferrer\" href=\"https:\/\/feeda.es\/feeda-participa-en-la-television-de-asturias-instando-a-los-propietarios-de-ascensores-a-cumplir-con-la-nueva-normativa-tecnica\/\" data-id=\"noopener, noreferrer\">deba pararse y dejar de funcionar<\/a>.<\/p>\n<p><!-- BREAK 17 --><\/p>\n<p>En Xataka SmartHome | <a href=\"https:\/\/www.xatakahome.com\/a-fondo\/esto-que-dice-ley-tener-mascota-casa-tus-vecinos-pueden-prohibir-que-tu-perro-suba-al-ascensor\">Esto es lo que dice la Ley sobre tener una mascota en casa. Tus vecinos pueden hasta prohibir que tu perro suba al ascensor<\/a><\/p>\n<p><script>\n (function() {\n  window._JS_MODULES = window._JS_MODULES || {};\n  var headElement = document.getElementsByTagName('head')[0];\n  if (_JS_MODULES.instagram) {\n   var instagramScript = document.createElement('script');\n   instagramScript.src = 'https:\/\/platform.instagram.com\/en_US\/embeds.js';\n   instagramScript.async = true;\n   instagramScript.defer = true;\n   headElement.appendChild(instagramScript);\n  }\n })();\n<\/script><\/p>\n<p> &#8211; <br \/> La noticia<br \/>\n      <a href=\"https:\/\/www.xatakahome.com\/hogar\/mi-casa-tiene-ascensor-40-anos-ahora-no-nos-afecta-nueva-ley-este-truco-legal-que-hace-posible?utm_source=feedburner&amp;utm_medium=feed&amp;utm_campaign=07_Jun_2024\"><br \/>\n       <em> Mi casa tiene un ascensor de casi 50 a\u00f1os y por ahora no le afecta la nueva Ley. Este es el truco legal que lo hace posible <\/em><br \/>\n      <\/a><br \/>\n      fue publicada originalmente en<br \/>\n      <a href=\"https:\/\/www.xatakahome.com\/?utm_source=feedburner&amp;utm_medium=feed&amp;utm_campaign=07_Jun_2024\"><br \/>\n       <strong> Xataka Smart Home <\/strong><br \/>\n      <\/a><br \/>\n            por <a href=\"https:\/\/www.xatakahome.com\/autor\/jose-antonio-carmona?utm_source=feedburner&amp;utm_medium=feed&amp;utm_campaign=07_Jun_2024\"><br \/>\n       Jose Antonio Carmona<br \/>\n      <\/a><br \/>\n      . <\/p>\n<\/div>\n","protected":false},"excerpt":{"rendered":"<p>Los consumidores ya sabemos que de aqu\u00ed a unas semanas, en concreto el 1 de julio, entrar\u00e1 en vigor una nueva normativa que regula los ascensores en los edificios. Un cambio que afectar\u00e1 a las estructuras m\u00e1s antiguas y que conllevar\u00e1 un gasto importante para las comunidades de vecinos (se estima en unos 3.000 euros &hellip; <a href=\"https:\/\/domosistemas.com\/?p=24549\" class=\"more-link\">Sigue leyendo <span class=\"screen-reader-text\">Mi casa tiene un ascensor de casi 50 a\u00f1os y por ahora no le afecta la nueva Ley. Este es el truco legal que lo hace posible<\/span><\/a><\/p>\n","protected":false},"author":1,"featured_media":0,"comment_status":"closed","ping_status":"closed","sticky":false,"template":"","format":"standard","meta":{"footnotes":""},"categories":[8],"tags":[],"class_list":["post-24549","post","type-post","status-publish","format-standard","hentry","category-xataka"],"_links":{"self":[{"href":"https:\/\/domosistemas.com\/index.php?rest_route=\/wp\/v2\/posts\/24549","targetHints":{"allow":["GET"]}}],"collection":[{"href":"https:\/\/domosistemas.com\/index.php?rest_route=\/wp\/v2\/posts"}],"about":[{"href":"https:\/\/domosistemas.com\/index.php?rest_route=\/wp\/v2\/types\/post"}],"author":[{"embeddable":true,"href":"https:\/\/domosistemas.com\/index.php?rest_route=\/wp\/v2\/users\/1"}],"replies":[{"embeddable":true,"href":"https:\/\/domosistemas.com\/index.php?rest_route=%2Fwp%2Fv2%2Fcomments&post=24549"}],"version-history":[{"count":0,"href":"https:\/\/domosistemas.com\/index.php?rest_route=\/wp\/v2\/posts\/24549\/revisions"}],"wp:attachment":[{"href":"https:\/\/domosistemas.com\/index.php?rest_route=%2Fwp%2Fv2%2Fmedia&parent=24549"}],"wp:term":[{"taxonomy":"category","embeddable":true,"href":"https:\/\/domosistemas.com\/index.php?rest_route=%2Fwp%2Fv2%2Fcategories&post=24549"},{"taxonomy":"post_tag","embeddable":true,"href":"https:\/\/domosistemas.com\/index.php?rest_route=%2Fwp%2Fv2%2Ftags&post=24549"}],"curies":[{"name":"wp","href":"https:\/\/api.w.org\/{rel}","templated":true}]}}