{"id":24555,"date":"2024-06-07T12:09:39","date_gmt":"2024-06-07T12:09:39","guid":{"rendered":"https:\/\/domosistemas.com\/?p=24555"},"modified":"2024-06-07T12:09:39","modified_gmt":"2024-06-07T12:09:39","slug":"un-experto-desvela-que-verduras-son-las-mejores-para-plantar-este-mes-de-junio-en-nuestra-huerta-domestica","status":"publish","type":"post","link":"https:\/\/domosistemas.com\/?p=24555","title":{"rendered":"Un experto desvela qu\u00e9 verduras son las mejores para plantar este mes de junio en nuestra huerta dom\u00e9stica"},"content":{"rendered":"<div>\n<p>\n      <img decoding=\"async\" src=\"https:\/\/i.blogs.es\/57b8a7\/pexels-wendywei-1656663\/1024_2000.jpeg\" alt=\"Un experto desvela qu\u00e9 verduras son las mejores para plantar este mes de junio en nuestra huerta dom\u00e9stica\">\n    <\/p>\n<p>A la hora de <a href=\"https:\/\/www.xatakahome.com\/hogar\/quiero-cultivar-frutas-dentro-casa-estos-arboles-que-se-dan-bien-interiores\">tener una peque\u00f1a huerta en casa<\/a> muchas veces nos surge la duda sobre <strong>qu\u00e9 se puede plantar en cada \u00e9poca del a\u00f1o<\/strong>, sobre todo si hace mucho calor como ahora mismo en junio a las puertas del verano.<\/p>\n<p><!-- BREAK 1 --><\/p>\n<p>Sin embargo, s\u00ed hay una serie de <strong>hortalizas que pueden sembrase en estas fechas<\/strong> y que agradecer\u00e1n las altas temperaturas a la hora de brotar y crecer con fuerza. \u00bfCu\u00e1les son las m\u00e1s populares para nuestro huerto dom\u00e9stico? Vamos a repasarlas.<\/p>\n<p><!-- BREAK 2 --><\/p>\n<div class=\"toc-container article-asset-normal\">\n<details>\n<summary class=\"toc-header \">\n   <span class=\"toc-heading\"><br \/>\n    <span>\u00cdndice de Contenidos (6)<\/span><br \/>\n   <\/span><br \/>\n   <span class=\"icon-folded\"><\/span><br \/>\n  <\/summary>\n<\/details>\n<div class=\"toc-list-wrap \">\n<div class=\"toc-list-item\">\n<ul class=\"toc-list\">\n<li class=\"toc-item\">\n       <a href=\"https:\/\/www.xatakahome.com\/#acelgas-1\" class=\"toc-item-link\">Acelgas<\/a>\n      <\/li>\n<li class=\"toc-item\">\n       <a href=\"https:\/\/www.xatakahome.com\/#remolacha-2\" class=\"toc-item-link\">Remolacha<\/a>\n      <\/li>\n<li class=\"toc-item\">\n       <a href=\"https:\/\/www.xatakahome.com\/#zanahorias-3\" class=\"toc-item-link\">Zanahorias<\/a>\n      <\/li>\n<li class=\"toc-item\">\n       <a href=\"https:\/\/www.xatakahome.com\/#brocoli-4\" class=\"toc-item-link\">Br\u00f3coli<\/a>\n      <\/li>\n<li class=\"toc-item\">\n       <a href=\"https:\/\/www.xatakahome.com\/#hinojo-5\" class=\"toc-item-link\">Hinojo<\/a>\n      <\/li>\n<li class=\"toc-item\">\n       <a href=\"https:\/\/www.xatakahome.com\/#patatas-6\" class=\"toc-item-link\">Patatas<\/a>\n      <\/li>\n<\/ul><\/div>\n<\/p><\/div>\n<\/div>\n<div class=\"article-asset article-asset-normal article-asset-center\">\n<div class=\"desvio-container\">\n<div class=\"desvio\">\n<div class=\"desvio-figure js-desvio-figure\">\n    <a href=\"https:\/\/www.xatakahome.com\/hogar\/quiero-cultivar-frutas-dentro-casa-estos-arboles-que-se-dan-bien-interiores\"><br \/>\n     <img loading=\"lazy\" decoding=\"async\" alt=\"Quiero cultivar frutas dentro de casa: estos son los \u00e1rboles que se dan bien en interiores \" width=\"375\" height=\"142\" src=\"https:\/\/i.blogs.es\/301ed3\/pexels-eva-bronzini-6495804\/375_142.webp\" onerror='this.src=\"https:\/\/i.blogs.es\/301ed3\/pexels-eva-bronzini-6495804\/375_142.jpeg\"'><br \/>\n    <\/a>\n   <\/div>\n<div class=\"desvio-summary\">\n<div class=\"desvio-taxonomy js-desvio-taxonomy\">\n     <a href=\"https:\/\/www.xatakahome.com\/hogar\/quiero-cultivar-frutas-dentro-casa-estos-arboles-que-se-dan-bien-interiores\" class=\"desvio-taxonomy-anchor\">En Xataka Smart Home<\/a>\n    <\/div>\n<p>    <a href=\"https:\/\/www.xatakahome.com\/hogar\/quiero-cultivar-frutas-dentro-casa-estos-arboles-que-se-dan-bien-interiores\" class=\"desvio-title js-desvio-title\">Quiero cultivar frutas dentro de casa: estos son los \u00e1rboles que se dan bien en interiores <\/a>\n   <\/div>\n<\/p><\/div>\n<\/p><\/div>\n<\/div>\n<h2 id=\"acelgas-1\" class=\"toc-enabled\"><span class=\"toc-shortcut-icon\" title=\"Ver \u00cdndice de contenido\"><\/span>Acelgas<\/h2>\n<div class=\"article-asset-image article-asset-small article-asset-center\">\n<div class=\"asset-content\">\n                    <a rel=\"noopener, noreferrer\" href=\"https:\/\/es.wikipedia.org\/wiki\/Beta_vulgaris_var._cicla#\/media\/Archivo:Swiss_Chard.jpg\"><\/p>\n<p>    <img decoding=\"async\" alt=\"Swiss Chard\" class=\"centro_sinmarco\" src=\"https:\/\/i.blogs.es\/6c82ba\/swiss_chard\/450_1000.webp\"><br \/>\n     <\/a><\/p><\/div>\n<\/div>\n<p>Junio es el momento ideal para sembrar <strong>semillas de acelgas<\/strong>, un cultivo delicioso pero tambi\u00e9n est\u00e9ticamente llamativo cuando se cultivan en el huerto. Sus semillas son m\u00e1s grandes que la mayor\u00eda, por lo que se recomienda plantarlas en agujeros de unos 2,5 cm.<\/p>\n<p><!-- BREAK 3 --><\/p>\n<p>Dependiendo de la germinaci\u00f3n, posteriormente puedes aclarar las plantas de acelgas o dejarlas crecer si tienes intenci\u00f3n de cosecharlas temprano, cuando el follaje es m\u00e1s peque\u00f1o pero sabroso.<\/p>\n<p><!-- BREAK 4 --><\/p>\n<p>Se pueden <strong>cultivar en un lugar a pleno sol<\/strong> y en un suelo mezclado con algo de materia org\u00e1nica. Deber\u00edamos poder disfrutar de hojas tiernas y m\u00e1s peque\u00f1as en 4 a 6 semanas, mientras que el follaje m\u00e1s grande y maduro estar\u00e1 listo para \u00a0cosechar en 6 a 8 semanas.<\/p>\n<p><!-- BREAK 5 --><\/p>\n<h2 id=\"remolacha-2\" class=\"toc-enabled\"><span class=\"toc-shortcut-icon\" title=\"Ver \u00cdndice de contenido\"><\/span>Remolacha<\/h2>\n<div class=\"article-asset-image article-asset-normal article-asset-center\">\n<div class=\"asset-content\">\n<div class=\"caption-img \">\n                    <a rel=\"noopener, noreferrer\" href=\"https:\/\/es.wikipedia.org\/wiki\/Beta_vulgaris#\/media\/Archivo:Beta_Vulgaris_aout_2012.jpg\"><\/p>\n<p>    <img decoding=\"async\" alt=\"Beta Vulgaris Aout 2012\" class=\"centro_sinmarco\" src=\"https:\/\/i.blogs.es\/cd8141\/beta_vulgaris_aout_2012\/450_1000.webp\"><br \/>\n     <\/a><\/p>\n<p>        <span>Imagen: BastienM<\/span>\n   <\/div>\n<\/p><\/div>\n<\/div>\n<p>La remolacha es una de las verduras m\u00e1s f\u00e1ciles de cultivar y, lo que es m\u00e1s importante, un cultivo delicioso para <strong>recoger a finales del verano<\/strong>.<\/p>\n<p>Si bien es posible sembrar remolacha a principios de a\u00f1o, tambi\u00e9n es factible <strong>sembrar otra vez en junio<\/strong> para recolectar antes de que llegue el oto\u00f1o.<\/p>\n<p>Eso s\u00ed, hay que darse prisa y sembrar la remolacha antes de que sobrepasemos de media los <strong>27 grados a la sombra<\/strong>, por lo que conviene hacerlo a principios de junio para dar tiempo a las plantas a tomar cierta envergadura antes de que llegue el calor sofocante.<\/p>\n<p><!-- BREAK 6 --><\/p>\n<h2 id=\"zanahorias-3\" class=\"toc-enabled\"><span class=\"toc-shortcut-icon\" title=\"Ver \u00cdndice de contenido\"><\/span>Zanahorias<\/h2>\n<div class=\"article-asset-image article-asset-normal article-asset-center\">\n<div class=\"asset-content\">\n<div class=\"caption-img \">\n                    <a rel=\"noopener, noreferrer\" href=\"https:\/\/es.wikipedia.org\/wiki\/Daucus_carota_subsp._sativus#\/media\/Archivo:Bunches_of_carrots.jpg\"><\/p>\n<p>    <img decoding=\"async\" alt=\"Bunches Of Carrots\" class=\"centro_sinmarco\" src=\"https:\/\/i.blogs.es\/fe0eba\/bunches_of_carrots\/450_1000.webp\"><br \/>\n     <\/a><\/p>\n<p>        <span>Imagen: Robert Couse-Baker<\/span>\n   <\/div>\n<\/p><\/div>\n<\/div>\n<p>Las zanahorias son otra excelente opci\u00f3n vegetal para la siembra en junio, sobre todo porque pueden sembrarse directamente en <strong>contendores como jardineras<\/strong> o macetones si no tenemos mucho espacio.<\/p>\n<p><!-- BREAK 7 --><\/p>\n<p>Las zanahorias crecen mejor en un <strong>sitio abierto y soleado<\/strong> con suelo que tenga un buen drenaje pero que mantenga la humedad. Sembrar en \u00e9pocas posteriores del a\u00f1o tambi\u00e9n puede reducir el riesgo de mosca de la ra\u00edz de la zanahoria, ya que los cultivos tempranos son m\u00e1s susceptibles.<\/p>\n<p><!-- BREAK 8 --><\/p>\n<h2 id=\"brocoli-4\" class=\"toc-enabled\"><span class=\"toc-shortcut-icon\" title=\"Ver \u00cdndice de contenido\"><\/span>Br\u00f3coli<\/h2>\n<div class=\"article-asset-image article-asset-normal article-asset-center\">\n<div class=\"asset-content\">\n<div class=\"caption-img \">\n                    <a rel=\"noopener, noreferrer\" href=\"https:\/\/es.wikipedia.org\/wiki\/Brassica_oleracea_var._italica#\/media\/Archivo:Broccoli_bunches.jpg\"><\/p>\n<p>    <img decoding=\"async\" alt=\"Broccoli Bunches\" class=\"centro_sinmarco\" src=\"https:\/\/i.blogs.es\/3499e9\/broccoli_bunches\/450_1000.webp\"><br \/>\n     <\/a><\/p>\n<p>        <span>Imagen: fir0002<\/span>\n   <\/div>\n<\/p><\/div>\n<\/div>\n<p>Hay dos tipos de br\u00f3coli que podemos cultivar en nuestro huerto. La variedad de \u00a0cabeza grande se conoce como calabrese, mientras que el otro tipo se conoce como br\u00f3coli germinado, con floretes m\u00e1s peque\u00f1os. Ambos<strong> se pueden sembrar en junio<\/strong>.<\/p>\n<p><!-- BREAK 9 --><\/p>\n<p>Conviene preparar el suelo desyerbando y rastrillando la tierra y sembrar las semillas con cuidado en una fila, adelgazando las pl\u00e1ntulas despu\u00e9s de la germinaci\u00f3n.<\/p>\n<p><!-- BREAK 10 --><\/p>\n<p>Luego hay que <strong>regar las plantas de br\u00f3coli con regularidad<\/strong> durante el verano y puedes alimentarlas cada pocas semanas con un fertilizante con alto contenido de nitr\u00f3geno. Las plantas de br\u00f3coli son susceptibles al ataque de plagas, como las mariposas blancas de la col, por lo que es una buena idea proteger sus camas con una red de malla.<\/p>\n<p><!-- BREAK 11 --><\/p>\n<h2 id=\"hinojo-5\" class=\"toc-enabled\"><span class=\"toc-shortcut-icon\" title=\"Ver \u00cdndice de contenido\"><\/span>Hinojo<\/h2>\n<div class=\"article-asset-image article-asset-normal article-asset-center\">\n<div class=\"asset-content\">\n<div class=\"caption-img \">\n                    <a rel=\"noopener, noreferrer\" href=\"https:\/\/es.wikipedia.org\/wiki\/Foeniculum_vulgare#\/media\/Archivo:Fenouil.jpg\"><\/p>\n<p>    <img decoding=\"async\" alt=\"Fenouil\" class=\"centro_sinmarco\" src=\"https:\/\/i.blogs.es\/a241fc\/fenouil\/450_1000.webp\"><br \/>\n     <\/a><\/p>\n<p>        <span>Imagen: Arnaud 25<\/span>\n   <\/div>\n<\/p><\/div>\n<\/div>\n<p>Si estamos buscando un cultivo fragante para el jard\u00edn, <strong>el hinojo<\/strong> es una buena opci\u00f3n cuyas semillas se pueden sembrar durante los <strong>meses de verano<\/strong>.<\/p>\n<p>La germinaci\u00f3n deber\u00eda tardar 2 semanas, dependiendo del clima, despu\u00e9s de lo cual hay que adelgazar las pl\u00e1ntulas para que haya aproximadamente unos <strong>30 cm de espacio entre cada planta<\/strong>.<\/p>\n<p><!-- BREAK 12 --><\/p>\n<div class=\"article-asset-video article-asset-normal\">\n<div class=\"asset-content\">\n<div class=\"base-asset-video\">\n<div class=\"js-dailymotion\">\n    <script type=\"application\/json\">\n           {\"videoId\":\"x8006fc\",\"autoplay\":true,\"title\":\"C\u00f3mo dormir cuando hace mucho calor y no tienes aire acondicionado\", \"tag\":\"\"}\n         <\/script>\n   <\/div>\n<\/p><\/div>\n<\/p><\/div>\n<\/div>\n<h2 id=\"patatas-6\" class=\"toc-enabled\"><span class=\"toc-shortcut-icon\" title=\"Ver \u00cdndice de contenido\"><\/span>Patatas<\/h2>\n<div class=\"article-asset-image article-asset-normal article-asset-center\">\n<div class=\"asset-content\">\n<div class=\"caption-img \">\n                    <a rel=\"noopener, noreferrer\" href=\"https:\/\/es.wikipedia.org\/wiki\/Solanum_tuberosum#\/media\/Archivo:Potato_sprouts.jpg\"><\/p>\n<p>    <img decoding=\"async\" alt=\"Potato Sprouts\" class=\"centro_sinmarco\" src=\"https:\/\/i.blogs.es\/eaada5\/potato_sprouts\/450_1000.webp\"><br \/>\n     <\/a><\/p>\n<p>        <span>Imagen: Wikipedia<\/span>\n   <\/div>\n<\/p><\/div>\n<\/div>\n<p>Si quieres plantar patatas pero a\u00fan no lo has hecho, todav\u00eda<strong> puedes plantar algunas variedades en junio<\/strong>. No todas ser\u00e1n adecuadas para la siembra a finales de primavera y principios de verano, por lo que es mejor comprobarlo antes de hacerlo.<\/p>\n<p><!-- BREAK 13 --><\/p>\n<p>Por ejemplo, las<strong> patatas &#8216;Charlotte&#8217;<\/strong> son un buen ejemplo de una variedad deliciosa que se puede plantar en junio y, con las temperaturas m\u00e1s c\u00e1lidas, su crecimiento ser\u00e1 r\u00e1pido.<\/p>\n<p><!-- BREAK 14 --><\/p>\n<p>V\u00eda | <a rel=\"noopener, noreferrer\" href=\"https:\/\/www.homesandgardens.com\/gardens\/vegetables-to-plant-in-june\">Homes and Gardens<\/a><\/p>\n<p>Imagen portada | <a rel=\"noopener, noreferrer\" href=\"https:\/\/www.pexels.com\/es-es\/foto\/rabano-y-zanahorias-1656663\/\">Wendy Wei<\/a><\/p>\n<p>En Xataka Smart Home | <a href=\"https:\/\/www.xatakahome.com\/hogar\/quiero-cultivar-frutas-dentro-casa-estos-arboles-que-se-dan-bien-interiores\">Quiero cultivar frutas dentro de casa: estos son los \u00e1rboles que se dan bien en interiores<\/a><\/p>\n<p><script>\n (function() {\n  window._JS_MODULES = window._JS_MODULES || {};\n  var headElement = document.getElementsByTagName('head')[0];\n  if (_JS_MODULES.instagram) {\n   var instagramScript = document.createElement('script');\n   instagramScript.src = 'https:\/\/platform.instagram.com\/en_US\/embeds.js';\n   instagramScript.async = true;\n   instagramScript.defer = true;\n   headElement.appendChild(instagramScript);\n  }\n })();\n<\/script><\/p>\n<p> &#8211; <br \/> La noticia<br \/>\n      <a href=\"https:\/\/www.xatakahome.com\/hogar\/experto-desvela-que-verduras-mejores-para-plantar-este-mes-junio-nuestra-huerta-domestica?utm_source=feedburner&amp;utm_medium=feed&amp;utm_campaign=07_Jun_2024\"><br \/>\n       <em> Un experto desvela qu\u00e9 verduras son las mejores para plantar este mes de junio en nuestra huerta dom\u00e9stica <\/em><br \/>\n      <\/a><br \/>\n      fue publicada originalmente en<br \/>\n      <a href=\"https:\/\/www.xatakahome.com\/?utm_source=feedburner&amp;utm_medium=feed&amp;utm_campaign=07_Jun_2024\"><br \/>\n       <strong> Xataka Smart Home <\/strong><br \/>\n      <\/a><br \/>\n            por <a href=\"https:\/\/www.xatakahome.com\/autor\/paco-rodriguez?utm_source=feedburner&amp;utm_medium=feed&amp;utm_campaign=07_Jun_2024\"><br \/>\n       Paco Rodriguez<br \/>\n      <\/a><br \/>\n      . <\/p>\n<\/div>\n","protected":false},"excerpt":{"rendered":"<p>A la hora de tener una peque\u00f1a huerta en casa muchas veces nos surge la duda sobre qu\u00e9 se puede plantar en cada \u00e9poca del a\u00f1o, sobre todo si hace mucho calor como ahora mismo en junio a las puertas del verano. Sin embargo, s\u00ed hay una serie de hortalizas que pueden sembrase en estas &hellip; <a href=\"https:\/\/domosistemas.com\/?p=24555\" class=\"more-link\">Sigue leyendo <span class=\"screen-reader-text\">Un experto desvela qu\u00e9 verduras son las mejores para plantar este mes de junio en nuestra huerta dom\u00e9stica<\/span><\/a><\/p>\n","protected":false},"author":1,"featured_media":0,"comment_status":"closed","ping_status":"closed","sticky":false,"template":"","format":"standard","meta":{"footnotes":""},"categories":[8],"tags":[],"class_list":["post-24555","post","type-post","status-publish","format-standard","hentry","category-xataka"],"_links":{"self":[{"href":"https:\/\/domosistemas.com\/index.php?rest_route=\/wp\/v2\/posts\/24555","targetHints":{"allow":["GET"]}}],"collection":[{"href":"https:\/\/domosistemas.com\/index.php?rest_route=\/wp\/v2\/posts"}],"about":[{"href":"https:\/\/domosistemas.com\/index.php?rest_route=\/wp\/v2\/types\/post"}],"author":[{"embeddable":true,"href":"https:\/\/domosistemas.com\/index.php?rest_route=\/wp\/v2\/users\/1"}],"replies":[{"embeddable":true,"href":"https:\/\/domosistemas.com\/index.php?rest_route=%2Fwp%2Fv2%2Fcomments&post=24555"}],"version-history":[{"count":0,"href":"https:\/\/domosistemas.com\/index.php?rest_route=\/wp\/v2\/posts\/24555\/revisions"}],"wp:attachment":[{"href":"https:\/\/domosistemas.com\/index.php?rest_route=%2Fwp%2Fv2%2Fmedia&parent=24555"}],"wp:term":[{"taxonomy":"category","embeddable":true,"href":"https:\/\/domosistemas.com\/index.php?rest_route=%2Fwp%2Fv2%2Fcategories&post=24555"},{"taxonomy":"post_tag","embeddable":true,"href":"https:\/\/domosistemas.com\/index.php?rest_route=%2Fwp%2Fv2%2Ftags&post=24555"}],"curies":[{"name":"wp","href":"https:\/\/api.w.org\/{rel}","templated":true}]}}