{"id":24564,"date":"2024-06-09T13:01:59","date_gmt":"2024-06-09T13:01:59","guid":{"rendered":"https:\/\/domosistemas.com\/?p=24564"},"modified":"2024-06-09T13:01:59","modified_gmt":"2024-06-09T13:01:59","slug":"aun-no-hace-falta-encender-el-aire-acondicionado-cinco-trucos-que-funcionan-para-mantener-la-casa-fresca-en-verano","status":"publish","type":"post","link":"https:\/\/domosistemas.com\/?p=24564","title":{"rendered":"A\u00fan no hace falta encender el aire acondicionado: cinco trucos que funcionan para mantener la casa fresca en verano"},"content":{"rendered":"<div>\n<p>\n      <img decoding=\"async\" src=\"https:\/\/i.blogs.es\/c1197c\/carlos-lindner-53wcyh4ioig-unsplash\/1024_2000.jpeg\" alt=\"A\u00fan no hace falta encender el aire acondicionado: cinco trucos que funcionan para mantener la casa fresca en verano \">\n    <\/p>\n<p>Acabamos de pasar la primera ola de calor del verano y habr\u00e1 quien ya haya pulsado el bot\u00f3n de &#8216;ON&#8217; de su aire acondicionado para apagarlo rara vez durante los pr\u00f3ximos meses estivales. Desde el punto de vista econ\u00f3mico, tener el aire acondicionado <a href=\"https:\/\/www.xatakahome.com\/hogar\/encender-aire-acondicionado-todos-dias-junio-esto-que-te-costara-factura-luz\">encendido todo junio puede salirte caro<\/a>, as\u00ed que te invitamos a <strong>dosificar su uso este verano, porque con estos consejos podr\u00e1s mantener la casa fresca<\/strong> sin tenerlo en funcionamiento al menos unos d\u00edas m\u00e1s.<\/p>\n<p><!-- BREAK 1 --><\/p>\n<div class=\"toc-container article-asset-normal\">\n<details>\n<summary class=\"toc-header \">\n   <span class=\"toc-heading\"><br \/>\n    <span>\u00cdndice de Contenidos (5)<\/span><br \/>\n   <\/span><br \/>\n   <span class=\"icon-folded\"><\/span><br \/>\n  <\/summary>\n<\/details>\n<div class=\"toc-list-wrap \">\n<div class=\"toc-list-item\">\n<ul class=\"toc-list\">\n<li class=\"toc-item\">\n       <a href=\"https:\/\/www.xatakahome.com\/#ventila-casa-manana-temprano-1\" class=\"toc-item-link\">Ventila la casa por la ma\u00f1ana temprano<\/a>\n      <\/li>\n<li class=\"toc-item\">\n       <a href=\"https:\/\/www.xatakahome.com\/#cierra-ventanas-a-cal-canto-2\" class=\"toc-item-link\">Cierra las ventanas a cal y canto<\/a>\n      <\/li>\n<li class=\"toc-item\">\n       <a href=\"https:\/\/www.xatakahome.com\/#tejidos-colores-3\" class=\"toc-item-link\">De tejidos y colores<\/a>\n      <\/li>\n<li class=\"toc-item\">\n       <a href=\"https:\/\/www.xatakahome.com\/#mejor-plantas-4\" class=\"toc-item-link\">Mejor con plantas<\/a>\n      <\/li>\n<li class=\"toc-item\">\n       <a href=\"https:\/\/www.xatakahome.com\/#usa-electrodomesticos-eficientes-hazlo-cabeza-5\" class=\"toc-item-link\">Usa electrodom\u00e9sticos eficientes y hazlo con cabeza<\/a>\n      <\/li>\n<\/ul><\/div>\n<\/p><\/div>\n<\/div>\n<h2 id=\"ventila-casa-manana-temprano-1\" class=\"toc-enabled\"><span class=\"toc-shortcut-icon\" title=\"Ver \u00cdndice de contenido\"><\/span>Ventila la casa por la ma\u00f1ana temprano<\/h2>\n<p>Desde que cae el sol y hasta que vuelve a ponerse en lo alto, esto es, durante la noche y las primeras horas del d\u00eda, es cuando las temperaturas son m\u00e1s bajas y por tanto, cuando debemos <strong>ventilar la casa para que entre en acci\u00f3n un balance de energ\u00eda<\/strong>: que salga el calor y entre el fresco y as\u00ed se establezca el equilibrio t\u00e9rmico.<\/p>\n<p><!-- BREAK 2 --><\/p>\n<p>De este modo no solo nos desharemos del aire caliente, sino que tambi\u00e9n lo renovaremos, ya que est\u00e1 viciado de estar en casa expuesto a nuestra actividad y olores derivados. <strong>Las corrientes son magn\u00edficas para acelerar el proceso<\/strong> de refrescar el espacio. Pasado un tiempo prudencial o cuando la temperatura comience a subir, ci\u00e9rralas.<\/p>\n<p><!-- BREAK 3 --><\/p>\n<h2 id=\"cierra-ventanas-a-cal-canto-2\" class=\"toc-enabled\"><span class=\"toc-shortcut-icon\" title=\"Ver \u00cdndice de contenido\"><\/span>Cierra las ventanas a cal y canto<\/h2>\n<div class=\"article-asset-image article-asset-normal article-asset-center\">\n<div class=\"asset-content\">\n<p>   <img decoding=\"async\" alt=\"Lidl estor\" class=\"centro_sinmarco\" src=\"https:\/\/i.blogs.es\/d54bc3\/1366_2000\/450_1000.webp\"><\/p><\/div>\n<\/div>\n<p>Cuando hemos cerrado las ventanas y comienzan a subir las temperaturas fuera es cuando toca mejorar el aislamiento precisamente para <strong>minimizar ese intercambio de energ\u00eda que nos desfavorec<\/strong>e si buscamos el fresco. \u00bfC\u00f3mo hacerlo? Con capas.<\/p>\n<p><!-- BREAK 4 --><\/p>\n<p>Lo ideal es <strong>tener unas buenas ventanas <\/strong>con marco de aluminio o PVC cristal grueso, persianas de aluminio y <a href=\"https:\/\/www.xatakahome.com\/seleccion\/mejores-estores-termicos-cual-comprar-consejos-recomendaciones\">estores t\u00e9rmicos<\/a>. As\u00ed, despu\u00e9s de cerrar, bajaremos persianas y toldos y cubriremos las ventanas con cortinas o estores para que <strong>la transferencia de calor de fuera a adentro sea lo m\u00e1s lenta<\/strong> posible. Si tienes un toldo, d\u00e9jalo bajado tambi\u00e9n para que haya sombra.<\/p>\n<p><!-- BREAK 5 --><\/p>\n<p>Aunque igual llegamos tarde, merece la pena invertir en estos elementos pasivos tanto para el verano como para el invierno, manteniendo la temperatura del interior. Obviamente tambi\u00e9n es importante realizar tareas de mantenimiento en las juntas y posibles oquedades.<\/p>\n<p><!-- BREAK 6 --><\/p>\n<div class=\"article-asset article-asset-normal article-asset-center\">\n<div class=\"desvio-container\">\n<div class=\"desvio\">\n<div class=\"desvio-figure js-desvio-figure\">\n    <a href=\"https:\/\/www.xatakahome.com\/a-fondo\/la-mejor-forma-de-frenar-el-calor-sin-aire-acondicionado-y-mantener-la-casa-fresca-como-utilizar-persianas-estores-y-toldos\"><br \/>\n     <img loading=\"lazy\" decoding=\"async\" alt=\"La mejor forma de frenar una ola de calor sin aire acondicionado y mantener la casa fresca: c\u00f3mo utilizar persianas, estores y toldos\" width=\"375\" height=\"142\" src=\"https:\/\/i.blogs.es\/4691f6\/pexels-markus-winkler-1430818-2763388\/375_142.webp\" onerror='this.src=\"https:\/\/i.blogs.es\/4691f6\/pexels-markus-winkler-1430818-2763388\/375_142.jpeg\"'><br \/>\n    <\/a>\n   <\/div>\n<div class=\"desvio-summary\">\n<div class=\"desvio-taxonomy js-desvio-taxonomy\">\n     <a href=\"https:\/\/www.xatakahome.com\/a-fondo\/la-mejor-forma-de-frenar-el-calor-sin-aire-acondicionado-y-mantener-la-casa-fresca-como-utilizar-persianas-estores-y-toldos\" class=\"desvio-taxonomy-anchor\">En Xataka Smart Home<\/a>\n    <\/div>\n<p>    <a href=\"https:\/\/www.xatakahome.com\/a-fondo\/la-mejor-forma-de-frenar-el-calor-sin-aire-acondicionado-y-mantener-la-casa-fresca-como-utilizar-persianas-estores-y-toldos\" class=\"desvio-title js-desvio-title\">La mejor forma de frenar una ola de calor sin aire acondicionado y mantener la casa fresca: c\u00f3mo utilizar persianas, estores y toldos<\/a>\n   <\/div>\n<\/p><\/div>\n<\/p><\/div>\n<\/div>\n<h2 id=\"tejidos-colores-3\" class=\"toc-enabled\"><span class=\"toc-shortcut-icon\" title=\"Ver \u00cdndice de contenido\"><\/span>De tejidos y colores<\/h2>\n<p>Al igual que las casas en Andaluc\u00eda est\u00e1n pintadas de blanco para reflejar el calor, es una buena idea hacer lo propio con paredes que tengan orientaci\u00f3n sur o simplemente, que tengan mucha exposici\u00f3n. Esto aplica tanto en exteriores, por ejemplo en un patio, como en interiores. Usa tejidos naturales, como el algod\u00f3n o el lino, para aquellos complementos en contacto con tu piel: una s\u00e1bana de sof\u00e1, cojines, etc.<\/p>\n<p><!-- BREAK 7 --><\/p>\n<h2 id=\"mejor-plantas-4\" class=\"toc-enabled\"><span class=\"toc-shortcut-icon\" title=\"Ver \u00cdndice de contenido\"><\/span>Mejor con plantas<\/h2>\n<p>Tener plantas en terrazas y balcones es una buena forma de aislar del fr\u00edo y el calor, as\u00ed como <a href=\"https:\/\/www.xatakahome.com\/a-fondo\/decoran-mejoran-aire-aislan-que-ahorramos-energia-euros-truco-usar-jardines-verticales\">usar jardines verticales y plantas en fachadas<\/a> para crear una especie de capa extra que adem\u00e1s est\u00e1 viva, pero tambi\u00e9n son \u00fatiles en el interior de la vivienda. <strong>Un truco:<\/strong> apuesta por plantas con mucha hoja verde y grande y pulver\u00edzalas para refrescar el ambiente.<\/p>\n<p><!-- BREAK 8 --><\/p>\n<div class=\"article-asset-video article-asset-normal\">\n<div class=\"asset-content\">\n<div class=\"base-asset-video\">\n<div class=\"js-dailymotion\">\n    <script type=\"application\/json\">\n           {\"videoId\":\"x8006fc\",\"autoplay\":true,\"title\":\"C\u00f3mo dormir cuando hace mucho calor y no tienes aire acondicionado\", \"tag\":\"\"}\n         <\/script>\n   <\/div>\n<\/p><\/div>\n<\/p><\/div>\n<\/div>\n<h2 id=\"usa-electrodomesticos-eficientes-hazlo-cabeza-5\" class=\"toc-enabled\"><span class=\"toc-shortcut-icon\" title=\"Ver \u00cdndice de contenido\"><\/span>Usa electrodom\u00e9sticos eficientes y hazlo con cabeza<\/h2>\n<p><strong>Comprar un electrodom\u00e9stico con buena <\/strong><a href=\"https:\/\/www.xatakahome.com\/a-fondo\/etiquetas-clasificacion-energetica-tus-mejores-aliadas-al-comprar-electrodomestico-esto-todo-que-nos-explican\"><strong>eficiencia energ\u00e9tica<\/strong><\/a> siempre es una buena idea para consumir menos, pero tambi\u00e9n porque los menos eficientes normalmente aprovechan peor la energ\u00eda y generan m\u00e1s calor (un efecto residual inevitable).<\/p>\n<p><!-- BREAK 9 --><\/p>\n<p><strong>Todos los electrodom\u00e9sticos dan calor<\/strong>, desde la consola o al ordenador pasando por la TV. As\u00ed como en invierno es buen momento para usar el horno, en verano lo suyo es reducirlo a lo m\u00ednimo imprescindible y si tenemos que ponerlo en marcha, que sea cuando menos calor haga para librarnos de la molestia. As\u00ed, planchar o cocinar a primera hora de la ma\u00f1ana, cuando estamos ventilando, es una magn\u00edfica opci\u00f3n para no acumular calor.<\/p>\n<p><!-- BREAK 10 --><\/p>\n<p>Portada | Foto de <a rel=\"noopener, noreferrer\" href=\"https:\/\/unsplash.com\/es\/@realbench?utm_content=creditCopyText&amp;utm_medium=referral&amp;utm_source=unsplash\">Carlos Lindner<\/a> en <a rel=\"noopener, noreferrer\" href=\"https:\/\/unsplash.com\/es\/fotos\/ventilador-de-caja-blanco-y-gris-53wcYH4IOig?utm_content=creditCopyText&amp;utm_medium=referral&amp;utm_source=unsplash\">Unsplash<\/a><\/p>\n<p>En Xataka Home | <a href=\"https:\/\/www.xatakahome.com\/hogar\/trucos-abuelas-que-han-perdurado-durante-generaciones-para-enfriar-tu-casa-este-verano\">Los trucos de las abuelas que han perdurado durante generaciones para enfriar tu casa este verano<\/a><\/p>\n<p><script>\n (function() {\n  window._JS_MODULES = window._JS_MODULES || {};\n  var headElement = document.getElementsByTagName('head')[0];\n  if (_JS_MODULES.instagram) {\n   var instagramScript = document.createElement('script');\n   instagramScript.src = 'https:\/\/platform.instagram.com\/en_US\/embeds.js';\n   instagramScript.async = true;\n   instagramScript.defer = true;\n   headElement.appendChild(instagramScript);\n  }\n })();\n<\/script><\/p>\n<p> &#8211; <br \/> La noticia<br \/>\n      <a href=\"https:\/\/www.xatakahome.com\/iluminacion-y-energia\/no-hace-falta-encender-aire-acondicionado-cinco-trucos-que-funcionan-para-mantener-casa-fresca-verano?utm_source=feedburner&amp;utm_medium=feed&amp;utm_campaign=09_Jun_2024\"><br \/>\n       <em> A\u00fan no hace falta encender el aire acondicionado: cinco trucos que funcionan para mantener la casa fresca en verano  <\/em><br \/>\n      <\/a><br \/>\n      fue publicada originalmente en<br \/>\n      <a href=\"https:\/\/www.xatakahome.com\/?utm_source=feedburner&amp;utm_medium=feed&amp;utm_campaign=09_Jun_2024\"><br \/>\n       <strong> Xataka Smart Home <\/strong><br \/>\n      <\/a><br \/>\n            por <a href=\"https:\/\/www.xatakahome.com\/autor\/eva-rodriguez?utm_source=feedburner&amp;utm_medium=feed&amp;utm_campaign=09_Jun_2024\"><br \/>\n       Eva Rodriguez de Luis<br \/>\n      <\/a><br \/>\n      . <\/p>\n<\/div>\n","protected":false},"excerpt":{"rendered":"<p>Acabamos de pasar la primera ola de calor del verano y habr\u00e1 quien ya haya pulsado el bot\u00f3n de &#8216;ON&#8217; de su aire acondicionado para apagarlo rara vez durante los pr\u00f3ximos meses estivales. Desde el punto de vista econ\u00f3mico, tener el aire acondicionado encendido todo junio puede salirte caro, as\u00ed que te invitamos a dosificar &hellip; <a href=\"https:\/\/domosistemas.com\/?p=24564\" class=\"more-link\">Sigue leyendo <span class=\"screen-reader-text\">A\u00fan no hace falta encender el aire acondicionado: cinco trucos que funcionan para mantener la casa fresca en verano<\/span><\/a><\/p>\n","protected":false},"author":1,"featured_media":0,"comment_status":"closed","ping_status":"closed","sticky":false,"template":"","format":"standard","meta":{"footnotes":""},"categories":[8],"tags":[],"class_list":["post-24564","post","type-post","status-publish","format-standard","hentry","category-xataka"],"_links":{"self":[{"href":"https:\/\/domosistemas.com\/index.php?rest_route=\/wp\/v2\/posts\/24564","targetHints":{"allow":["GET"]}}],"collection":[{"href":"https:\/\/domosistemas.com\/index.php?rest_route=\/wp\/v2\/posts"}],"about":[{"href":"https:\/\/domosistemas.com\/index.php?rest_route=\/wp\/v2\/types\/post"}],"author":[{"embeddable":true,"href":"https:\/\/domosistemas.com\/index.php?rest_route=\/wp\/v2\/users\/1"}],"replies":[{"embeddable":true,"href":"https:\/\/domosistemas.com\/index.php?rest_route=%2Fwp%2Fv2%2Fcomments&post=24564"}],"version-history":[{"count":0,"href":"https:\/\/domosistemas.com\/index.php?rest_route=\/wp\/v2\/posts\/24564\/revisions"}],"wp:attachment":[{"href":"https:\/\/domosistemas.com\/index.php?rest_route=%2Fwp%2Fv2%2Fmedia&parent=24564"}],"wp:term":[{"taxonomy":"category","embeddable":true,"href":"https:\/\/domosistemas.com\/index.php?rest_route=%2Fwp%2Fv2%2Fcategories&post=24564"},{"taxonomy":"post_tag","embeddable":true,"href":"https:\/\/domosistemas.com\/index.php?rest_route=%2Fwp%2Fv2%2Ftags&post=24564"}],"curies":[{"name":"wp","href":"https:\/\/api.w.org\/{rel}","templated":true}]}}