{"id":24607,"date":"2024-06-12T09:09:23","date_gmt":"2024-06-12T09:09:23","guid":{"rendered":"https:\/\/domosistemas.com\/?p=24607"},"modified":"2024-06-12T09:09:23","modified_gmt":"2024-06-12T09:09:23","slug":"la-mejor-y-peor-hora-en-junio-para-encender-el-aire-acondicionado-si-quieres-ahorrar-en-la-factura-de-la-luz","status":"publish","type":"post","link":"https:\/\/domosistemas.com\/?p=24607","title":{"rendered":"La mejor y peor hora en junio para encender el aire acondicionado si quieres ahorrar en la factura de la luz"},"content":{"rendered":"<div>\n<p>\n      <img decoding=\"async\" src=\"https:\/\/i.blogs.es\/a4ac68\/gervyn-louis-ymmasat-ias-unsplash\/1024_2000.jpeg\" alt=\"La mejor y peor hora en junio para encender el aire acondicionado si quieres ahorrar en la factura de la luz\">\n    <\/p>\n<p>Escoger el <strong>horario en el que encendemos nuestros electrodom\u00e9sticos <\/strong>es clave si queremos pagar lo m\u00ednimo posible en la factura de la luz, algo que pudimos comprobar <a href=\"https:\/\/www.xatakahome.com\/a-fondo\/he-calculado-ahorro-usar-siempre-tus-electrodomesticos-hora-barata-dia-resultado-me-ha-sorprendido\">cuando calculamos dicho ahorro<\/a> con respecto a las <strong>horas m\u00e1s caras y m\u00e1s baratas del d\u00eda<\/strong> en las <strong>tarifas indexadas con discriminaci\u00f3n horaria<\/strong>, como la regulada o PVPC.<\/p>\n<p><!-- BREAK 1 --><\/p>\n<p>El ahorro puede llegar a ser muy importante, sobre todo si hacemos un <strong>uso diario intensivo de la electricidad<\/strong> porque utilizamos placas de cocina de tipo <a href=\"https:\/\/www.xatakahome.com\/electrodomesticos-innovadores\/induccion-vitro-gas-que-elegir-para-cambiar-cocina\">vitrocer\u00e1mica o de inducci\u00f3n<\/a>, hornos, tenemos radiadores el\u00e9ctricos, <strong>aire acondicionado<\/strong>, ponemos lavadoras y lavavajillas todos los d\u00edas, etc.<\/p>\n<p><!-- BREAK 2 --><\/p>\n<p>Sin embargo, <strong>estas horas m\u00e1s caras y baratas no son constantes<\/strong>, sino que van cambiado jornada a jornada y tambi\u00e9n temporada a temporada, haciendo que no sean iguales en los meses de invierno que por ejemplo ahora en verano.<\/p>\n<p><!-- BREAK 3 --><\/p>\n<div class=\"article-asset article-asset-normal article-asset-center\">\n<div class=\"desvio-container\">\n<div class=\"desvio\">\n<div class=\"desvio-figure js-desvio-figure\">\n    <a href=\"https:\/\/www.xatakahome.com\/a-fondo\/que-tipo-aire-acondicionado-mejor-para-mi-casa-ventajas-e-inconvenientes-cada-modalidad\"><br \/>\n     <img loading=\"lazy\" decoding=\"async\" alt=\"Qu\u00e9 tipo de aire acondicionado es mejor para mi casa: ventajas e inconvenientes de cada modalidad\" width=\"375\" height=\"142\" src=\"https:\/\/i.blogs.es\/42ffb6\/71azufd3hnl._ac_sl1500_\/375_142.webp\" onerror='this.src=\"https:\/\/i.blogs.es\/42ffb6\/71azufd3hnl._ac_sl1500_\/375_142.jpg\"'><br \/>\n    <\/a>\n   <\/div>\n<div class=\"desvio-summary\">\n<div class=\"desvio-taxonomy js-desvio-taxonomy\">\n     <a href=\"https:\/\/www.xatakahome.com\/a-fondo\/que-tipo-aire-acondicionado-mejor-para-mi-casa-ventajas-e-inconvenientes-cada-modalidad\" class=\"desvio-taxonomy-anchor\">En Xataka Smart Home<\/a>\n    <\/div>\n<p>    <a href=\"https:\/\/www.xatakahome.com\/a-fondo\/que-tipo-aire-acondicionado-mejor-para-mi-casa-ventajas-e-inconvenientes-cada-modalidad\" class=\"desvio-title js-desvio-title\">Qu\u00e9 tipo de aire acondicionado es mejor para mi casa: ventajas e inconvenientes de cada modalidad<\/a>\n   <\/div>\n<\/p><\/div>\n<\/p><\/div>\n<\/div>\n<h2>Las horas m\u00e1s baratas de la luz para poner el aire acondicionado<\/h2>\n<p>Con la llegada del buen tiempo el precio de la electricidad ha sufrido poco a poco un <strong>desplazamiento en los precios m\u00e1s caros y baratos<\/strong>. Por ello, para poder planificar este encendido de nuestros electrodom\u00e9sticos y equipos si tenemos tarifa PVPC o indexada hay que conocer precisamente eso, <strong>cu\u00e1l ser\u00e1 la franja horaria m\u00e1s econ\u00f3mica<\/strong> de ese d\u00eda o a ser posible del d\u00eda siguiente, algo que como ya <a href=\"https:\/\/www.xatakahome.com\/a-fondo\/como-saber-que-precio-tendra-luz-manana-tienes-tarifa-mercado-libre-como-regulado\">vimos a fondo en su momento<\/a> es posible saber consultando diferentes p\u00e1ginas y servicios online.<\/p>\n<p><!-- BREAK 4 --><\/p>\n<p><strong>En las \u00faltimas semanas<\/strong>, atendiendo a los datos proporcionados por <a rel=\"noopener, noreferrer\" href=\"https:\/\/www.esios.ree.es\/es\/pvpc?date=14-03-2023\" data-id=\"noopener, noreferrer\">Red El\u00e9ctrica Espa\u00f1ola<\/a>, la curva de precios se ha posicionado estableciendo un <strong>tramo bien diferenciado<\/strong> cada d\u00eda en el que los precios son claramente inferiores a los del resto de la jornada.<\/p>\n<p><!-- BREAK 5 --><\/p>\n<div class=\"article-asset-image article-asset-normal article-asset-center\">\n<div class=\"asset-content\">\n<div class=\"caption-img \">\n<p>   <img decoding=\"async\" alt=\"Tarifa Laborable\" class=\"centro_sinmarco\" src=\"https:\/\/i.blogs.es\/b8b316\/tarifa-laborable\/450_1000.webp\"><\/p>\n<p>        <span>Precio luz d\u00eda laborable. Imagen: Red El\u00e9ctrica Espa\u00f1ola<\/span>\n   <\/div>\n<\/p><\/div>\n<\/div>\n<p>En los <strong>d\u00edas laborables<\/strong> (de lunes a viernes), este periodo se sit\u00faa habitualmente <strong>entre las 14:00 y las 17:00 horas<\/strong>, aunque algunos d\u00edas se ampl\u00eda ligeramente comenzando alrededor de las 13:00 de la tarde.<\/p>\n<p><!-- BREAK 6 --><\/p>\n<p>\u00bfEl ahorro que podemos conseguir? Pues dependiendo del d\u00eda y comparado con la <strong>hora punta<\/strong> que se sigue situando entre las <strong>21-22:00 horas<\/strong>, podemos llegar a <strong>pagar hasta 5 veces<\/strong> <strong>menos<\/strong> si menos si usamos nuestros equipos que m\u00e1s consumen en dicha franja.<\/p>\n<p><!-- BREAK 7 --><\/p>\n<div class=\"article-asset-image article-asset-normal article-asset-center\">\n<div class=\"asset-content\">\n<div class=\"caption-img \">\n<p>   <img decoding=\"async\" alt=\"Tarifa Festivo\" class=\"centro_sinmarco\" src=\"https:\/\/i.blogs.es\/de0218\/tarifa-festivo\/450_1000.webp\"><\/p>\n<p>        <span>Precio luz d\u00eda festivo. Imagen: Red El\u00e9ctrica Espa\u00f1ola<\/span>\n   <\/div>\n<\/p><\/div>\n<\/div>\n<p>En cuanto a los d\u00edas <strong>festivos y los fines de semana<\/strong>, el tramo de precios bajos se ampl\u00eda situ\u00e1ndose habitualmente <strong>entre las 10:00 y las 19:00 horas<\/strong>, logrando tambi\u00e9n ahorros importantes con respecto a la hora punta del d\u00eda con los que pagar entre 2 y 3 veces menos.<\/p>\n<p><!-- BREAK 8 --><\/p>\n<div class=\"article-asset-video article-asset-normal\">\n<div class=\"asset-content\">\n<div class=\"base-asset-video\">\n<div class=\"js-dailymotion\">\n    <script type=\"application\/json\">\n           {\"videoId\":\"x8006fc\",\"autoplay\":true,\"title\":\"C\u00f3mo dormir cuando hace mucho calor y no tienes aire acondicionado\", \"tag\":\"\"}\n         <\/script>\n   <\/div>\n<\/p><\/div>\n<\/p><\/div>\n<\/div>\n<p><strong>\u00bfCu\u00e1l es entonces la mejor hora para encender el aire acondicionado?<\/strong> Pues si podemos esperar hasta <strong>las 14:00 horas entre semana<\/strong> o a entre las <strong>10:00-12:00 los fines de semana<\/strong>, los ahorros ser\u00e1n muy importantes, puesto que el encendido ser\u00e1 el momento en el que m\u00e1s energ\u00eda gastar\u00e1n los equipos y luego para mantener la temperatura de \u00abcrucero\u00bb el aporte de luz ser\u00e1 muy inferior.<\/p>\n<p><!-- BREAK 9 --><\/p>\n<p><strong>\u00bfLa peor hora?<\/strong> Pues cuando m\u00e1s gastaremos es si encendemos el aire <strong>a partir de las 20:00 horas y hasta las 22:00 horas<\/strong>, ya que arrancar de cero los equipos en esta franja supondr\u00e1 pagar la luz m\u00e1s cara del d\u00eda.<\/p>\n<p><!-- BREAK 10 --><\/p>\n<p>Imagen portada | <a rel=\"noopener, noreferrer\" href=\"https:\/\/unsplash.com\/es\/@gervynlouis\">Gervyn Louis<\/a><\/p>\n<p>En Xataka Smart home | <a href=\"https:\/\/www.xatakahome.com\/a-fondo\/que-tipo-aire-acondicionado-mejor-para-mi-casa-ventajas-e-inconvenientes-cada-modalidad\">Qu\u00e9 tipo de aire acondicionado es mejor para mi casa: ventajas e inconvenientes de cada modalidad<\/a><\/p>\n<p><script>\n (function() {\n  window._JS_MODULES = window._JS_MODULES || {};\n  var headElement = document.getElementsByTagName('head')[0];\n  if (_JS_MODULES.instagram) {\n   var instagramScript = document.createElement('script');\n   instagramScript.src = 'https:\/\/platform.instagram.com\/en_US\/embeds.js';\n   instagramScript.async = true;\n   instagramScript.defer = true;\n   headElement.appendChild(instagramScript);\n  }\n })();\n<\/script><\/p>\n<p> &#8211; <br \/> La noticia<br \/>\n      <a href=\"https:\/\/www.xatakahome.com\/hogar\/mejor-peor-hora-junio-para-encender-aire-acondicionado-quieres-ahorrar-factura-luz?utm_source=feedburner&amp;utm_medium=feed&amp;utm_campaign=12_Jun_2024\"><br \/>\n       <em> La mejor y peor hora en junio para encender el aire acondicionado si quieres ahorrar en la factura de la luz <\/em><br \/>\n      <\/a><br \/>\n      fue publicada originalmente en<br \/>\n      <a href=\"https:\/\/www.xatakahome.com\/?utm_source=feedburner&amp;utm_medium=feed&amp;utm_campaign=12_Jun_2024\"><br \/>\n       <strong> Xataka Smart Home <\/strong><br \/>\n      <\/a><br \/>\n            por <a href=\"https:\/\/www.xatakahome.com\/autor\/paco-rodriguez?utm_source=feedburner&amp;utm_medium=feed&amp;utm_campaign=12_Jun_2024\"><br \/>\n       Paco Rodriguez<br \/>\n      <\/a><br \/>\n      . <\/p>\n<\/div>\n","protected":false},"excerpt":{"rendered":"<p>Escoger el horario en el que encendemos nuestros electrodom\u00e9sticos es clave si queremos pagar lo m\u00ednimo posible en la factura de la luz, algo que pudimos comprobar cuando calculamos dicho ahorro con respecto a las horas m\u00e1s caras y m\u00e1s baratas del d\u00eda en las tarifas indexadas con discriminaci\u00f3n horaria, como la regulada o PVPC. &hellip; <a href=\"https:\/\/domosistemas.com\/?p=24607\" class=\"more-link\">Sigue leyendo <span class=\"screen-reader-text\">La mejor y peor hora en junio para encender el aire acondicionado si quieres ahorrar en la factura de la luz<\/span><\/a><\/p>\n","protected":false},"author":1,"featured_media":0,"comment_status":"closed","ping_status":"closed","sticky":false,"template":"","format":"standard","meta":{"footnotes":""},"categories":[8],"tags":[],"class_list":["post-24607","post","type-post","status-publish","format-standard","hentry","category-xataka"],"_links":{"self":[{"href":"https:\/\/domosistemas.com\/index.php?rest_route=\/wp\/v2\/posts\/24607","targetHints":{"allow":["GET"]}}],"collection":[{"href":"https:\/\/domosistemas.com\/index.php?rest_route=\/wp\/v2\/posts"}],"about":[{"href":"https:\/\/domosistemas.com\/index.php?rest_route=\/wp\/v2\/types\/post"}],"author":[{"embeddable":true,"href":"https:\/\/domosistemas.com\/index.php?rest_route=\/wp\/v2\/users\/1"}],"replies":[{"embeddable":true,"href":"https:\/\/domosistemas.com\/index.php?rest_route=%2Fwp%2Fv2%2Fcomments&post=24607"}],"version-history":[{"count":0,"href":"https:\/\/domosistemas.com\/index.php?rest_route=\/wp\/v2\/posts\/24607\/revisions"}],"wp:attachment":[{"href":"https:\/\/domosistemas.com\/index.php?rest_route=%2Fwp%2Fv2%2Fmedia&parent=24607"}],"wp:term":[{"taxonomy":"category","embeddable":true,"href":"https:\/\/domosistemas.com\/index.php?rest_route=%2Fwp%2Fv2%2Fcategories&post=24607"},{"taxonomy":"post_tag","embeddable":true,"href":"https:\/\/domosistemas.com\/index.php?rest_route=%2Fwp%2Fv2%2Ftags&post=24607"}],"curies":[{"name":"wp","href":"https:\/\/api.w.org\/{rel}","templated":true}]}}