{"id":24623,"date":"2024-06-13T07:25:47","date_gmt":"2024-06-13T07:25:47","guid":{"rendered":"https:\/\/domosistemas.com\/?p=24623"},"modified":"2024-06-13T07:25:47","modified_gmt":"2024-06-13T07:25:47","slug":"asi-puedes-ver-la-cobertura-de-fibra-y-del-5g-en-espana-y-hasta-en-tu-pueblo-este-mapa-interactivo-lo-hace-posible","status":"publish","type":"post","link":"https:\/\/domosistemas.com\/?p=24623","title":{"rendered":"As\u00ed puedes ver la cobertura de fibra y del 5G en Espa\u00f1a y hasta en tu pueblo. Este mapa interactivo lo hace posible"},"content":{"rendered":"<div>\n<p>\n      <img decoding=\"async\" src=\"https:\/\/i.blogs.es\/dbb19d\/pexels-brett-sayles-4864249\/1024_2000.jpeg\" alt=\"As\u00ed puedes ver la cobertura de fibra y del 5G en Espa\u00f1a y hasta en tu pueblo. Este mapa interactivo lo hace posible\">\n    <\/p>\n<p>A la hora de <a href=\"https:\/\/www.xatakahome.com\/a-fondo\/que-fibra-llegue-a-hogares-proceso-largo-esto-todo-que-hay-que-hacer-tener-internet-casa\">conocer si llega la fibra a casa<\/a> o si existe cobertura 5G, satelital o de otro tipo, el usuario no lo tiene f\u00e1cil. Est\u00e1n las oportunas p\u00e1ginas web de las operadoras, pero a ellas se suma ahora adem\u00e1s el <strong>mapa interactivo<\/strong> que acaba de publicar el <a rel=\"noopener, noreferrer\" href=\"https:\/\/avancedigital.mineco.gob.es\/es-es\/Paginas\/index.aspx\" data-id=\"noopener noreferrer\">Ministerio para la Transformaci\u00f3n Digital y de la Funci\u00f3n P\u00fablica<\/a>.<\/p>\n<p><!-- BREAK 1 --><\/p>\n<p>El citado organismo ha publicado en su web un mapa que expone la cobertura en Espa\u00f1a de distintos sistemas de comunicaciones. <strong>Desde las redes de fibra y m\u00f3vil 5G<\/strong>, pero tambi\u00e9n de la conexi\u00f3n v\u00eda sat\u00e9lite. Un mapa que sirve adem\u00e1s de para mostrar la cobertura, para conocer la velocidad en cada poblaci\u00f3n.<\/p>\n<p><!-- BREAK 2 --><\/p>\n<h2>Cobertura por tecnolog\u00edas<\/h2>\n<div class=\"article-asset-image article-asset-normal article-asset-center\">\n<div class=\"asset-content\">\n                    <a href=\"https:\/\/www.xatakahome.com\/a-fondo\/este-punto-debil-tu-conexion-a-internet-asi-debes-cuidarlo-router-funcione-a-tope\"><\/p>\n<p>    <img decoding=\"async\" alt=\"Cablee\" class=\"centro_sinmarco\" src=\"https:\/\/i.blogs.es\/67c8c7\/cablee\/450_1000.webp\"><br \/>\n     <\/a><\/p><\/div>\n<\/div>\n<p>Adem\u00e1s del <a rel=\"noopener, noreferrer\" href=\"https:\/\/avancedigital.mineco.gob.es\/banda-ancha\/cobertura\/Documents\/Informe_Cobertura-BA-2023%20vf.pdf\">informe<\/a> sobre la cobertura de la banda ancha, que como cada a\u00f1o, hace p\u00fablico la Secretari\u0301a de Estado de Telecomunicaciones e Infraestructuras Digitales, se ha publicado <strong>un mapa para tener toda la informaci\u00f3n de forma gr\u00e1fica.<\/strong><\/p>\n<p><!-- BREAK 3 --><\/p>\n<div class=\"article-asset-image article-asset-normal article-asset-center\">\n<div class=\"asset-content\">\n<p>   <img decoding=\"async\" alt=\"Mapa\" class=\"centro_sinmarco\" src=\"https:\/\/i.blogs.es\/a939fc\/captura-de-pantalla-2024-06-13-a-las-9.28.36\/450_1000.webp\"><\/p><\/div>\n<\/div>\n<p>Si en el informe, en formato PDF lo que aparece es la cobertura de las redes de fibra y m\u00f3vil en todo el territorio nacional durante el \u00faltimo a\u00f1o y analiza la evoluci\u00f3n y <strong>si se cumplen los objetivos fijados por la Uni\u00f3n Europea<\/strong> para mejorar la conectividad, tambi\u00e9n se publican mapas interactivos que permiten ver cobertura y velocidad a nivel de municipios de las distintas tecnolog\u00edas.<\/p>\n<p><!-- BREAK 4 --><\/p>\n<div class=\"article-asset-video article-asset-normal\">\n<div class=\"asset-content\">\n<div class=\"base-asset-video\">\n<div class=\"js-dailymotion\">\n    <script type=\"application\/json\">\n           {\"videoId\":\"x7zmxm2\",\"autoplay\":true,\"title\":\"CONSEJOS para elegir LA MEJOR TARIFA de FIBRA y MO\u0301VIL\", \"tag\":\"\"}\n         <\/script>\n   <\/div>\n<\/p><\/div>\n<\/p><\/div>\n<\/div>\n<p>En estos datos juega un papel fundamental la banda n78, que para el que no lo sepa es <strong>es la principal para el 5G, <\/strong>con la que se alcanzan velocidades de hasta 1 Gbps en condiciones \u00f3ptimas sobre 3,5 GHz. Hay que tener en cuenta que para 2030 el 5G tiene que cubrir todo el territorio y que los hogares deben tener acceso a conexiones de 1 Gbps (en 2025 se exigir\u00e1 un m\u00ednimo de 100 Mbps).<\/p>\n<p><!-- BREAK 5 --><\/p>\n<div class=\"article-asset article-asset-normal article-asset-center\">\n<div class=\"desvio-container\">\n<div class=\"desvio\">\n<div class=\"desvio-figure js-desvio-figure\">\n    <a href=\"https:\/\/www.xatakahome.com\/la-red-local\/como-saber-tu-conexion-fibra-usa-cg-nat-que-operadores-usan-como-evitarlo-como-puede-no-perjudicarte\"><br \/>\n     <img loading=\"lazy\" decoding=\"async\" alt=\"C\u00f3mo saber si tu conexi\u00f3n de fibra usa CG-NAT, qu\u00e9 operadores la emplean, c\u00f3mo evitarlo y c\u00f3mo puede o no perjudicarte\" width=\"375\" height=\"142\" src=\"https:\/\/i.blogs.es\/7a937c\/pexels-brett-sayles-4280702\/375_142.webp\" onerror='this.src=\"https:\/\/i.blogs.es\/7a937c\/pexels-brett-sayles-4280702\/375_142.jpeg\"'><br \/>\n    <\/a>\n   <\/div>\n<div class=\"desvio-summary\">\n<div class=\"desvio-taxonomy js-desvio-taxonomy\">\n     <a href=\"https:\/\/www.xatakahome.com\/la-red-local\/como-saber-tu-conexion-fibra-usa-cg-nat-que-operadores-usan-como-evitarlo-como-puede-no-perjudicarte\" class=\"desvio-taxonomy-anchor\">En Xataka Smart Home<\/a>\n    <\/div>\n<p>    <a href=\"https:\/\/www.xatakahome.com\/la-red-local\/como-saber-tu-conexion-fibra-usa-cg-nat-que-operadores-usan-como-evitarlo-como-puede-no-perjudicarte\" class=\"desvio-title js-desvio-title\">C\u00f3mo saber si tu conexi\u00f3n de fibra usa CG-NAT, qu\u00e9 operadores la emplean, c\u00f3mo evitarlo y c\u00f3mo puede o no perjudicarte<\/a>\n   <\/div>\n<\/p><\/div>\n<\/p><\/div>\n<\/div>\n<p>Con todo esto sobre la mesa, a 2023 los datos indican que los 100 Mbps con redes fijas<strong> llegan al 95,65% de los hogares<\/strong>, lo que supone un crecimiento de 3,04 puntos respecto al a\u00f1o anterior.<\/p>\n<p><!-- BREAK 6 --><\/p>\n<div class=\"article-asset-image article-asset-normal article-asset-center\">\n<div class=\"asset-content\">\n<div class=\"caption-img \">\n<p>   <img decoding=\"async\" alt=\"Cobertura\" class=\"centro_sinmarco\" src=\"https:\/\/i.blogs.es\/861409\/captura-de-pantalla-2024-06-13-a-las-8.49.37\/450_1000.webp\"><\/p>\n<p>        <span>Imagen |\u00a0Ministerio para la Transformaci\u00f3n Digital y de la Funci\u00f3n P\u00fablica<\/span>\n   <\/div>\n<\/p><\/div>\n<\/div>\n<p>Por su parte, si se hace referencia a las <strong>velocidades de 1 Gbps<\/strong>, hay un crecimiento de 3,97 puntos porcentuales respecto al a\u00f1o anterior, alcanzando una cobertura del 92,52% de los hogares y al 88,93% de las viviendas.<\/p>\n<p><!-- BREAK 7 --><\/p>\n<div class=\"article-asset-image article-asset-normal article-asset-center\">\n<div class=\"asset-content\">\n<div class=\"caption-img \">\n<p>   <img decoding=\"async\" alt=\"Cobertura\" class=\"centro_sinmarco\" src=\"https:\/\/i.blogs.es\/5d05da\/captura-de-pantalla-2024-06-13-a-las-9.14.22\/450_1000.webp\"><\/p>\n<p>        <span>Imagen | Ministerio para la Transformaci\u00f3n Digital y de la Funci\u00f3n P\u00fablica<\/span>\n   <\/div>\n<\/p><\/div>\n<\/div>\n<p>Por su parte, en el \u00e1mbito rural <strong>la cobertura fija de los 100 Mbps<\/strong>, s\u00f3lo el 86,29% de los hogares tienen acceso a esta velocidad (80,31% de las viviendas rurales), una cifra que baja al 79,07% en el caso de velocidades de 1 Gbps (73,15% de las viviendas rurales). En el caso de la conexi\u00f3n de 30 Mbps llega al 87,21% (81,43% de las viviendas rurales).<\/p>\n<p><!-- BREAK 8 --><\/p>\n<div class=\"article-asset-image article-asset-normal article-asset-center\">\n<div class=\"asset-content\">\n<div class=\"caption-img \">\n<p>   <img decoding=\"async\" alt=\"Cobertura\" class=\"centro_sinmarco\" src=\"https:\/\/i.blogs.es\/288a2c\/captura-de-pantalla-2024-06-13-a-las-8.55.27\/450_1000.webp\"><\/p>\n<p>        <span>Imagen | Ministerio para la Transformaci\u00f3n Digital y de la Funci\u00f3n P\u00fablica<\/span>\n   <\/div>\n<\/p><\/div>\n<\/div>\n<p>Eso en lo que se refiere a la banda ancha fija, porque <strong>en lo referido al 5G<\/strong> llega ya al 92,30% de la poblaci\u00f3n, lo que asimilan en este punto al mismo porcentaje en hogares y que supone un incremento de casi 10 puntos porcentuales respecto a 2022. Estas cifras bajan hasta el 68,93% si se limita al mundo rural.<\/p>\n<p><!-- BREAK 9 --><\/p>\n<div class=\"article-asset-image article-asset-normal article-asset-center\">\n<div class=\"asset-content\">\n<div class=\"caption-img \">\n<p>   <img decoding=\"async\" alt=\"Cobertura\" class=\"centro_sinmarco\" src=\"https:\/\/i.blogs.es\/b3b238\/captura-de-pantalla-2024-06-13-a-las-8.59.48\/450_1000.webp\"><\/p>\n<p>        <span>Imagen | Ministerio para la Transformaci\u00f3n Digital y de la Funci\u00f3n P\u00fablica<\/span>\n   <\/div>\n<\/p><\/div>\n<\/div>\n<p>Adem\u00e1s, se establece que en el caso de la <strong>cobertura 5G agregada<\/strong> (NSA y SA), se logra un porcentaje superior al 90%, con una cobertura en el 34,31% de los municipios. En estos 2.789 municipios se sit\u00faa el 83,95% de las viviendas y el 87,05% de los hogares espa\u00f1oles con cobertura 5G.<\/p>\n<p><!-- BREAK 10 --><\/p>\n<div class=\"article-asset-image article-asset-normal article-asset-center\">\n<div class=\"asset-content\">\n<div class=\"caption-img \">\n<p>   <img decoding=\"async\" alt=\"Cobertura\" class=\"centro_sinmarco\" src=\"https:\/\/i.blogs.es\/d0438e\/captura-de-pantalla-2024-06-13-a-las-9.04.52\/450_1000.webp\"><\/p>\n<p>        <span>Imagen | Ministerio para la Transformaci\u00f3n Digital y de la Funci\u00f3n P\u00fablica<\/span>\n   <\/div>\n<\/p><\/div>\n<\/div>\n<p>Adem\u00e1s de los datos del informe, el Ministerio para la Transformaci\u00f3n Digital y de la Funci\u00f3n P\u00fablica ha publicado una serie de <strong>mapas interactivos<\/strong>, que permiten ver a nivel de regiones, pero tambi\u00e9n de municipio, todos estos indicadores y as\u00ed comprobar la cobertura por tecnolog\u00edas, pero tambi\u00e9n la velocidad que ofrece cada una de ellas.<\/p>\n<p><!-- BREAK 11 --><\/p>\n<div class=\"article-asset-image article-asset-normal article-asset-center\">\n<div class=\"asset-content\">\n<div class=\"caption-img \">\n<p>   <img decoding=\"async\" alt=\"Cobertura por regiones\" class=\"centro_sinmarco\" src=\"https:\/\/i.blogs.es\/6fdf92\/captura-de-pantalla-2024-06-13-a-las-9.07.47\/450_1000.webp\"><\/p>\n<p>        <span>Cobertura FTTH por regiones<\/span>\n   <\/div>\n<\/p><\/div>\n<\/div>\n<p>Por ejemplo, he consultado en mi ciudad, Granada, la cobertura FTTH y en el cuadro desplegable se pueden ver datos como la <strong>poblaci\u00f3n (n\u00famero de habitantes) y el nivel de cobertura<\/strong>.<\/p>\n<p><!-- BREAK 12 --><\/p>\n<div class=\"article-asset-image article-asset-normal article-asset-center\">\n<div class=\"asset-content\">\n<div class=\"caption-img \">\n<p>   <img decoding=\"async\" alt=\"Cobertura FTTH\" class=\"centro_sinmarco\" src=\"https:\/\/i.blogs.es\/3ea8f4\/captura-de-pantalla-2024-06-13-a-las-9.08.13\/450_1000.webp\"><\/p>\n<p>        <span>Cobertura FTTH<\/span>\n   <\/div>\n<\/p><\/div>\n<\/div>\n<p>Este otro ejemplo es para el nivel de <strong>cobertura 5G a 3,5 Ghz<\/strong>. Se puede ver desde un municipio grande hasta otro m\u00e1s peque\u00f1o en el que exista cobertura.<\/p>\n<p><!-- BREAK 13 --><\/p>\n<div class=\"article-asset-image article-asset-normal article-asset-center\">\n<div class=\"asset-content\">\n<div class=\"caption-img \">\n<p>   <img decoding=\"async\" alt=\"Cobertura 5G\" class=\"centro_sinmarco\" src=\"https:\/\/i.blogs.es\/ea7d24\/captura-de-pantalla-2024-06-13-a-las-9.08.37\/450_1000.webp\"><\/p>\n<p>        <span>Cobertura 5G<\/span>\n   <\/div>\n<\/p><\/div>\n<\/div>\n<p>V\u00eda | <a rel=\"noopener, noreferrer\" href=\"https:\/\/bandaancha.eu\/articulos\/nuevo-mapa-ministerio-cobertura-fibra-5g-10969\">Banda Ancha<\/a><\/p>\n<p>Foto de <a rel=\"noopener, noreferrer\" href=\"https:\/\/www.pexels.com\/es-es\/foto\/creativo-azul-edificio-amarillo-4864249\/\">Brett Sayles<\/a><\/p>\n<p>M\u00e1s informaci\u00f3n | <a rel=\"noopener, noreferrer\" href=\"https:\/\/avancedigital.mineco.gob.es\/es-es\/Paginas\/index.aspx\">Ministerio para la Transformaci\u00f3n Digital y de la Funci\u00f3n P\u00fablica<\/a><\/p>\n<p>En Xataka SmartHome | <a href=\"https:\/\/www.xatakahome.com\/la-red-local\/conexiones-adsl-han-terminado-estas-alternativas-para-tener-internet-casa-no-puedes-contratar-fibra\">Las conexiones de ADSL han terminado: estas son las alternativas para tener Internet en casa si no puedes contratar fibra<\/a><\/p>\n<p><script>\n (function() {\n  window._JS_MODULES = window._JS_MODULES || {};\n  var headElement = document.getElementsByTagName('head')[0];\n  if (_JS_MODULES.instagram) {\n   var instagramScript = document.createElement('script');\n   instagramScript.src = 'https:\/\/platform.instagram.com\/en_US\/embeds.js';\n   instagramScript.async = true;\n   instagramScript.defer = true;\n   headElement.appendChild(instagramScript);\n  }\n })();\n<\/script><\/p>\n<p> &#8211; <br \/> La noticia<br \/>\n      <a href=\"https:\/\/www.xatakahome.com\/la-red-local\/asi-puedes-ver-cobertura-fibra-5g-espana-tu-pueblo-este-mapa-interactivo-hace-posible?utm_source=feedburner&amp;utm_medium=feed&amp;utm_campaign=13_Jun_2024\"><br \/>\n       <em> As\u00ed puedes ver la cobertura de fibra y del 5G en Espa\u00f1a y hasta en tu pueblo. Este mapa interactivo lo hace posible <\/em><br \/>\n      <\/a><br \/>\n      fue publicada originalmente en<br \/>\n      <a href=\"https:\/\/www.xatakahome.com\/?utm_source=feedburner&amp;utm_medium=feed&amp;utm_campaign=13_Jun_2024\"><br \/>\n       <strong> Xataka Smart Home <\/strong><br \/>\n      <\/a><br \/>\n            por <a href=\"https:\/\/www.xatakahome.com\/autor\/jose-antonio-carmona?utm_source=feedburner&amp;utm_medium=feed&amp;utm_campaign=13_Jun_2024\"><br \/>\n       Jose Antonio Carmona<br \/>\n      <\/a><br \/>\n      . <\/p>\n<\/div>\n","protected":false},"excerpt":{"rendered":"<p>A la hora de conocer si llega la fibra a casa o si existe cobertura 5G, satelital o de otro tipo, el usuario no lo tiene f\u00e1cil. Est\u00e1n las oportunas p\u00e1ginas web de las operadoras, pero a ellas se suma ahora adem\u00e1s el mapa interactivo que acaba de publicar el Ministerio para la Transformaci\u00f3n Digital &hellip; <a href=\"https:\/\/domosistemas.com\/?p=24623\" class=\"more-link\">Sigue leyendo <span class=\"screen-reader-text\">As\u00ed puedes ver la cobertura de fibra y del 5G en Espa\u00f1a y hasta en tu pueblo. Este mapa interactivo lo hace posible<\/span><\/a><\/p>\n","protected":false},"author":1,"featured_media":0,"comment_status":"closed","ping_status":"closed","sticky":false,"template":"","format":"standard","meta":{"footnotes":""},"categories":[8],"tags":[],"class_list":["post-24623","post","type-post","status-publish","format-standard","hentry","category-xataka"],"_links":{"self":[{"href":"https:\/\/domosistemas.com\/index.php?rest_route=\/wp\/v2\/posts\/24623","targetHints":{"allow":["GET"]}}],"collection":[{"href":"https:\/\/domosistemas.com\/index.php?rest_route=\/wp\/v2\/posts"}],"about":[{"href":"https:\/\/domosistemas.com\/index.php?rest_route=\/wp\/v2\/types\/post"}],"author":[{"embeddable":true,"href":"https:\/\/domosistemas.com\/index.php?rest_route=\/wp\/v2\/users\/1"}],"replies":[{"embeddable":true,"href":"https:\/\/domosistemas.com\/index.php?rest_route=%2Fwp%2Fv2%2Fcomments&post=24623"}],"version-history":[{"count":0,"href":"https:\/\/domosistemas.com\/index.php?rest_route=\/wp\/v2\/posts\/24623\/revisions"}],"wp:attachment":[{"href":"https:\/\/domosistemas.com\/index.php?rest_route=%2Fwp%2Fv2%2Fmedia&parent=24623"}],"wp:term":[{"taxonomy":"category","embeddable":true,"href":"https:\/\/domosistemas.com\/index.php?rest_route=%2Fwp%2Fv2%2Fcategories&post=24623"},{"taxonomy":"post_tag","embeddable":true,"href":"https:\/\/domosistemas.com\/index.php?rest_route=%2Fwp%2Fv2%2Ftags&post=24623"}],"curies":[{"name":"wp","href":"https:\/\/api.w.org\/{rel}","templated":true}]}}