{"id":24654,"date":"2024-06-16T15:00:39","date_gmt":"2024-06-16T15:00:39","guid":{"rendered":"https:\/\/domosistemas.com\/?p=24654"},"modified":"2024-06-16T15:00:39","modified_gmt":"2024-06-16T15:00:39","slug":"quiero-hacer-una-barbacoa-en-la-terraza-o-balcon-de-mi-piso-tras-mirar-lo-que-dice-la-ley-he-terminado-preguntando-al-presidente","status":"publish","type":"post","link":"https:\/\/domosistemas.com\/?p=24654","title":{"rendered":"Quiero hacer una barbacoa en la terraza o balc\u00f3n de mi piso: tras mirar lo que dice la ley, he terminado preguntando al presidente"},"content":{"rendered":"<div>\n<p>\n      <img decoding=\"async\" src=\"https:\/\/i.blogs.es\/c597d8\/vidar-nordli-mathisen-iodacetpots-unsplash\/1024_2000.jpeg\" alt=\"Quiero hacer una barbacoa en la terraza o balc\u00f3n de mi piso: tras mirar lo que dice la ley, he terminado preguntando al presidente\">\n    <\/p>\n<p>Me he mudado y de forma temporal estoy viviendo en un piso con una terraza bastante grande que hemos preparado con muebles de exterior como un sof\u00e1, estanter\u00eda y una silla, as\u00ed como un mont\u00f3n de plantas. Ahora que por fin ha llegado el buen tiempo, hemos pensado en aprovecharla <strong>haciendo una barbacoa en la terraza<\/strong>.<\/p>\n<p><!-- BREAK 1 --><\/p>\n<p>Aunque nuestra terraza pertenece obviamente a nuestro piso, est\u00e1 pr\u00f3xima a otros vecinos y vecinas y sus respectivas terrazas y ventanas, lo que implica posibles molestias y olores que quiz\u00e1s no les hagan mucha gracia m\u00e1s all\u00e1 de malos olores que pueden incrustarse en ropa tendida. As\u00ed que hemos echado <strong>un vistazo a la legislaci\u00f3n vigente sobre barbacoas al aire libre<\/strong> para llevarnos una sorpresa.<\/p>\n<p><!-- BREAK 2 --><\/p>\n<h2>Barbacoas en terrazas y balcones, \u00bfun vac\u00edo legal?<\/h2>\n<div class=\"article-asset-video article-asset-normal\">\n<div class=\"asset-content\">\n<div class=\"base-asset-video\">\n<div class=\"js-dailymotion\">\n    <script type=\"application\/json\">\n           {\"videoId\":\"x82kp8e\",\"autoplay\":true,\"title\":\"C\u00f3mo cocinar  una barbacoa de pescado y marisco\", \"tag\":\"Barbacoa\"}\n         <\/script>\n   <\/div>\n<\/p><\/div>\n<\/p><\/div>\n<\/div>\n<p>Para empezar, no existe una normativa general relativa a hacer barbacoas en terrazas y balcones, por lo que tendremos que acudir a la normativa municipal y a los estatutos de la comunidad de vecinos en busca de regulaciones espec\u00edficas. Asimismo, ojo porque \u00a0en \u00a0<a rel=\"noopener, noreferrer\" href=\"https:\/\/www.boe.es\/buscar\/act.php?id=BOE-A-1960-10906\">Ley de Propiedad Horizontal<\/a><strong> hay un punto a considerar <\/strong>ya que esta actividad puede asimilarse como tal, el art\u00edculo 7.2:<\/p>\n<p><!-- BREAK 3 --><\/p>\n<blockquote><p>Al propietario y al ocupante del piso o local no les est\u00e1 permitido desarrollar en \u00e9l o en el resto del inmueble actividades prohibidas en los estatutos, que<strong> <\/strong>resulten da\u00f1osas para la finca o que contravengan las disposiciones generales sobre las <strong>actividades molestas, insalubres, nocivas, peligrosas o il\u00edcitas<\/strong><\/p><\/blockquote>\n<p>Entre vecinos y vecinas es relativamente com\u00fan que surjan conflictos relativos al ruido, especialmente en \u00e9pocas de ventanas abiertas y reuniones grupales, pero <strong>el humo generado en una barbacoa tambi\u00e9n puede ser motivo de quejas<\/strong>, ya que este puede colarse en las casas, resultando precisamente insalubre y nocivo.<\/p>\n<p><!-- BREAK 4 --><\/p>\n<p>El problema es que el l\u00edmite no est\u00e1 claro y establecido, por lo que ser\u00e1n los estatutos de la comunidad, ordenanzas municipales y en \u00faltima instancia, quien ocupe la presidencia de la comunidad quien decida tras una posible queja. En caso de que exista un requerimiento expreso que impida las barbacoas en terrazas o balcones y hagamos o\u00eddos sordos, entonces podr\u00edan iniciarse las acciones judiciales que se estimen pertinentes y que sean los juzgados quienes dicten sentencia.<\/p>\n<p><!-- BREAK 5 --><\/p>\n<p>As\u00ed que<strong> antes de hacer una barbacoa<\/strong>, voy a preguntarle al presidente de mi comunidad para quedarme m\u00e1s tranquila antes de encender el fuego.<\/p>\n<p>Portada | Foto de <a rel=\"noopener, noreferrer\" href=\"https:\/\/unsplash.com\/es\/@vidarnm?utm_content=creditCopyText&amp;utm_medium=referral&amp;utm_source=unsplash\">Vidar Nordli-Mathisen<\/a> en <a rel=\"noopener, noreferrer\" href=\"https:\/\/unsplash.com\/es\/fotos\/mesa-de-madera-marron-con-sillas-IodaCetPots?utm_content=creditCopyText&amp;utm_medium=referral&amp;utm_source=unsplash\">Unsplash<\/a><\/p>\n<p>En Xataka Home | <a href=\"https:\/\/www.xatakahome.com\/hogar\/barbacoas-al-aire-libre-no-siempre-estan-permitidas-que-dice-ley-quiero-hacer-patio-jardin-terraza-casa\">Las barbacoas al aire libre no siempre est\u00e1n permitidas: qu\u00e9 dice la ley si quiero hacer una en el patio, jard\u00edn o terraza de casa<\/a><\/p>\n<p><script>\n (function() {\n  window._JS_MODULES = window._JS_MODULES || {};\n  var headElement = document.getElementsByTagName('head')[0];\n  if (_JS_MODULES.instagram) {\n   var instagramScript = document.createElement('script');\n   instagramScript.src = 'https:\/\/platform.instagram.com\/en_US\/embeds.js';\n   instagramScript.async = true;\n   instagramScript.defer = true;\n   headElement.appendChild(instagramScript);\n  }\n })();\n<\/script><\/p>\n<p> &#8211; <br \/> La noticia<br \/>\n      <a href=\"https:\/\/www.xatakahome.com\/hogar\/quiero-hacer-barbacoa-terraza-balcon-mi-piso-esto-que-dice-ley?utm_source=feedburner&amp;utm_medium=feed&amp;utm_campaign=16_Jun_2024\"><br \/>\n       <em> Quiero hacer una barbacoa en la terraza o balc\u00f3n de mi piso: tras mirar lo que dice la ley, he terminado preguntando al presidente <\/em><br \/>\n      <\/a><br \/>\n      fue publicada originalmente en<br \/>\n      <a href=\"https:\/\/www.xatakahome.com\/?utm_source=feedburner&amp;utm_medium=feed&amp;utm_campaign=16_Jun_2024\"><br \/>\n       <strong> Xataka Smart Home <\/strong><br \/>\n      <\/a><br \/>\n            por <a href=\"https:\/\/www.xatakahome.com\/autor\/eva-rodriguez?utm_source=feedburner&amp;utm_medium=feed&amp;utm_campaign=16_Jun_2024\"><br \/>\n       Eva Rodriguez de Luis<br \/>\n      <\/a><br \/>\n      . <\/p>\n<\/div>\n","protected":false},"excerpt":{"rendered":"<p>Me he mudado y de forma temporal estoy viviendo en un piso con una terraza bastante grande que hemos preparado con muebles de exterior como un sof\u00e1, estanter\u00eda y una silla, as\u00ed como un mont\u00f3n de plantas. Ahora que por fin ha llegado el buen tiempo, hemos pensado en aprovecharla haciendo una barbacoa en la &hellip; <a href=\"https:\/\/domosistemas.com\/?p=24654\" class=\"more-link\">Sigue leyendo <span class=\"screen-reader-text\">Quiero hacer una barbacoa en la terraza o balc\u00f3n de mi piso: tras mirar lo que dice la ley, he terminado preguntando al presidente<\/span><\/a><\/p>\n","protected":false},"author":1,"featured_media":0,"comment_status":"closed","ping_status":"closed","sticky":false,"template":"","format":"standard","meta":{"footnotes":""},"categories":[8],"tags":[],"class_list":["post-24654","post","type-post","status-publish","format-standard","hentry","category-xataka"],"_links":{"self":[{"href":"https:\/\/domosistemas.com\/index.php?rest_route=\/wp\/v2\/posts\/24654","targetHints":{"allow":["GET"]}}],"collection":[{"href":"https:\/\/domosistemas.com\/index.php?rest_route=\/wp\/v2\/posts"}],"about":[{"href":"https:\/\/domosistemas.com\/index.php?rest_route=\/wp\/v2\/types\/post"}],"author":[{"embeddable":true,"href":"https:\/\/domosistemas.com\/index.php?rest_route=\/wp\/v2\/users\/1"}],"replies":[{"embeddable":true,"href":"https:\/\/domosistemas.com\/index.php?rest_route=%2Fwp%2Fv2%2Fcomments&post=24654"}],"version-history":[{"count":0,"href":"https:\/\/domosistemas.com\/index.php?rest_route=\/wp\/v2\/posts\/24654\/revisions"}],"wp:attachment":[{"href":"https:\/\/domosistemas.com\/index.php?rest_route=%2Fwp%2Fv2%2Fmedia&parent=24654"}],"wp:term":[{"taxonomy":"category","embeddable":true,"href":"https:\/\/domosistemas.com\/index.php?rest_route=%2Fwp%2Fv2%2Fcategories&post=24654"},{"taxonomy":"post_tag","embeddable":true,"href":"https:\/\/domosistemas.com\/index.php?rest_route=%2Fwp%2Fv2%2Ftags&post=24654"}],"curies":[{"name":"wp","href":"https:\/\/api.w.org\/{rel}","templated":true}]}}