{"id":24655,"date":"2024-06-17T02:00:02","date_gmt":"2024-06-17T02:00:02","guid":{"rendered":"https:\/\/domosistemas.com\/?p=24655"},"modified":"2024-06-17T02:00:02","modified_gmt":"2024-06-17T02:00:02","slug":"la-segunda-edicion-de-los-premios-escala-de-interiorismo-contara-con-la-colaboracion-de-zennio","status":"publish","type":"post","link":"https:\/\/domosistemas.com\/?p=24655","title":{"rendered":"La segunda edici\u00f3n de los Premios Escala de Interiorismo contar\u00e1 con la colaboraci\u00f3n de Zennio"},"content":{"rendered":"<div>\n<p>La segunda edici\u00f3n de los Premios Escala de Interiorismo, que se celebrar\u00e1 el 20 de junio en la Real F\u00e1brica de Tapices de Madrid, reconocer\u00e1 la excelencia y la innovaci\u00f3n en el \u00e1mbito del interiorismo. Por segunda vez, el fabricante de dom\u00f3tica KNX <a href=\"https:\/\/www.zennio.com\/\" target=\"_blank\" rel=\"noopener sponsored\">Zennio<\/a> colaborar\u00e1 en este evento.<\/p>\n<figure id=\"attachment_139096\" aria-describedby=\"caption-attachment-139096\" style=\"width: 800px\" class=\"wp-caption aligncenter\"><img loading=\"lazy\" decoding=\"async\" class=\"size-full wp-image-139096\" src=\"https:\/\/static.casadomo.com\/media\/2024\/06\/zennio-segunda-edicion-premios-escala-interiorismo-jurado.png\" alt=\"Jurado Premios Escala Interiorismo.\" width=\"800\" height=\"458\" srcset=\"https:\/\/static.casadomo.com\/media\/2024\/06\/zennio-segunda-edicion-premios-escala-interiorismo-jurado.png 800w, https:\/\/static.casadomo.com\/media\/2024\/06\/zennio-segunda-edicion-premios-escala-interiorismo-jurado-300x172.png 300w, https:\/\/static.casadomo.com\/media\/2024\/06\/zennio-segunda-edicion-premios-escala-interiorismo-jurado-768x440.png 768w, https:\/\/static.casadomo.com\/media\/2024\/06\/zennio-segunda-edicion-premios-escala-interiorismo-jurado-180x103.png 180w\" sizes=\"auto, (max-width: 800px) 100vw, 800px\"><figcaption id=\"caption-attachment-139096\" class=\"wp-caption-text\">El jurado de los Premios Escala de Interiorismo est\u00e1 compuesto por representantes del mundo del interiorismo, la cultura y la industria.<\/figcaption><\/figure>\n<p>El especialista en sistemas dom\u00f3ticos para viviendas inteligentes Zennio patrocina la gala de los Premios Escala de Interiorismo, reflejando su compromiso con la innovaci\u00f3n y la tecnolog\u00eda en este campo.<\/p>\n<p>\u00abNos sentimos orgullosos de patrocinar los Premios Escala de Interiorismo, ya que estamos alineados con su b\u00fasqueda de excelencia y creatividad en el dise\u00f1o. Nuestra misi\u00f3n es proporcionar soluciones tecnol\u00f3gicas que no solo mejoren la funcionalidad de los espacios, sino que tambi\u00e9n enriquezcan la experiencia est\u00e9tica de los usuarios\u00bb, comenta Jes\u00fas Mora, director comercial de <a href=\"https:\/\/www.casadomo.com\/empresas\/zennio\">Zennio<\/a>.<\/p>\n<p>La gala de entrega de premios, presentada por Susanna Griso, contar\u00e1 con la presencia de representantes del mundo del interiorismo, la cultura y la industria. El jurado de esta edici\u00f3n ha estado presidido por Henry Berczely, CEO de la Escuela Madrile\u00f1a de Decoraci\u00f3n, e integrado por directivos de empresas y medios de comunicaci\u00f3n, incluyendo a <a href=\"https:\/\/www.casadomo.com\/2024\/05\/14\/jesus-mora-director-comercial-de-zennio\">Jes\u00fas Mora<\/a> de Zennio, Aitor Viteri de la Escuela Madrile\u00f1a de Decoraci\u00f3n, Andr\u00e9s Castej\u00f3n de Strohm-Teka, y otros destacados profesionales del sector.<\/p>\n<h2>Galardonados de la segunda edici\u00f3n Premios Escala de Interiorismo<\/h2>\n<p>Promovidos por la Escuela Madrile\u00f1a de Decoraci\u00f3n y organizados por Atresmedia, los <a href=\"https:\/\/www.casadomo.com\/2023\/06\/07\/zennio-colabora-gala-primeros-premios-escala-interiorismo\">Premios Escala de Interiorismo<\/a> destacan por su compromiso en celebrar y distinguir proyectos sobresalientes en el dise\u00f1o de interiores. La gala busca inspirar y reconocer a figuras consagradas y a promesas emergentes del interiorismo, la direcci\u00f3n art\u00edstica y el arte urbano.<\/p>\n<p>Entre los galardonados en esta segunda edici\u00f3n de los premios, se encuentran Pascua Ortega, Premio a la Excelencia Internacional; Sandra Tarruella, Premio a la Excelencia Nacional; Mar\u00eda Santos, Premio Proyecto Residencial por su Vivienda en Valencia; Jaime Beriestain, Premio Proyecto Global por el Hotel Fuerte Marbella; Antx\u00f3n G\u00f3mez, Premio al Dise\u00f1o Art\u00edstico por la pel\u00edcula \u2018Todo sobre mi madre\u2019 en su XXV aniversario; Leonela Rivas, Premio Promesa del Interiorismo; Elisa Iglesias, Premio Home Staging; Jes\u00fas G\u00f3mez, Premio Entornos; Luis Cebaqueva, Premio a la Pieza de Dise\u00f1o; Gabriel Castillo, Premio a la Innovaci\u00f3n Sostenible por la Exposici\u00f3n de arte instalativo en Madrid ADN F\u00f3rum; Murales Lian, Premio Street Deco; y Natalia Zubizarreta, Premio Deco Influencer.<\/p>\n<p>La segunda edici\u00f3n de los Premios Escala cuenta con el patrocinio de empresas comprometidas con el interiorismo, la tecnolog\u00eda, la innovaci\u00f3n y la sostenibilidad, como Beko, Kenay Home, Legado Artesano, Peralta Vidavi, Saltoki Home, Strohm Teka y Zennio. Estos patrocinadores apoyan la misi\u00f3n de los premios de promover la excelencia y la creatividad en el dise\u00f1o de interiores.<\/p>\n<p>La entrada <a href=\"https:\/\/www.casadomo.com\/2024\/06\/17\/segunda-edicion-premios-escala-interiorismo-contara-colaboracion-zennio\">La segunda edici\u00f3n de los Premios Escala de Interiorismo contar\u00e1 con la colaboraci\u00f3n de Zennio<\/a> aparece primero en <a href=\"https:\/\/www.casadomo.com\/\">CASADOMO<\/a>.<\/p>\n<\/div>\n","protected":false},"excerpt":{"rendered":"<p>La segunda edici\u00f3n de los Premios Escala de Interiorismo, que se celebrar\u00e1 el 20 de junio en la Real F\u00e1brica de Tapices de Madrid, reconocer\u00e1 la excelencia y la innovaci\u00f3n en el \u00e1mbito del interiorismo. Por segunda vez, el fabricante de dom\u00f3tica KNX Zennio colaborar\u00e1 en este evento. El jurado de los Premios Escala de &hellip; <a href=\"https:\/\/domosistemas.com\/?p=24655\" class=\"more-link\">Sigue leyendo <span class=\"screen-reader-text\">La segunda edici\u00f3n de los Premios Escala de Interiorismo contar\u00e1 con la colaboraci\u00f3n de Zennio<\/span><\/a><\/p>\n","protected":false},"author":1,"featured_media":0,"comment_status":"closed","ping_status":"closed","sticky":false,"template":"","format":"standard","meta":{"footnotes":""},"categories":[3],"tags":[],"class_list":["post-24655","post","type-post","status-publish","format-standard","hentry","category-casadomo-com"],"_links":{"self":[{"href":"https:\/\/domosistemas.com\/index.php?rest_route=\/wp\/v2\/posts\/24655","targetHints":{"allow":["GET"]}}],"collection":[{"href":"https:\/\/domosistemas.com\/index.php?rest_route=\/wp\/v2\/posts"}],"about":[{"href":"https:\/\/domosistemas.com\/index.php?rest_route=\/wp\/v2\/types\/post"}],"author":[{"embeddable":true,"href":"https:\/\/domosistemas.com\/index.php?rest_route=\/wp\/v2\/users\/1"}],"replies":[{"embeddable":true,"href":"https:\/\/domosistemas.com\/index.php?rest_route=%2Fwp%2Fv2%2Fcomments&post=24655"}],"version-history":[{"count":0,"href":"https:\/\/domosistemas.com\/index.php?rest_route=\/wp\/v2\/posts\/24655\/revisions"}],"wp:attachment":[{"href":"https:\/\/domosistemas.com\/index.php?rest_route=%2Fwp%2Fv2%2Fmedia&parent=24655"}],"wp:term":[{"taxonomy":"category","embeddable":true,"href":"https:\/\/domosistemas.com\/index.php?rest_route=%2Fwp%2Fv2%2Fcategories&post=24655"},{"taxonomy":"post_tag","embeddable":true,"href":"https:\/\/domosistemas.com\/index.php?rest_route=%2Fwp%2Fv2%2Ftags&post=24655"}],"curies":[{"name":"wp","href":"https:\/\/api.w.org\/{rel}","templated":true}]}}