{"id":24665,"date":"2024-06-17T10:11:17","date_gmt":"2024-06-17T10:11:17","guid":{"rendered":"https:\/\/domosistemas.com\/?p=24665"},"modified":"2024-06-17T10:11:17","modified_gmt":"2024-06-17T10:11:17","slug":"hasta-el-25-de-descuento-al-cambiar-un-aire-acondicionado-esta-es-la-ayuda-que-puedes-pedir-si-vives-en-esta-comunidad-autonoma","status":"publish","type":"post","link":"https:\/\/domosistemas.com\/?p=24665","title":{"rendered":"Hasta el 25% de descuento al cambiar un aire acondicionado. Esta es la ayuda que puedes pedir si vives en esta comunidad aut\u00f3noma"},"content":{"rendered":"<div>\n<p>\n      <img decoding=\"async\" src=\"https:\/\/i.blogs.es\/e97587\/pexels-muneeb-babar-1300535-19741052\/1024_2000.jpeg\" alt=\"Hasta el 25% de descuento al cambiar un aire acondicionado. Esta es la ayuda que puedes pedir si vives en esta comunidad aut\u00f3noma \">\n    <\/p>\n<p>En la b\u00fasqueda constante por mejorar la eficiencia energ\u00e9tica en nuestros hogares, los aires acondicionados han evolucionado significativamente. Hoy en d\u00eda, no solo enfr\u00edan, sino que tambi\u00e9n pueden proporcionar calor de manera efectiva y econ\u00f3mica. Y ahora que llega el verano, son muchos usuarios los que <strong>se plantean comprar o cambiar el sistema de climatizaci\u00f3n<\/strong> con aire acondicionado que tienen en casa.<\/p>\n<p><!-- BREAK 1 --><\/p>\n<p>Si este es tu caso, quiz\u00e1s te interesa saber que hay una comunidad aut\u00f3noma que ofrece ayudas para todos aquellos que quieran renovar su sistema de aire acondicionado. <strong>Una especie de plan renove<\/strong> del que ahora vamos a conocer todos los detalles.<\/p>\n<p><!-- BREAK 2 --><\/p>\n<h2>D\u00f3nde y c\u00f3mo<\/h2>\n<div class=\"article-asset-image article-asset-normal article-asset-center\">\n<div class=\"asset-content\">\n<p>   <img decoding=\"async\" alt=\"Batea\" class=\"centro_sinmarco\" src=\"https:\/\/i.blogs.es\/93cb91\/batea\/450_1000.webp\"><\/p><\/div>\n<\/div>\n<p>Si est\u00e1s en la comunidad aut\u00f3noma de Arag\u00f3n, y est\u00e1s pensando en cambiar el aire acondicionado de casa, te interesa saber que el<a rel=\"noopener, noreferrer\" href=\"https:\/\/www.aragon.es\/\"> gobierno de Arag\u00f3n<\/a> cuenta con una especie de <a rel=\"noopener, noreferrer\" href=\"https:\/\/www.boa.aragon.es\/cgi-bin\/EBOA\/BRSCGI?CMD=VEROBJ&amp;MLKOB=1335691440707\">Plan Renove<\/a>. Un programa que tiene por objeto facilitar la sustituci\u00f3n de los aires acondicionados m\u00e1s antiguos y que por lo tanto son <strong>menos eficientes y contaminan m\u00e1s.<\/strong><\/p>\n<p><!-- BREAK 3 --><\/p>\n<div class=\"article-asset-video article-asset-normal\">\n<div class=\"asset-content\">\n<div class=\"base-asset-video\">\n<div class=\"js-dailymotion\">\n    <script type=\"application\/json\">\n           {\"videoId\":\"x8006fc\",\"autoplay\":true,\"title\":\"C\u00f3mo dormir cuando hace mucho calor y no tienes aire acondicionado\", \"tag\":\"\"}\n         <\/script>\n   <\/div>\n<\/p><\/div>\n<\/p><\/div>\n<\/div>\n<p>En su momento, ya explicamos los distintos tipos de gas, que puede usar un sistema de aire acondicionado y como estos pueden afectar al medio ambiente. Pero es que tambi\u00e9n es muy importante fijarte en la etiqueta energ\u00e9tica para conocer la eficiencia y <strong>que consuma menos energ\u00eda.<\/strong><\/p>\n<p><!-- BREAK 4 --><\/p>\n<p>Con estas premisas desde el gobierno de Arag\u00f3n por medio de la ORDEN EEI\/551\/2024, de 24 de mayo, busca facilitar que los usuarios puedan afrontar un gasto importante y han lanzado un programa de ayudas. El objetivo es que sea m\u00e1s econ\u00f3mico hacerse con un sistema de aire acondicionado que tenga una <strong>clasificaci\u00f3n energ\u00e9tica A + o superior en refrigeraci\u00f3n<\/strong>.<\/p>\n<p><!-- BREAK 5 --><\/p>\n<blockquote><p>\u00abAparatos de aire acondicionado individuales con clasifcaci\u00f3n energ\u00e9tica A + o superior en refrigeraci\u00f3n y al menos A en calefacci\u00f3n, que requieran instalaci\u00f3n y que trabajen en modo frio o en modo fr\u00edo\/calor con una potencia t\u00e9rmica nominal en refrigeraci\u00f3n inferior o igual a 12 kW.\u00bb<\/p><\/blockquote>\n<p>Para poder acogerse a este programa de ayudas, <strong>han de cumplirse varios requisitos<\/strong>. El primero es que el lugar de recogida del equipo viejo y el lugar de entrega del nuevo deber\u00e1n de estar ubicados en Arag\u00f3n.<\/p>\n<p><!-- BREAK 6 --><\/p>\n<blockquote><p>\u00abS\u00f3lo podr\u00e1 ser objeto de ayuda, la adquisici\u00f3n de un aparato o equipo de cada tipo indicado que sustituya a otro con menor efciencia energ\u00e9tica y\/o m\u00e1s contaminante y adem\u00e1s cuando el lugar de recogida del aparato o equipo a sustituir y el lugar de entrega\/ instalaci\u00f3n del aparato o equipo nuevo se ubique en la Comunidad Aut\u00f3noma de Arag\u00f3n\u00bb.<\/p><\/blockquote>\n<p>Adem\u00e1s, <strong>tambi\u00e9n ser\u00e1 necesario<\/strong> que el viejo sistema de climatizaci\u00f3n que se retire, \u00abs<em>ea gestionado como residuo, lo que deber\u00e1 acreditarse en los t\u00e9rminos se\u00f1alados en el art\u00edculo 11 de esta Orden<\/em>\u00ab.<\/p>\n<p><!-- BREAK 7 --><\/p>\n<p>Adem\u00e1s, el aire acondicionado que deba ser objeto de la subvenci\u00f3n, tendr\u00e1 que ser <strong>adquirido desde el mismo d\u00eda de entrada en vigor de esta Orden<\/strong> de convocatoria, \u00ab<em>hasta la finalizaci\u00f3n del cr\u00e9dito disponible para cada una de las tres l\u00edneas de actuaci\u00f3n y, en todo caso, transcurridos doce semanas desde la fecha de inicio<\/em>\u00ab.<\/p>\n<p><!-- BREAK 8 --><\/p>\n<p>Incide adem\u00e1s que \u00ab<em>la venta de los aparatos o equipos que requieran instalaci\u00f3n deber\u00e1 incluirla de modo que, si no se realiza efectivamente su instalaci\u00f3n dentro del periodo indicado en el p\u00e1rrafo anterior, no podr\u00e1 acogerse a las ayudas del \u00abPlan Renove Arag\u00f3n 2024<\/em>\u00ab.<\/p>\n<p><!-- BREAK 9 --><\/p>\n<p>Esto es importante, pues deja claro que <strong>no se tiene acceso a la ayuda<\/strong> si finalmente no se realiza su instalaci\u00f3n en el plazo previsto.<\/p>\n<h2>Posibles beneficiarios<\/h2>\n<div class=\"article-asset-image article-asset-normal article-asset-center\">\n<div class=\"asset-content\">\n<div class=\"caption-img \">\n<p>   <img decoding=\"async\" alt=\"Aire\" class=\"centro_sinmarco\" src=\"https:\/\/i.blogs.es\/71deec\/aire\/450_1000.webp\"><\/p>\n<p>        <span>Imagen |\u00a0Paco Rodr\u00edguez<\/span>\n   <\/div>\n<\/p><\/div>\n<\/div>\n<p>Adem\u00e1s de los requisitos anteriores, podr\u00e1n beneficiarse de esta ayuda las personas f\u00edsicas que adquieran el aparato, en este caso, un electrodom\u00e9stico, productor de fr\u00edo y calor, <strong>a trav\u00e9s de los comercios y empresas adheridas<\/strong> al \u00abPlan Renove Arag\u00f3n 2024\u00bb.<\/p>\n<p><!-- BREAK 10 --><\/p>\n<p>Para aquellos que re\u00fanan todos estos requisitos, una vez comprado el aire acondicionado, <strong>recibir\u00e1n la ayuda mediante la aplicaci\u00f3n del correspondiente descuento<\/strong> directamente en el precio de compra.<\/p>\n<p><!-- BREAK 11 --><\/p>\n<p>Adem\u00e1s <strong>en la Orden se advierte<\/strong> que \u00ab<em>no podr\u00e1n obtener la condici\u00f3n de benefciario quienes no se hallen al corriente en el cumplimiento de las obligaciones tributarias, tanto con la Hacienda del Estado como con la de la Administraci\u00f3n de la Comunidad Aut\u00f3noma de Arag\u00f3n, y frente a la Seguridad Social, as\u00ed como quienes tengan alguna deuda pendiente de pago con la Comunidad Aut\u00f3noma de Arag\u00f3n<\/em>\u00ab.<\/p>\n<p><!-- BREAK 12 --><\/p>\n<h2>Establecimientos y empresas adheridas<\/h2>\n<div class=\"article-asset-image article-asset-normal article-asset-center\">\n<div class=\"asset-content\">\n<p>   <img decoding=\"async\" alt=\"Aire Acondicionad\" class=\"centro_sinmarco\" src=\"https:\/\/i.blogs.es\/347126\/aire-acondicionad\/450_1000.webp\"><\/p><\/div>\n<\/div>\n<p>La Orden establece que podr\u00e1n sumarse al \u00abPlan Renove Arag\u00f3n 2024\u00bb de aparatos y equipos eficientes energ\u00e9ticamente, \u00ab<em>los establecimientos comerciales minoristas o empresas instaladoras entre cuyas actividades figure la venta al por menor y\/o la instalaci\u00f3n de los aparatos previstos en esta Orden y que dispongan al menos de un establecimiento en la Comunidad Aut\u00f3noma de Arag\u00f3n<\/em>\u00ab. Para ello han establecido un listado con <a rel=\"noopener, noreferrer\" href=\"https:\/\/aireacondicionado.renovearagon.com\/Comercios.asp\">comercios o servicios de instaladores<\/a> adheridos y <strong>a esto se suman posibles empresas<\/strong> que vayan<a rel=\"noopener, noreferrer\" href=\"https:\/\/aireacondicionado.renovearagon.com\/Comercios.asp\"> adhiriendo a la campa\u00f1a.<\/a><\/p>\n<p><!-- BREAK 13 --><\/p>\n<div class=\"article-asset article-asset-normal article-asset-center\">\n<div class=\"desvio-container\">\n<div class=\"desvio\">\n<div class=\"desvio-figure js-desvio-figure\">\n    <a href=\"https:\/\/www.xatakahome.com\/a-fondo\/estos-trucos-que-me-ha-dado-profesional-para-poner-a-punto-aire-acondicionado-antes-verano\"><br \/>\n     <img loading=\"lazy\" decoding=\"async\" alt=\"Estos son los trucos que me ha dado un profesional para poner a punto el aire acondicionado antes del verano\" width=\"375\" height=\"142\" src=\"https:\/\/i.blogs.es\/7eabc9\/aire-acondicionado\/375_142.webp\" onerror='this.src=\"https:\/\/i.blogs.es\/7eabc9\/aire-acondicionado\/375_142.jpeg\"'><br \/>\n    <\/a>\n   <\/div>\n<div class=\"desvio-summary\">\n<div class=\"desvio-taxonomy js-desvio-taxonomy\">\n     <a href=\"https:\/\/www.xatakahome.com\/a-fondo\/estos-trucos-que-me-ha-dado-profesional-para-poner-a-punto-aire-acondicionado-antes-verano\" class=\"desvio-taxonomy-anchor\">En Xataka Smart Home<\/a>\n    <\/div>\n<p>    <a href=\"https:\/\/www.xatakahome.com\/a-fondo\/estos-trucos-que-me-ha-dado-profesional-para-poner-a-punto-aire-acondicionado-antes-verano\" class=\"desvio-title js-desvio-title\">Estos son los trucos que me ha dado un profesional para poner a punto el aire acondicionado antes del verano<\/a>\n   <\/div>\n<\/p><\/div>\n<\/p><\/div>\n<\/div>\n<p>Adem\u00e1s especifica que para la adhesi\u00f3n, al \u00abPlan Renove Arag\u00f3n 2024\u00bb, <strong>deber\u00e1n contar con la colaboraci\u00f3n de una empresa instaladora<\/strong> adherida para realizar la instalaci\u00f3n de los equipos y\/o aparatos que necesariamente requieran una instalaci\u00f3n y que estas deber\u00e1n operar en el \u00e1mbito del Reglamento de Instalaciones T\u00e9rmicas en los Edifcios (RITE). Adem\u00e1s, todas las empresas instaladoras deber\u00e1n estar habilitadas por el organismo competente para ejercer la actividad de empresa instaladora en la especialidad de instalaciones t\u00e9rmicas en los edifcios y cumplir con todos los requisitos exigidos por la correspondiente reglamentaci\u00f3n de seguridad industrial para el ejercicio de la mencionada actividad. En el caso de instalaci\u00f3n de equipos de aire acondicionado, la empresa instaladora deber\u00e1 adem\u00e1s estar en posesi\u00f3n de la habilitaci\u00f3n para el tratamiento de instalaciones frigor\u00edfcas nivel 1 o nivel 2.<\/p>\n<p><!-- BREAK 14 --><\/p>\n<h2>Lo que se puede obtener<\/h2>\n<div class=\"article-asset-image article-asset-normal article-asset-center\">\n<div class=\"asset-content\">\n<p>   <img decoding=\"async\" alt=\"Aire\" class=\"centro_sinmarco\" src=\"https:\/\/i.blogs.es\/c3b9d4\/aire\/450_1000.webp\"><\/p><\/div>\n<\/div>\n<p>Cuanto al descuento que se puede obtener, este <strong>var\u00eda en funci\u00f3n de las caracter\u00edsticas<\/strong> del sistema de aire acondicionado que se va a comprar. Con una potencia frigor\u00edfica inferior a 5 kW la ayuda se establece en los 150 euros. En el caso de ser igual o superior a los 5 kW y menor de 10 kW, la ayuda ser\u00e1 de 200 euros. En el caso de tener m\u00e1s de 10 kW y que sea menor o igual a 12 kW, podremos conseguir hasta 250 euros.<\/p>\n<p><!-- BREAK 15 --><\/p>\n<p>Dicho todo esto, el importe a descontar <strong>no podr\u00e1 ser superior al 25%<\/strong> del coste del equipo (IVA no incluido) y tampoco \u00ab<em>podr\u00e1 ser de tal cuant\u00eda que, en concurrencia con otras subvenciones, ayudas, ingresos o recursos, supere el coste de adquisici\u00f3n del aparato<\/em>.\u00bb<\/p>\n<p><!-- BREAK 16 --><\/p>\n<h2>Plazos<\/h2>\n<div class=\"article-asset-image article-asset-normal article-asset-center\">\n<div class=\"asset-content\">\n<p>   <img decoding=\"async\" alt=\"Acondicionado Pictura\" class=\"centro_sinmarco\" src=\"https:\/\/i.blogs.es\/9a8c9a\/acondicionado-pictura\/450_1000.webp\"><\/p><\/div>\n<\/div>\n<p><strong>Respecto a los plazos<\/strong>, \u00ab<em>el plazo de presentaci\u00f3n de las solicitudes comenzar\u00e1 el d\u00eda siguiente al de la publicaci\u00f3n en el \u00abBolet\u00edn Oficial de Arag\u00f3n\u00bb de esta convocatoria y finalizar\u00e1 en el momento en que se produzca el agotamiento de las disponibilidades presupuestarias existentes destinadas al efecto y, en todo caso, hasta el d\u00eda que se cumpla doce semanas desde el inicio de la convocatoria<\/em>.\u00bb<\/p>\n<p><!-- BREAK 17 --><\/p>\n<div class=\"article-asset article-asset-normal article-asset-center\">\n<div class=\"desvio-container\">\n<div class=\"desvio\">\n<div class=\"desvio-figure js-desvio-figure\">\n    <a href=\"https:\/\/www.xatakahome.com\/a-fondo\/tienes-aire-acondicionado-casa-estos-sintomas-que-avisan-que-ha-llegado-hora-jubilarlo\"><br \/>\n     <img loading=\"lazy\" decoding=\"async\" alt=\"Si tienes aire acondicionado en casa estos son los s\u00edntomas que avisan que ha llegado la hora de jubilarlo\" width=\"375\" height=\"142\" src=\"https:\/\/i.blogs.es\/8cf8e3\/pexels-photo-5539540\/375_142.webp\" onerror='this.src=\"https:\/\/i.blogs.es\/8cf8e3\/pexels-photo-5539540\/375_142.jpeg\"'><br \/>\n    <\/a>\n   <\/div>\n<div class=\"desvio-summary\">\n<div class=\"desvio-taxonomy js-desvio-taxonomy\">\n     <a href=\"https:\/\/www.xatakahome.com\/a-fondo\/tienes-aire-acondicionado-casa-estos-sintomas-que-avisan-que-ha-llegado-hora-jubilarlo\" class=\"desvio-taxonomy-anchor\">En Xataka Smart Home<\/a>\n    <\/div>\n<p>    <a href=\"https:\/\/www.xatakahome.com\/a-fondo\/tienes-aire-acondicionado-casa-estos-sintomas-que-avisan-que-ha-llegado-hora-jubilarlo\" class=\"desvio-title js-desvio-title\">Si tienes aire acondicionado en casa estos son los s\u00edntomas que avisan que ha llegado la hora de jubilarlo<\/a>\n   <\/div>\n<\/p><\/div>\n<\/p><\/div>\n<\/div>\n<p>En este sentido el plazo son <strong>12 semanas<\/strong> (art\u00edculo 2.4 de la Orden) a contar desde el pasado 4 de junio que fue cuando se public\u00f3 la Orden en el BOA.<\/p>\n<blockquote><p><em>\u00abLos aparatos electrodom\u00e9sticos y equipos objeto de subvenci\u00f3n deber\u00e1n ser adquiridos desde el mismo d\u00eda de la entrada en vigor de esta Orden de convocatoria, hasta la fnalizaci\u00f3n del cr\u00e9dito disponible para cada una de las tres l\u00edneas de actuaci\u00f3n y, en todo caso, transcurridos doce semanas desde la fecha de inicio\u00bb.<\/em><\/p><\/blockquote>\n<p>El proceso para <strong>aprovechar estas ayudas<\/strong> es, seg\u00fan relata la Orden, el siguiente:<\/p>\n<p>a) Los interesados en acogerse al \u201cPlan Renove Arag\u00f3n 2024\u201d podr\u00e1n dirigirse a cualquiera de los establecimientos y empresas instaladoras adheridas al mismo.<\/p>\n<p><!-- BREAK 18 --><\/p>\n<p>b) El establecimiento o empresa instaladora, a trav\u00e9s de la web <a rel=\"noopener, noreferrer\" href=\"https:\/\/www.renovearagon.com\/\">www.renovearagon.com<\/a>, proceder\u00e1 a verificar la existencia de cr\u00e9dito y en caso afirmativo, realizar\u00e1 la reserva de fondos correspondiente para la concesi\u00f3n de la ayuda, asign\u00e1ndosele un c\u00f3digo \u00fanico a la venta.<\/p>\n<p><!-- BREAK 19 --><\/p>\n<p>c) El establecimiento o empresa instaladora, previa comprobaci\u00f3n del cumplimiento de los requisitos exigidos en el art\u00edculo 2 de esta Orden, cumplimentar\u00e1 el formulario de solicitud de ayuda, seg\u00fan los modelos recogidos en el anexo II-1, anexo II-2 y\/o anexo II-3.<\/p>\n<p><!-- BREAK 20 --><\/p>\n<p>d) El comprador rellenar\u00e1 sus datos y frmar\u00e1 por triplicado ejemplar el formulario de solicitud de ayuda (anexos II-1, II-2 y\/o II-3), siendo un ejemplar para el establecimiento, otro para el comprador y otro para la entidad colaboradora.<\/p>\n<p><!-- BREAK 21 --><\/p>\n<p>e) Una vez asignado el c\u00f3digo, el establecimiento practicar\u00e1 en el momento de realizar la venta, en el precio fnal del aparato o equipo con IVA incluido, el descuento correspondiente a la subvenci\u00f3n que corresponda, seg\u00fan le indique la aplicaci\u00f3n inform\u00e1tica habilitada para la gesti\u00f3n de ayudas y seg\u00fan el tipo y clasificaci\u00f3n energ\u00e9tica del mi<\/p>\n<p><!-- BREAK 22 --><\/p>\n<h2>No solo aires acondicionados<\/h2>\n<div class=\"article-asset-image article-asset-normal article-asset-center\">\n<div class=\"asset-content\">\n<div class=\"caption-img \">\n<p>   <img decoding=\"async\" alt=\"Aire\" class=\"centro_sinmarco\" src=\"https:\/\/i.blogs.es\/6e3c68\/aire\/450_1000.webp\"><\/p>\n<p>        <span>Imagen |\u00a0Paco Rodr\u00edguez<\/span>\n   <\/div>\n<\/p><\/div>\n<\/div>\n<p>Adem\u00e1s de equipos de climatizaci\u00f3n, el \u00abPlan Renove Arag\u00f3n 2024\u00bb es <strong>tambi\u00e9n v\u00e1lido para otro tipo de electrodom\u00e9sticos<\/strong> y as\u00ed se consideran susceptible de ayuda la adquisici\u00f3n de aparatos y equipos nuevos los siguientes aparatos:<\/p>\n<p><!-- BREAK 23 --><\/p>\n<p>a) Electrodom\u00e9sticos con alta eficiencia energ\u00e9tica con las siguientes prestaciones m\u00ednimas:<\/p>\n<p>&#8211; Frigor\u00edfico y frigor\u00edfico<\/p>\n<p>&#8211; congelador, categor\u00eda D o superior.<\/p>\n<p>&#8211; Congelador, categor\u00eda D o superior.<\/p>\n<p>&#8211; Lavadora, categor\u00eda C o superior.<\/p>\n<p>&#8211; Lavavajillas, categor\u00eda D o superior.<\/p>\n<p>&#8211; Encimeras de inducci\u00f3n total.<\/p>\n<p>&#8211; Horno, clase energ\u00e9tica A+ o superior.<\/p>\n<p>b) Aparatos de aire acondicionado individuales con clasificaci\u00f3n energ\u00e9tica A + o superior en refrigeraci\u00f3n y al menos A en calefacci\u00f3n.<\/p>\n<p>c) Calderas estancas de condensaci\u00f3n de uso individual, s\u00f3lo calefacci\u00f3n o mixta, con clasificaci\u00f3n energ\u00e9tica A o superior, que utilicen gas natural o GLP, con una potencia m\u00e1xima inferior a 70 kW y que adem\u00e1s sean de baja emisi\u00f3n NOx (Clase 6 o superior).<\/p>\n<p><!-- BREAK 24 --><\/p>\n<p>Foto de portada | <a rel=\"noopener, noreferrer\" href=\"https:\/\/www.pexels.com\/es-es\/foto\/edificio-pared-muro-vaso-19741052\/\">Muneeb Babar<\/a><\/p>\n<p>V\u00eda |\u00a0<a rel=\"noopener, noreferrer\" href=\"https:\/\/www.cope.es\/actualidad\/economia\/noticias\/ayuda-250-euros-que-puedes-cobrar-para-ponerte-aire-acondicionado-casa-requisitos-plazos-20240614_3346621#google_vignette\">Cope<\/a><\/p>\n<p>En Xataka SmartHome | <a href=\"https:\/\/www.xatakahome.com\/a-fondo\/la-mejor-forma-de-frenar-el-calor-sin-aire-acondicionado-y-mantener-la-casa-fresca-como-utilizar-persianas-estores-y-toldos\">La mejor forma de frenar una ola de calor sin aire acondicionado y mantener la casa fresca: c\u00f3mo utilizar persianas, estores y toldos<\/a><\/p>\n<p><!-- BREAK 25 --><script>\n (function() {\n  window._JS_MODULES = window._JS_MODULES || {};\n  var headElement = document.getElementsByTagName('head')[0];\n  if (_JS_MODULES.instagram) {\n   var instagramScript = document.createElement('script');\n   instagramScript.src = 'https:\/\/platform.instagram.com\/en_US\/embeds.js';\n   instagramScript.async = true;\n   instagramScript.defer = true;\n   headElement.appendChild(instagramScript);\n  }\n })();\n<\/script><\/p>\n<p> &#8211; <br \/> La noticia<br \/>\n      <a href=\"https:\/\/www.xatakahome.com\/hogar\/25-descuento-al-cambiar-aire-acondicionado-esta-ayuda-que-puedes-pedir-vives-esta-comunidad-autonoma?utm_source=feedburner&amp;utm_medium=feed&amp;utm_campaign=17_Jun_2024\"><br \/>\n       <em> Hasta el 25% de descuento al cambiar un aire acondicionado. Esta es la ayuda que puedes pedir si vives en esta comunidad aut\u00f3noma  <\/em><br \/>\n      <\/a><br \/>\n      fue publicada originalmente en<br \/>\n      <a href=\"https:\/\/www.xatakahome.com\/?utm_source=feedburner&amp;utm_medium=feed&amp;utm_campaign=17_Jun_2024\"><br \/>\n       <strong> Xataka Smart Home <\/strong><br \/>\n      <\/a><br \/>\n            por <a href=\"https:\/\/www.xatakahome.com\/autor\/jose-antonio-carmona?utm_source=feedburner&amp;utm_medium=feed&amp;utm_campaign=17_Jun_2024\"><br \/>\n       Jose Antonio Carmona<br \/>\n      <\/a><br \/>\n      . <\/p>\n<\/div>\n","protected":false},"excerpt":{"rendered":"<p>En la b\u00fasqueda constante por mejorar la eficiencia energ\u00e9tica en nuestros hogares, los aires acondicionados han evolucionado significativamente. Hoy en d\u00eda, no solo enfr\u00edan, sino que tambi\u00e9n pueden proporcionar calor de manera efectiva y econ\u00f3mica. Y ahora que llega el verano, son muchos usuarios los que se plantean comprar o cambiar el sistema de climatizaci\u00f3n &hellip; <a href=\"https:\/\/domosistemas.com\/?p=24665\" class=\"more-link\">Sigue leyendo <span class=\"screen-reader-text\">Hasta el 25% de descuento al cambiar un aire acondicionado. Esta es la ayuda que puedes pedir si vives en esta comunidad aut\u00f3noma<\/span><\/a><\/p>\n","protected":false},"author":1,"featured_media":0,"comment_status":"closed","ping_status":"closed","sticky":false,"template":"","format":"standard","meta":{"footnotes":""},"categories":[8],"tags":[],"class_list":["post-24665","post","type-post","status-publish","format-standard","hentry","category-xataka"],"_links":{"self":[{"href":"https:\/\/domosistemas.com\/index.php?rest_route=\/wp\/v2\/posts\/24665","targetHints":{"allow":["GET"]}}],"collection":[{"href":"https:\/\/domosistemas.com\/index.php?rest_route=\/wp\/v2\/posts"}],"about":[{"href":"https:\/\/domosistemas.com\/index.php?rest_route=\/wp\/v2\/types\/post"}],"author":[{"embeddable":true,"href":"https:\/\/domosistemas.com\/index.php?rest_route=\/wp\/v2\/users\/1"}],"replies":[{"embeddable":true,"href":"https:\/\/domosistemas.com\/index.php?rest_route=%2Fwp%2Fv2%2Fcomments&post=24665"}],"version-history":[{"count":0,"href":"https:\/\/domosistemas.com\/index.php?rest_route=\/wp\/v2\/posts\/24665\/revisions"}],"wp:attachment":[{"href":"https:\/\/domosistemas.com\/index.php?rest_route=%2Fwp%2Fv2%2Fmedia&parent=24665"}],"wp:term":[{"taxonomy":"category","embeddable":true,"href":"https:\/\/domosistemas.com\/index.php?rest_route=%2Fwp%2Fv2%2Fcategories&post=24665"},{"taxonomy":"post_tag","embeddable":true,"href":"https:\/\/domosistemas.com\/index.php?rest_route=%2Fwp%2Fv2%2Ftags&post=24665"}],"curies":[{"name":"wp","href":"https:\/\/api.w.org\/{rel}","templated":true}]}}