{"id":24669,"date":"2024-06-17T15:09:12","date_gmt":"2024-06-17T15:09:12","guid":{"rendered":"https:\/\/domosistemas.com\/?p=24669"},"modified":"2024-06-17T15:09:12","modified_gmt":"2024-06-17T15:09:12","slug":"esta-tela-promete-repeler-el-calor-para-que-gastemos-menos-aire-acondicionado","status":"publish","type":"post","link":"https:\/\/domosistemas.com\/?p=24669","title":{"rendered":"Esta tela promete \u00abrepeler\u00bb el calor para que gastemos menos aire acondicionado"},"content":{"rendered":"<div>\n<p>\n      <img decoding=\"async\" src=\"https:\/\/i.blogs.es\/b7603e\/pochunhsu_lab_24_cropped\/1024_2000.jpeg\" alt=\"Esta tela promete \" repeler el calor para que gastemos menos aire acondicionado>\n    <\/p>\n<p>El calor ya ha hecho acto de presencia y lo habitual es que queramos usar nuestros <a href=\"https:\/\/www.xatakahome.com\/a-fondo\/que-tipo-aire-acondicionado-mejor-para-mi-casa-ventajas-e-inconvenientes-cada-modalidad\">aires acondicionados<\/a> pero <strong>gastando lo menos posible en electricidad<\/strong>, puesto que son de los electrodom\u00e9sticos que m\u00e1s luz consumen.<\/p>\n<p><!-- BREAK 1 --><\/p>\n<p><strong>La temperatura aqu\u00ed es clave<\/strong>, ya que cada grado que bajamos el termostato con respecto a la <a href=\"https:\/\/www.xatakahome.com\/hogar\/esta-temperatura-ideal-aire-acondicionado-para-ahorrar-factura-luz-pasar-calor-verano-2\">temperatura ideal<\/a> hace que la necesidad de energ\u00eda se vaya incrementando. De ah\u00ed la importancia de contar con alg\u00fan <strong>m\u00e9todo pasivo<\/strong> que nos asile mejor del calor.<\/p>\n<p><!-- BREAK 2 --><\/p>\n<div class=\"article-asset article-asset-normal article-asset-center\">\n<div class=\"desvio-container\">\n<div class=\"desvio\">\n<div class=\"desvio-figure js-desvio-figure\">\n    <a href=\"https:\/\/www.xatakahome.com\/electrodomesticos-innovadores\/invento-que-quiere-jubilar-a-frigorificos-aires-acondicionados-no-usa-gas-compresor\"><br \/>\n     <img loading=\"lazy\" decoding=\"async\" alt=\"El invento que quiere jubilar a los frigor\u00edficos y aires acondicionados: no usa gas ni compresor \" width=\"375\" height=\"142\" src=\"https:\/\/i.blogs.es\/55c2c2\/hannover-messe_kuhlschrank_49450\/375_142.webp\" onerror='this.src=\"https:\/\/i.blogs.es\/55c2c2\/hannover-messe_kuhlschrank_49450\/375_142.jpeg\"'><br \/>\n    <\/a>\n   <\/div>\n<div class=\"desvio-summary\">\n<div class=\"desvio-taxonomy js-desvio-taxonomy\">\n     <a href=\"https:\/\/www.xatakahome.com\/electrodomesticos-innovadores\/invento-que-quiere-jubilar-a-frigorificos-aires-acondicionados-no-usa-gas-compresor\" class=\"desvio-taxonomy-anchor\">En Xataka Smart Home<\/a>\n    <\/div>\n<p>    <a href=\"https:\/\/www.xatakahome.com\/electrodomesticos-innovadores\/invento-que-quiere-jubilar-a-frigorificos-aires-acondicionados-no-usa-gas-compresor\" class=\"desvio-title js-desvio-title\">El invento que quiere jubilar a los frigor\u00edficos y aires acondicionados: no usa gas ni compresor <\/a>\n   <\/div>\n<\/p><\/div>\n<\/p><\/div>\n<\/div>\n<h2>Un tejido que \u00abrepele\u00bb el calor<\/h2>\n<div class=\"article-asset-image article-asset-normal article-asset-center\">\n<div class=\"asset-content\">\n<div class=\"caption-img \">\n                    <a rel=\"noopener, noreferrer\" href=\"https:\/\/pme.uchicago.edu\/news\/new-fabric-makes-urban-heat-islands-more-bearable\"><\/p>\n<p>    <img decoding=\"async\" alt=\"Pochunhsu Lab 09 Cropped\" class=\"centro_sinmarco\" src=\"https:\/\/i.blogs.es\/fefbfc\/pochunhsu_lab_09_cropped\/450_1000.webp\"><br \/>\n     <\/a><\/p>\n<p>        <span>Imagen: Chicago PME<\/span>\n   <\/div>\n<\/p><\/div>\n<\/div>\n<p>En este sentido, investigadores de la Chicago Pritzker School of Molecular Engineering (PME) <a rel=\"noopener, noreferrer\" href=\"https:\/\/www.science.org\/doi\/10.1126\/science.adl0653\">han publicado en Science<\/a> los resultados sobre un descubrimiento que promete hacer justamente eso: <strong>bajar el calor de forma pasiva<\/strong> sin gastar energ\u00eda tanto en nuestras viviendas como en nuestros cuerpos y veh\u00edculos.<\/p>\n<p><!-- BREAK 3 --><\/p>\n<p>Se trata de un <strong>tejido especial<\/strong> que tiene propiedades antical\u00f3ricas, funcionando de una forma doble: por un lado <strong>refleja la luz solar infrarroja<\/strong> causante en parte del incremento de temperatura, pero adem\u00e1s <strong>refleja tambi\u00e9n la radiaci\u00f3n t\u00e9rmica<\/strong> emitida por los objetos comunes que hay a nuestro alrededor, el suelo, el asfalto, las paredes de los edificios, etc.<\/p>\n<p><!-- BREAK 4 --><\/p>\n<p>Seg\u00fan las pruebas realizadas en Arizona, los investigadores afirman que el material puede <strong>bajar la temperatura hasta 8,9 grados cent\u00edgrados<\/strong> m\u00e1s que cualquier otra tela similar actual que se vende con este prop\u00f3sito y se usa actualmente en ropa deportiva.<\/p>\n<p><!-- BREAK 5 --><\/p>\n<div class=\"article-asset-video article-asset-normal\">\n<div class=\"asset-content\">\n<div class=\"base-asset-video\">\n<div class=\"js-dailymotion\">\n    <script type=\"application\/json\">\n           {\"videoId\":\"x8006fc\",\"autoplay\":true,\"title\":\"C\u00f3mo dormir cuando hace mucho calor y no tienes aire acondicionado\", \"tag\":\"\"}\n         <\/script>\n   <\/div>\n<\/p><\/div>\n<\/p><\/div>\n<\/div>\n<p>Por el momento las piezas de demostraci\u00f3n est\u00e1n fabricadas con estos trozos cuadrados peque\u00f1os que podemos ver en las im\u00e1genes, pero esperan que en el futuro puedan crearse <strong>lonas m\u00e1s grandes<\/strong> y que pueda ser fabricada una versi\u00f3n m\u00e1s gruesa y resistente que se utilice en construcci\u00f3n <strong>colocada en los laterales de las viviendas<\/strong> para disminuir las necesidades de aire acondicionado y bajar as\u00ed el gasto el\u00e9ctrico.<\/p>\n<p><!-- BREAK 6 --><\/p>\n<div class=\"article-asset-image article-asset-normal article-asset-center\">\n<div class=\"asset-content\">\n<div class=\"caption-img \">\n                    <a rel=\"noopener, noreferrer\" href=\"https:\/\/pme.uchicago.edu\/news\/new-fabric-makes-urban-heat-islands-more-bearable\"><\/p>\n<p>    <img decoding=\"async\" alt=\"Science Test Photos\" class=\"centro_sinmarco\" src=\"https:\/\/i.blogs.es\/8ce547\/science_-_test_photos\/450_1000.webp\"><br \/>\n     <\/a><\/p>\n<p>        <span>Imagen: Chicago PME<\/span>\n   <\/div>\n<\/p><\/div>\n<\/div>\n<p>Por supuesto, tambi\u00e9n apuntan a la <strong>fabricaci\u00f3n de ropa <\/strong>con la que estar\u00edamos m\u00e1s fresquitos y no necesitar\u00edamos poner tanto el aire acondicionado, as\u00ed como de <strong>telas para veh\u00edculos<\/strong> que ayudar\u00edan abajar la temperatura en el interior sin gastar energ\u00eda.<\/p>\n<p><!-- BREAK 7 --><\/p>\n<p>Imagen portada | <a rel=\"noopener, noreferrer\" href=\"https:\/\/pme.uchicago.edu\/news\/new-fabric-makes-urban-heat-islands-more-bearable\">Chicago PME<\/a><\/p>\n<p>M\u00e1s informaci\u00f3n | <a rel=\"noopener, noreferrer\" href=\"https:\/\/www.science.org\/doi\/10.1126\/science.adl0653\">&#8216;Spectrally engineered textile for radiative cooling against urban heat islands&#8217;<\/a><\/p>\n<p>En Xataka Smart Home | <a href=\"https:\/\/www.xatakahome.com\/electrodomesticos-innovadores\/invento-que-quiere-jubilar-a-frigorificos-aires-acondicionados-no-usa-gas-compresor\">El invento que quiere jubilar a los frigor\u00edficos y aires acondicionados: no usa gas ni compresor<\/a><\/p>\n<p><script>\n (function() {\n  window._JS_MODULES = window._JS_MODULES || {};\n  var headElement = document.getElementsByTagName('head')[0];\n  if (_JS_MODULES.instagram) {\n   var instagramScript = document.createElement('script');\n   instagramScript.src = 'https:\/\/platform.instagram.com\/en_US\/embeds.js';\n   instagramScript.async = true;\n   instagramScript.defer = true;\n   headElement.appendChild(instagramScript);\n  }\n })();\n<\/script><\/p>\n<p> &#8211; <br \/> La noticia<br \/>\n      <a href=\"https:\/\/www.xatakahome.com\/hogar\/esta-tela-promete-repeler-calor-gastemos-aire-acondicionado?utm_source=feedburner&amp;utm_medium=feed&amp;utm_campaign=17_Jun_2024\"><br \/>\n       <em> Esta tela promete \u00abrepeler\u00bb el calor para que gastemos menos aire acondicionado  <\/em><br \/>\n      <\/a><br \/>\n      fue publicada originalmente en<br \/>\n      <a href=\"https:\/\/www.xatakahome.com\/?utm_source=feedburner&amp;utm_medium=feed&amp;utm_campaign=17_Jun_2024\"><br \/>\n       <strong> Xataka Smart Home <\/strong><br \/>\n      <\/a><br \/>\n            por <a href=\"https:\/\/www.xatakahome.com\/autor\/paco-rodriguez?utm_source=feedburner&amp;utm_medium=feed&amp;utm_campaign=17_Jun_2024\"><br \/>\n       Paco Rodriguez<br \/>\n      <\/a><br \/>\n      . <\/p>\n<\/div>\n","protected":false},"excerpt":{"rendered":"<p>El calor ya ha hecho acto de presencia y lo habitual es que queramos usar nuestros aires acondicionados pero gastando lo menos posible en electricidad, puesto que son de los electrodom\u00e9sticos que m\u00e1s luz consumen. La temperatura aqu\u00ed es clave, ya que cada grado que bajamos el termostato con respecto a la temperatura ideal hace &hellip; <a href=\"https:\/\/domosistemas.com\/?p=24669\" class=\"more-link\">Sigue leyendo <span class=\"screen-reader-text\">Esta tela promete \u00abrepeler\u00bb el calor para que gastemos menos aire acondicionado<\/span><\/a><\/p>\n","protected":false},"author":1,"featured_media":0,"comment_status":"closed","ping_status":"closed","sticky":false,"template":"","format":"standard","meta":{"footnotes":""},"categories":[8],"tags":[],"class_list":["post-24669","post","type-post","status-publish","format-standard","hentry","category-xataka"],"_links":{"self":[{"href":"https:\/\/domosistemas.com\/index.php?rest_route=\/wp\/v2\/posts\/24669","targetHints":{"allow":["GET"]}}],"collection":[{"href":"https:\/\/domosistemas.com\/index.php?rest_route=\/wp\/v2\/posts"}],"about":[{"href":"https:\/\/domosistemas.com\/index.php?rest_route=\/wp\/v2\/types\/post"}],"author":[{"embeddable":true,"href":"https:\/\/domosistemas.com\/index.php?rest_route=\/wp\/v2\/users\/1"}],"replies":[{"embeddable":true,"href":"https:\/\/domosistemas.com\/index.php?rest_route=%2Fwp%2Fv2%2Fcomments&post=24669"}],"version-history":[{"count":0,"href":"https:\/\/domosistemas.com\/index.php?rest_route=\/wp\/v2\/posts\/24669\/revisions"}],"wp:attachment":[{"href":"https:\/\/domosistemas.com\/index.php?rest_route=%2Fwp%2Fv2%2Fmedia&parent=24669"}],"wp:term":[{"taxonomy":"category","embeddable":true,"href":"https:\/\/domosistemas.com\/index.php?rest_route=%2Fwp%2Fv2%2Fcategories&post=24669"},{"taxonomy":"post_tag","embeddable":true,"href":"https:\/\/domosistemas.com\/index.php?rest_route=%2Fwp%2Fv2%2Ftags&post=24669"}],"curies":[{"name":"wp","href":"https:\/\/api.w.org\/{rel}","templated":true}]}}