{"id":24677,"date":"2024-06-18T06:01:06","date_gmt":"2024-06-18T06:01:06","guid":{"rendered":"https:\/\/domosistemas.com\/?p=24677"},"modified":"2024-06-18T06:01:06","modified_gmt":"2024-06-18T06:01:06","slug":"esta-lampara-de-jardin-de-lidl-se-enciende-automaticamente-cuando-oscurece-y-cuesta-menos-de-6-euros","status":"publish","type":"post","link":"https:\/\/domosistemas.com\/?p=24677","title":{"rendered":"Esta l\u00e1mpara de jard\u00edn de Lidl se enciende autom\u00e1ticamente cuando oscurece y cuesta menos de 6 euros"},"content":{"rendered":"<div>\n<p>\n      <img decoding=\"async\" src=\"https:\/\/i.blogs.es\/fd2e7b\/captura-de-pantalla-2024-06-07-a-las-12.32.07\/1024_2000.png\" alt=\"Esta l\u00e1mpara de jard\u00edn de Lidl se enciende autom\u00e1ticamente cuando oscurece y cuesta menos de 6 euros \">\n    <\/p>\n<p>El momento perfecto para preparar nuestra terraza o jard\u00edn para las veladas veraniegas es ahora. Lidl tiene un sinf\u00edn de productos para este espacio de nuestro hogar y esta <strong>l\u00e1mpara esf\u00e9rica solar<\/strong> es una opci\u00f3n que te va a gustar. Su precio es de solo <a rel=\"nofollow, sponsored, noopener, noreferrer noopener\" target=\"_blank\" class=\"js-ecommerce\" href=\"https:\/\/www.xatakahome.com\/redirect?url=https%3A%2F%2Fwww.lidl.es%2Fes%2Fluz-jardin-solar-o15-cm%2Fp37890&amp;category=seleccion&amp;ecomPostExpiration=perish&amp;postId=112945\" data-vars-affiliate-url=\"https:\/\/www.xatakahome.com\/redirect?url=https%3A%2F%2Fwww.lidl.es%2Fes%2Fluz-jardin-solar-o15-cm%2Fp37890&amp;category=seleccion&amp;ecomPostExpiration=perish&amp;postId=112945\">5,99 euros<\/a>.<\/p>\n<p><!-- BREAK 1 --><!-- PIVOT START --><\/p>\n<div class=\"pivot-ecommerce-container m-pivot-ecommerce-redesign article-asset-normal article-asset-center\">\n<div class=\"pivot-ecommerce\">\n<div class=\"pivot-ecommerce-figure\">\n  <a rel=\"nofollow, sponsored, noopener, noreferrer noopener\" target=\"_blank\" href=\"https:\/\/www.xatakahome.com\/redirect?url=https%3A%2F%2Fwww.lidl.es%2Fes%2Fluz-jardin-solar-o15-cm%2Fp37890&amp;category=seleccion&amp;pivot=1&amp;ecomPostExpiration=perish&amp;postId=112945\"><br \/>\n   <img loading=\"lazy\" decoding=\"async\" alt=\"Luz jard\u00edn solar \u00d815 cm\n\" width=\"600\" height=\"600\" src=\"https:\/\/i.blogs.es\/1950f6\/blob\/original.webp\" onerror='this.src=\"https:\/\/i.blogs.es\/1950f6\/blob\/original.jpeg\"'><br \/>\n  <\/a>\n  <\/div>\n<div class=\"pivot-ecommerce-summary\">\n<p class=\"pivot-ecommerce-desc\">Luz jard\u00edn solar \u00d815 cm\n<\/p>\n<div class=\"pivot-actions \">\n<div class=\"pivot-actions-row\">\n <a rel=\"nofollow, sponsored, noopener, noreferrer noopener\" target=\"_blank\" data-asin=\"\" data-store=\"\" href=\"https:\/\/www.xatakahome.com\/redirect?url=https%3A%2F%2Fwww.lidl.es%2Fes%2Fluz-jardin-solar-o15-cm%2Fp37890&amp;category=seleccion&amp;pivot=1&amp;ecomPostExpiration=perish&amp;postId=112945\" title=\"Precio de venta al p\u00fablico a fecha de publicaci\u00f3n\" class=\"pivot-action-btn pivot-action-primary\">PVP en Lidl \u2014 <strong>5,99<\/strong> \u20ac<\/a>\n <\/div>\n<\/p><\/div>\n<\/p><\/div>\n<\/p><\/div>\n<div class=\"pivot-link-msg\">* Alg\u00fan precio puede haber cambiado desde la \u00faltima revisi\u00f3n<\/div>\n<\/p><\/div>\n<p><!-- PIVOT END --><\/p>\n<h2>Comprar l\u00e1mpara esf\u00e9rica solar para terraza o jard\u00edn al mejor precio<\/h2>\n<div class=\"article-asset-image article-asset-normal article-asset-center\">\n<div class=\"asset-content\">\n                    <a rel=\"nofollow, sponsored, noopener, noreferrer noopener\" target=\"_blank\" class=\"js-ecommerce\" href=\"https:\/\/www.xatakahome.com\/redirect?url=https%3A%2F%2Fwww.lidl.es%2Fes%2Fluz-jardin-solar-o15-cm%2Fp37890&amp;category=seleccion&amp;ecomPostExpiration=perish&amp;postId=112945\" data-vars-affiliate-url=\"https:\/\/www.xatakahome.com\/redirect?url=https%3A%2F%2Fwww.lidl.es%2Fes%2Fluz-jardin-solar-o15-cm%2Fp37890&amp;category=seleccion&amp;ecomPostExpiration=perish&amp;postId=112945\"><\/p>\n<p>    <img decoding=\"async\" alt=\"luz jard\u00edn solar\" class=\"centro_sinmarco\" src=\"https:\/\/i.blogs.es\/a55699\/proyecto-nuevo-71-\/450_1000.webp\"><br \/>\n     <\/a><\/p><\/div>\n<\/div>\n<p>Con un precio de solo <a rel=\"nofollow, sponsored, noopener, noreferrer noopener\" target=\"_blank\" class=\"js-ecommerce\" href=\"https:\/\/www.xatakahome.com\/redirect?url=https%3A%2F%2Fwww.lidl.es%2Fes%2Fluz-jardin-solar-o15-cm%2Fp37890&amp;category=seleccion&amp;ecomPostExpiration=perish&amp;postId=112945\" data-vars-affiliate-url=\"https:\/\/www.xatakahome.com\/redirect?url=https%3A%2F%2Fwww.lidl.es%2Fes%2Fluz-jardin-solar-o15-cm%2Fp37890&amp;category=seleccion&amp;ecomPostExpiration=perish&amp;postId=112945\" data-id=\"noopener noreferrer\">5,99 euros<\/a>, este es un producto que <strong>se agotar\u00e1 r\u00e1pido<\/strong> en Lidl, ya que ofrece iluminaci\u00f3n as\u00ed como decoraci\u00f3n al mismo tiempo. Los gastos de env\u00edo tienen un coste de 3,99 euros y recibir\u00e1s el producto en un plazo de 1 a 3 d\u00edas.<\/p>\n<p><!-- BREAK 2 --><\/p>\n<p>Lo m\u00e1s llamativo de esta <a href=\"https:\/\/www.xatakahome.com\/iluminacion-y-energia\/ocho-bombillas-lamparas-led-recargables-energia-solar-para-ahorrar-factura-luz\">l\u00e1mpara solar<\/a> es que, cuando oscurece, se enciende de forma autom\u00e1tica. Esto lo consigue gracias al <strong>sensor de oscuridad integrado<\/strong>, el cual detecta el nivel de luz ambiental que hay en el momento.<\/p>\n<p><!-- BREAK 3 --><\/p>\n<div class=\"article-asset-video article-asset-normal\">\n<div class=\"asset-content\">\n<div class=\"base-asset-video\">\n<div class=\"js-dailymotion\">\n    <script type=\"application\/json\">\n           {\"videoId\":\"x7znesx\",\"autoplay\":true,\"title\":\"Edificio de autoconsumo ASI\u0301 FUNCIONAN - Paneles solares en bloques de pisos\", \"tag\":\"solar\"}\n         <\/script>\n   <\/div>\n<\/p><\/div>\n<\/p><\/div>\n<\/div>\n<p>De esta forma, vas a poder olvidarte de tener que estar encendi\u00e9ndola manualmente, disfrutando siempre de luz en el jard\u00edn o terraza. Para colocarla, viene con <strong>una piqueta y dos accesorios<\/strong> de montaje, que permiten situarla tanto a ras como elevada del suelo.<\/p>\n<p><!-- BREAK 4 --><\/p>\n<p>Por \u00faltimo, se puede destacar que es una opci\u00f3n decorativa muy interesante para la zona exterior de nuestra terraza o jard\u00edn, ya que aporta estilo y sofisticaci\u00f3n. Adem\u00e1s, lograr\u00e1s <strong>crear un ambiente totalmente acogedor<\/strong>, ya que es una l\u00e1mpara que queda bien con cualquier tipo de decoraci\u00f3n.<\/p>\n<p><!-- BREAK 5 --><\/p>\n<div class=\"article-asset article-asset-normal article-asset-center\">\n<div class=\"desvio-container\">\n<div class=\"desvio\">\n<div class=\"desvio-figure js-desvio-figure\">\n    <a href=\"https:\/\/www.xatakahome.com\/hogar\/esta-tela-promete-repeler-calor-gastemos-aire-acondicionado\"><br \/>\n     <img loading=\"lazy\" decoding=\"async\" alt='Esta tela promete \"repeler\" el calor para que gastemos menos aire acondicionado ' width=\"375\" height=\"142\" src=\"https:\/\/i.blogs.es\/b7603e\/pochunhsu_lab_24_cropped\/375_142.webp\" onerror='this.src=\"https:\/\/i.blogs.es\/b7603e\/pochunhsu_lab_24_cropped\/375_142.jpeg\"'><br \/>\n    <\/a>\n   <\/div>\n<div class=\"desvio-summary\">\n<div class=\"desvio-taxonomy js-desvio-taxonomy\">\n     <a href=\"https:\/\/www.xatakahome.com\/hogar\/esta-tela-promete-repeler-calor-gastemos-aire-acondicionado\" class=\"desvio-taxonomy-anchor\">En Xataka Smart Home<\/a>\n    <\/div>\n<p>    <a href=\"https:\/\/www.xatakahome.com\/hogar\/esta-tela-promete-repeler-calor-gastemos-aire-acondicionado\" class=\"desvio-title js-desvio-title\">Esta tela promete \u00abrepeler\u00bb el calor para que gastemos menos aire acondicionado <\/a>\n   <\/div>\n<\/p><\/div>\n<\/p><\/div>\n<\/div>\n<p>Si la propuesta de Lidl llegase a agotarse, existen alternativas en Amazon como este pack de 4 balizas solares de la firma ZWOOS, que ofrecen ofrecen una luz brillante y suave. Su precio es de <a rel=\"nofollow, sponsored, noopener, noreferrer noopener\" target=\"_blank\" class=\"js-ecommerce\" href=\"https:\/\/www.xatakahome.com\/redirect?url=https%3A%2F%2Fwww.amazon.es%2FZWOOS-Exterior-Superbrillante-Impermeable-Iluminaci%25C3%25B3n%2Fdp%2FB0CP8X26YN%2F&amp;category=seleccion&amp;ecomPostExpiration=perish&amp;postId=112945\" data-vars-affiliate-url=\"https:\/\/www.xatakahome.com\/redirect?url=https%3A%2F%2Fwww.amazon.es%2FZWOOS-Exterior-Superbrillante-Impermeable-Iluminaci%25C3%25B3n%2Fdp%2FB0CP8X26YN%2F&amp;category=seleccion&amp;ecomPostExpiration=perish&amp;postId=112945\">30,99 euros<\/a>.<\/p>\n<p><!-- BREAK 6 --><\/p>\n<h2>Tambi\u00e9n te puede interesar<\/h2>\n<p><!-- PIVOT START --><\/p>\n<div class=\"pivot-ecommerce-container m-pivot-ecommerce-redesign article-asset-normal article-asset-center\">\n<div class=\"pivot-ecommerce\">\n<div class=\"pivot-ecommerce-figure\">\n  <a rel=\"nofollow, sponsored, noopener, noreferrer noopener\" target=\"_blank\" href=\"https:\/\/www.xatakahome.com\/redirect?url=https%3A%2F%2Fwww.amazon.es%2Fdp%2FB0D1PK13V8%3Ftag%3Dxatakahome-21%26linkCode%3Dogi%26th%3D1%26psc%3D1&amp;category=seleccion&amp;pivot=1&amp;ecomPostExpiration=perish&amp;postId=112945\"><br \/>\n   <img loading=\"lazy\" decoding=\"async\" alt=\"40 Espirales Antimosquitos con Ambientador Citronela\" width=\"500\" height=\"500\" src=\"https:\/\/i.blogs.es\/65ddcd\/41hdmcozxul._sl500_\/original.webp\" onerror='this.src=\"https:\/\/i.blogs.es\/65ddcd\/41hdmcozxul._sl500_\/original.jpeg\"'><br \/>\n  <\/a>\n  <\/div>\n<div class=\"pivot-ecommerce-summary\">\n<p class=\"pivot-ecommerce-desc\">40 Espirales Antimosquitos con Ambientador Citronela<\/p>\n<div class=\"pivot-actions \">\n<div class=\"pivot-actions-row\">\n <a rel=\"nofollow, sponsored, noopener, noreferrer noopener\" target=\"_blank\" data-asin=\"B0D1PK13V8\" data-store=\"Amazon\" href=\"https:\/\/www.xatakahome.com\/redirect?url=https%3A%2F%2Fwww.amazon.es%2Fdp%2FB0D1PK13V8%3Ftag%3Dxatakahome-21%26linkCode%3Dogi%26th%3D1%26psc%3D1&amp;category=seleccion&amp;pivot=1&amp;ecomPostExpiration=perish&amp;postId=112945\" title=\"Precio actualizado hoy\" class=\"pivot-action-btn pivot-action-primary\">Hoy en Amazon \u2014 <strong>14,99<\/strong> \u20ac<\/a>\n <\/div>\n<\/p><\/div>\n<\/p><\/div>\n<\/p><\/div>\n<div class=\"pivot-link-msg\">* Alg\u00fan precio puede haber cambiado desde la \u00faltima revisi\u00f3n<\/div>\n<\/p><\/div>\n<p><!-- PIVOT END --><br \/>\n<!-- PIVOT START --><\/p>\n<div class=\"pivot-ecommerce-container m-pivot-ecommerce-redesign article-asset-normal article-asset-center\">\n<div class=\"pivot-ecommerce\">\n<div class=\"pivot-ecommerce-figure\">\n  <a rel=\"nofollow, sponsored, noopener, noreferrer noopener\" target=\"_blank\" href=\"https:\/\/www.xatakahome.com\/redirect?url=https%3A%2F%2Fwww.amazon.es%2Fdp%2FB0CT2N7TDM%3Ftag%3Dxatakahome-21%26linkCode%3Dogi%26th%3D1%26psc%3D1&amp;category=seleccion&amp;pivot=1&amp;ecomPostExpiration=perish&amp;postId=112945\"><br \/>\n   <img loading=\"lazy\" decoding=\"async\" alt=\"ZeYou Soporte para Bobinas de Mmosquitos 2 Piezas\" width=\"500\" height=\"500\" src=\"https:\/\/i.blogs.es\/19be12\/41i37owpcwl._sl500_\/original.webp\" onerror='this.src=\"https:\/\/i.blogs.es\/19be12\/41i37owpcwl._sl500_\/original.jpeg\"'><br \/>\n  <\/a>\n  <\/div>\n<div class=\"pivot-ecommerce-summary\">\n<p class=\"pivot-ecommerce-desc\">ZeYou Soporte para Bobinas de Mmosquitos 2 Piezas<\/p>\n<div class=\"pivot-actions \">\n<div class=\"pivot-actions-row\">\n <a rel=\"nofollow, sponsored, noopener, noreferrer noopener\" target=\"_blank\" data-asin=\"B0CT2N7TDM\" data-store=\"Amazon\" href=\"https:\/\/www.xatakahome.com\/redirect?url=https%3A%2F%2Fwww.amazon.es%2Fdp%2FB0CT2N7TDM%3Ftag%3Dxatakahome-21%26linkCode%3Dogi%26th%3D1%26psc%3D1&amp;category=seleccion&amp;pivot=1&amp;ecomPostExpiration=perish&amp;postId=112945\" title=\"Precio actualizado hoy\" class=\"pivot-action-btn pivot-action-primary\">Hoy en Amazon \u2014 <strong>13,69<\/strong> \u20ac<\/a>\n <\/div>\n<\/p><\/div>\n<\/p><\/div>\n<\/p><\/div>\n<div class=\"pivot-link-msg\">* Alg\u00fan precio puede haber cambiado desde la \u00faltima revisi\u00f3n<\/div>\n<\/p><\/div>\n<p><!-- PIVOT END --><\/p>\n<p><em>Nota: algunos de los enlaces aqu\u00ed publicados son de afiliados y pueden reportar un beneficio.<\/em><\/p>\n<p>Im\u00e1genes | Lidl y Webedia<\/p>\n<p>En Xataka Smart Home | <a href=\"https:\/\/www.xatakahome.com\/seleccion\/luces-exterior-para-terraza-jardin-cual-comprar-consejos-recomendaciones\">Luces de exterior para terraza y jard\u00edn: \u00bfCu\u00e1l comprar? Consejos y recomendaciones<\/a><\/p>\n<p>En Xataka Smart Home | <a href=\"https:\/\/www.xatakahome.com\/seleccion\/sensores-movimiento-para-luces-exterior-cual-comprar-consejos-recomendaciones\">Sensores de movimiento para luces de exterior: \u00bfCu\u00e1l comprar? Consejos y recomendaciones<\/a><\/p>\n<p><script>\n (function() {\n  window._JS_MODULES = window._JS_MODULES || {};\n  var headElement = document.getElementsByTagName('head')[0];\n  if (_JS_MODULES.instagram) {\n   var instagramScript = document.createElement('script');\n   instagramScript.src = 'https:\/\/platform.instagram.com\/en_US\/embeds.js';\n   instagramScript.async = true;\n   instagramScript.defer = true;\n   headElement.appendChild(instagramScript);\n  }\n })();\n<\/script><\/p>\n<p> &#8211; <br \/> La noticia<br \/>\n      <a href=\"https:\/\/www.xatakahome.com\/seleccion\/esta-lampara-jardin-lidl-se-enciende-automaticamente-cuando-oscurece-cuesta-6-euros?utm_source=feedburner&amp;utm_medium=feed&amp;utm_campaign=18_Jun_2024\"><br \/>\n       <em> Esta l\u00e1mpara de jard\u00edn de Lidl se enciende autom\u00e1ticamente cuando oscurece y cuesta menos de 6 euros  <\/em><br \/>\n      <\/a><br \/>\n      fue publicada originalmente en<br \/>\n      <a href=\"https:\/\/www.xatakahome.com\/?utm_source=feedburner&amp;utm_medium=feed&amp;utm_campaign=18_Jun_2024\"><br \/>\n       <strong> Xataka Smart Home <\/strong><br \/>\n      <\/a><br \/>\n            por <a href=\"https:\/\/www.xatakahome.com\/autor\/fran-leon?utm_source=feedburner&amp;utm_medium=feed&amp;utm_campaign=18_Jun_2024\"><br \/>\n       Fran Le\u00f3n<br \/>\n      <\/a><br \/>\n      . <\/p>\n<\/div>\n","protected":false},"excerpt":{"rendered":"<p>El momento perfecto para preparar nuestra terraza o jard\u00edn para las veladas veraniegas es ahora. Lidl tiene un sinf\u00edn de productos para este espacio de nuestro hogar y esta l\u00e1mpara esf\u00e9rica solar es una opci\u00f3n que te va a gustar. Su precio es de solo 5,99 euros. Luz jard\u00edn solar \u00d815 cm PVP en Lidl &hellip; <a href=\"https:\/\/domosistemas.com\/?p=24677\" class=\"more-link\">Sigue leyendo <span class=\"screen-reader-text\">Esta l\u00e1mpara de jard\u00edn de Lidl se enciende autom\u00e1ticamente cuando oscurece y cuesta menos de 6 euros<\/span><\/a><\/p>\n","protected":false},"author":1,"featured_media":0,"comment_status":"closed","ping_status":"closed","sticky":false,"template":"","format":"standard","meta":{"footnotes":""},"categories":[8],"tags":[],"class_list":["post-24677","post","type-post","status-publish","format-standard","hentry","category-xataka"],"_links":{"self":[{"href":"https:\/\/domosistemas.com\/index.php?rest_route=\/wp\/v2\/posts\/24677","targetHints":{"allow":["GET"]}}],"collection":[{"href":"https:\/\/domosistemas.com\/index.php?rest_route=\/wp\/v2\/posts"}],"about":[{"href":"https:\/\/domosistemas.com\/index.php?rest_route=\/wp\/v2\/types\/post"}],"author":[{"embeddable":true,"href":"https:\/\/domosistemas.com\/index.php?rest_route=\/wp\/v2\/users\/1"}],"replies":[{"embeddable":true,"href":"https:\/\/domosistemas.com\/index.php?rest_route=%2Fwp%2Fv2%2Fcomments&post=24677"}],"version-history":[{"count":0,"href":"https:\/\/domosistemas.com\/index.php?rest_route=\/wp\/v2\/posts\/24677\/revisions"}],"wp:attachment":[{"href":"https:\/\/domosistemas.com\/index.php?rest_route=%2Fwp%2Fv2%2Fmedia&parent=24677"}],"wp:term":[{"taxonomy":"category","embeddable":true,"href":"https:\/\/domosistemas.com\/index.php?rest_route=%2Fwp%2Fv2%2Fcategories&post=24677"},{"taxonomy":"post_tag","embeddable":true,"href":"https:\/\/domosistemas.com\/index.php?rest_route=%2Fwp%2Fv2%2Ftags&post=24677"}],"curies":[{"name":"wp","href":"https:\/\/api.w.org\/{rel}","templated":true}]}}