{"id":24688,"date":"2024-06-18T16:29:03","date_gmt":"2024-06-18T16:29:03","guid":{"rendered":"https:\/\/domosistemas.com\/?p=24688"},"modified":"2024-06-18T16:29:03","modified_gmt":"2024-06-18T16:29:03","slug":"aldi-lanza-su-solucion-low-cost-para-tener-las-bebidas-fresquitas-este-verano-asi-es-su-mininevera-portatil","status":"publish","type":"post","link":"https:\/\/domosistemas.com\/?p=24688","title":{"rendered":"ALDI lanza su soluci\u00f3n \u00ablow cost\u00bb para tener las bebidas fresquitas este verano: as\u00ed es su mininevera port\u00e1til"},"content":{"rendered":"<div>\n<p>\n      <img decoding=\"async\" src=\"https:\/\/i.blogs.es\/8d67ab\/1366_2000\/1024_2000.jpeg\" alt='ALDI lanza su soluci\u00f3n \"low cost\" para tener las bebidas fresquitas este verano: as\u00ed es su mininevera port\u00e1til '>\n    <\/p>\n<p>Con la llegada del calor se incrementan las ganas de estar fuera de casa aprovechando los espacios exteriores de la vivienda como <strong>terrazas, patios o jardines<\/strong>, y al mismo tiempo aumentan las reuniones con familiares y amigos y las necesidades de tomar algo fresquito.<\/p>\n<p>Si tenemos una cocina media con un <a href=\"https:\/\/www.xatakahome.com\/electrodomesticos-innovadores\/que-hay-que-mirar-para-comprar-frigorifico-asegurarnos-que-tenga-tecnologias-proximos-anos\">frigor\u00edfico convencional<\/a>, da igual que sea uno enorme de tipo americano o <em>side by side<\/em>. Casi siempre <strong>nos faltar\u00e1 sitio<\/strong> para enfriar botes de refrescos, botellas de agua, latas de cerveza e incluso <a href=\"https:\/\/www.xatakahome.com\/electrodomesticos-innovadores\/lidl-tiene-rebajada-maquina-ideal-para-fabricar-cubitos-hielo-esta-otras-alternativas-para-combatir-calor-verano\">tener suficiente hielo<\/a> para una reuni\u00f3n.<\/p>\n<p>Para estos casos una opci\u00f3n que resulta de lo m\u00e1s conveniente es apostar por una <a href=\"https:\/\/www.xatakahome.com\/guia-de-compra\/neveras-portatiles-electricas-para-tener-tus-bebidas-siempre-fresquitas-que-que-fijarse-al-comprar-modelos-destacados\">nevera el\u00e9ctrica auxiliar<\/a> que nos facilite las cosas, ofreciendo m\u00e1s espacio para enfriar cosas y que incluso podamos sacar al exterior de casa.<\/p>\n<div class=\"article-asset article-asset-normal article-asset-center\">\n<div class=\"desvio-container\">\n<div class=\"desvio\">\n<div class=\"desvio-figure js-desvio-figure\">\n    <a href=\"https:\/\/www.xatakahome.com\/guia-de-compra\/neveras-portatiles-electricas-para-tener-tus-bebidas-siempre-fresquitas-que-que-fijarse-al-comprar-modelos-destacados\"><br \/>\n     <img loading=\"lazy\" decoding=\"async\" alt=\"Neveras port\u00e1tiles el\u00e9ctricas para tener tus bebidas siempre fresquitas: qu\u00e9 son, en qu\u00e9 fijarse al comprar y modelos destacados\" width=\"375\" height=\"142\" src=\"https:\/\/i.blogs.es\/cc9a46\/580928e7-4429-4e5f-bdfe-e284055b8699.__cr0-0-970-600_pt0_sx970_v1___\/375_142.webp\"><br \/>\n    <\/a>\n   <\/div>\n<div class=\"desvio-summary\">\n<div class=\"desvio-taxonomy js-desvio-taxonomy\">\n     <a href=\"https:\/\/www.xatakahome.com\/guia-de-compra\/neveras-portatiles-electricas-para-tener-tus-bebidas-siempre-fresquitas-que-que-fijarse-al-comprar-modelos-destacados\" class=\"desvio-taxonomy-anchor\">En Xataka Smart Home<\/a>\n    <\/div>\n<p>    <a href=\"https:\/\/www.xatakahome.com\/guia-de-compra\/neveras-portatiles-electricas-para-tener-tus-bebidas-siempre-fresquitas-que-que-fijarse-al-comprar-modelos-destacados\" class=\"desvio-title js-desvio-title\">Neveras port\u00e1tiles el\u00e9ctricas para tener tus bebidas siempre fresquitas: qu\u00e9 son, en qu\u00e9 fijarse al comprar y modelos destacados<\/a>\n   <\/div>\n<\/p><\/div>\n<\/p><\/div>\n<\/div>\n<h2>La mininevera de ALDI<\/h2>\n<div class=\"article-asset-image article-asset-normal article-asset-center\">\n<div class=\"asset-content\">\n<div class=\"caption-img\">\n<p>   <img decoding=\"async\" alt=\"Nevera Aldi889\" class=\"centro_sinmarco\" src=\"https:\/\/i.blogs.es\/10dcf2\/nevera-aldi889\/450_1000.webp\"><\/p>\n<p>        <span>Imagen: ALDI<\/span>\n   <\/div>\n<\/p><\/div>\n<\/div>\n<p>En este contexto la cadena de supermercados <strong>ALDI<\/strong> ha anunciado el lanzamiento de su <strong>mininevera port\u00e1til<\/strong> fabricada por AMBIANO, un electrodom\u00e9stico vers\u00e1til a un precio muy competitivo y que estar\u00e1 disponible por tiempo limitado en sus tiendas.<\/p>\n<p>Tiene un formato ultracompacto con unas dimensiones de <strong>18 x 23 x 24 cm<\/strong> y una capacidad de hasta <strong>4 litros<\/strong>, con tres estantes que compartimentan el espacio, ayudando as\u00ed a la organizaci\u00f3n de los productos que se almacenan en su interior.<\/p>\n<div class=\"article-asset-image article-asset-normal article-asset-center\">\n<div class=\"asset-content\">\n<div class=\"caption-img\">\n<p>   <img decoding=\"async\" alt=\"Nevera Aldi888\" class=\"centro_sinmarco\" src=\"https:\/\/i.blogs.es\/e97056\/nevera-aldi888\/450_1000.webp\"><\/p>\n<p>        <span>Imagen: ALDI<\/span>\n   <\/div>\n<\/p><\/div>\n<\/div>\n<p>El consumo el\u00e9ctrico es de <strong>55 vatios<\/strong> a pleno rendimiento, pero adem\u00e1s de para generar fr\u00edo el producto es capaz de <strong>trabajar tambi\u00e9n con funci\u00f3n de calor<\/strong>, por lo que permite mantener frescos alimentos como frutas y bebidas, pero tambi\u00e9n calientes otros alimentos o platos cocinados.<\/p>\n<p>Se puede utilizar en cualquier parte del hogar o llevar de viaje gracias a sus dos tomas de corriente: <strong>una de 220V<\/strong> para conectarla a la red el\u00e9ctrica y<strong> otra de 12V<\/strong> para usar en la toma del encendedor de un veh\u00edculo.<\/p>\n<div class=\"article-asset-video article-asset-normal\">\n<div class=\"asset-content\">\n<div class=\"base-asset-video\">\n<div class=\"js-dailymotion\"><\/div>\n<\/p><\/div>\n<\/p><\/div>\n<\/div>\n<h2>Precio y disponibilidad<\/h2>\n<p>La<strong> mininevera de ALDI<\/strong> ya aparece en la <a href=\"https:\/\/www.aldi.es\/ofertas\/desde-22-junio\/mininevera-6009458-0-0.article.html\">web del supermercado<\/a>, aunque no se podr\u00e1 comprar hasta el <strong>22 de junio<\/strong> hasta agotar existencias en los 440 establecimientos de la marca por un precio de <strong>39,99 euros<\/strong>.<\/p>\n<p>M\u00e1s informaci\u00f3n | <a href=\"https:\/\/www.aldi.es\/ofertas\/desde-22-junio\/mininevera-6009458-0-0.article.html\">ALDI<\/a><\/p>\n<p>Imagen: ALDI<\/p>\n<p>En Xataka Smart Home | <a href=\"https:\/\/www.xatakahome.com\/guia-de-compra\/refrigeradores-compactos-personales-que-sirven-como-funcionan-ventajas-e-inconvenientes\">Refrigeradores compactos personales: qu\u00e9 son, para qu\u00e9 sirven, c\u00f3mo funcionan, ventajas e inconvenientes<\/a><\/p>\n<p> &#8211; <br \/> La noticia<br \/>\n      <a href=\"https:\/\/www.xatakahome.com\/electrodomesticos-innovadores\/aldi-lanza-su-solucion-low-cost-para-tener-bebidas-fresquitas-este-verano-asi-su-mininevera-portatil?utm_source=feedburner&amp;utm_medium=feed&amp;utm_campaign=18_Jun_2024\"><br \/>\n       <em> ALDI lanza su soluci\u00f3n \u00ablow cost\u00bb para tener las bebidas fresquitas este verano: as\u00ed es su mininevera port\u00e1til  <\/em><br \/>\n      <\/a><br \/>\n      fue publicada originalmente en<br \/>\n      <a href=\"https:\/\/www.xatakahome.com\/?utm_source=feedburner&amp;utm_medium=feed&amp;utm_campaign=18_Jun_2024\"><br \/>\n       <strong> Xataka Smart Home <\/strong><br \/>\n      <\/a><br \/>\n            por <a href=\"https:\/\/www.xatakahome.com\/autor\/paco-rodriguez?utm_source=feedburner&amp;utm_medium=feed&amp;utm_campaign=18_Jun_2024\"><br \/>\n       Paco Rodriguez<br \/>\n      <\/a><br \/>\n      . <\/p>\n<\/div>\n","protected":false},"excerpt":{"rendered":"<p>Con la llegada del calor se incrementan las ganas de estar fuera de casa aprovechando los espacios exteriores de la vivienda como terrazas, patios o jardines, y al mismo tiempo aumentan las reuniones con familiares y amigos y las necesidades de tomar algo fresquito. Si tenemos una cocina media con un frigor\u00edfico convencional, da igual &hellip; <a href=\"https:\/\/domosistemas.com\/?p=24688\" class=\"more-link\">Sigue leyendo <span class=\"screen-reader-text\">ALDI lanza su soluci\u00f3n \u00ablow cost\u00bb para tener las bebidas fresquitas este verano: as\u00ed es su mininevera port\u00e1til<\/span><\/a><\/p>\n","protected":false},"author":1,"featured_media":0,"comment_status":"closed","ping_status":"closed","sticky":false,"template":"","format":"standard","meta":{"footnotes":""},"categories":[8],"tags":[],"class_list":["post-24688","post","type-post","status-publish","format-standard","hentry","category-xataka"],"_links":{"self":[{"href":"https:\/\/domosistemas.com\/index.php?rest_route=\/wp\/v2\/posts\/24688","targetHints":{"allow":["GET"]}}],"collection":[{"href":"https:\/\/domosistemas.com\/index.php?rest_route=\/wp\/v2\/posts"}],"about":[{"href":"https:\/\/domosistemas.com\/index.php?rest_route=\/wp\/v2\/types\/post"}],"author":[{"embeddable":true,"href":"https:\/\/domosistemas.com\/index.php?rest_route=\/wp\/v2\/users\/1"}],"replies":[{"embeddable":true,"href":"https:\/\/domosistemas.com\/index.php?rest_route=%2Fwp%2Fv2%2Fcomments&post=24688"}],"version-history":[{"count":0,"href":"https:\/\/domosistemas.com\/index.php?rest_route=\/wp\/v2\/posts\/24688\/revisions"}],"wp:attachment":[{"href":"https:\/\/domosistemas.com\/index.php?rest_route=%2Fwp%2Fv2%2Fmedia&parent=24688"}],"wp:term":[{"taxonomy":"category","embeddable":true,"href":"https:\/\/domosistemas.com\/index.php?rest_route=%2Fwp%2Fv2%2Fcategories&post=24688"},{"taxonomy":"post_tag","embeddable":true,"href":"https:\/\/domosistemas.com\/index.php?rest_route=%2Fwp%2Fv2%2Ftags&post=24688"}],"curies":[{"name":"wp","href":"https:\/\/api.w.org\/{rel}","templated":true}]}}