{"id":24765,"date":"2024-06-25T09:01:42","date_gmt":"2024-06-25T09:01:42","guid":{"rendered":"https:\/\/domosistemas.com\/?p=24765"},"modified":"2024-06-25T09:01:42","modified_gmt":"2024-06-25T09:01:42","slug":"ikea-ha-lanzado-el-mejor-aliado-para-disfrutar-el-verano-asi-es-su-barbacoa-barata-portatil-y-plegable","status":"publish","type":"post","link":"https:\/\/domosistemas.com\/?p=24765","title":{"rendered":"IKEA ha lanzado el mejor aliado para disfrutar el verano. As\u00ed es su barbacoa barata, port\u00e1til y plegable"},"content":{"rendered":"<div>\n<p>\n      <img decoding=\"async\" src=\"https:\/\/i.blogs.es\/e0bf51\/captura-de-pantalla-2024-06-25-a-las-9.50.07\/1024_2000.jpeg\" alt=\"IKEA ha lanzado el mejor aliado para disfrutar el verano. As\u00ed es su barbacoa barata, port\u00e1til y plegable\">\n    <\/p>\n<p>El verano es la \u00e9poca del descanso por excelencia. Un momento del a\u00f1o en el que <strong>cobran importancia la relaciones sociales<\/strong> impulsadas por el buen tiempo. Y que es mejor que una agradable comida bajo una sombra para compartir con amigos y familiares un buen rato.<\/p>\n<p><!-- BREAK 1 --><\/p>\n<p><strong>Las barbacoas son una de las reinas del verano<\/strong>. Hemos visto cu\u00e1les son los <a href=\"https:\/\/www.xatakahome.com\/hogar\/quiero-hacer-barbacoa-terraza-balcon-mi-piso-esto-que-dice-ley\">permisos que hacen falta<\/a> para hacer una barbacoa en la terraza de casa y adem\u00e1s hemos conocido algunos modelos con <a href=\"https:\/\/www.xatakahome.com\/hogar\/creia-que-habia-visto-todo-barbacoas-ahora-se-que-esta-que-quiero-para-disfrutar-como-nino-verano\">caracter\u00edsticas muy especiales<\/a>. Pero este que ahora tiene IKEA en cat\u00e1logo va un poco m\u00e1s all\u00e1.<\/p>\n<p><!-- BREAK 2 --><\/p>\n<h2>Una cocina en cualquier parte<\/h2>\n<div class=\"article-asset-image article-asset-normal article-asset-center\">\n<div class=\"asset-content\">\n<div class=\"caption-img \">\n<p>   <img decoding=\"async\" alt=\"STRAND\u00d6N\" class=\"centro_sinmarco\" src=\"https:\/\/i.blogs.es\/8c46ba\/captura-de-pantalla-2024-06-25-a-las-9.46.22\/450_1000.webp\"><\/p>\n<p>        <span>Imagen |\u00a0IKEA<\/span>\n   <\/div>\n<\/p><\/div>\n<\/div>\n<p>Y es que la multinacional sueca del mobiliario y los accesorios de casa ha lanzado una barbacoa que ya se puede comprar en su p\u00e1gina web y tambi\u00e9n en las tiendas f\u00edsicas de la marca. Con un nombre caracter\u00edstico de los que suele tener IKEA, esta barbacoa <strong>destaca dem\u00e1s por ser plegable y port\u00e1til<\/strong>.<\/p>\n<p><!-- BREAK 3 --><\/p>\n<div class=\"article-asset-video article-asset-normal\">\n<div class=\"asset-content\">\n<div class=\"base-asset-video\">\n<div class=\"js-dailymotion\">\n    <script type=\"application\/json\">\n                          {\"videoId\":\"x84kpt9\",\"autoplay\":true,\"title\":\"Q&amp;A FRYER AIR PRO   \u00bfCo\u0301mo funciona una freidora sin aceite, \u00bflos alimentos saben igual y mucho ma\u0301s\", \"tag\":\"\"}\n                  <\/script>\n   <\/div>\n<\/p><\/div>\n<\/p><\/div>\n<\/div>\n<p>Con el nombre de STRAND\u00d6N es una <strong>barbacoa pensada para usa en el exterior. <\/strong>Con una zona de cocci\u00f3n de 24 cent\u00edmetros de di\u00e1metro, al ser port\u00e1til, puedes llevarte la barbacoa a la playa, al parque o de acampada.<\/p>\n<p><!-- BREAK 4 --><\/p>\n<p>La barbacoa <strong>incluye una tabla de cortar en madera<\/strong> que se guarda cuando est\u00e1 plegada y que se coloca firmemente en su lugar en la tapa cuando se coloca boca abajo y es perfecta para preparar y servir alimentos.<\/p>\n<p><!-- BREAK 5 --><\/p>\n<div class=\"article-asset-image article-asset-normal article-asset-center\">\n<div class=\"asset-content\">\n<div class=\"caption-img \">\n<p>   <img decoding=\"async\" alt=\"STRAND\u00d6N\" class=\"centro_sinmarco\" src=\"https:\/\/i.blogs.es\/932c4a\/captura-de-pantalla-2024-06-25-a-las-9.46.03\/450_1000.webp\"><\/p>\n<p>        <span>Imagen |\u00a0IKEA<\/span>\n   <\/div>\n<\/p><\/div>\n<\/div>\n<p>Adem\u00e1s, el dise\u00f1o de su parrilla con orificios, <strong>permite que el aire circule mejor<\/strong>, lo que aumenta la temperatura y reduce el tiempo de cocci\u00f3n. Es adem\u00e1s por su dise\u00f1o, ideal para asar alimentos porosos o peque\u00f1os como pescado o verduras laminadas, ya que la forma de la parrilla evita que se caigan al fuego.<\/p>\n<p><!-- BREAK 6 --><\/p>\n<div class=\"article-asset article-asset-normal article-asset-center\">\n<div class=\"desvio-container\">\n<div class=\"desvio\">\n<div class=\"desvio-figure js-desvio-figure\">\n    <a href=\"https:\/\/www.xatakahome.com\/hogar\/quiero-hacer-barbacoa-terraza-balcon-mi-piso-esto-que-dice-ley\"><br \/>\n     <img loading=\"lazy\" decoding=\"async\" alt=\"Quiero hacer una barbacoa en la terraza o balc\u00f3n de mi piso: tras mirar lo que dice la ley, he terminado preguntando al presidente\" width=\"375\" height=\"142\" src=\"https:\/\/i.blogs.es\/c597d8\/vidar-nordli-mathisen-iodacetpots-unsplash\/375_142.webp\" onerror='this.src=\"https:\/\/i.blogs.es\/c597d8\/vidar-nordli-mathisen-iodacetpots-unsplash\/375_142.jpeg\"'><br \/>\n    <\/a>\n   <\/div>\n<div class=\"desvio-summary\">\n<div class=\"desvio-taxonomy js-desvio-taxonomy\">\n     <a href=\"https:\/\/www.xatakahome.com\/hogar\/quiero-hacer-barbacoa-terraza-balcon-mi-piso-esto-que-dice-ley\" class=\"desvio-taxonomy-anchor\">En Xataka Smart Home<\/a>\n    <\/div>\n<p>    <a href=\"https:\/\/www.xatakahome.com\/hogar\/quiero-hacer-barbacoa-terraza-balcon-mi-piso-esto-que-dice-ley\" class=\"desvio-title js-desvio-title\">Quiero hacer una barbacoa en la terraza o balc\u00f3n de mi piso: tras mirar lo que dice la ley, he terminado preguntando al presidente<\/a>\n   <\/div>\n<\/p><\/div>\n<\/p><\/div>\n<\/div>\n<p>Cuando no queramos usarla, <strong>la barbacoa se puede plegar totalmente<\/strong>. La tabla de madera hace de tapa y el resto de los elementos se pueden guardar en una bolsa de tela que puede parecer casi una peque\u00f1a bolsa de mano.<\/p>\n<p><!-- BREAK 7 --><\/p>\n<h2>Precio y disponibilidad<\/h2>\n<p>La barbacoa <strong>STRAND\u00d6N<\/strong> se puede adquirir ya a un precio de <a rel=\"nofollow, sponsored, noopener, noreferrer noopener\" target=\"_blank\" class=\"js-ecommerce\" href=\"https:\/\/www.xatakahome.com\/redirect?url=https%3A%2F%2Fwww.ikea.com%2Fes%2Fes%2Fp%2Fstrandon-barbacoa-carbon-verde-70575848%2F&amp;category=hogar&amp;ecomPostExpiration=everlasting&amp;postId=113063\" data-vars-affiliate-url=\"https:\/\/www.xatakahome.com\/redirect?url=https%3A%2F%2Fwww.ikea.com%2Fes%2Fes%2Fp%2Fstrandon-barbacoa-carbon-verde-70575848%2F&amp;category=hogar&amp;ecomPostExpiration=everlasting&amp;postId=113063\">49,99 euros<\/a> en la web de IKEA y en las tiendas f\u00edsicas de la marca.<\/p>\n<p><!-- PIVOT START --><\/p>\n<div class=\"pivot-ecommerce-container m-pivot-ecommerce-redesign article-asset-normal article-asset-center\">\n<div class=\"pivot-ecommerce\">\n<div class=\"pivot-ecommerce-figure\">\n  <a rel=\"nofollow, sponsored, noopener, noreferrer noopener\" target=\"_blank\" href=\"https:\/\/www.xatakahome.com\/redirect?url=https%3A%2F%2Fwww.ikea.com%2Fes%2Fes%2Fp%2Fstrandon-barbacoa-carbon-verde-70575848%2F&amp;category=hogar&amp;pivot=1&amp;ecomPostExpiration=everlasting&amp;postId=113063\"><br \/>\n   <img loading=\"lazy\" decoding=\"async\" alt=\"STRAND\u00d6N\nBarbacoa, carb\u00f3n verde\" width=\"1162\" height=\"1162\" src=\"https:\/\/i.blogs.es\/9b20fd\/blob\/original.webp\" onerror='this.src=\"https:\/\/i.blogs.es\/9b20fd\/blob\/original.jpeg\"'><br \/>\n  <\/a>\n  <\/div>\n<div class=\"pivot-ecommerce-summary\">\n<p class=\"pivot-ecommerce-desc\">STRAND\u00d6N<br \/>\nBarbacoa, carb\u00f3n verde<\/p>\n<div class=\"pivot-actions \">\n<div class=\"pivot-actions-row\">\n <a rel=\"nofollow, sponsored, noopener, noreferrer noopener\" target=\"_blank\" data-asin=\"\" data-store=\"\" href=\"https:\/\/www.xatakahome.com\/redirect?url=https%3A%2F%2Fwww.ikea.com%2Fes%2Fes%2Fp%2Fstrandon-barbacoa-carbon-verde-70575848%2F&amp;category=hogar&amp;pivot=1&amp;ecomPostExpiration=everlasting&amp;postId=113063\" title=\"Precio de venta al p\u00fablico a fecha de publicaci\u00f3n\" class=\"pivot-action-btn pivot-action-primary\">PVP en Precio \u2014 <strong>49,99<\/strong> \u20ac<\/a>\n <\/div>\n<\/p><\/div>\n<\/p><\/div>\n<\/p><\/div>\n<div class=\"pivot-link-msg\">* Alg\u00fan precio puede haber cambiado desde la \u00faltima revisi\u00f3n<\/div>\n<\/p><\/div>\n<p><!-- PIVOT END --><\/p>\n<p>M\u00e1s informaci\u00f3n |\u00a0IKEA<\/p>\n<p>En Xataka SmartHome |\u00a0<a href=\"https:\/\/www.xatakahome.com\/hogar\/creia-que-habia-visto-todo-barbacoas-ahora-se-que-esta-que-quiero-para-disfrutar-como-nino-verano\">Cre\u00eda que lo hab\u00eda visto todo en barbacoas. Ahora ya se que esta es la que quiero para disfrutar como un ni\u00f1o del verano<\/a><\/p>\n<p><script>\n (function() {\n  window._JS_MODULES = window._JS_MODULES || {};\n  var headElement = document.getElementsByTagName('head')[0];\n  if (_JS_MODULES.instagram) {\n   var instagramScript = document.createElement('script');\n   instagramScript.src = 'https:\/\/platform.instagram.com\/en_US\/embeds.js';\n   instagramScript.async = true;\n   instagramScript.defer = true;\n   headElement.appendChild(instagramScript);\n  }\n })();\n<\/script><\/p>\n<p> &#8211; <br \/> La noticia<br \/>\n      <a href=\"https:\/\/www.xatakahome.com\/hogar\/ikea-se-ha-sacado-manga-mejor-aliado-para-disfrutar-verano-asi-su-barbacoa-barata-plegable?utm_source=feedburner&amp;utm_medium=feed&amp;utm_campaign=25_Jun_2024\"><br \/>\n       <em> IKEA ha lanzado el mejor aliado para disfrutar el verano. As\u00ed es su barbacoa barata, port\u00e1til y plegable <\/em><br \/>\n      <\/a><br \/>\n      fue publicada originalmente en<br \/>\n      <a href=\"https:\/\/www.xatakahome.com\/?utm_source=feedburner&amp;utm_medium=feed&amp;utm_campaign=25_Jun_2024\"><br \/>\n       <strong> Xataka Smart Home <\/strong><br \/>\n      <\/a><br \/>\n            por <a href=\"https:\/\/www.xatakahome.com\/autor\/jose-antonio-carmona?utm_source=feedburner&amp;utm_medium=feed&amp;utm_campaign=25_Jun_2024\"><br \/>\n       Jose Antonio Carmona<br \/>\n      <\/a><br \/>\n      . <\/p>\n<\/div>\n","protected":false},"excerpt":{"rendered":"<p>El verano es la \u00e9poca del descanso por excelencia. Un momento del a\u00f1o en el que cobran importancia la relaciones sociales impulsadas por el buen tiempo. Y que es mejor que una agradable comida bajo una sombra para compartir con amigos y familiares un buen rato. Las barbacoas son una de las reinas del verano. &hellip; <a href=\"https:\/\/domosistemas.com\/?p=24765\" class=\"more-link\">Sigue leyendo <span class=\"screen-reader-text\">IKEA ha lanzado el mejor aliado para disfrutar el verano. As\u00ed es su barbacoa barata, port\u00e1til y plegable<\/span><\/a><\/p>\n","protected":false},"author":1,"featured_media":0,"comment_status":"closed","ping_status":"closed","sticky":false,"template":"","format":"standard","meta":{"footnotes":""},"categories":[8],"tags":[],"class_list":["post-24765","post","type-post","status-publish","format-standard","hentry","category-xataka"],"_links":{"self":[{"href":"https:\/\/domosistemas.com\/index.php?rest_route=\/wp\/v2\/posts\/24765","targetHints":{"allow":["GET"]}}],"collection":[{"href":"https:\/\/domosistemas.com\/index.php?rest_route=\/wp\/v2\/posts"}],"about":[{"href":"https:\/\/domosistemas.com\/index.php?rest_route=\/wp\/v2\/types\/post"}],"author":[{"embeddable":true,"href":"https:\/\/domosistemas.com\/index.php?rest_route=\/wp\/v2\/users\/1"}],"replies":[{"embeddable":true,"href":"https:\/\/domosistemas.com\/index.php?rest_route=%2Fwp%2Fv2%2Fcomments&post=24765"}],"version-history":[{"count":0,"href":"https:\/\/domosistemas.com\/index.php?rest_route=\/wp\/v2\/posts\/24765\/revisions"}],"wp:attachment":[{"href":"https:\/\/domosistemas.com\/index.php?rest_route=%2Fwp%2Fv2%2Fmedia&parent=24765"}],"wp:term":[{"taxonomy":"category","embeddable":true,"href":"https:\/\/domosistemas.com\/index.php?rest_route=%2Fwp%2Fv2%2Fcategories&post=24765"},{"taxonomy":"post_tag","embeddable":true,"href":"https:\/\/domosistemas.com\/index.php?rest_route=%2Fwp%2Fv2%2Ftags&post=24765"}],"curies":[{"name":"wp","href":"https:\/\/api.w.org\/{rel}","templated":true}]}}