{"id":24767,"date":"2024-06-25T11:01:42","date_gmt":"2024-06-25T11:01:42","guid":{"rendered":"https:\/\/domosistemas.com\/?p=24767"},"modified":"2024-06-25T11:01:42","modified_gmt":"2024-06-25T11:01:42","slug":"bosch-y-lg-responden-sobre-si-colocar-imanes-en-el-frigorifico-hace-que-el-consumo-se-dispare-y-explican-lo-que-mas-gasta","status":"publish","type":"post","link":"https:\/\/domosistemas.com\/?p=24767","title":{"rendered":"Bosch y LG responden sobre si colocar imanes en el frigor\u00edfico hace que el consumo se dispare, y explican lo que m\u00e1s gasta"},"content":{"rendered":"<div>\n<p>\n      <img decoding=\"async\" src=\"https:\/\/i.blogs.es\/64ef1b\/img_5234\/1024_2000.jpeg\" alt=\"Bosch y LG responden sobre si colocar imanes en el frigor\u00edfico hace que el consumo se dispare, y explican lo que m\u00e1s gasta\">\n    <\/p>\n<p>Una de las costumbres m\u00e1s habituales para <strong>dar un toque de color y frescura a la cocina<\/strong> es usar la nevera como una zona para colocar elementos decorativos. Aprovechando la gran puerta de metal, se suele utilizar el frigor\u00edfico como un muro para poner fotos, notas y cualquier tipo de elemento que pueda quedar adherido.<\/p>\n<p><!-- BREAK 1 --><\/p>\n<p>Se pueden usar elementos como post-it, pero <a href=\"https:\/\/www.xatakahome.com\/hogar\/tener-imanes-frigorifico-no-hara-que-gastes-luz-puede-ser-perjudicial-para-nevera-algunos-casos\">lo m\u00e1s habitual es tener imanes<\/a> que funcionan como m\u00e9todo de sujeci\u00f3n. Si eres una persona que ha adoptado esta costumbre, quiz\u00e1s hayas o\u00eddo un <a href=\"https:\/\/www.xatakahome.com\/hogar\/endesa-responde-sobre-si-colocar-imanes-en-el-frigorifico-hace-que-el-consumo-se-dispare-y-explica-lo-que-mas-gasta\">rumor que circula por Internet<\/a>, que relaciona el uso de imanes en la nevera con un mayor consumo de energ\u00eda. Por eso, vamos a ver <strong>qu\u00e9 dicen dos fabricantes de referencia<\/strong> en este segmento al respecto.<\/p>\n<p><!-- BREAK 2 --><\/p>\n<h2>Los imanes no afectan al consumo<\/h2>\n<div class=\"article-asset-image article-asset-normal article-asset-center\">\n<div class=\"asset-content\">\n<div class=\"caption-img \">\n                    <a rel=\"noopener, noreferrer\" href=\"https:\/\/unsplash.com\/es\/@squared_one1\"><\/p>\n<p>    <img decoding=\"async\" alt=\"Imanes\" class=\"centro_sinmarco\" src=\"https:\/\/i.blogs.es\/9d6d36\/imanes\/450_1000.webp\"><br \/>\n     <\/a><\/p>\n<p>        <span>Imagen |\u00a0Kristyna Squared.one<\/span>\n   <\/div>\n<\/p><\/div>\n<\/div>\n<p>En su momento, <a href=\"https:\/\/www.xatakahome.com\/hogar\/endesa-responde-sobre-si-colocar-imanes-en-el-frigorifico-hace-que-el-consumo-se-dispare-y-explica-lo-que-mas-gasta\">conocimos la opini\u00f3n de Endesa<\/a> sobre el uso de imanes en la puerta del frigor\u00edfico. El frigor\u00edfico es <strong>uno de los electrodom\u00e9sticos que m\u00e1s electricidad consume en casa<\/strong>. El impacto en la factura mensual de la luz se nota, y por eso siempre es importante buscar un modelo lo m\u00e1s eficiente posible.<\/p>\n<p><!-- BREAK 3 --><\/p>\n<p>El consumo de electricidad del frigor\u00edfico se acerca casi al <strong>30% del consumo energ\u00e9tico total de un hogar medio<\/strong>. Por eso, cualquier medida que permita optimizar su funcionamiento y disminuir el consumo de electricidad ser\u00e1 bienvenida. Aqu\u00ed es donde entran en juego los imanes.<\/p>\n<p><!-- BREAK 4 --><\/p>\n<div class=\"article-asset-video article-asset-normal\">\n<div class=\"asset-content\">\n<div class=\"base-asset-video\">\n<div class=\"js-dailymotion\">\n    <script type=\"application\/json\">\n                          {\"videoId\":\"x88tf3k\",\"autoplay\":true,\"title\":\"AHORRA EN TU FACTURA DE LA LUZ: Las MEJORES OPCIONES para conocer los PRECIOS EN TU M\u00d3VIL\", \"tag\":\"webedia-prod\"}\n                  <\/script>\n   <\/div>\n<\/p><\/div>\n<\/p><\/div>\n<\/div>\n<p>Se trata de <a href=\"https:\/\/www.xatakahome.com\/iluminacion-y-energia\/he-probado-muchos-trucos-consejos-para-ahorrar-factura-luz-estos-que-me-han-funcionado-que-no\">ahorrar en la factura de la luz<\/a> de nuestra casa. Si leemos sobre un rumor que afirma que usar imanes en la puerta de la nevera puede hacer que consuma m\u00e1s, ya tenemos <strong>la combinaci\u00f3n perfecta para preocuparnos<\/strong>.<\/p>\n<p><!-- BREAK 5 --><\/p>\n<p>En su momento, conocimos la opini\u00f3n de <a rel=\"noopener, noreferrer\" href=\"https:\/\/www.endesa.com\/es\/blog\/blog-de-endesa\/consejos-de-ahorro\/imanes-nevera\" data-id=\"noopener noreferrer\">Endesa<\/a> al respecto, pero ahora son otras dos empresas importantes las que dejan claro <strong>cu\u00e1l es el efecto de tener imanes<\/strong> puestos en la puerta de la nevera.<\/p>\n<p><!-- BREAK 6 --><\/p>\n<div class=\"article-asset-image article-asset-normal article-asset-center\">\n<div class=\"asset-content\">\n<div class=\"caption-img \">\n<p>   <img decoding=\"async\" alt=\"Nevera\" class=\"centro_sinmarco\" src=\"https:\/\/i.blogs.es\/cdd2c9\/nevera\/450_1000.webp\"><\/p>\n<p>        <span>Imagen |\u00a0Paco R\u00f3driguez<\/span>\n   <\/div>\n<\/p><\/div>\n<\/div>\n<p>Una de ellas es Bosch, la empresa especializada en electr\u00f3nica que cuenta en su cat\u00e1logo con un amplio abanico de electrodom\u00e9sticos, incluidos frigor\u00edficos. Al preguntarles al respecto, <strong>su opini\u00f3n fue clara y coincidente<\/strong> con la de la el\u00e9ctrica espa\u00f1ola: han desmentido el mito.<\/p>\n<p><!-- BREAK 7 --><\/p>\n<blockquote><p><em>\u00abSi se utilizan s\u00f3lo unos pocos imanes en la puerta del frigor\u00edfico, no se espera que el dispositivo funcione mal; pueden producirse ara\u00f1azos en la superficie. Si se colocan tantos imanes en la puerta del frigor\u00edfico que el peso de la puerta aumenta enormemente, se puede acortar la vida \u00fatil de la bisagra de la puerta\u00bb.<\/em><\/p><\/blockquote>\n<p>Emplear imanes en la puerta de la nevera no afecta el funcionamiento del frigor\u00edfico. En todo caso, puede producir ara\u00f1azos seg\u00fan el material de la puerta, y si esta pesa m\u00e1s, puede afectar a la vida \u00fatil de la bisagra. Pero nunca afectar\u00e1 al consumo el\u00e9ctrico del electrodom\u00e9stico.<\/p>\n<p><!-- BREAK 8 --><\/p>\n<div class=\"article-asset article-asset-normal article-asset-center\">\n<div class=\"desvio-container\">\n<div class=\"desvio\">\n<div class=\"desvio-figure js-desvio-figure\">\n    <a href=\"https:\/\/www.xatakahome.com\/a-fondo\/estamos-a-40o-mi-frigorifico-no-da-trucos-para-tener-todo-bien-fresquito\"><br \/>\n     <img loading=\"lazy\" decoding=\"async\" alt=\"Estamos a m\u00e1s de 40\u00ba y mi frigor\u00edfico no da m\u00e1s de s\u00ed: trucos para tener todo bien fresquito \" width=\"375\" height=\"142\" src=\"https:\/\/i.blogs.es\/331f72\/frigorifico4489\/375_142.webp\" onerror='this.src=\"https:\/\/i.blogs.es\/331f72\/frigorifico4489\/375_142.jpeg\"'><br \/>\n    <\/a>\n   <\/div>\n<div class=\"desvio-summary\">\n<div class=\"desvio-taxonomy js-desvio-taxonomy\">\n     <a href=\"https:\/\/www.xatakahome.com\/a-fondo\/estamos-a-40o-mi-frigorifico-no-da-trucos-para-tener-todo-bien-fresquito\" class=\"desvio-taxonomy-anchor\">En Xataka Smart Home<\/a>\n    <\/div>\n<p>    <a href=\"https:\/\/www.xatakahome.com\/a-fondo\/estamos-a-40o-mi-frigorifico-no-da-trucos-para-tener-todo-bien-fresquito\" class=\"desvio-title js-desvio-title\">Estamos a m\u00e1s de 40\u00ba y mi frigor\u00edfico no da m\u00e1s de s\u00ed: trucos para tener todo bien fresquito <\/a>\n   <\/div>\n<\/p><\/div>\n<\/p><\/div>\n<\/div>\n<p>Otra empresa que se ha pronunciado al respecto es LG, y <strong>vuelve a coincidir con lo que afirman las anteriores<\/strong>. Para la empresa coreana, esto es lo que pasa por usar imanes en la puerta de la nevera: nada.<\/p>\n<p><!-- BREAK 9 --><\/p>\n<blockquote><p>\u00abDe hecho, esto es solo un mito: los imanes de nevera no tienen ning\u00fan efecto sobre el consumo, la vida \u00fatil o los alimentos. Los imanes situados en el exterior del frigor\u00edfico no influyen en el funcionamiento ni en la capacidad de refrigeraci\u00f3n interna del aparato\u00bb.<\/p><\/blockquote>\n<p>En resumen, es evidente que <strong>los imanes no tienen ning\u00fan impacto<\/strong> en el funcionamiento del refrigerador ni en la calidad de los alimentos que contiene. La \u00fanica acci\u00f3n que puede influir en el consumo de energ\u00eda del refrigerador es abrir y cerrar su puerta con demasiada frecuencia.<\/p>\n<p><!-- BREAK 10 --><\/p>\n<h2>Otras pr\u00e1cticas m\u00e1s da\u00f1inas que los imanes<\/h2>\n<div class=\"article-asset-image article-asset-normal article-asset-center\">\n<div class=\"asset-content\">\n<div class=\"caption-img \">\n                    <a rel=\"noopener, noreferrer\" href=\"https:\/\/www.hisense.es\/blog_post\/comienza-el-ano-nuevo-con-un-frigorifico-limpio-organizado-y-reabastecido\/\"><\/p>\n<p>    <img decoding=\"async\" alt=\"Nevera\" class=\"centro_sinmarco\" src=\"https:\/\/i.blogs.es\/bc313a\/nevera\/450_1000.webp\"><br \/>\n     <\/a><\/p>\n<p>        <span>Imagen |\u00a0Hisense<\/span>\n   <\/div>\n<\/p><\/div>\n<\/div>\n<p>Ya hemos visto que el tema de los imanes en la puerta del frigor\u00edfico es un mito y <strong>no afecta ni al consumo el\u00e9ctrico ni a los alimentos<\/strong> que guardamos en su interior. Sin embargo, hay otras pr\u00e1cticas mucho m\u00e1s perjudiciales que quiz\u00e1s pasamos por alto.<\/p>\n<p><!-- BREAK 11 --><\/p>\n<p>Adem\u00e1s, es importante hacer un uso racional de la nevera y evitar abrir la puerta con frecuencia. Cada vez que abrimos la puerta, <strong>el aire fr\u00edo se escapa y entra aire caliente<\/strong>, lo que hace que el frigor\u00edfico tenga que trabajar m\u00e1s para volver a enfriarse, aumentando el consumo de electricidad.<\/p>\n<p><!-- BREAK 12 --><\/p>\n<p><strong>Abrir la puerta demasiadas veces<\/strong> hace que se pierda temperatura en su interior, consumiendo m\u00e1s energ\u00eda para recuperarla. Sin embargo, hoy en d\u00eda, los frigor\u00edficos m\u00e1s eficientes cuentan con tecnolog\u00edas para <a href=\"https:\/\/www.xatakahome.com\/a-fondo\/llevamos-anos-usandolos-casa-seguimos-cometiendo-errores-esto-conviene-tener-cuenta-tu-frigorifico-funcione-mejor\" data-id=\"noopener noreferrer\">reducir el consumo<\/a> al abrir o cerrar la puerta.<\/p>\n<p><!-- BREAK 13 --><\/p>\n<div class=\"article-asset-image article-asset-normal article-asset-center\">\n<div class=\"asset-content\">\n<p>   <img decoding=\"async\" alt=\"Temperatura Frigorificolg\" class=\"centro_sinmarco\" src=\"https:\/\/i.blogs.es\/98b95c\/temperatura-frigorificolg\/450_1000.webp\"><\/p><\/div>\n<\/div>\n<p>Una medida que podemos adoptar es <strong>regular el frigor\u00edfico<\/strong> a una <a href=\"https:\/\/www.xatakahome.com\/a-fondo\/temperatura-frigo-congelador-navidad-esta-ideal-para-conservar-alimentos-ahorrando-luz\">temperatura adecuada<\/a>. Lo mejor es ajustar el termostato del frigor\u00edfico entre 3 y 5 \u00b0C, mientras que el congelador puede funcionar perfectamente a -18 \u00b0C. Temperaturas m\u00e1s bajas de las necesarias aumentan el consumo de energ\u00eda.<\/p>\n<p><!-- BREAK 14 --><\/p>\n<p>Igualmente, <strong>es importante la <\/strong><a href=\"https:\/\/www.xatakahome.com\/a-fondo\/asi-aconseja-endesa-que-ordenemos-frigorifico-para-gastar\">organizaci\u00f3n<\/a><strong> interior<\/strong>. No tener el frigor\u00edfico lleno a rebosar, pero tampoco vac\u00edo. Lo ideal es tener una carga media de alimentos, separados convenientemente para facilitar la circulaci\u00f3n del aire fr\u00edo y ayudar al frigor\u00edfico a retenerlo. Mant\u00e9n una organizaci\u00f3n que permita encontrar r\u00e1pidamente lo que buscas para reducir el tiempo que la puerta permanece abierta.<\/p>\n<p><!-- BREAK 15 --><\/p>\n<p>Otras pr\u00e1cticas interesantes incluyen <strong>dejar enfriar los alimentos antes de guardarlos<\/strong> en la nevera. No es aconsejable guardar un plato caliente dentro del frigor\u00edfico, ya que, adem\u00e1s de aumentar la carga de trabajo de la nevera, puede perjudicar.<\/p>\n<p><!-- BREAK 16 --><\/p>\n<p>Otra medida es <strong>colocar el frigor\u00edfico en un lugar adecuado<\/strong>, alejado de fuentes de calor como hornos o radiadores, y asegurarse de que haya suficiente ventilaci\u00f3n alrededor del aparato.<\/p>\n<p><!-- BREAK 17 --><\/p>\n<div class=\"article-asset article-asset-normal article-asset-center\">\n<div class=\"desvio-container\">\n<div class=\"desvio\">\n<div class=\"desvio-figure js-desvio-figure\">\n    <a href=\"https:\/\/www.xatakahome.com\/curiosidades\/este-problema-poco-conocido-que-provocan-frigorificos-encastrados-columnas-calor-cocina\"><br \/>\n     <img loading=\"lazy\" decoding=\"async\" alt=\"Este es el problema poco conocido que provocan los frigor\u00edficos encastrados y las columnas de calor en la cocina\" width=\"375\" height=\"142\" src=\"https:\/\/i.blogs.es\/0182c1\/cocina\/375_142.webp\" onerror='this.src=\"https:\/\/i.blogs.es\/0182c1\/cocina\/375_142.jpeg\"'><br \/>\n    <\/a>\n   <\/div>\n<div class=\"desvio-summary\">\n<div class=\"desvio-taxonomy js-desvio-taxonomy\">\n     <a href=\"https:\/\/www.xatakahome.com\/curiosidades\/este-problema-poco-conocido-que-provocan-frigorificos-encastrados-columnas-calor-cocina\" class=\"desvio-taxonomy-anchor\">En Xataka Smart Home<\/a>\n    <\/div>\n<p>    <a href=\"https:\/\/www.xatakahome.com\/curiosidades\/este-problema-poco-conocido-que-provocan-frigorificos-encastrados-columnas-calor-cocina\" class=\"desvio-title js-desvio-title\">Este es el problema poco conocido que provocan los frigor\u00edficos encastrados y las columnas de calor en la cocina<\/a>\n   <\/div>\n<\/p><\/div>\n<\/p><\/div>\n<\/div>\n<p>En la medida de lo posible, <strong>guarda los alimentos en recipientes herm\u00e9ticos<\/strong> para mantener la humedad dentro del frigor\u00edfico, lo que permite que funcione de manera m\u00e1s eficiente.<\/p>\n<p><!-- BREAK 18 --><\/p>\n<p>Adem\u00e1s, si tu frigor\u00edfico no tiene el sistema \u00abno frost\u00bb, aseg\u00farate de <strong>eliminar la escarcha<\/strong> que se acumula. Una capa gruesa de hielo reduce la eficiencia del aparato. Eliminarla ayudar\u00e1 a reducir el consumo del frigor\u00edfico.<\/p>\n<p><!-- BREAK 19 --><\/p>\n<div class=\"article-asset-image article-asset-normal article-asset-center\">\n<div class=\"asset-content\">\n<div class=\"caption-img \">\n<p>   <img decoding=\"async\" alt=\"Balay\" class=\"centro_sinmarco\" src=\"https:\/\/i.blogs.es\/f648ad\/balay\/450_1000.webp\"><\/p>\n<p>        <span>Imagen |\u00a0Balay<\/span>\n   <\/div>\n<\/p><\/div>\n<\/div>\n<p>Adem\u00e1s es fundamental realizar un <strong>mantenimiento m\u00ednimo del frigor\u00edfico<\/strong>. Un ejemplo puede ser el de asegurarse que las juntas de la puerta, las que hacen que el frigor\u00edfico sea un compartimiento estanco, est\u00e9n en buen estado. Una goma da\u00f1ada o defectuosa puedo permitir que el fr\u00edo del interior se escape y por lo tanto aumentar el consumo el\u00e9ctrico de la nevera..<\/p>\n<p><!-- BREAK 20 --><\/p>\n<p>Si est\u00e1s pensando en comprar un frigor\u00edfico nuevo, busca <a href=\"https:\/\/www.xatakahome.com\/a-fondo\/mi-frigorifico-ruina-he-comparado-que-gasta-otro-moderno-eficiente-no-se-como-no-he-cambiado-todavia\">un modelo lo m\u00e1s eficiente posible<\/a>. Aunque sea un poco m\u00e1s caro, <strong>a la larga puede suponer un gran ahorro<\/strong> en la factura el\u00e9ctrica. En el caso de los frigor\u00edficos, la OCU <a href=\"https:\/\/www.xatakahome.com\/iluminacion-y-energia\/tener-frigorifico-eficiente-compensa-450-euros-ahorro-gasto-luz-modelos-combi-ocu\" data-id=\"noopener noreferrer\">avisa<\/a> de que podemos ahorrar una media de unos 450 euros durante la vida media de este aparato, situada en unos 12 a\u00f1os.<\/p>\n<p><!-- BREAK 21 --><\/p>\n<p>En Xataka Smart Home | <a href=\"https:\/\/www.xatakahome.com\/a-fondo\/he-probado-mi-frigorifico-modo-eco-frio-a-tope-esta-diferencia-consumo-factura-luz\">He comparado lo que gasta mi frigor\u00edfico en modo eco y con el fr\u00edo a tope y el resultado ha sido una aut\u00e9ntica sorpresa<\/a><\/p>\n<p>En Xataka SmartHome |\u00a0<a href=\"https:\/\/www.xatakahome.com\/a-fondo\/mi-frigorifico-ruina-factura-luz-estas-causas-frecuentes-que-consumo-se-dispare-posibles-soluciones\">Mi frigor\u00edfico es una ruina en la factura de la luz: estas son las causas m\u00e1s frecuentes de que el consumo se dispare y posibles soluciones<\/a><\/p>\n<p><!-- BREAK 22 --><script>\n (function() {\n  window._JS_MODULES = window._JS_MODULES || {};\n  var headElement = document.getElementsByTagName('head')[0];\n  if (_JS_MODULES.instagram) {\n   var instagramScript = document.createElement('script');\n   instagramScript.src = 'https:\/\/platform.instagram.com\/en_US\/embeds.js';\n   instagramScript.async = true;\n   instagramScript.defer = true;\n   headElement.appendChild(instagramScript);\n  }\n })();\n<\/script><\/p>\n<p> &#8211; <br \/> La noticia<br \/>\n      <a href=\"https:\/\/www.xatakahome.com\/hogar\/bosch-lg-responden-colocar-imanes-frigorifico-hace-que-consumo-se-dispare-explican-que-gasta?utm_source=feedburner&amp;utm_medium=feed&amp;utm_campaign=25_Jun_2024\"><br \/>\n       <em> Bosch y LG responden sobre si colocar imanes en el frigor\u00edfico hace que el consumo se dispare, y explican lo que m\u00e1s gasta <\/em><br \/>\n      <\/a><br \/>\n      fue publicada originalmente en<br \/>\n      <a href=\"https:\/\/www.xatakahome.com\/?utm_source=feedburner&amp;utm_medium=feed&amp;utm_campaign=25_Jun_2024\"><br \/>\n       <strong> Xataka Smart Home <\/strong><br \/>\n      <\/a><br \/>\n            por <a href=\"https:\/\/www.xatakahome.com\/autor\/jose-antonio-carmona?utm_source=feedburner&amp;utm_medium=feed&amp;utm_campaign=25_Jun_2024\"><br \/>\n       Jose Antonio Carmona<br \/>\n      <\/a><br \/>\n      . <\/p>\n<\/div>\n","protected":false},"excerpt":{"rendered":"<p>Una de las costumbres m\u00e1s habituales para dar un toque de color y frescura a la cocina es usar la nevera como una zona para colocar elementos decorativos. Aprovechando la gran puerta de metal, se suele utilizar el frigor\u00edfico como un muro para poner fotos, notas y cualquier tipo de elemento que pueda quedar adherido. &hellip; <a href=\"https:\/\/domosistemas.com\/?p=24767\" class=\"more-link\">Sigue leyendo <span class=\"screen-reader-text\">Bosch y LG responden sobre si colocar imanes en el frigor\u00edfico hace que el consumo se dispare, y explican lo que m\u00e1s gasta<\/span><\/a><\/p>\n","protected":false},"author":1,"featured_media":0,"comment_status":"closed","ping_status":"closed","sticky":false,"template":"","format":"standard","meta":{"footnotes":""},"categories":[8],"tags":[],"class_list":["post-24767","post","type-post","status-publish","format-standard","hentry","category-xataka"],"_links":{"self":[{"href":"https:\/\/domosistemas.com\/index.php?rest_route=\/wp\/v2\/posts\/24767","targetHints":{"allow":["GET"]}}],"collection":[{"href":"https:\/\/domosistemas.com\/index.php?rest_route=\/wp\/v2\/posts"}],"about":[{"href":"https:\/\/domosistemas.com\/index.php?rest_route=\/wp\/v2\/types\/post"}],"author":[{"embeddable":true,"href":"https:\/\/domosistemas.com\/index.php?rest_route=\/wp\/v2\/users\/1"}],"replies":[{"embeddable":true,"href":"https:\/\/domosistemas.com\/index.php?rest_route=%2Fwp%2Fv2%2Fcomments&post=24767"}],"version-history":[{"count":0,"href":"https:\/\/domosistemas.com\/index.php?rest_route=\/wp\/v2\/posts\/24767\/revisions"}],"wp:attachment":[{"href":"https:\/\/domosistemas.com\/index.php?rest_route=%2Fwp%2Fv2%2Fmedia&parent=24767"}],"wp:term":[{"taxonomy":"category","embeddable":true,"href":"https:\/\/domosistemas.com\/index.php?rest_route=%2Fwp%2Fv2%2Fcategories&post=24767"},{"taxonomy":"post_tag","embeddable":true,"href":"https:\/\/domosistemas.com\/index.php?rest_route=%2Fwp%2Fv2%2Ftags&post=24767"}],"curies":[{"name":"wp","href":"https:\/\/api.w.org\/{rel}","templated":true}]}}