{"id":24783,"date":"2024-06-26T10:08:55","date_gmt":"2024-06-26T10:08:55","guid":{"rendered":"https:\/\/domosistemas.com\/?p=24783"},"modified":"2024-06-26T10:08:55","modified_gmt":"2024-06-26T10:08:55","slug":"hemos-instalado-tantas-placas-solares-que-hay-dias-donde-producimos-demasiada-energia-y-esto-es-un-caro-problema","status":"publish","type":"post","link":"https:\/\/domosistemas.com\/?p=24783","title":{"rendered":"Hemos instalado tantas placas solares que hay d\u00edas donde producimos demasiada energ\u00eda, y esto es un caro problema"},"content":{"rendered":"<div>\n<p>\n      <img decoding=\"async\" src=\"https:\/\/i.blogs.es\/aab03d\/benjamin-jopen-p2guluu79rg-unsplash\/1024_2000.jpeg\" alt=\"Hemos instalado tantas placas solares que hay d\u00edas donde producimos demasiada energ\u00eda, y esto es un caro problema \">\n    <\/p>\n<p>En los \u00faltimos a\u00f1os el <a href=\"https:\/\/www.xatakahome.com\/a-fondo\/que-al-autoconsumo-que-hace-falta-para-darse-alta-comenzar-a-ahorrar-factura-energetica\">autoconsumo energ\u00e9tico<\/a> se ha puesto de moda, ofreciendo a muchos consumidores la capacidad de obtener la <strong>energ\u00eda el\u00e9ctrica<\/strong> instalando en el hogar, local o comunidad de vecinos <strong>paneles solares fotovoltaicos<\/strong> u otros sistemas de generaci\u00f3n renovable y as\u00ed no depender tanto de la red el\u00e9ctrica convencional.<\/p>\n<p><!-- BREAK 1 --><\/p>\n<p>Esto ha hecho que la econom\u00eda de mercado entre en juego, que los precios de los <strong>paneles <\/strong>hayan bajado notablemente y que cada vez m\u00e1s personas e inversores se sintiesen atra\u00eddos por este tipo de instalaciones. Y no hace falta que sean grandes paneles con mucha potencia. Hay opciones para todas las necesidades, presupuestos y tipos de vivienda, con modelos que incluso podemos <a href=\"https:\/\/www.xatakahome.com\/a-fondo\/paneles-solares-kit-para-balcon-terraza-esto-que-podemos-ahorrar-al-ano-factura-luz\">colocar en un balc\u00f3n o terraza<\/a>.<\/p>\n<p><!-- BREAK 2 --><\/p>\n<p>Sin embargo, este boom de las renovables est\u00e1 teniendo algunas <strong>consecuencias negativas<\/strong> imprevistas debido al exceso de producci\u00f3n energ\u00e9tica de algunas regiones que ya estamos empezando a vislumbrar.<\/p>\n<p><!-- BREAK 3 --><\/p>\n<div class=\"article-asset article-asset-normal article-asset-center\">\n<div class=\"desvio-container\">\n<div class=\"desvio\">\n<div class=\"desvio-figure js-desvio-figure\">\n    <a href=\"https:\/\/www.xatakahome.com\/a-fondo\/paneles-solares-kit-para-balcon-terraza-esto-que-podemos-ahorrar-al-ano-factura-luz\"><br \/>\n     <img loading=\"lazy\" decoding=\"async\" alt=\"Paneles solares en kit para el balc\u00f3n o la terraza: esto es lo que podemos ahorrar al a\u00f1o en la factura de la luz \" width=\"375\" height=\"142\" src=\"https:\/\/i.blogs.es\/0aee76\/paneles-balcon-4489tornasol4489\/375_142.webp\" onerror='this.src=\"https:\/\/i.blogs.es\/0aee76\/paneles-balcon-4489tornasol4489\/375_142.jpeg\"'><br \/>\n    <\/a>\n   <\/div>\n<div class=\"desvio-summary\">\n<div class=\"desvio-taxonomy js-desvio-taxonomy\">\n     <a href=\"https:\/\/www.xatakahome.com\/a-fondo\/paneles-solares-kit-para-balcon-terraza-esto-que-podemos-ahorrar-al-ano-factura-luz\" class=\"desvio-taxonomy-anchor\">En Xataka Smart Home<\/a>\n    <\/div>\n<p>    <a href=\"https:\/\/www.xatakahome.com\/a-fondo\/paneles-solares-kit-para-balcon-terraza-esto-que-podemos-ahorrar-al-ano-factura-luz\" class=\"desvio-title js-desvio-title\">Paneles solares en kit para el balc\u00f3n o la terraza: esto es lo que podemos ahorrar al a\u00f1o en la factura de la luz <\/a>\n   <\/div>\n<\/p><\/div>\n<\/p><\/div>\n<\/div>\n<h2>El exceso de producci\u00f3n el\u00e9ctrica tambi\u00e9n es un problema<\/h2>\n<div class=\"article-asset-image article-asset-normal article-asset-center\">\n<div class=\"asset-content\">\n<div class=\"caption-img \">\n                    <a rel=\"noopener, noreferrer\" href=\"https:\/\/unsplash.com\/es\/fotos\/torres-de-transmision-negras-bajo-el-cielo-verde-q6n8nIrDQHE\"><\/p>\n<p>    <img decoding=\"async\" alt=\"Fre Sonneveld Q6n8nirdqhe Unsplash\" class=\"centro_sinmarco\" src=\"https:\/\/i.blogs.es\/ceac6c\/fre-sonneveld-q6n8nirdqhe-unsplash\/450_1000.webp\"><br \/>\n     <\/a><\/p>\n<p>        <span>Imagen portada: Fr\u00e9 Sonneveld<\/span>\n   <\/div>\n<\/p><\/div>\n<\/div>\n<p>Puede parecer que cuanta m\u00e1s energ\u00eda limpia seamos capaces de producir, mejor para todos. Pero la realidad es que <a rel=\"noopener, noreferrer\" href=\"https:\/\/www.bbc.com\/news\/articles\/czkkgnp1d2xo\" data-id=\"noopener, noreferrer\">el exceso de producci\u00f3n plantea un dilema<\/a> sobre todo cuando <strong>la demanda de producci\u00f3n ha ido cayendo<\/strong> en los \u00faltimos a\u00f1os en Espa\u00f1a.<\/p>\n<p><!-- BREAK 4 --><\/p>\n<p>El sistema el\u00e9ctrico tiene que <strong>tener un equilibrio<\/strong> para funcionar correctamente, ya que la demanda de electricidad debe igualar a la generaci\u00f3n. Sin embargo, ahora mismo tenemos tanta producci\u00f3n en determinadas horas del d\u00eda que la red recibe ingentes cantidades de energ\u00eda procedente de las placas solares y de los generadores e\u00f3licos que no es capaz de absorber.<\/p>\n<p><!-- BREAK 5 --><\/p>\n<p>Si este equilibrio entre oferta y demanda desaparece, lo que hace que <strong>bajen los \u00a0precios<\/strong> <a href=\"https:\/\/www.xatakahome.com\/iluminacion-y-energia\/mi-tarifa-luz-tendria-que-ser-casi-gratis-tiene-costes-ocultos-que-disparan-precio\">e incluso los coloca en negativo<\/a> en el mercado mayorista en algunas franjas horarias y en ciertos d\u00edas muy soleados o cuando hace mucho viento.<\/p>\n<p><!-- BREAK 6 --><\/p>\n<p>Pero esto deber\u00eda ser bueno para los consumidores, \u00bfno? Pues a corto plazo s\u00ed, ya que las facturas energ\u00e9ticas bajan. Pero l\u00f3gicamente los precios bajos <strong>desmotivan a los inversiones<\/strong> hacia la industria energ\u00e9tica y, parad\u00f3jicamente, pueden ser un obst\u00e1culo para la transici\u00f3n energ\u00e9tica.<\/p>\n<p><!-- BREAK 7 --><\/p>\n<p>Actualmente todav\u00eda hace falta renovar muchas instalaciones para electrificar sectores importantes en Espa\u00f1a, como los qu\u00edmicos y los metales. Y si los precios de la energ\u00eda est\u00e1n demasiado bajos, pocos querr\u00e1n acometer dichas inversiones.<\/p>\n<p><!-- BREAK 8 --><\/p>\n<div class=\"article-asset-video article-asset-normal\">\n<div class=\"asset-content\">\n<div class=\"base-asset-video\">\n<div class=\"js-dailymotion\">\n    <script type=\"application\/json\">\n                          {\"videoId\":\"x7znesx\",\"autoplay\":true,\"title\":\"Edificio de autoconsumo ASI\u0301 FUNCIONAN - Paneles solares en bloques de pisos\", \"tag\":\"solar\"}\n                  <\/script>\n   <\/div>\n<\/p><\/div>\n<\/p><\/div>\n<\/div>\n<p>Adem\u00e1s, los picos de energ\u00eda renovable hacen que haya que <strong>parar instalaciones de forma puntual<\/strong>, como las plantas de gas, que ya no siempre funcionan de manera continua. Trabajan solo unas horas y luego se detienen, incurriendo en costes adicionales solo por arrancar. Estos costes se tienen que compensar de alguna manera, lo que a largo plazo y fuera de estos picos energ\u00e9ticos hace <strong>aumentar los precios de la luz<\/strong>.<\/p>\n<p><!-- BREAK 9 --><\/p>\n<p>En este sentido, mejorar la flexibilidad de la red es clave, y una de las formas para hacerlo pasa por incrementar la <strong>capacidad de almacenamiento de energ\u00eda<\/strong> mediante la <a href=\"https:\/\/www.xataka.com\/energia\/debate-almacenamiento-electricidad-esta-encima-mesa-estas-estrategias-nos-ayudan-a-plantar-cara-a-este-desafio\">instalaci\u00f3n de bater\u00edas a peque\u00f1a y gran escala<\/a>.<\/p>\n<p><!-- BREAK 10 --><\/p>\n<p>Instalar bater\u00edas permite hacer coincidir la generaci\u00f3n el\u00e9ctrica con la demanda de electricidad durante el d\u00eda y la noche, una soluci\u00f3n que ya se est\u00e1n <a href=\"https:\/\/www.xatakahome.com\/iluminacion-y-energia\/precios-electricidad-negativo-california-tiene-paneles-solares-casas-que-se-han-convertido-problema\">planteando el algunas regiones como en California<\/a>. Sin embargo, dicha opci\u00f3n es todav\u00eda un poco ut\u00f3pica, ya que <strong>el coste es elevado<\/strong> tanto para usuarios dom\u00e9sticos como para grandes instalaciones.<\/p>\n<p><!-- BREAK 11 --><\/p>\n<p>Imagen portada | <a rel=\"noopener, noreferrer\" href=\"https:\/\/unsplash.com\/es\/@benjopen\">Benjamin Jopen<\/a><\/p>\n<p>En Xataka Smart Home | <a href=\"https:\/\/www.xatakahome.com\/iluminacion-y-energia\/precios-electricidad-negativo-california-tiene-paneles-solares-casas-que-se-han-convertido-problema\">Precios de la electricidad en negativo: \u00a0California tiene tantos paneles solares en las casas que se han \u00a0convertido en un problema<\/a><\/p>\n<p><!-- BREAK 12 --><script>\n (function() {\n  window._JS_MODULES = window._JS_MODULES || {};\n  var headElement = document.getElementsByTagName('head')[0];\n  if (_JS_MODULES.instagram) {\n   var instagramScript = document.createElement('script');\n   instagramScript.src = 'https:\/\/platform.instagram.com\/en_US\/embeds.js';\n   instagramScript.async = true;\n   instagramScript.defer = true;\n   headElement.appendChild(instagramScript);\n  }\n })();\n<\/script><\/p>\n<p> &#8211; <br \/> La noticia<br \/>\n      <a href=\"https:\/\/www.xatakahome.com\/iluminacion-y-energia\/hemos-instalado-tantas-placas-solares-que-hay-dias-donde-producimos-demasiada-energia-esto-caro-problema?utm_source=feedburner&amp;utm_medium=feed&amp;utm_campaign=26_Jun_2024\"><br \/>\n       <em> Hemos instalado tantas placas solares que hay d\u00edas donde producimos demasiada energ\u00eda, y esto es un caro problema  <\/em><br \/>\n      <\/a><br \/>\n      fue publicada originalmente en<br \/>\n      <a href=\"https:\/\/www.xatakahome.com\/?utm_source=feedburner&amp;utm_medium=feed&amp;utm_campaign=26_Jun_2024\"><br \/>\n       <strong> Xataka Smart Home <\/strong><br \/>\n      <\/a><br \/>\n            por <a href=\"https:\/\/www.xatakahome.com\/autor\/paco-rodriguez?utm_source=feedburner&amp;utm_medium=feed&amp;utm_campaign=26_Jun_2024\"><br \/>\n       Paco Rodriguez<br \/>\n      <\/a><br \/>\n      . <\/p>\n<\/div>\n","protected":false},"excerpt":{"rendered":"<p>En los \u00faltimos a\u00f1os el autoconsumo energ\u00e9tico se ha puesto de moda, ofreciendo a muchos consumidores la capacidad de obtener la energ\u00eda el\u00e9ctrica instalando en el hogar, local o comunidad de vecinos paneles solares fotovoltaicos u otros sistemas de generaci\u00f3n renovable y as\u00ed no depender tanto de la red el\u00e9ctrica convencional. Esto ha hecho que &hellip; <a href=\"https:\/\/domosistemas.com\/?p=24783\" class=\"more-link\">Sigue leyendo <span class=\"screen-reader-text\">Hemos instalado tantas placas solares que hay d\u00edas donde producimos demasiada energ\u00eda, y esto es un caro problema<\/span><\/a><\/p>\n","protected":false},"author":1,"featured_media":0,"comment_status":"closed","ping_status":"closed","sticky":false,"template":"","format":"standard","meta":{"footnotes":""},"categories":[8],"tags":[],"class_list":["post-24783","post","type-post","status-publish","format-standard","hentry","category-xataka"],"_links":{"self":[{"href":"https:\/\/domosistemas.com\/index.php?rest_route=\/wp\/v2\/posts\/24783","targetHints":{"allow":["GET"]}}],"collection":[{"href":"https:\/\/domosistemas.com\/index.php?rest_route=\/wp\/v2\/posts"}],"about":[{"href":"https:\/\/domosistemas.com\/index.php?rest_route=\/wp\/v2\/types\/post"}],"author":[{"embeddable":true,"href":"https:\/\/domosistemas.com\/index.php?rest_route=\/wp\/v2\/users\/1"}],"replies":[{"embeddable":true,"href":"https:\/\/domosistemas.com\/index.php?rest_route=%2Fwp%2Fv2%2Fcomments&post=24783"}],"version-history":[{"count":0,"href":"https:\/\/domosistemas.com\/index.php?rest_route=\/wp\/v2\/posts\/24783\/revisions"}],"wp:attachment":[{"href":"https:\/\/domosistemas.com\/index.php?rest_route=%2Fwp%2Fv2%2Fmedia&parent=24783"}],"wp:term":[{"taxonomy":"category","embeddable":true,"href":"https:\/\/domosistemas.com\/index.php?rest_route=%2Fwp%2Fv2%2Fcategories&post=24783"},{"taxonomy":"post_tag","embeddable":true,"href":"https:\/\/domosistemas.com\/index.php?rest_route=%2Fwp%2Fv2%2Ftags&post=24783"}],"curies":[{"name":"wp","href":"https:\/\/api.w.org\/{rel}","templated":true}]}}