{"id":24925,"date":"2024-07-08T08:39:53","date_gmt":"2024-07-08T08:39:53","guid":{"rendered":"https:\/\/domosistemas.com\/?p=24925"},"modified":"2024-07-08T08:39:53","modified_gmt":"2024-07-08T08:39:53","slug":"adios-al-sol-en-tu-terraza-o-balcon-leroy-merlin-tiene-este-toldo-barato-que-se-instala-sin-obras-ni-taladros","status":"publish","type":"post","link":"https:\/\/domosistemas.com\/?p=24925","title":{"rendered":"Adi\u00f3s al sol en tu terraza o balc\u00f3n: Leroy Merlin tiene este toldo barato que se instala sin obras ni taladros"},"content":{"rendered":"<div>\n<p>\n      <img decoding=\"async\" src=\"https:\/\/i.blogs.es\/f7c708\/captura-de-pantalla-2024-07-05-a-las-10.09.57\/1024_2000.png\" alt=\"Adi\u00f3s al sol en tu terraza o balc\u00f3n: Leroy Merlin tiene este toldo barato que se instala sin obras ni taladros \">\n    <\/p>\n<p>Para muchos, el sol es un gran enemigo en verano. Si este pega fuerte en tu terraza o balc\u00f3n y quieres protegerte de \u00e9l, Leroy Merlin tiene una soluci\u00f3n barata y sin instalaci\u00f3n que solo cuesta <a rel=\"nofollow, sponsored, noopener, noreferrer noopener\" target=\"_blank\" class=\"js-ecommerce\" href=\"https:\/\/www.xatakahome.com\/redirect?url=https%3A%2F%2Fwww.leroymerlin.es%2Fproductos%2Fpuertas-ventanas-y-escaleras%2Ftoldos%2Ftoldos-de-fachada%2Fpro-tec-toldo-articulado-con-armazon-gris-250-x-120-x-200-300-cm-toldo-enrollable-terraza-balcon-protector-de-sol-parasol-89087791.html&amp;category=seleccion&amp;ecomPostExpiration=perish&amp;postId=113271\" data-vars-affiliate-url=\"https:\/\/www.xatakahome.com\/redirect?url=https%3A%2F%2Fwww.leroymerlin.es%2Fproductos%2Fpuertas-ventanas-y-escaleras%2Ftoldos%2Ftoldos-de-fachada%2Fpro-tec-toldo-articulado-con-armazon-gris-250-x-120-x-200-300-cm-toldo-enrollable-terraza-balcon-protector-de-sol-parasol-89087791.html&amp;category=seleccion&amp;ecomPostExpiration=perish&amp;postId=113271\">92 euros<\/a>. Se trata de un <strong>toldo articulado sin armaz\u00f3n<\/strong>.<\/p>\n<p><!-- BREAK 1 --><!-- PIVOT START --><\/p>\n<div class=\"pivot-ecommerce-container m-pivot-ecommerce-redesign article-asset-normal article-asset-center\">\n<div class=\"pivot-ecommerce\">\n<div class=\"pivot-ecommerce-figure\">\n  <a rel=\"nofollow, sponsored, noopener, noreferrer noopener\" target=\"_blank\" href=\"https:\/\/www.xatakahome.com\/redirect?url=https%3A%2F%2Fwww.leroymerlin.es%2Fproductos%2Fpuertas-ventanas-y-escaleras%2Ftoldos%2Ftoldos-de-fachada%2Fpro-tec-toldo-articulado-con-armazon-gris-250-x-120-x-200-300-cm-toldo-enrollable-terraza-balcon-protector-de-sol-parasol-89087791.html%3FhighlightedOfferCode%3D5af996d63910c503d337d255c1260ce4483961de&amp;category=seleccion&amp;pivot=1&amp;ecomPostExpiration=perish&amp;postId=113271\"><br \/>\n   <img loading=\"lazy\" decoding=\"async\" alt=\"Toldo articulado con armaz\u00f3n - Gris - 250 x 120 x 200-300 cm \" width=\"500\" height=\"500\" src=\"https:\/\/i.blogs.es\/ebc6f5\/51m0vx-wdsl._sl500_\/original.webp\" onerror='this.src=\"https:\/\/i.blogs.es\/ebc6f5\/51m0vx-wdsl._sl500_\/original.jpeg\"'><br \/>\n  <\/a>\n  <\/div>\n<div class=\"pivot-ecommerce-summary\">\n<p class=\"pivot-ecommerce-desc\">Toldo articulado con armaz\u00f3n &#8211; Gris &#8211; 250 x 120 x 200-300 cm <\/p>\n<div class=\"pivot-actions \">\n<div class=\"pivot-actions-row\">\n <a rel=\"nofollow, sponsored, noopener, noreferrer noopener\" target=\"_blank\" data-asin=\"89087791\" data-store=\"Leroy Merlin\" href=\"https:\/\/www.xatakahome.com\/redirect?url=https%3A%2F%2Fwww.leroymerlin.es%2Fproductos%2Fpuertas-ventanas-y-escaleras%2Ftoldos%2Ftoldos-de-fachada%2Fpro-tec-toldo-articulado-con-armazon-gris-250-x-120-x-200-300-cm-toldo-enrollable-terraza-balcon-protector-de-sol-parasol-89087791.html%3FhighlightedOfferCode%3D5af996d63910c503d337d255c1260ce4483961de&amp;category=seleccion&amp;pivot=1&amp;ecomPostExpiration=perish&amp;postId=113271\" title=\"Precio actualizado hoy\" class=\"pivot-action-btn pivot-action-primary\">Hoy en Leroy Merlin \u2014 <strong>92,00<\/strong> \u20ac<\/a>\n <\/div>\n<\/p><\/div>\n<\/p><\/div>\n<\/p><\/div>\n<div class=\"pivot-link-msg\">* Alg\u00fan precio puede haber cambiado desde la \u00faltima revisi\u00f3n<\/div>\n<\/p><\/div>\n<p><!-- PIVOT END --><\/p>\n<h2>Comprar <strong>toldo articulado sin armaz\u00f3n al mejor precio<\/strong><\/h2>\n<div class=\"article-asset-image article-asset-normal article-asset-center\">\n<div class=\"asset-content\">\n                    <a rel=\"nofollow, sponsored, noopener, noreferrer noopener\" target=\"_blank\" class=\"js-ecommerce\" href=\"https:\/\/www.xatakahome.com\/redirect?url=https%3A%2F%2Fwww.leroymerlin.es%2Fproductos%2Fjardin-y-terraza%2Ftoldos%2Ftoldos-de-fachada%2Fpro-tec-toldo-articulado-con-armazon-gris-250-x-120-x-200-300-cm-toldo-enrollable-terraza-balcon-protector-de-sol-parasol-89087791.html&amp;category=seleccion&amp;ecomPostExpiration=perish&amp;postId=113271\" data-vars-affiliate-url=\"https:\/\/www.xatakahome.com\/redirect?url=https%3A%2F%2Fwww.leroymerlin.es%2Fproductos%2Fjardin-y-terraza%2Ftoldos%2Ftoldos-de-fachada%2Fpro-tec-toldo-articulado-con-armazon-gris-250-x-120-x-200-300-cm-toldo-enrollable-terraza-balcon-protector-de-sol-parasol-89087791.html&amp;category=seleccion&amp;ecomPostExpiration=perish&amp;postId=113271\"><\/p>\n<p>    <img decoding=\"async\" alt=\"toldo articulado con armaz\u00f3n\" class=\"centro_sinmarco\" src=\"https:\/\/i.blogs.es\/e08acc\/proyecto-nuevo---2024-05-31t115231.345\/450_1000.webp\"><br \/>\n     <\/a><\/p><\/div>\n<\/div>\n<p>Anteriormente, este toldo articulado de Leroy Merlin costaba 101,99 euros pero, ahora, tiene un <strong>descuento de casi 10 euros<\/strong> en esta tienda, ya que est\u00e1 disponible por <a rel=\"nofollow, sponsored, noopener, noreferrer noopener\" target=\"_blank\" class=\"js-ecommerce\" href=\"https:\/\/www.xatakahome.com\/redirect?url=https%3A%2F%2Fwww.leroymerlin.es%2Fproductos%2Fpuertas-ventanas-y-escaleras%2Ftoldos%2Ftoldos-de-fachada%2Fpro-tec-toldo-articulado-con-armazon-gris-250-x-120-x-200-300-cm-toldo-enrollable-terraza-balcon-protector-de-sol-parasol-89087791.html&amp;category=seleccion&amp;ecomPostExpiration=perish&amp;postId=113271\" data-vars-affiliate-url=\"https:\/\/www.xatakahome.com\/redirect?url=https%3A%2F%2Fwww.leroymerlin.es%2Fproductos%2Fpuertas-ventanas-y-escaleras%2Ftoldos%2Ftoldos-de-fachada%2Fpro-tec-toldo-articulado-con-armazon-gris-250-x-120-x-200-300-cm-toldo-enrollable-terraza-balcon-protector-de-sol-parasol-89087791.html&amp;category=seleccion&amp;ecomPostExpiration=perish&amp;postId=113271\" data-id=\"noopener noreferrer\">92 euros<\/a>. El env\u00edo es gratuito aunque lo recibir\u00e1s en 12 d\u00edas laborables, ya que es enviado por el propio fabricante: Premium XL.<\/p>\n<p><!-- BREAK 2 --><\/p>\n<div class=\"article-asset-video article-asset-normal\">\n<div class=\"asset-content\">\n<div class=\"base-asset-video\">\n<div class=\"js-dailymotion\">\n    <script type=\"application\/json\">\n                          {\"videoId\":\"x8006fc\",\"autoplay\":true,\"title\":\"C\u00f3mo dormir cuando hace mucho calor y no tienes aire acondicionado\", \"tag\":\"\", \"duration\":\"217\"}\n                  <\/script>\n   <\/div>\n<\/p><\/div>\n<\/p><\/div>\n<\/div>\n<p>Lo mejor de este toldo es que no necesitar\u00e1s taladro ni ning\u00fan tipo de herramientas para instalarlo. Tan solo tendr\u00e1s que ajustar las dos barras telesc\u00f3picas a la altura que desees (<strong>entre 2 y 3 metros<\/strong>). Estas barras se deben fijar entre el suelo de tu terraza o balc\u00f3n y el techo.<\/p>\n<p><!-- BREAK 3 --><\/p>\n<p>El armaz\u00f3n de este toldo est\u00e1 <strong>fabricado en acero<\/strong> y tiene recubrimiento en polvo. En cuanto a la tela del toldo es 100% poli\u00e9ster. Adem\u00e1s, para que puedas subirlo y bajarlo con facilidad, viene con una manivela incorporada.<\/p>\n<p><!-- BREAK 4 --><\/p>\n<div class=\"article-asset article-asset-normal article-asset-center\">\n<div class=\"desvio-container\">\n<div class=\"desvio\">\n<div class=\"desvio-figure js-desvio-figure\">\n    <a href=\"https:\/\/www.xatakahome.com\/hogar\/asi-funciona-truco-papel-aluminio-para-evitar-que-moscas-entren-casa-verano\"><br \/>\n     <img loading=\"lazy\" decoding=\"async\" alt=\"As\u00ed funciona el truco del papel de aluminio para evitar que las moscas entren en casa en verano\" width=\"375\" height=\"142\" src=\"https:\/\/i.blogs.es\/786d51\/pexels-jerseypics-1046492\/375_142.webp\" onerror='this.src=\"https:\/\/i.blogs.es\/786d51\/pexels-jerseypics-1046492\/375_142.jpeg\"'><br \/>\n    <\/a>\n   <\/div>\n<div class=\"desvio-summary\">\n<div class=\"desvio-taxonomy js-desvio-taxonomy\">\n     <a href=\"https:\/\/www.xatakahome.com\/hogar\/asi-funciona-truco-papel-aluminio-para-evitar-que-moscas-entren-casa-verano\" class=\"desvio-taxonomy-anchor\">En Xataka Smart Home<\/a>\n    <\/div>\n<p>    <a href=\"https:\/\/www.xatakahome.com\/hogar\/asi-funciona-truco-papel-aluminio-para-evitar-que-moscas-entren-casa-verano\" class=\"desvio-title js-desvio-title\">As\u00ed funciona el truco del papel de aluminio para evitar que las moscas entren en casa en verano<\/a>\n   <\/div>\n<\/p><\/div>\n<\/p><\/div>\n<\/div>\n<h2>Tambi\u00e9n te puede interesar<\/h2>\n<p><!-- PIVOT START --><\/p>\n<div class=\"pivot-ecommerce-container m-pivot-ecommerce-redesign article-asset-normal article-asset-center\">\n<div class=\"pivot-ecommerce\">\n<div class=\"pivot-ecommerce-figure\">\n  <a rel=\"nofollow, sponsored, noopener, noreferrer noopener\" target=\"_blank\" href=\"https:\/\/www.xatakahome.com\/redirect?url=https%3A%2F%2Fwww.amazon.es%2Fdp%2FB0916J9DG7%3Ftag%3Dxatakahome-21%26linkCode%3Dogi%26th%3D1%26psc%3D1&amp;category=seleccion&amp;pivot=1&amp;ecomPostExpiration=perish&amp;postId=113271\"><br \/>\n   <img loading=\"lazy\" decoding=\"async\" alt=\"tillvex 300 cm Sombrilla Excentrico con Manivela, Funda y Protectora de cabrestante \" width=\"500\" height=\"500\" src=\"https:\/\/i.blogs.es\/ce4c47\/51yndag2oml._sl500_\/original.webp\" onerror='this.src=\"https:\/\/i.blogs.es\/ce4c47\/51yndag2oml._sl500_\/original.jpeg\"'><br \/>\n  <\/a>\n  <\/div>\n<div class=\"pivot-ecommerce-summary\">\n<p class=\"pivot-ecommerce-desc\">tillvex 300 cm Sombrilla Excentrico con Manivela, Funda y Protectora de cabrestante <\/p>\n<div class=\"pivot-actions \">\n<div class=\"pivot-actions-row\">\n <a rel=\"nofollow, sponsored, noopener, noreferrer noopener\" target=\"_blank\" data-asin=\"B0916J9DG7\" data-store=\"Amazon\" href=\"https:\/\/www.xatakahome.com\/redirect?url=https%3A%2F%2Fwww.amazon.es%2Fdp%2FB0916J9DG7%3Ftag%3Dxatakahome-21%26linkCode%3Dogi%26th%3D1%26psc%3D1&amp;category=seleccion&amp;pivot=1&amp;ecomPostExpiration=perish&amp;postId=113271\" title=\"Precio actualizado hoy\" class=\"pivot-action-btn pivot-action-primary\">Hoy en Amazon \u2014 <strong>92,99<\/strong> \u20ac<\/a>\n <\/div>\n<\/p><\/div>\n<\/p><\/div>\n<\/p><\/div>\n<div class=\"pivot-link-msg\">* Alg\u00fan precio puede haber cambiado desde la \u00faltima revisi\u00f3n<\/div>\n<\/p><\/div>\n<p><!-- PIVOT END --><br \/>\n<!-- PIVOT START --><\/p>\n<div class=\"pivot-ecommerce-container m-pivot-ecommerce-redesign article-asset-normal article-asset-center\">\n<div class=\"pivot-ecommerce\">\n<div class=\"pivot-ecommerce-figure\">\n  <a rel=\"nofollow, sponsored, noopener, noreferrer noopener\" target=\"_blank\" href=\"https:\/\/www.xatakahome.com\/redirect?url=https%3A%2F%2Fwww.amazon.es%2Fdp%2FB07RW3GPHY%3Ftag%3Dxatakahome-21%26linkCode%3Dogi%26th%3D1%26psc%3D1&amp;category=seleccion&amp;pivot=1&amp;ecomPostExpiration=perish&amp;postId=113271\"><br \/>\n   <img loading=\"lazy\" decoding=\"async\" alt=\"VOUNOT 300 cm Parasol Excentrico, Sombrilla de Jard\u00edn con Manivela y Funda Protectora\" width=\"500\" height=\"500\" src=\"https:\/\/i.blogs.es\/e6baa6\/31pyn8t0kal._sl500_\/original.webp\" onerror='this.src=\"https:\/\/i.blogs.es\/e6baa6\/31pyn8t0kal._sl500_\/original.jpeg\"'><br \/>\n  <\/a>\n  <\/div>\n<div class=\"pivot-ecommerce-summary\">\n<p class=\"pivot-ecommerce-desc\">VOUNOT 300 cm Parasol Excentrico, Sombrilla de Jard\u00edn con Manivela y Funda Protectora<\/p>\n<div class=\"pivot-actions \">\n<div class=\"pivot-actions-row\">\n <a rel=\"nofollow, sponsored, noopener, noreferrer noopener\" target=\"_blank\" data-asin=\"B07RW3GPHY\" data-store=\"Amazon\" href=\"https:\/\/www.xatakahome.com\/redirect?url=https%3A%2F%2Fwww.amazon.es%2Fdp%2FB07RW3GPHY%3Ftag%3Dxatakahome-21%26linkCode%3Dogi%26th%3D1%26psc%3D1&amp;category=seleccion&amp;pivot=1&amp;ecomPostExpiration=perish&amp;postId=113271\" title=\"Precio actualizado hoy\" class=\"pivot-action-btn pivot-action-primary\">Hoy en Amazon \u2014 <strong>76,99<\/strong> \u20ac<\/a>\n <\/div>\n<\/p><\/div>\n<\/p><\/div>\n<\/p><\/div>\n<div class=\"pivot-link-msg\">* Alg\u00fan precio puede haber cambiado desde la \u00faltima revisi\u00f3n<\/div>\n<\/p><\/div>\n<p><!-- PIVOT END --><\/p>\n<p><em>Nota: algunos de los enlaces aqu\u00ed publicados son de afiliados y pueden reportar un beneficio.<\/em><\/p>\n<p>Im\u00e1genes | Webedia y Leroy Merlin<\/p>\n<p>En Xataka Smart Home | <a href=\"https:\/\/www.xatakahome.com\/seleccion\/sensores-movimiento-para-luces-exterior-cual-comprar-consejos-recomendaciones\">Sensores de movimiento para luces de exterior: \u00bfCu\u00e1l comprar? Consejos y recomendaciones<\/a><\/p>\n<p>En Xataka Smart Home | <a href=\"https:\/\/www.xatakahome.com\/seleccion\/luces-exterior-para-terraza-jardin-cual-comprar-consejos-recomendaciones\">Luces de exterior para terraza y jard\u00edn: \u00bfCu\u00e1l comprar? Consejos y recomendaciones<\/a><\/p>\n<p><script>\n (function() {\n  window._JS_MODULES = window._JS_MODULES || {};\n  var headElement = document.getElementsByTagName('head')[0];\n  if (_JS_MODULES.instagram) {\n   var instagramScript = document.createElement('script');\n   instagramScript.src = 'https:\/\/platform.instagram.com\/en_US\/embeds.js';\n   instagramScript.async = true;\n   instagramScript.defer = true;\n   headElement.appendChild(instagramScript);\n  }\n })();\n<\/script><\/p>\n<p> &#8211; <br \/> La noticia<br \/>\n      <a href=\"https:\/\/www.xatakahome.com\/seleccion\/adios-al-sol-tu-terraza-balcon-leroy-merlin-tiene-este-toldo-barato-que-se-instala-obras-taladros?utm_source=feedburner&amp;utm_medium=feed&amp;utm_campaign=08_Jul_2024\"><br \/>\n       <em> Adi\u00f3s al sol en tu terraza o balc\u00f3n: Leroy Merlin tiene este toldo barato que se instala sin obras ni taladros  <\/em><br \/>\n      <\/a><br \/>\n      fue publicada originalmente en<br \/>\n      <a href=\"https:\/\/www.xatakahome.com\/?utm_source=feedburner&amp;utm_medium=feed&amp;utm_campaign=08_Jul_2024\"><br \/>\n       <strong> Xataka Smart Home <\/strong><br \/>\n      <\/a><br \/>\n            por <a href=\"https:\/\/www.xatakahome.com\/autor\/fran-leon?utm_source=feedburner&amp;utm_medium=feed&amp;utm_campaign=08_Jul_2024\"><br \/>\n       Fran Le\u00f3n<br \/>\n      <\/a><br \/>\n      . <\/p>\n<\/div>\n","protected":false},"excerpt":{"rendered":"<p>Para muchos, el sol es un gran enemigo en verano. Si este pega fuerte en tu terraza o balc\u00f3n y quieres protegerte de \u00e9l, Leroy Merlin tiene una soluci\u00f3n barata y sin instalaci\u00f3n que solo cuesta 92 euros. Se trata de un toldo articulado sin armaz\u00f3n. Toldo articulado con armaz\u00f3n &#8211; Gris &#8211; 250 x &hellip; <a href=\"https:\/\/domosistemas.com\/?p=24925\" class=\"more-link\">Sigue leyendo <span class=\"screen-reader-text\">Adi\u00f3s al sol en tu terraza o balc\u00f3n: Leroy Merlin tiene este toldo barato que se instala sin obras ni taladros<\/span><\/a><\/p>\n","protected":false},"author":1,"featured_media":0,"comment_status":"closed","ping_status":"closed","sticky":false,"template":"","format":"standard","meta":{"footnotes":""},"categories":[8],"tags":[],"class_list":["post-24925","post","type-post","status-publish","format-standard","hentry","category-xataka"],"_links":{"self":[{"href":"https:\/\/domosistemas.com\/index.php?rest_route=\/wp\/v2\/posts\/24925","targetHints":{"allow":["GET"]}}],"collection":[{"href":"https:\/\/domosistemas.com\/index.php?rest_route=\/wp\/v2\/posts"}],"about":[{"href":"https:\/\/domosistemas.com\/index.php?rest_route=\/wp\/v2\/types\/post"}],"author":[{"embeddable":true,"href":"https:\/\/domosistemas.com\/index.php?rest_route=\/wp\/v2\/users\/1"}],"replies":[{"embeddable":true,"href":"https:\/\/domosistemas.com\/index.php?rest_route=%2Fwp%2Fv2%2Fcomments&post=24925"}],"version-history":[{"count":0,"href":"https:\/\/domosistemas.com\/index.php?rest_route=\/wp\/v2\/posts\/24925\/revisions"}],"wp:attachment":[{"href":"https:\/\/domosistemas.com\/index.php?rest_route=%2Fwp%2Fv2%2Fmedia&parent=24925"}],"wp:term":[{"taxonomy":"category","embeddable":true,"href":"https:\/\/domosistemas.com\/index.php?rest_route=%2Fwp%2Fv2%2Fcategories&post=24925"},{"taxonomy":"post_tag","embeddable":true,"href":"https:\/\/domosistemas.com\/index.php?rest_route=%2Fwp%2Fv2%2Ftags&post=24925"}],"curies":[{"name":"wp","href":"https:\/\/api.w.org\/{rel}","templated":true}]}}