{"id":24927,"date":"2024-07-08T10:08:43","date_gmt":"2024-07-08T10:08:43","guid":{"rendered":"https:\/\/domosistemas.com\/?p=24927"},"modified":"2024-07-08T10:08:43","modified_gmt":"2024-07-08T10:08:43","slug":"poner-sal-en-el-champu-es-algo-que-cada-vez-hace-mas-gente-asi-puede-beneficiar-a-las-personas-con-este-tipo-de-cabello","status":"publish","type":"post","link":"https:\/\/domosistemas.com\/?p=24927","title":{"rendered":"Poner sal en el champ\u00fa es algo que cada vez hace m\u00e1s gente. As\u00ed puede beneficiar a las personas con este tipo de cabello"},"content":{"rendered":"<div>\n<p>\n      <img decoding=\"async\" src=\"https:\/\/i.blogs.es\/93aa15\/pexels-pavel-danilyuk-7518730\/1024_2000.jpeg\" alt=\"Poner sal en el champ\u00fa es algo que cada vez hace m\u00e1s gente. As\u00ed puede beneficiar a las personas con este tipo de cabello\">\n    <\/p>\n<p>Cuando llega el momento del aseo personal, una de las tareas de muchos de nosotros pasa por lavarse el pelo. La <strong>frecuencia con la que debes lavarte el cabello<\/strong> puede variar seg\u00fan varios factores, incluyendo tu tipo de cabello, estilo de vida y las condiciones del cuero cabelludo.<\/p>\n<p><!-- BREAK 1 --><\/p>\n<p>Ya vemos como la frecuencia en la que hay que lavarse. El pelo var\u00eda seg\u00fan el tipo de persona y tiene mucho que ver con el tipo de cabello. Puede ser desde una vez a la semana a dos o tres veces. Y para mejorar los resultados, <strong>hay mucha gente que est\u00e1 condimentando el champ\u00fa<\/strong> con sal.<\/p>\n<p><!-- BREAK 2 --><\/p>\n<h2>Sal gorda para pelo graso<\/h2>\n<div class=\"article-asset-image article-asset-normal article-asset-center\">\n<div class=\"asset-content\">\n<div class=\"caption-img \">\n                    <a rel=\"noopener, noreferrer\" href=\"https:\/\/www.pexels.com\/es-es\/foto\/sano-moda-mujer-sin-rostro-4498312\/\"><\/p>\n<p>    <img decoding=\"async\" alt=\"Pexels Karolina Grabowska 4498312\" class=\"centro_sinmarco\" src=\"https:\/\/i.blogs.es\/37feb0\/pexels-karolina-grabowska-4498312\/450_1000.webp\"><br \/>\n     <\/a><\/p>\n<p>        <span>Foto de Karolina Kaboompics<\/span>\n   <\/div>\n<\/p><\/div>\n<\/div>\n<p>En el mercado hay todo tipo de productos para la higiene capilar. <strong>Champ\u00fas que var\u00edan en funci\u00f3n del tipo de cabello<\/strong>. Ya sea rizado o liso, pero tambi\u00e9n se ha tintado, seco, graso&#8230; Todos estos colores influyen a la hora de elegir el champ\u00fa adecuado.<\/p>\n<p><!-- BREAK 3 --><\/p>\n<p>Y a toda esta variedad se suma <strong>un peque\u00f1o truco que usa mucha gente<\/strong>. Se trata de aprovechar un remedio natural y un ingrediente que tenemos en casa para mejorar el uso del champ\u00fa y que de esta forma el pelo luzca m\u00e1s sano y brillante.<\/p>\n<p><!-- BREAK 4 --><\/p>\n<div class=\"article-asset-video article-asset-normal\">\n<div class=\"asset-content\">\n<div class=\"base-asset-video\">\n<div class=\"js-dailymotion\">\n    <script type=\"application\/json\">\n                          {\"videoId\":\"x8px49v\",\"autoplay\":true,\"title\":\"Los ANTIBI\u00d3TICOS est\u00e1n DEJANDO de SER EFECTIVOS y el PROBLEMA son las SUPERBACTERIAS\", \"tag\":\"Webedia-prod\", \"duration\":\"327\"}\n                  <\/script>\n   <\/div>\n<\/p><\/div>\n<\/p><\/div>\n<\/div>\n<p>En este caso se trata de <strong>aprovechar un ingrediente <\/strong>natural que tenemos en la cocina como es la sal gorda. Adem\u00e1s de usarse en la cocina, mucha gente lo usa para mejorar el rendimiento del champ\u00fa.<\/p>\n<p><!-- BREAK 5 --><\/p>\n<p>El a\u00f1adir sal gorda al champ\u00fa tiene que ver con las <strong>propiedades absorbentes de este ingrediente<\/strong>. Esto hace que mucha gente considera que sirve para reducir la producci\u00f3n de grasa en el cuero cabelludo. A\u00f1adir sal al champ\u00fa puede ayudar a mantener el cabello limpio por m\u00e1s tiempo.<\/p>\n<p><!-- BREAK 6 --><\/p>\n<p>Para aplicar este truco lo que hay que hacer es a\u00f1adir dos o tres cucharadas de sal gorda al bote de champ\u00fa y agitarlo antes de usarlo. Con la sal en el champ\u00fa lo que hace la sal es <strong>absorber el<\/strong> <strong>exceso de sebo<\/strong> de forma m\u00e1s efectiva.<\/p>\n<p><!-- BREAK 7 --><\/p>\n<p>La sal <strong>puede actuar como un exfoliante natural<\/strong> y al mezclarla con el champ\u00fa puede servir para eliminar c\u00e9lulas muertas y otros residuos del cuero cabelludo y dejarlo m\u00e1s saludable.<\/p>\n<p><!-- BREAK 8 --><\/p>\n<div class=\"article-asset article-asset-normal article-asset-center\">\n<div class=\"desvio-container\">\n<div class=\"desvio\">\n<div class=\"desvio-figure js-desvio-figure\">\n    <a href=\"https:\/\/www.xatakahome.com\/a-fondo\/estas-temperatura-minima-ideal-queremos-buena-salud-no-derrochar-energia-casa\"><br \/>\n     <img loading=\"lazy\" decoding=\"async\" alt=\"La temperatura m\u00ednima en casa para tener buena salud y la ideal para no derrochar calefacci\u00f3n durante el invierno\" width=\"375\" height=\"142\" src=\"https:\/\/i.blogs.es\/2d5081\/imagen1\/375_142.webp\" onerror='this.src=\"https:\/\/i.blogs.es\/2d5081\/imagen1\/375_142.jpeg\"'><br \/>\n    <\/a>\n   <\/div>\n<div class=\"desvio-summary\">\n<div class=\"desvio-taxonomy js-desvio-taxonomy\">\n     <a href=\"https:\/\/www.xatakahome.com\/a-fondo\/estas-temperatura-minima-ideal-queremos-buena-salud-no-derrochar-energia-casa\" class=\"desvio-taxonomy-anchor\">En Xataka Smart Home<\/a>\n    <\/div>\n<p>    <a href=\"https:\/\/www.xatakahome.com\/a-fondo\/estas-temperatura-minima-ideal-queremos-buena-salud-no-derrochar-energia-casa\" class=\"desvio-title js-desvio-title\">La temperatura m\u00ednima en casa para tener buena salud y la ideal para no derrochar calefacci\u00f3n durante el invierno<\/a>\n   <\/div>\n<\/p><\/div>\n<\/p><\/div>\n<\/div>\n<p>Adem\u00e1s algunas personas encuentran que la sal en el champ\u00fa puede proporcionar <strong>m\u00e1s volumen y textura al cabello<\/strong>, lo que es beneficioso para quienes tienen el cabello fino o lacio.<\/p>\n<p><!-- BREAK 9 --><\/p>\n<p>Dicho todo esto hay que tener en cuenta que la sal puede hacer <strong>que el cabello se reseque en exceso<\/strong>, por lo que no es recomendable para personas con cabello seco o cuero cabelludo sensible. Adem\u00e1s el uso excesivo de sal puede causar irritaci\u00f3n o da\u00f1o al cuero cabelludo y al cabello, por lo que a\u00f1adir sal al champ\u00fa es un pr\u00e1ctica que debe hacerse con moderaci\u00f3n.<\/p>\n<p><!-- BREAK 10 --><\/p>\n<p>Hay que recordar que es adecuado <strong>elegir el champ\u00fa seg\u00fan el tipo de cabello<\/strong>. Ya sea graso, tintado, liso, rizado&#8230; acertar con el champ\u00fa sirve para mejorar la salud capilar.<\/p>\n<p><!-- BREAK 11 --><\/p>\n<p>Foto de portada | <a rel=\"noopener, noreferrer\" href=\"https:\/\/www.pexels.com\/es-es\/foto\/hombres-barbero-4k-cliente-7518730\/\">Pavel Danilyuk<\/a><\/p>\n<p>V\u00eda | <a rel=\"noopener, noreferrer\" href=\"https:\/\/www.elperiodico.com\/es\/vida-y-estilo\/20240605\/poner-sal-champu-solucion-copia-gente-pelo-dv-91844232\">El Peri\u00f3dico<\/a><\/p>\n<p>En Xataka SmartHome | <a href=\"https:\/\/www.xatakahome.com\/a-fondo\/no-hace-falta-renunciar-a-ducha-caliente-para-ahorrar-luz-estos-consejos-te-permitiran-optimizar-gasto-tu-termo-electrico\">No hace falta renunciar a una ducha caliente para ahorrar luz: estos consejos te permitir\u00e1n optimizar el gasto de tu termo el\u00e9ctrico<\/a><\/p>\n<p><!-- BREAK 12 --><script>\n (function() {\n  window._JS_MODULES = window._JS_MODULES || {};\n  var headElement = document.getElementsByTagName('head')[0];\n  if (_JS_MODULES.instagram) {\n   var instagramScript = document.createElement('script');\n   instagramScript.src = 'https:\/\/platform.instagram.com\/en_US\/embeds.js';\n   instagramScript.async = true;\n   instagramScript.defer = true;\n   headElement.appendChild(instagramScript);\n  }\n })();\n<\/script><\/p>\n<p> &#8211; <br \/> La noticia<br \/>\n      <a href=\"https:\/\/www.xatakahome.com\/hogar\/poner-sal-champu-algo-que-cada-vez-hace-gente-asi-puede-beneficiar-a-personas-este-tipo-cabello?utm_source=feedburner&amp;utm_medium=feed&amp;utm_campaign=08_Jul_2024\"><br \/>\n       <em> Poner sal en el champ\u00fa es algo que cada vez hace m\u00e1s gente. As\u00ed puede beneficiar a las personas con este tipo de cabello <\/em><br \/>\n      <\/a><br \/>\n      fue publicada originalmente en<br \/>\n      <a href=\"https:\/\/www.xatakahome.com\/?utm_source=feedburner&amp;utm_medium=feed&amp;utm_campaign=08_Jul_2024\"><br \/>\n       <strong> Xataka Smart Home <\/strong><br \/>\n      <\/a><br \/>\n            por <a href=\"https:\/\/www.xatakahome.com\/autor\/jose-antonio-carmona?utm_source=feedburner&amp;utm_medium=feed&amp;utm_campaign=08_Jul_2024\"><br \/>\n       Jose Antonio Carmona<br \/>\n      <\/a><br \/>\n      . <\/p>\n<\/div>\n","protected":false},"excerpt":{"rendered":"<p>Cuando llega el momento del aseo personal, una de las tareas de muchos de nosotros pasa por lavarse el pelo. La frecuencia con la que debes lavarte el cabello puede variar seg\u00fan varios factores, incluyendo tu tipo de cabello, estilo de vida y las condiciones del cuero cabelludo. Ya vemos como la frecuencia en la &hellip; <a href=\"https:\/\/domosistemas.com\/?p=24927\" class=\"more-link\">Sigue leyendo <span class=\"screen-reader-text\">Poner sal en el champ\u00fa es algo que cada vez hace m\u00e1s gente. As\u00ed puede beneficiar a las personas con este tipo de cabello<\/span><\/a><\/p>\n","protected":false},"author":1,"featured_media":0,"comment_status":"closed","ping_status":"closed","sticky":false,"template":"","format":"standard","meta":{"footnotes":""},"categories":[8],"tags":[],"class_list":["post-24927","post","type-post","status-publish","format-standard","hentry","category-xataka"],"_links":{"self":[{"href":"https:\/\/domosistemas.com\/index.php?rest_route=\/wp\/v2\/posts\/24927","targetHints":{"allow":["GET"]}}],"collection":[{"href":"https:\/\/domosistemas.com\/index.php?rest_route=\/wp\/v2\/posts"}],"about":[{"href":"https:\/\/domosistemas.com\/index.php?rest_route=\/wp\/v2\/types\/post"}],"author":[{"embeddable":true,"href":"https:\/\/domosistemas.com\/index.php?rest_route=\/wp\/v2\/users\/1"}],"replies":[{"embeddable":true,"href":"https:\/\/domosistemas.com\/index.php?rest_route=%2Fwp%2Fv2%2Fcomments&post=24927"}],"version-history":[{"count":0,"href":"https:\/\/domosistemas.com\/index.php?rest_route=\/wp\/v2\/posts\/24927\/revisions"}],"wp:attachment":[{"href":"https:\/\/domosistemas.com\/index.php?rest_route=%2Fwp%2Fv2%2Fmedia&parent=24927"}],"wp:term":[{"taxonomy":"category","embeddable":true,"href":"https:\/\/domosistemas.com\/index.php?rest_route=%2Fwp%2Fv2%2Fcategories&post=24927"},{"taxonomy":"post_tag","embeddable":true,"href":"https:\/\/domosistemas.com\/index.php?rest_route=%2Fwp%2Fv2%2Ftags&post=24927"}],"curies":[{"name":"wp","href":"https:\/\/api.w.org\/{rel}","templated":true}]}}