{"id":24931,"date":"2024-07-08T14:47:02","date_gmt":"2024-07-08T14:47:02","guid":{"rendered":"https:\/\/domosistemas.com\/?p=24931"},"modified":"2024-07-08T14:47:02","modified_gmt":"2024-07-08T14:47:02","slug":"asturias-esta-plagada-de-aerogeneradores-y-eso-es-bueno-pero-no-tanto-para-su-paisaje-esta-comarca-lleva-anos-movilizandose","status":"publish","type":"post","link":"https:\/\/domosistemas.com\/?p=24931","title":{"rendered":"Asturias est\u00e1 plagada de aerogeneradores y eso es bueno, pero no tanto para su paisaje. Esta comarca lleva a\u00f1os moviliz\u00e1ndose"},"content":{"rendered":"<div>\n<p>\n      <img decoding=\"async\" src=\"https:\/\/i.blogs.es\/64782e\/abby-anaday-nnn2dc6nivu-unsplash\/1024_2000.jpeg\" alt=\"Asturias est\u00e1 plagada de aerogeneradores y eso es bueno, pero no tanto para su paisaje. Esta comarca lleva a\u00f1os moviliz\u00e1ndose \">\n    <\/p>\n<p>Siempre hemos dicho que en Espa\u00f1a tenemos unas condiciones clim\u00e1ticas y localizaciones muy buenas como para aprovechar a\u00fan m\u00e1s las energ\u00edas renovables. En Espa\u00f1a, la energ\u00eda e\u00f3lica representa <a rel=\"noopener, noreferrer\" href=\"https:\/\/www.sistemaelectrico-ree.es\/informe-de-energias-renovables\/viento\/potencia-instalada-viento#:~:text=La%20e%C3%B3lica%20representa%20la%20principal,en%20todo%20el%20territorio%20espa%C3%B1ol.\">la principal fuente de generaci\u00f3n renovable<\/a> en el pa\u00eds, con <strong>una potencia instalada de unos 30.810 MW<\/strong>. Esta capacidad se vio incrementada en 2023 en un 2,2% respecto al a\u00f1o anterior.<\/p>\n<p><!-- BREAK 1 --><\/p>\n<p>A\u00fan as\u00ed, hay territorios en los que los aerogeneradores no son bien recibidos, y todo por razones perfectamente comprensibles. En este caso, la poblaci\u00f3n de la comarca de Oscos-Eo, regi\u00f3n occidental de Asturias, <strong>sigue moviliz\u00e1ndose contra la \u201cinvasi\u00f3n irracional\u201d de su paisaje<\/strong> a trav\u00e9s de los aerogeneradores de energ\u00eda e\u00f3lica.<\/p>\n<p><!-- BREAK 2 --><\/p>\n<p>Tal y como apuntan desde <a rel=\"noopener, noreferrer\" href=\"https:\/\/www.lavozdeasturias.es\/noticia\/asturias\/2024\/07\/06\/occidente-asturiano-recauda-25000-euros-lucha-judicial-contra-abrumadora-avalancha-aerogeneradores\/00031720284674230383236.htm\">La Voz de Asturias<\/a>, existe una campa\u00f1a en marcha denominada \u201cT\u00fa puedes pararlo, salvemos Oscos-Eo\u201d, la cual afrontar\u00e1 la financiaci\u00f3n de la v\u00eda judicial para frenar los asentamientos de aerogeneradores. La campa\u00f1a parece estar teniendo una gran acogida, ya que seg\u00fan el medio, <strong>ha superado los 25.000 euros de recaudaci\u00f3n<\/strong>.<\/p>\n<p><!-- BREAK 3 --><\/p>\n<h2>Una campa\u00f1a que busca planificaci\u00f3n sobre los proyectos de energ\u00eda e\u00f3lica<\/h2>\n<p>La campa\u00f1a est\u00e1 liderada por la Plataforma Xente de Oscos-Eo, la Plataforma para la Defensa de la Cordillera Cant\u00e1brica (PDCC), la Asociaci\u00f3n Cultural Cultivarte Occidente (Cultivarte) y La Casa Azul de Valdepares. Actualmente ya han iniciado una campa\u00f1a contra cuatro proyectos: Ouroso, Folgueiras, Chao Gran y Pousadoiro. Seg\u00fan el medio, la interposici\u00f3n <strong>ya se ha realizado en todos los proyectos y en tres de ellos est\u00e1n a punto de presentar una demanda<\/strong>.<\/p>\n<p><!-- BREAK 4 --><\/p>\n<p>La portavoz de Xente de Oscos-Eo, Carmen Molej\u00f3n, destaca que los vecinos no se oponen a la propia energ\u00eda e\u00f3lica. \u201c<strong>No estamos en contra de las energ\u00edas renovables, estamos en contra de c\u00f3mo se est\u00e1 haciendo<\/strong>\u201d. Tal y como afirma Molej\u00f3n, \u201cno se est\u00e1n haciendo las cosas de forma planificada ni a nivel acumulativo, ni mucho menos haciendo un proceso participativo con las personas que vivimos en el territorio\u201d.<\/p>\n<p><!-- BREAK 5 --><\/p>\n<div class=\"article-asset-image article-asset-normal article-asset-center\">\n<div class=\"asset-content\">\n<div class=\"caption-img \">\n<p>   <img decoding=\"async\" alt=\"aerogenerador\" class=\"centro_sinmarco\" src=\"https:\/\/i.blogs.es\/0ab8b8\/nate-b8q81_le4ja-unsplash\/450_1000.webp\"><\/p>\n<p>        <span>Imagen: Nate (Unsplash)<\/span>\n   <\/div>\n<\/p><\/div>\n<\/div>\n<p>En la comarca existen ahora mismo 14 proyectos en marcha. Si bien ha habido sentencias judiciales en varios de ellos que han supuesto el rechazo de algunos de ellos, como es el caso de los de El Tronco y El Teixo, ambos recibieron una sentencia favorable a las empresas que se encargaban de dichos proyectos, por lo que el Tribunal Superior de Justicia de Asturias (TSJA) <strong>ha obligado a reabrir el procedimiento<\/strong>. Otro de los proyectos, el de Pereiro, est\u00e1 pendiente de sentencia.<\/p>\n<p><!-- BREAK 6 --><\/p>\n<p>Por otra parte, ha habido proyectos denegados por v\u00eda administrativa, como los de Escorpio y La Espina, por los propios ayuntamientos de Villanueva de Oscos y Vegadeo. Si bien la promotora interpuso un recurso contencioso-administrativo contra dichos municipios, el TSJA fall\u00f3 en 2022 a favor de la decisi\u00f3n de los ayuntamientos al considerar que la competencia del cambio de uso del suelo corresponde en todo caso al Ayuntamiento. Por ello mismo, estos <strong>se han descartado definitivamente<\/strong>.<\/p>\n<p><!-- BREAK 7 --><\/p>\n<div class=\"article-asset article-asset-normal article-asset-center\">\n<div class=\"desvio-container\">\n<div class=\"desvio\">\n<div class=\"desvio-figure js-desvio-figure\">\n    <a href=\"https:\/\/www.xatakahome.com\/iluminacion-y-energia\/bill-gates-esta-convencido-que-energia-futuro-no-renovables-fusion-nuclear-asi-funciona-natrium\"><br \/>\n     <img loading=\"lazy\" decoding=\"async\" alt=\"Bill Gates est\u00e1 convencido de que la energ\u00eda del futuro no son ni las renovables ni la fusi\u00f3n nuclear: as\u00ed funciona Natrium \" width=\"375\" height=\"142\" src=\"https:\/\/i.blogs.es\/9cd816\/gates\/375_142.webp\" onerror='this.src=\"https:\/\/i.blogs.es\/9cd816\/gates\/375_142.jpeg\"'><br \/>\n    <\/a>\n   <\/div>\n<div class=\"desvio-summary\">\n<div class=\"desvio-taxonomy js-desvio-taxonomy\">\n     <a href=\"https:\/\/www.xatakahome.com\/iluminacion-y-energia\/bill-gates-esta-convencido-que-energia-futuro-no-renovables-fusion-nuclear-asi-funciona-natrium\" class=\"desvio-taxonomy-anchor\">En Xataka Smart Home<\/a>\n    <\/div>\n<p>    <a href=\"https:\/\/www.xatakahome.com\/iluminacion-y-energia\/bill-gates-esta-convencido-que-energia-futuro-no-renovables-fusion-nuclear-asi-funciona-natrium\" class=\"desvio-title js-desvio-title\">Bill Gates est\u00e1 convencido de que la energ\u00eda del futuro no son ni las renovables ni la fusi\u00f3n nuclear: as\u00ed funciona Natrium <\/a>\n   <\/div>\n<\/p><\/div>\n<\/p><\/div>\n<\/div>\n<p>El pr\u00f3ximo objetivo de la plataforma en dicha campa\u00f1a de protesta es el proyecto de Tur\u00eda, que seg\u00fan el medio se llevar\u00e1 a cabo en las pr\u00f3ximas semanas. \u201cEstamos movilizando al sector del turismo y esperamos recaudar los fondos necesarios con la campa\u00f1a de verano\u201d, afirma Molej\u00f3n.<\/p>\n<p><!-- BREAK 8 --><\/p>\n<p>Otro de estos proyectos, el de Farand\u00f3n, supone para la plataforma el mejor ejemplo de \u201cdesprop\u00f3sito\u201d del desarrollo e\u00f3lico de la comarca. \u201cDespu\u00e9s de 14 a\u00f1os tramitando un proyecto, en una zona n\u00facleo y tamp\u00f3n de la reserva de la biosfera, y donde tendr\u00edan que instalar tan solo dos aerogeneradores, la empresa anterior, por temas ambientales y econ\u00f3micos, dice que no le sale rentable y desiste; entonces, se llama a la segunda colocada en un proceso de selecci\u00f3n de 2010, que ahora ya no es la misma sino que ha sido absorbida por otra gran empresa, y dice que s\u00ed; y evidentemente, es con un mayor n\u00famero de aerogeneradores en el mismo emplazamiento. \u00bfQu\u00e9 sentido tiene esto? Si la conclusi\u00f3n despu\u00e9s de catorce a\u00f1os es que ah\u00ed no, reiniciamos nuevamente y si cuela, cuela. Es indignante\u201d, opina la portavoz.<\/p>\n<p><!-- BREAK 9 --><\/p>\n<div class=\"article-asset-video article-asset-normal\">\n<div class=\"asset-content\">\n<div class=\"base-asset-video\">\n<div class=\"js-dailymotion\">\n    <script type=\"application\/json\">\n                          {\"videoId\":\"x7znesx\",\"autoplay\":true,\"title\":\"Edificio de autoconsumo ASI\u0301 FUNCIONAN - Paneles solares en bloques de pisos\", \"tag\":\"solar\", \"duration\":\"564\"}\n                  <\/script>\n   <\/div>\n<\/p><\/div>\n<\/p><\/div>\n<\/div>\n<p>La plataforma critica que se est\u00e1 \u201c<strong>privatizando el beneficio y socializando el impacto con la gente que estamos aqu\u00ed<\/strong>\u201d. Seg\u00fan cuenta Molej\u00f3n, \u201cesta transici\u00f3n energ\u00e9tica es un timo\u201d. Y es que seg\u00fan la portavoz, la plataforma tan solo pretende \u201cdefender el territorio, por los impactos ambientales, sociales y econ\u00f3micos que esta abrumadora avalancha tendr\u00eda sobre la comarca y sobre el occidente como un todo; somos pocos votos, poca gente en relaci\u00f3n a la poblaci\u00f3n de Asturias, pero tenemos voz; esto se estaba tramitando de espaldas a la gente que vivimos aqu\u00ed\u201d.<\/p>\n<p><!-- BREAK 10 --><\/p>\n<p>Seg\u00fan la portavoz, el problema es que los proyectos \u201cno tienen un impacto local, sino supramunicipal, y las compensaciones deber\u00edan ser a nivel territorial\u201d. Admite que solo se compensa a aquellos municipios donde se instalan los aerogeneradores. \u201cEso lo que hace es que, como generalmente los l\u00edmites entre concejos son cordales, y es ah\u00ed donde se ubican estos proyectos, se dicen \u2018<strong>si yo no lo pongo, lo va a poner el de al lado\u2019, y eso es un incentivo perverso<\/strong>\u201d, contin\u00faa. \u201cLo que les interesa es que los ayuntamientos tengan esa l\u00f3gica de que si no lo pongo yo lo pondr\u00e1 el vecino que les hace m\u00e1s f\u00e1cil aceptar\u201d.<\/p>\n<p><!-- BREAK 11 --><\/p>\n<p>Imagen de portada | <a rel=\"noopener, noreferrer\" href=\"https:\/\/unsplash.com\/es\/@aalteredstaate\">Abby Anaday<\/a><\/p>\n<p>En Xataka Smart Home | <a href=\"https:\/\/www.xatakahome.com\/iluminacion-y-energia\/china-han-averiguado-como-obtener-hidrogeno-directamente-mares-fuente-casi-inagotable-energia-limpia\">En China ya han averiguado c\u00f3mo obtener hidr\u00f3geno directamente de los mares. Una fuente casi inagotable de energ\u00eda limpia<\/a><\/p>\n<p><script>\n (function() {\n  window._JS_MODULES = window._JS_MODULES || {};\n  var headElement = document.getElementsByTagName('head')[0];\n  if (_JS_MODULES.instagram) {\n   var instagramScript = document.createElement('script');\n   instagramScript.src = 'https:\/\/platform.instagram.com\/en_US\/embeds.js';\n   instagramScript.async = true;\n   instagramScript.defer = true;\n   headElement.appendChild(instagramScript);\n  }\n })();\n<\/script><\/p>\n<p> &#8211; <br \/> La noticia<br \/>\n      <a href=\"https:\/\/www.xatakahome.com\/iluminacion-y-energia\/asturias-esta-plagada-aerogeneradores-eso-bueno-no-para-su-paisaje-esta-comarca-lleva-anos-movilizandose?utm_source=feedburner&amp;utm_medium=feed&amp;utm_campaign=08_Jul_2024\"><br \/>\n       <em> Asturias est\u00e1 plagada de aerogeneradores y eso es bueno, pero no tanto para su paisaje. Esta comarca lleva a\u00f1os moviliz\u00e1ndose  <\/em><br \/>\n      <\/a><br \/>\n      fue publicada originalmente en<br \/>\n      <a href=\"https:\/\/www.xatakahome.com\/?utm_source=feedburner&amp;utm_medium=feed&amp;utm_campaign=08_Jul_2024\"><br \/>\n       <strong> Xataka Smart Home <\/strong><br \/>\n      <\/a><br \/>\n            por <a href=\"https:\/\/www.xatakahome.com\/autor\/antonio-vallejo?utm_source=feedburner&amp;utm_medium=feed&amp;utm_campaign=08_Jul_2024\"><br \/>\n       Antonio Vallejo<br \/>\n      <\/a><br \/>\n      . <\/p>\n<\/div>\n","protected":false},"excerpt":{"rendered":"<p>Siempre hemos dicho que en Espa\u00f1a tenemos unas condiciones clim\u00e1ticas y localizaciones muy buenas como para aprovechar a\u00fan m\u00e1s las energ\u00edas renovables. En Espa\u00f1a, la energ\u00eda e\u00f3lica representa la principal fuente de generaci\u00f3n renovable en el pa\u00eds, con una potencia instalada de unos 30.810 MW. Esta capacidad se vio incrementada en 2023 en un 2,2% &hellip; <a href=\"https:\/\/domosistemas.com\/?p=24931\" class=\"more-link\">Sigue leyendo <span class=\"screen-reader-text\">Asturias est\u00e1 plagada de aerogeneradores y eso es bueno, pero no tanto para su paisaje. Esta comarca lleva a\u00f1os moviliz\u00e1ndose<\/span><\/a><\/p>\n","protected":false},"author":1,"featured_media":0,"comment_status":"closed","ping_status":"closed","sticky":false,"template":"","format":"standard","meta":{"footnotes":""},"categories":[8],"tags":[],"class_list":["post-24931","post","type-post","status-publish","format-standard","hentry","category-xataka"],"_links":{"self":[{"href":"https:\/\/domosistemas.com\/index.php?rest_route=\/wp\/v2\/posts\/24931","targetHints":{"allow":["GET"]}}],"collection":[{"href":"https:\/\/domosistemas.com\/index.php?rest_route=\/wp\/v2\/posts"}],"about":[{"href":"https:\/\/domosistemas.com\/index.php?rest_route=\/wp\/v2\/types\/post"}],"author":[{"embeddable":true,"href":"https:\/\/domosistemas.com\/index.php?rest_route=\/wp\/v2\/users\/1"}],"replies":[{"embeddable":true,"href":"https:\/\/domosistemas.com\/index.php?rest_route=%2Fwp%2Fv2%2Fcomments&post=24931"}],"version-history":[{"count":0,"href":"https:\/\/domosistemas.com\/index.php?rest_route=\/wp\/v2\/posts\/24931\/revisions"}],"wp:attachment":[{"href":"https:\/\/domosistemas.com\/index.php?rest_route=%2Fwp%2Fv2%2Fmedia&parent=24931"}],"wp:term":[{"taxonomy":"category","embeddable":true,"href":"https:\/\/domosistemas.com\/index.php?rest_route=%2Fwp%2Fv2%2Fcategories&post=24931"},{"taxonomy":"post_tag","embeddable":true,"href":"https:\/\/domosistemas.com\/index.php?rest_route=%2Fwp%2Fv2%2Ftags&post=24931"}],"curies":[{"name":"wp","href":"https:\/\/api.w.org\/{rel}","templated":true}]}}