{"id":24959,"date":"2024-07-10T08:00:49","date_gmt":"2024-07-10T08:00:49","guid":{"rendered":"https:\/\/domosistemas.com\/?p=24959"},"modified":"2024-07-10T08:00:49","modified_gmt":"2024-07-10T08:00:49","slug":"30o-c-en-el-interior-de-un-atico-esto-es-todo-lo-que-he-probado-para-evitar-el-calor-y-esta-es-la-solucion-que-recomiendo","status":"publish","type":"post","link":"https:\/\/domosistemas.com\/?p=24959","title":{"rendered":"30\u00ba C en el interior de un \u00e1tico. Esto es todo lo que he probado para evitar el calor y esta es la soluci\u00f3n que recomiendo"},"content":{"rendered":"<div>\n<p>\n      <img decoding=\"async\" src=\"https:\/\/i.blogs.es\/7f59fe\/clima\/1024_2000.jpeg\" alt=\"30\u00ba C en el interior de un \u00e1tico. Esto es todo lo que he probado para evitar el calor y esta es la soluci\u00f3n que recomiendo \">\n    <\/p>\n<p>Con la llegada de las altas temperaturas, coincidiendo con el periodo vacacional en la \u00e9poca estival, muchos usuarios pasan m\u00e1s tiempo en casa. Lejos de sus trabajos, en los que en muchas ocasiones hay sistemas de climatizaci\u00f3n, ahora<strong> toca adaptarse a las temperaturas de casa.<\/strong><\/p>\n<p><!-- BREAK 1 --><\/p>\n<p>El calor afecta por igual a todas las construcciones, pero hay un tipo de piso que lo sufre especialmente. Es el caso de los \u00e1ticos, un tipo de vivienda que, por su situaci\u00f3n, <strong>est\u00e1 expuesta a m\u00e1s horas de sol<\/strong> y al impacto de los rayos solares. Por eso voy a contar el caso en primera persona que vivo cuando tengo que pasar d\u00edas en un \u00e1tico en verano.<\/p>\n<p><!-- BREAK 2 --><\/p>\n<h2>C\u00f3mo combatir el calor<\/h2>\n<div class=\"article-asset-image article-asset-normal article-asset-center\">\n<div class=\"asset-content\">\n<div class=\"caption-img \">\n                    <a rel=\"noopener, noreferrer\" href=\"https:\/\/www.pexels.com\/es-es\/foto\/mujer-ordenador-portatil-sentado-sofa-7195033\/\"><\/p>\n<p>    <img decoding=\"async\" alt=\"Pexels Karolina Grabowska 7195033\" class=\"centro_sinmarco\" src=\"https:\/\/i.blogs.es\/a9c4d1\/pexels-karolina-grabowska-7195033\/450_1000.webp\"><br \/>\n     <\/a><\/p>\n<p>        <span>Foto de Karolina Kaboompics<\/span>\n   <\/div>\n<\/p><\/div>\n<\/div>\n<p>Una parte del verano la paso viviendo en el \u00e1tico de un familiar en Andaluc\u00eda. <strong>Estamos acostumbrados al sol<\/strong> <strong>y al calor<\/strong>, pero los d\u00edas en ese piso se hacen especialmente insoportables por la cantidad de horas de luz que soporta. Mucha luminosidad que, adem\u00e1s, se traduce en un calor intenso dif\u00edcil de llevar.<\/p>\n<p><!-- BREAK 3 --><\/p>\n<p>En este caso, se trata de <strong>un piso con orientaci\u00f3n al este<\/strong>, lo que se traduce en unas ma\u00f1anas a la sombra y un sol intenso a partir del mediod\u00eda. Un cambio que supone que, a partir de las tres de la tarde, la temperatura comienza a subir hasta acercarse peligrosamente a los 30\u00b0 C.<\/p>\n<p><!-- BREAK 4 --><\/p>\n<div class=\"article-asset-video article-asset-normal\">\n<div class=\"asset-content\">\n<div class=\"base-asset-video\">\n<div class=\"js-dailymotion\">\n    <script type=\"application\/json\">\n                          {\"videoId\":\"x8006fc\",\"autoplay\":true,\"title\":\"C\u00f3mo dormir cuando hace mucho calor y no tienes aire acondicionado\", \"tag\":\"\", \"duration\":\"217\"}\n                  <\/script>\n   <\/div>\n<\/p><\/div>\n<\/p><\/div>\n<\/div>\n<p>Y dado que el sol sigue incidiendo hasta pr\u00e1cticamente ponerse tras las monta\u00f1as, <strong>las paredes y muros cogen unas calor\u00edas<\/strong> que se van liberando poco a poco. Esto se traduce en una temperatura m\u00e1s alta por la noche, lo que provoca problemas incluso para dormir.<\/p>\n<p><!-- BREAK 5 --><\/p>\n<p>Para intentar sobrellevar la temperatura de esos d\u00edas, <strong>he probado distintos m\u00e9todos<\/strong>: desde ventiladores compactos, pasando por el uso del aire acondicionado, hasta usar un humidificador. Eso sin contar que he aprovechado al m\u00e1ximo toldos, persianas y hasta cortinas. Dicho todo esto, tengo que reconocer que no todas las medidas que he aplicado han sido efectivas.<\/p>\n<p><!-- BREAK 6 --><\/p>\n<h2>Toldos, persianas y cortinas<\/h2>\n<div class=\"article-asset-image article-asset-normal article-asset-center\">\n<div class=\"asset-content\">\n<p>   <img decoding=\"async\" alt=\"Toldo\" class=\"centro_sinmarco\" src=\"https:\/\/i.blogs.es\/53fb62\/toldo\/450_1000.webp\"><\/p><\/div>\n<\/div>\n<p>Entre las medidas pasivas, el uso de toldos hace que el impacto de los rayos del sol sea menor, pero <strong>cuando no est\u00e1 lo suficientemente alto en el cielo<\/strong>, termina incidiendo en la pared, ya que son toldos de brazos articulados que se abren en horizontal. Por ello, es el momento de echar cortinas y persianas. La luz del sol no entra, pero las paredes siguen calent\u00e1ndose como si no hubiera ma\u00f1ana.<\/p>\n<p><!-- BREAK 7 --><\/p>\n<div class=\"article-asset article-asset-normal article-asset-center\">\n<div class=\"desvio-container\">\n<div class=\"desvio\">\n<div class=\"desvio-figure js-desvio-figure\">\n    <a href=\"https:\/\/www.xatakahome.com\/a-fondo\/la-mejor-forma-de-frenar-el-calor-sin-aire-acondicionado-y-mantener-la-casa-fresca-como-utilizar-persianas-estores-y-toldos\"><br \/>\n     <img loading=\"lazy\" decoding=\"async\" alt=\"La mejor forma de frenar una ola de calor sin aire acondicionado y mantener la casa fresca: c\u00f3mo utilizar persianas, estores y toldos\" width=\"375\" height=\"142\" src=\"https:\/\/i.blogs.es\/4691f6\/pexels-markus-winkler-1430818-2763388\/375_142.webp\" onerror='this.src=\"https:\/\/i.blogs.es\/4691f6\/pexels-markus-winkler-1430818-2763388\/375_142.jpeg\"'><br \/>\n    <\/a>\n   <\/div>\n<div class=\"desvio-summary\">\n<div class=\"desvio-taxonomy js-desvio-taxonomy\">\n     <a href=\"https:\/\/www.xatakahome.com\/a-fondo\/la-mejor-forma-de-frenar-el-calor-sin-aire-acondicionado-y-mantener-la-casa-fresca-como-utilizar-persianas-estores-y-toldos\" class=\"desvio-taxonomy-anchor\">En Xataka Smart Home<\/a>\n    <\/div>\n<p>    <a href=\"https:\/\/www.xatakahome.com\/a-fondo\/la-mejor-forma-de-frenar-el-calor-sin-aire-acondicionado-y-mantener-la-casa-fresca-como-utilizar-persianas-estores-y-toldos\" class=\"desvio-title js-desvio-title\">La mejor forma de frenar una ola de calor sin aire acondicionado y mantener la casa fresca: c\u00f3mo utilizar persianas, estores y toldos<\/a>\n   <\/div>\n<\/p><\/div>\n<\/p><\/div>\n<\/div>\n<p><strong>Las cortinas que tengo son de pliegues<\/strong>, y esto permite que por la noche pueda dejar la ventana abierta y que, aun con la cortina echada, siga entrando algo de aire fresco. El problema es que durante el d\u00eda, por esos huecos entre los pliegues tambi\u00e9n se cuela el calor si intento establecer corrientes de aire, por lo que esas cortinas resultan menos efectivas.<\/p>\n<p><!-- BREAK 8 --><\/p>\n<p>De esta forma, ya he visto que los <strong>m\u00e9todos pasivos para frenar el calor<\/strong> no son suficientes, as\u00ed que lo siguiente que hice fue probar otros elementos como ventiladores, humidificadores en \u00faltima instancia y el aire acondicionado.<\/p>\n<p><!-- BREAK 9 --><\/p>\n<h2>Ventilador<\/h2>\n<div class=\"article-asset-image article-asset-normal article-asset-center\">\n<div class=\"asset-content\">\n<p>   <img decoding=\"async\" alt=\"Ventilador\" class=\"centro_sinmarco\" src=\"https:\/\/i.blogs.es\/2f3453\/ventilador\/450_1000.webp\"><\/p><\/div>\n<\/div>\n<p>Para los ventiladores, aprovech\u00e9 un ventilador de pie que ten\u00eda guardado en el trastero. Y aunque en principio puede parecer efectivo, cuando la temperatura en <strong>el interior de la habitaci\u00f3n alcanza casi los 30\u00b0 C<\/strong>, el aire que termina moviendo es caliente, por lo que pr\u00e1cticamente termino desechando el uso del ventilador hasta que llega la noche y la temperatura baja ligeramente.<\/p>\n<p><!-- BREAK 10 --><\/p>\n<div class=\"article-asset article-asset-normal article-asset-center\">\n<div class=\"desvio-container\">\n<div class=\"desvio\">\n<div class=\"desvio-figure js-desvio-figure\">\n    <a href=\"https:\/\/www.xatakahome.com\/a-fondo\/cuatro-peligros-ocultos-para-salud-al-dormir-ventilador-encendido-como-evitarlos-forma-sencilla\"><br \/>\n     <img loading=\"lazy\" decoding=\"async\" alt=\"Los cuatro peligros ocultos para la salud al dormir con el ventilador encendido y c\u00f3mo evitarlos de forma sencilla \" width=\"375\" height=\"142\" src=\"https:\/\/i.blogs.es\/26ee9f\/andrew-george-npimowrvwyg-unsplash\/375_142.webp\" onerror='this.src=\"https:\/\/i.blogs.es\/26ee9f\/andrew-george-npimowrvwyg-unsplash\/375_142.jpeg\"'><br \/>\n    <\/a>\n   <\/div>\n<div class=\"desvio-summary\">\n<div class=\"desvio-taxonomy js-desvio-taxonomy\">\n     <a href=\"https:\/\/www.xatakahome.com\/a-fondo\/cuatro-peligros-ocultos-para-salud-al-dormir-ventilador-encendido-como-evitarlos-forma-sencilla\" class=\"desvio-taxonomy-anchor\">En Xataka Smart Home<\/a>\n    <\/div>\n<p>    <a href=\"https:\/\/www.xatakahome.com\/a-fondo\/cuatro-peligros-ocultos-para-salud-al-dormir-ventilador-encendido-como-evitarlos-forma-sencilla\" class=\"desvio-title js-desvio-title\">Los cuatro peligros ocultos para la salud al dormir con el ventilador encendido y c\u00f3mo evitarlos de forma sencilla <\/a>\n   <\/div>\n<\/p><\/div>\n<\/p><\/div>\n<\/div>\n<p>Adem\u00e1s, tampoco me gusta <strong>tener el ventilador encendido toda la noche<\/strong>, puesto que el aire lateral que genera termina impactando en el cuerpo directamente y, tras largas horas de uso en las que termino finalmente dormido en la cama, provoca que me despierte con molestias musculares por todo el cuerpo.<\/p>\n<p><!-- BREAK 11 --><\/p>\n<h2>Aire h\u00famedo<\/h2>\n<div class=\"article-asset-image article-asset-normal article-asset-center\">\n<div class=\"asset-content\">\n<p>   <img decoding=\"async\" alt=\"Aire\" class=\"centro_sinmarco\" src=\"https:\/\/i.blogs.es\/8f1dfa\/aire\/450_1000.webp\"><\/p><\/div>\n<\/div>\n<p>Incluso buscando en el trastero, me encontr\u00e9 con un antiguo sistema de ventilaci\u00f3n con agua que permit\u00eda <strong>refrescar el ambiente<\/strong>. Con el aspecto de una unidad exterior antigua de aire acondicionado, ten\u00eda que llenar el dep\u00f3sito con agua y poner el \u00abcacharro\u00bb en modo dry para generar una corriente algo m\u00e1s fresca.<\/p>\n<p><!-- BREAK 12 --><\/p>\n<p>Y aunque tengo que reconocer que algo funciona y no llega el calamitoso efecto del <a href=\"https:\/\/www.xatakahome.com\/a-fondo\/he-usado-aire-acondicionado-low-cost-esta-ha-sido-mi-experiencia-agridulce\">aire acondicionado barato<\/a> que pude probar en su d\u00eda, pasado el tiempo no he notado gran diferencia con el uso de un ventilador tradicional sin dep\u00f3sito de agua incluido. <strong>Incluso aunque us\u00e9 hielo<\/strong>, debido a la alta temperatura, pronto dej\u00f3 de ser un remedio efectivo.<\/p>\n<p><!-- BREAK 13 --><\/p>\n<h2>Aire acondicionado<\/h2>\n<div class=\"article-asset-image article-asset-normal article-asset-center\">\n<div class=\"asset-content\">\n<p>   <img decoding=\"async\" alt=\"Aire\" class=\"centro_sinmarco\" src=\"https:\/\/i.blogs.es\/b275d6\/aire\/450_1000.webp\"><\/p><\/div>\n<\/div>\n<p>Con todo esto dicho, termin\u00e9 por poner el aire acondicionado. Es la opci\u00f3n menos econ\u00f3mica de todas, pero tambi\u00e9n la m\u00e1s efectiva. En este caso, como el aire acondicionado ya estaba instalado, <strong>no tuve que hacer ning\u00fan desembolso.<\/strong><\/p>\n<p><!-- BREAK 14 --><\/p>\n<p>Y sin embargo, aunque es la m\u00e1s c\u00f3moda, tambi\u00e9n es la que menos me gusta usar por c\u00f3mo termina impactando en mi salud. <strong>Resulta fabuloso estar a la temperatura adecuada<\/strong>, pero tras horas de uso termina afectando a mi salud: la nariz se me tapona y siempre termino congestionado.<\/p>\n<p><!-- BREAK 15 --><\/p>\n<p>Adem\u00e1s, una cosa que tiene de malo el piso es que, al no tener unos <a href=\"https:\/\/www.xatakahome.com\/a-fondo\/quiero-instalar-ventanas-nuevas-casa-estos-tipos-cierres-adecuados-uso-decoracion-casa\">cierres que ajusten perfectamente<\/a>, el fr\u00edo generado por el aire acondicionado se escapa antes, por lo que al apagarlo solo ha de pasar algo m\u00e1s de una hora para que <strong>se pierda la sensaci\u00f3n de frescor que se ha acumulado<\/strong>.<\/p>\n<p><!-- BREAK 16 --><\/p>\n<div class=\"article-asset article-asset-normal article-asset-center\">\n<div class=\"desvio-container\">\n<div class=\"desvio\">\n<div class=\"desvio-figure js-desvio-figure\">\n    <a href=\"https:\/\/www.xatakahome.com\/a-fondo\/he-usado-aire-acondicionado-low-cost-esta-ha-sido-mi-experiencia-agridulce\"><br \/>\n     <img loading=\"lazy\" decoding=\"async\" alt='Us\u00e9 un \"aire acondicionado port\u00e1til\" de 36 euros para intentar refrescarme en la ola de calor. Este fue el resultado' width=\"375\" height=\"142\" src=\"https:\/\/i.blogs.es\/eb1a0e\/1366_2000\/375_142.webp\" onerror='this.src=\"https:\/\/i.blogs.es\/eb1a0e\/1366_2000\/375_142.jpeg\"'><br \/>\n    <\/a>\n   <\/div>\n<div class=\"desvio-summary\">\n<div class=\"desvio-taxonomy js-desvio-taxonomy\">\n     <a href=\"https:\/\/www.xatakahome.com\/a-fondo\/he-usado-aire-acondicionado-low-cost-esta-ha-sido-mi-experiencia-agridulce\" class=\"desvio-taxonomy-anchor\">En Xataka Smart Home<\/a>\n    <\/div>\n<p>    <a href=\"https:\/\/www.xatakahome.com\/a-fondo\/he-usado-aire-acondicionado-low-cost-esta-ha-sido-mi-experiencia-agridulce\" class=\"desvio-title js-desvio-title\">Us\u00e9 un \u00abaire acondicionado port\u00e1til\u00bb de 36 euros para intentar refrescarme en la ola de calor. Este fue el resultado<\/a>\n   <\/div>\n<\/p><\/div>\n<\/p><\/div>\n<\/div>\n<p>Dicho todo esto, tengo que reconocer que cuando llega el momento de pasar el verano en esta casa, lo que termino haciendo es <strong>utilizar un poco de todo<\/strong>. Ninguno de los m\u00e9todos es efectivo al cien por cien y al final lo que hago es combinarlos todos para ir pasando el resto del d\u00eda lo mejor posible.<\/p>\n<p><!-- BREAK 17 --><\/p>\n<p>Primero, <strong>aprovecho los m\u00e9todos pasivos<\/strong> para intentar resguardar la casa de los rayos del sol, y luego aplico el uso de ventiladores (secos y h\u00famedos) y del aire acondicionado para intentar crear el mejor clima y mantener el term\u00f3metro a la temperatura \u00f3ptima.<\/p>\n<p><!-- BREAK 18 --><\/p>\n<h2>La mejor soluci\u00f3n<\/h2>\n<p><strong>Toldos:<\/strong> El uso de toldos es realmente efectivo, pero en este caso hay problemas. Al ser un \u00e1tico y estar expuesto a m\u00e1s horas de luz solar, los rayos del sol terminan incidiendo pr\u00e1cticamente en horizontal y los toldos dejan de ser efectivos. Adem\u00e1s, en los d\u00edas que hace bastante viento, tengo que tener los toldos quitados.<\/p>\n<p><!-- BREAK 19 --><\/p>\n<p><strong>Persianas y cortinas:<\/strong> Estos dos elementos resguardan el interior de la habitaci\u00f3n de la luz solar, pero no impiden que las paredes est\u00e9n castigadas por los rayos de sol. Adem\u00e1s, las ventanas son pisadas, por lo que no cortan del todo la entrada de luz.<\/p>\n<p><!-- BREAK 20 --><\/p>\n<div class=\"article-asset article-asset-normal article-asset-center\">\n<div class=\"desvio-container\">\n<div class=\"desvio\">\n<div class=\"desvio-figure js-desvio-figure\">\n    <a href=\"https:\/\/www.xatakahome.com\/a-fondo\/como-elegir-toldo-adecuado-para-protegerte-sol-calor-claves-para-acertar-eleccion-tener-toldo-duradero\"><br \/>\n     <img loading=\"lazy\" decoding=\"async\" alt=\"C\u00f3mo elegir el toldo adecuado para protegerte del sol y del calor. Claves para acertar con la elecci\u00f3n y tener un toldo duradero\" width=\"375\" height=\"142\" src=\"https:\/\/i.blogs.es\/fd26df\/img_0125-en-tamano-grande\/375_142.webp\" onerror='this.src=\"https:\/\/i.blogs.es\/fd26df\/img_0125-en-tamano-grande\/375_142.jpeg\"'><br \/>\n    <\/a>\n   <\/div>\n<div class=\"desvio-summary\">\n<div class=\"desvio-taxonomy js-desvio-taxonomy\">\n     <a href=\"https:\/\/www.xatakahome.com\/a-fondo\/como-elegir-toldo-adecuado-para-protegerte-sol-calor-claves-para-acertar-eleccion-tener-toldo-duradero\" class=\"desvio-taxonomy-anchor\">En Xataka Smart Home<\/a>\n    <\/div>\n<p>    <a href=\"https:\/\/www.xatakahome.com\/a-fondo\/como-elegir-toldo-adecuado-para-protegerte-sol-calor-claves-para-acertar-eleccion-tener-toldo-duradero\" class=\"desvio-title js-desvio-title\">C\u00f3mo elegir el toldo adecuado para protegerte del sol y del calor. Claves para acertar con la elecci\u00f3n y tener un toldo duradero<\/a>\n   <\/div>\n<\/p><\/div>\n<\/p><\/div>\n<\/div>\n<p><strong>Aire h\u00famedo:<\/strong> He usado tambi\u00e9n una especie de aire acondicionado port\u00e1til o un ventilador con sistema de humidificaci\u00f3n y un dep\u00f3sito de agua. Cuando la temperatura sube, el efecto refrescante de estos dispositivos se desvanece a los pocos minutos.<\/p>\n<p><!-- BREAK 21 --><\/p>\n<p><strong>Ventiladores:<\/strong> El ventilador es otra de las opciones que he probado en la casa, y aunque al principio s\u00ed que se nota, cuando la temperatura se acerca peligrosamente a los 30\u00b0 y el aire que mueve es caliente, ya no resulta efectivo.<\/p>\n<p><!-- BREAK 22 --><\/p>\n<p><strong>Aire acondicionado:<\/strong> Un modelo con split en distintas habitaciones que realmente refresca el ambiente, pero que se ve perjudicado por el uso de cierres que no ajustan perfectamente y que hacen que el aire fresco que se ha generado se escape. Adem\u00e1s, el uso prolongado termina afectando a mi salud.<\/p>\n<p><!-- BREAK 23 --><\/p>\n<p>Imagen portada | <a rel=\"noopener, noreferrer\" href=\"https:\/\/www.lidl.de\/p\/silvercrest-bodenventilator-3-geschwindigkeitsstufen\/p100325409\" data-id=\"noopener, noreferrer\">Lidl<\/a><\/p>\n<p>En Xataka SmartHome | <a href=\"https:\/\/www.xatakahome.com\/a-fondo\/vivo-alquiler-cierres-ventanas-madera-viejos-asi-evito-que-frio-humedad-hacer-obras\">Vivo de alquiler con cierres y ventanas de madera viejos. As\u00ed evito que entre el fr\u00edo y la humedad sin hacer obras<\/a><\/p>\n<p><script>\n (function() {\n  window._JS_MODULES = window._JS_MODULES || {};\n  var headElement = document.getElementsByTagName('head')[0];\n  if (_JS_MODULES.instagram) {\n   var instagramScript = document.createElement('script');\n   instagramScript.src = 'https:\/\/platform.instagram.com\/en_US\/embeds.js';\n   instagramScript.async = true;\n   instagramScript.defer = true;\n   headElement.appendChild(instagramScript);\n  }\n })();\n<\/script><\/p>\n<p> &#8211; <br \/> La noticia<br \/>\n      <a href=\"https:\/\/www.xatakahome.com\/a-fondo\/30o-c-interior-atico-esto-todo-que-he-probado-para-evitar-calor-esta-solucion-que-recomiendo?utm_source=feedburner&amp;utm_medium=feed&amp;utm_campaign=10_Jul_2024\"><br \/>\n       <em> 30\u00ba C en el interior de un \u00e1tico. Esto es todo lo que he probado para evitar el calor y esta es la soluci\u00f3n que recomiendo  <\/em><br \/>\n      <\/a><br \/>\n      fue publicada originalmente en<br \/>\n      <a href=\"https:\/\/www.xatakahome.com\/?utm_source=feedburner&amp;utm_medium=feed&amp;utm_campaign=10_Jul_2024\"><br \/>\n       <strong> Xataka Smart Home <\/strong><br \/>\n      <\/a><br \/>\n            por <a href=\"https:\/\/www.xatakahome.com\/autor\/jose-antonio-carmona?utm_source=feedburner&amp;utm_medium=feed&amp;utm_campaign=10_Jul_2024\"><br \/>\n       Jose Antonio Carmona<br \/>\n      <\/a><br \/>\n      . <\/p>\n<\/div>\n","protected":false},"excerpt":{"rendered":"<p>Con la llegada de las altas temperaturas, coincidiendo con el periodo vacacional en la \u00e9poca estival, muchos usuarios pasan m\u00e1s tiempo en casa. Lejos de sus trabajos, en los que en muchas ocasiones hay sistemas de climatizaci\u00f3n, ahora toca adaptarse a las temperaturas de casa. El calor afecta por igual a todas las construcciones, pero &hellip; <a href=\"https:\/\/domosistemas.com\/?p=24959\" class=\"more-link\">Sigue leyendo <span class=\"screen-reader-text\">30\u00ba C en el interior de un \u00e1tico. Esto es todo lo que he probado para evitar el calor y esta es la soluci\u00f3n que recomiendo<\/span><\/a><\/p>\n","protected":false},"author":1,"featured_media":0,"comment_status":"closed","ping_status":"closed","sticky":false,"template":"","format":"standard","meta":{"footnotes":""},"categories":[8],"tags":[],"class_list":["post-24959","post","type-post","status-publish","format-standard","hentry","category-xataka"],"_links":{"self":[{"href":"https:\/\/domosistemas.com\/index.php?rest_route=\/wp\/v2\/posts\/24959","targetHints":{"allow":["GET"]}}],"collection":[{"href":"https:\/\/domosistemas.com\/index.php?rest_route=\/wp\/v2\/posts"}],"about":[{"href":"https:\/\/domosistemas.com\/index.php?rest_route=\/wp\/v2\/types\/post"}],"author":[{"embeddable":true,"href":"https:\/\/domosistemas.com\/index.php?rest_route=\/wp\/v2\/users\/1"}],"replies":[{"embeddable":true,"href":"https:\/\/domosistemas.com\/index.php?rest_route=%2Fwp%2Fv2%2Fcomments&post=24959"}],"version-history":[{"count":0,"href":"https:\/\/domosistemas.com\/index.php?rest_route=\/wp\/v2\/posts\/24959\/revisions"}],"wp:attachment":[{"href":"https:\/\/domosistemas.com\/index.php?rest_route=%2Fwp%2Fv2%2Fmedia&parent=24959"}],"wp:term":[{"taxonomy":"category","embeddable":true,"href":"https:\/\/domosistemas.com\/index.php?rest_route=%2Fwp%2Fv2%2Fcategories&post=24959"},{"taxonomy":"post_tag","embeddable":true,"href":"https:\/\/domosistemas.com\/index.php?rest_route=%2Fwp%2Fv2%2Ftags&post=24959"}],"curies":[{"name":"wp","href":"https:\/\/api.w.org\/{rel}","templated":true}]}}