{"id":24961,"date":"2024-07-10T09:08:52","date_gmt":"2024-07-10T09:08:52","guid":{"rendered":"https:\/\/domosistemas.com\/?p=24961"},"modified":"2024-07-10T09:08:52","modified_gmt":"2024-07-10T09:08:52","slug":"no-cumplir-la-ley-al-instalar-el-aire-acondicionado-sale-caro-en-cordoba-piden-hasta-10-000-euros-de-multa-por-saltarse-la-normativa","status":"publish","type":"post","link":"https:\/\/domosistemas.com\/?p=24961","title":{"rendered":"No cumplir la ley al instalar el aire acondicionado sale caro: en C\u00f3rdoba piden hasta 10.000 euros de multa por saltarse la normativa"},"content":{"rendered":"<div>\n<p>\n      <img decoding=\"async\" src=\"https:\/\/i.blogs.es\/91d2e5\/annie-spratt-vhy5vkrujme-unsplash\/1024_2000.jpeg\" alt=\"No cumplir la ley al instalar el aire acondicionado sale caro: en C\u00f3rdoba piden hasta 10.000 euros de multa por saltarse la normativa \">\n    <\/p>\n<p>Tener un <strong>aire acondicionado fijo<\/strong> en casa es un privilegio que no todos los hogares pueden permitirse. Y no solo por el coste de los aparatos y el de su uso cotidiano, sino porque en algunas ocasiones por diferentes <strong>circunstancias legales <\/strong>no es posible ni siquiera instalar los equipos en casa.<\/p>\n<p><!-- BREAK 1 --><\/p>\n<p>Es el caso de que no cumplamos con los los requisitos o el <a href=\"https:\/\/www.xatakahome.com\/a-fondo\/quiero-instalar-aire-acondicionado-casa-tengo-que-pedir-permiso-a-junta-propietarios\">benepl\u00e1cito de la comunidad de propietarios<\/a> o el due\u00f1o de la vivienda si estamos de alquiler. Pero adem\u00e1s hay <strong>otras normas que es necesario cumplir<\/strong> si no queremos problemas.<\/p>\n<p><!-- BREAK 2 --><\/p>\n<div class=\"article-asset article-asset-normal article-asset-center\">\n<div class=\"desvio-container\">\n<div class=\"desvio\">\n<div class=\"desvio-figure js-desvio-figure\">\n    <a href=\"https:\/\/www.xatakahome.com\/hogar\/disfrutar-a-tope-aire-acondicionado-que-se-dispare-factura-luz-asi-puedes-hacerlo-1\"><br \/>\n     <img loading=\"lazy\" decoding=\"async\" alt=\"Disfrutar a tope del aire acondicionado sin que se dispare la factura de la luz: as\u00ed puedes hacerlo \" width=\"375\" height=\"142\" src=\"https:\/\/i.blogs.es\/5cdd36\/aire-acondicionado-tcl\/375_142.webp\" onerror='this.src=\"https:\/\/i.blogs.es\/5cdd36\/aire-acondicionado-tcl\/375_142.jpeg\"'><br \/>\n    <\/a>\n   <\/div>\n<div class=\"desvio-summary\">\n<div class=\"desvio-taxonomy js-desvio-taxonomy\">\n     <a href=\"https:\/\/www.xatakahome.com\/hogar\/disfrutar-a-tope-aire-acondicionado-que-se-dispare-factura-luz-asi-puedes-hacerlo-1\" class=\"desvio-taxonomy-anchor\">En Xataka Smart Home<\/a>\n    <\/div>\n<p>    <a href=\"https:\/\/www.xatakahome.com\/hogar\/disfrutar-a-tope-aire-acondicionado-que-se-dispare-factura-luz-asi-puedes-hacerlo-1\" class=\"desvio-title js-desvio-title\">Disfrutar a tope del aire acondicionado sin que se dispare la factura de la luz: as\u00ed puedes hacerlo <\/a>\n   <\/div>\n<\/p><\/div>\n<\/p><\/div>\n<\/div>\n<h2>Instalar el aire acondicionado: hay que cumplir la normativa municipal<\/h2>\n<div class=\"article-asset-image article-asset-normal article-asset-center\">\n<div class=\"asset-content\">\n<div class=\"caption-img \">\n<p>   <img decoding=\"async\" alt=\"Aire\" class=\"centro_sinmarco\" src=\"https:\/\/i.blogs.es\/cb5b57\/1200_800\/450_1000.webp\"><\/p>\n<p>        <span>Imagen: Jos\u00e9 Antonio Carmona<\/span>\n   <\/div>\n<\/p><\/div>\n<\/div>\n<p>Y no solo hablamos de las b\u00e1sicas normativas a nivel nacional, sino que tambi\u00e9n existen <strong>otras a nivel local<\/strong> que suelen <strong>depender de la ciudad en la que se quiera instalar el equipo<\/strong>, algo que merece la pena conocer de primera mano o dar con un instalador que las conozca en profundidad y pueda aconsejarnos para no tener problemas.<\/p>\n<p><!-- BREAK 3 --><\/p>\n<p>Estas normas no solo afectan <strong>a la instalaci\u00f3n<\/strong> en s\u00ed, sino que regulan <strong>todos los procesos, incluyendo la<\/strong> <strong>compra<\/strong>, la<strong> <\/strong>manipulaci\u00f3n del equipo y los gases fluorados que contiene, mantenimiento, e incluso <strong>d\u00f3nde puede y d\u00f3nde no puede instalarse.<\/strong><\/p>\n<p><!-- BREAK 4 --><\/p>\n<p>Y es precisamente este \u00faltimo punto el que <a rel=\"noopener, noreferrer\" href=\"https:\/\/cordopolis.eldiario.es\/cordoba-hoy\/local\/ordenan-retirada-aparato-aire-acondicionado-fachada-casco-historico-cordoba_1_11511472.html\">ha sido noticia<\/a> estos d\u00edas <strong>en C\u00f3rdoba<\/strong>, ya que la Gerencia Municipal de Urbanismo (GMU) ha ordenado la retirada de un aparato de aire acondicionado que estaba supuestamente <strong>colocado de forma irregular en la \u00a0fachada<\/strong> de un edificio en este municipio.<\/p>\n<p><!-- BREAK 5 --><\/p>\n<p>\u00bfEl motivo de la irregularidad? Se trataba de una <strong>zona de especial protecci\u00f3n urban\u00edstica<\/strong> conocida como La Juder\u00eda, dentro del Casco Hist\u00f3rico de C\u00f3rdoba. En este caso concreto la normativa establece que los equipos de climatizaci\u00f3n deben estar <strong>integrados en el dise\u00f1o general de las cubiertas<\/strong>, no pudiendo ser instalados en los muros de fachada.<\/p>\n<p><!-- BREAK 6 --><\/p>\n<div class=\"article-asset-video article-asset-normal\">\n<div class=\"asset-content\">\n<div class=\"base-asset-video\">\n<div class=\"js-dailymotion\">\n    <script type=\"application\/json\">\n                          {\"videoId\":\"x8006fc\",\"autoplay\":true,\"title\":\"C\u00f3mo dormir cuando hace mucho calor y no tienes aire acondicionado\", \"tag\":\"\", \"duration\":\"217\"}\n                  <\/script>\n   <\/div>\n<\/p><\/div>\n<\/p><\/div>\n<\/div>\n<p>Por este motivo, al estar el aparato de aire acondicionado en una fachada seg\u00fan la <a rel=\"noopener, noreferrer\" href=\"https:\/\/www.juntadeandalucia.es\/organismos\/fomentoarticulaciondelterritorioyvivienda\/areas\/ordenacion\/ley-sostenibilidad.html\">Ley de Impulso para la Sostenibilidad del Territorio de Andaluc\u00eda <\/a>(LISTA) se considera una infracci\u00f3n grave y se ha dado un plazo de <strong>dos meses a los responsables para retirar el aparato de aire acondicionado<\/strong>. \u00bfQu\u00e9 pasa si no lo quitan dentro del tiempo establecido? Pues que se enfrentar\u00e1n a una <strong>sanci\u00f3n de hasta 10.000 euros<\/strong>.<\/p>\n<p><!-- BREAK 7 --><\/p>\n<p>Las <strong>ordenanzas del ayuntamiento<\/strong> son las que establecen la<strong> <\/strong>normativa de instalaci\u00f3n de aire acondicionado, puesto que <strong>tienen la competencia en materia de paisaje urbano<\/strong> y <strong>medio ambiente.<\/strong><\/p>\n<p><!-- BREAK 8 --><\/p>\n<p>Y en general tambi\u00e9n establecen otros par\u00e1metros como la <strong>distancia que el aparato debe mantener con las ventanas de los vecinos<\/strong>, cu\u00e1nto puede sobresalir la unidad exterior de la fachada, etc. Normas todas ellas que conviene respetar para no tener problemas.<\/p>\n<p><!-- BREAK 9 --><\/p>\n<p>V\u00eda | <a rel=\"noopener, noreferrer\" href=\"https:\/\/cordopolis.eldiario.es\/cordoba-hoy\/local\/ordenan-retirada-aparato-aire-acondicionado-fachada-casco-historico-cordoba_1_11511472.html\">Cord\u00f3polis<\/a><\/p>\n<p>Imagen portada | <a rel=\"noopener, noreferrer\" href=\"https:\/\/unsplash.com\/es\/@anniespratt\">Annie Spratt<\/a><\/p>\n<p>En Xataka Smart Home | <a href=\"https:\/\/www.xatakahome.com\/hogar\/disfrutar-a-tope-aire-acondicionado-que-se-dispare-factura-luz-asi-puedes-hacerlo-1\">Disfrutar a tope del aire acondicionado sin que se dispare la factura de la luz: as\u00ed puedes hacerlo<\/a><\/p>\n<p><script>\n (function() {\n  window._JS_MODULES = window._JS_MODULES || {};\n  var headElement = document.getElementsByTagName('head')[0];\n  if (_JS_MODULES.instagram) {\n   var instagramScript = document.createElement('script');\n   instagramScript.src = 'https:\/\/platform.instagram.com\/en_US\/embeds.js';\n   instagramScript.async = true;\n   instagramScript.defer = true;\n   headElement.appendChild(instagramScript);\n  }\n })();\n<\/script><\/p>\n<p> &#8211; <br \/> La noticia<br \/>\n      <a href=\"https:\/\/www.xatakahome.com\/hogar\/no-cumplir-ley-al-instalar-aire-acondicionado-sale-caro-cordoba-piden-10-000-euros-multa-saltarse-normativa?utm_source=feedburner&amp;utm_medium=feed&amp;utm_campaign=10_Jul_2024\"><br \/>\n       <em> No cumplir la ley al instalar el aire acondicionado sale caro: en C\u00f3rdoba piden hasta 10.000 euros de multa por saltarse la normativa  <\/em><br \/>\n      <\/a><br \/>\n      fue publicada originalmente en<br \/>\n      <a href=\"https:\/\/www.xatakahome.com\/?utm_source=feedburner&amp;utm_medium=feed&amp;utm_campaign=10_Jul_2024\"><br \/>\n       <strong> Xataka Smart Home <\/strong><br \/>\n      <\/a><br \/>\n            por <a href=\"https:\/\/www.xatakahome.com\/autor\/paco-rodriguez?utm_source=feedburner&amp;utm_medium=feed&amp;utm_campaign=10_Jul_2024\"><br \/>\n       Paco Rodriguez<br \/>\n      <\/a><br \/>\n      . <\/p>\n<\/div>\n","protected":false},"excerpt":{"rendered":"<p>Tener un aire acondicionado fijo en casa es un privilegio que no todos los hogares pueden permitirse. Y no solo por el coste de los aparatos y el de su uso cotidiano, sino porque en algunas ocasiones por diferentes circunstancias legales no es posible ni siquiera instalar los equipos en casa. Es el caso de &hellip; <a href=\"https:\/\/domosistemas.com\/?p=24961\" class=\"more-link\">Sigue leyendo <span class=\"screen-reader-text\">No cumplir la ley al instalar el aire acondicionado sale caro: en C\u00f3rdoba piden hasta 10.000 euros de multa por saltarse la normativa<\/span><\/a><\/p>\n","protected":false},"author":1,"featured_media":0,"comment_status":"closed","ping_status":"closed","sticky":false,"template":"","format":"standard","meta":{"footnotes":""},"categories":[8],"tags":[],"class_list":["post-24961","post","type-post","status-publish","format-standard","hentry","category-xataka"],"_links":{"self":[{"href":"https:\/\/domosistemas.com\/index.php?rest_route=\/wp\/v2\/posts\/24961","targetHints":{"allow":["GET"]}}],"collection":[{"href":"https:\/\/domosistemas.com\/index.php?rest_route=\/wp\/v2\/posts"}],"about":[{"href":"https:\/\/domosistemas.com\/index.php?rest_route=\/wp\/v2\/types\/post"}],"author":[{"embeddable":true,"href":"https:\/\/domosistemas.com\/index.php?rest_route=\/wp\/v2\/users\/1"}],"replies":[{"embeddable":true,"href":"https:\/\/domosistemas.com\/index.php?rest_route=%2Fwp%2Fv2%2Fcomments&post=24961"}],"version-history":[{"count":0,"href":"https:\/\/domosistemas.com\/index.php?rest_route=\/wp\/v2\/posts\/24961\/revisions"}],"wp:attachment":[{"href":"https:\/\/domosistemas.com\/index.php?rest_route=%2Fwp%2Fv2%2Fmedia&parent=24961"}],"wp:term":[{"taxonomy":"category","embeddable":true,"href":"https:\/\/domosistemas.com\/index.php?rest_route=%2Fwp%2Fv2%2Fcategories&post=24961"},{"taxonomy":"post_tag","embeddable":true,"href":"https:\/\/domosistemas.com\/index.php?rest_route=%2Fwp%2Fv2%2Ftags&post=24961"}],"curies":[{"name":"wp","href":"https:\/\/api.w.org\/{rel}","templated":true}]}}