{"id":24963,"date":"2024-07-10T10:43:53","date_gmt":"2024-07-10T10:43:53","guid":{"rendered":"https:\/\/domosistemas.com\/?p=24963"},"modified":"2024-07-10T10:43:53","modified_gmt":"2024-07-10T10:43:53","slug":"una-discusion-por-los-ruidos-en-un-balcon-se-hace-viral-en-tenerife-la-gente-no-para-de-opinar-y-mientras-esto-es-lo-que-dice-la-ley","status":"publish","type":"post","link":"https:\/\/domosistemas.com\/?p=24963","title":{"rendered":"Una discusi\u00f3n por los ruidos en un balc\u00f3n se hace viral en Tenerife. La gente no para de opinar y mientras, esto es lo que dice la ley"},"content":{"rendered":"<div>\n<p>\n      <img decoding=\"async\" src=\"https:\/\/i.blogs.es\/bd77b9\/pexels-kampus-5935189\/1024_2000.jpeg\" alt=\"Una discusi\u00f3n por los ruidos en un balc\u00f3n se hace viral en Tenerife. La gente no para de opinar y mientras, esto es lo que dice la ley\">\n    <\/p>\n<p>La llegada del verano hace que sea normal intentar combatir el calor en casa abriendo las ventanas para establecer corrientes de aire. Pero cuando abrimos la ventana, en muchas ocasiones, <strong>no solo se cuela una temperatura m\u00e1s agradable<\/strong>: los sonidos del exterior tambi\u00e9n entran en casa.<\/p>\n<p><!-- BREAK 1 --><\/p>\n<p>Si durante el invierno estamos perfectamente aislados de todo lo que ocurre fuera de nuestro piso, cuando llega el verano es normal escuchar conversaciones de gente que pasa por la calle, a los vecinos charlando en los balcones y otros sonidos propios de la temporada. Lo que ya no es normal es tener una discusi\u00f3n como la que han protagonizado estos vecinos y que <strong>se ha hecho viral en las redes sociales.<\/strong><\/p>\n<p><!-- BREAK 2 --><\/p>\n<div class=\"toc-container article-asset-normal\">\n<details>\n<summary class=\"toc-header \">\n   <span class=\"toc-heading\"><br \/>\n    <span>\u00cdndice de Contenidos (3)<\/span><br \/>\n   <\/span><br \/>\n   <span class=\"icon-folded\"><\/span><br \/>\n  <\/summary>\n<\/details>\n<div class=\"toc-list-wrap \">\n<div class=\"toc-list-item\">\n<ul class=\"toc-list\">\n<li class=\"toc-item\">\n       <a href=\"https:\/\/www.xatakahome.com\/#que-dice-ley-1\" class=\"toc-item-link\">Lo que dice la ley<\/a>\n      <\/li>\n<li class=\"toc-item\">\n       <a href=\"https:\/\/www.xatakahome.com\/#como-medir-ruidos-2\" class=\"toc-item-link\">C\u00f3mo medir los ruidos<\/a>\n      <\/li>\n<li class=\"toc-item\">\n       <a href=\"https:\/\/www.xatakahome.com\/#que-hacer-vecino-ruidoso-3\" class=\"toc-item-link\">Qu\u00e9 hacer con un vecino ruidoso<\/a>\n      <\/li>\n<\/ul><\/div>\n<\/p><\/div>\n<\/div>\n<div class=\"article-asset-video article-asset-normal\">\n<div class=\"asset-content\">\n<div class=\"base-asset-video\">\n<div class=\"js-dailymotion\">\n    <script type=\"application\/json\">\n                          {\"videoId\":\"x8006fc\",\"autoplay\":true,\"title\":\"C\u00f3mo dormir cuando hace mucho calor y no tienes aire acondicionado\", \"tag\":\"\", \"duration\":\"217\"}\n                  <\/script>\n   <\/div>\n<\/p><\/div>\n<\/p><\/div>\n<\/div>\n<p>Cuando abrimos las ventanas, toca sufrir, adem\u00e1s de los rigores de las altas temperaturas, los ruidos de los vecinos. Es normal que, al pasar m\u00e1s tiempo en los balcones y terrazas, <strong>el ruido de una simple conversaci\u00f3n pueda llegar a resultar molesto<\/strong> y generar alguna que otra disputa.<\/p>\n<p><!-- BREAK 3 --><\/p>\n<p>Esto es lo que le ha ocurrido a una usuaria que <a rel=\"noopener, noreferrer\" href=\"https:\/\/www.tiktok.com\/@claaaaub\/video\/7388876096374066465?embed_source=121374463%2C121442748%2C121439635%2C121433650%2C121404358%2C121351166%2C121331973%2C120811592%2C120810756%3Bnull%3Bembed_share&amp;refer=embed&amp;referer_url=www.huffingtonpost.es%2Fvirales%2Festa-amigas-terraza-piso-vecina-empieza-decirles-esto.html&amp;referer_video_id=7388876096374066465\">ha mostrado en TikTok<\/a> la discusi\u00f3n que ha tenido con su vecina a ra\u00edz del ruido que la primera estaba haciendo en su terraza. Un v\u00eddeo que tiene ya <strong>casi medio mill\u00f3n de visualizaciones<\/strong>.<\/p>\n<p><!-- BREAK 4 --><\/p>\n<div class=\"article-asset-rich-content article-asset-normal\">\n<div class=\"asset-content\">\n<blockquote style=\"max-width: 605px;min-width: 325px;\" data-video-id=\"7388876096374066465\" cite=\"https:\/\/www.tiktok.com\/@claaaaub\/video\/7388876096374066465\" class=\"tiktok-embed\">\n<section> <a rel=\"noopener, noreferrer noopener\" href=\"https:\/\/www.tiktok.com\/@claaaaub?refer=embed\" title=\"@claaaaub\" target=\"_blank\">@claaaaub<\/a> pov: nos vamos de vacaciones para que la vecina no nos deje estar en la terraza <a rel=\"noopener, noreferrer noopener\" href=\"https:\/\/www.tiktok.com\/tag\/viral?refer=embed\" target=\"_blank\" title=\"viral\">#viral<\/a> <a rel=\"noopener, noreferrer noopener\" href=\"https:\/\/www.tiktok.com\/tag\/fyp?refer=embed\" target=\"_blank\" title=\"fyp\">#fyp<\/a> <a rel=\"noopener, noreferrer noopener\" href=\"https:\/\/www.tiktok.com\/tag\/humor?refer=embed\" target=\"_blank\" title=\"humor\">#humor<\/a> <a rel=\"noopener, noreferrer noopener\" href=\"https:\/\/www.tiktok.com\/tag\/tenerife?refer=embed\" target=\"_blank\" title=\"tenerife\">#tenerife<\/a> <a rel=\"noopener, noreferrer noopener\" href=\"https:\/\/www.tiktok.com\/music\/sonido-original-7388881294421134113?refer=embed\" title=\"\u266c sonido original - clau\" target=\"_blank\">\u266c sonido original &#8211; clau<\/a> <\/section>\n<\/blockquote>\n<p> <script src=\"https:\/\/www.tiktok.com\/embed.js\" async=\"\"><\/script>\n  <\/div>\n<\/div>\n<p>La situaci\u00f3n era la siguiente: <strong>la usuaria estaba con unas amigas en la terraza<\/strong> y la vecina, molesta por el ruido que estaban haciendo, les increp\u00f3 avisando que <em>\u00abno se puede molestar al resto de los vecinos\u00bb<\/em>. Y todo a gritos. Antes de esto, les hab\u00eda sugerido que dejaran el balc\u00f3n y siguieran la conversaci\u00f3n dentro de casa.<\/p>\n<p><!-- BREAK 5 --><\/p>\n<p>En primera instancia, las amigas se disculparon. <em>\u00abVale, lo sentimos\u00bb<\/em>, responde una de ellas mientras el resto se r\u00ede. Tras esta \u00abdisculpa\u00bb, la vecina afectada <strong>las amenaza con la presencia de su marido<\/strong> tocando en la puerta. Y es que, por el tono de la mujer, todo parece indicar que no era la primera vez que se enfrentaba a una situaci\u00f3n parecida.<\/p>\n<p><!-- BREAK 6 --><\/p>\n<p>El v\u00eddeo, con todas sus visitas, <strong>ha despertado un fuerte inter\u00e9s<\/strong> entre los usuarios de las redes sociales, en las que unos est\u00e1n a favor de las amigas que hac\u00edan ruido y otros se posicionan a favor de la vecina afectada que se quejaba.<\/p>\n<p><!-- BREAK 7 --><\/p>\n<p>Pero dejando a un lado la opini\u00f3n que puede tener una persona en un asunto de este tipo, <strong>lo \u00fanico cierto y a lo que nos podemos sujetar<\/strong>, es a lo que dice la ley. Por eso vamos a intentar dejarlo claro.<\/p>\n<p><!-- BREAK 8 --><\/p>\n<h2 id=\"que-dice-ley-1\" class=\"toc-enabled\"><span class=\"toc-shortcut-icon\" title=\"Ver \u00cdndice de contenido\"><\/span>Lo que dice la ley<\/h2>\n<div class=\"article-asset-image article-asset-normal article-asset-center\">\n<div class=\"asset-content\">\n<div class=\"caption-img \">\n                    <a rel=\"noopener, noreferrer\" href=\"https:\/\/www.pexels.com\/es-es\/foto\/foto-de-primer-plano-de-un-martillo-de-madera-5668481\/\"><\/p>\n<p>    <img decoding=\"async\" alt=\"Pexels Sora Shimazaki 5668481\" class=\"centro_sinmarco\" src=\"https:\/\/i.blogs.es\/b71a07\/pexels-sora-shimazaki-5668481\/450_1000.webp\"><br \/>\n     <\/a><\/p>\n<p>        <span>Foto de Sora Shimazaki<\/span>\n   <\/div>\n<\/p><\/div>\n<\/div>\n<p>Y es que en primer lugar, para resolver esta cuesti\u00f3n <strong>hay que acudir a la ley a nivel estatal<\/strong>, pues luego veremos como los municipios tienen competencia en este sentido, al contar con ordenanzas municipales que regulan los ruidos ambientales.<\/p>\n<p><!-- BREAK 9 --><\/p>\n<p>As\u00ed una primera respuesta la puede dar la <a rel=\"noopener, noreferrer\" href=\"https:\/\/www.boe.es\/buscar\/doc.php?id=BOE-A-2003-613\">Ley 7\/2002<\/a>, de 3 de diciembre, de Protecci\u00f3n contra la contaminaci\u00f3n ac\u00fastica. En dicha Ley, en el art\u00edculo 7.3, <strong>se citan dos tramos horarios<\/strong> en los que cambia el nivel de ruido que se puede generar. Habla de un horario diurno y uno nocturno en el que los decibelios que se pueden soportar son distintos.<\/p>\n<p><!-- BREAK 10 --><\/p>\n<blockquote><p>A los efectos de la presente Ley, se entender\u00e1 por \u00abd\u00eda\u00bb u horario diurno el comprendido entre las 08.00 y las 22.00 horas, y por \u00abnoche\u00bb u horario nocturno cualquier intervalo comprendido entre las 22.00 y las 08.00 horas del d\u00eda siguiente.<\/p><\/blockquote>\n<p>Ya hemos visto por lo tanto a nivel estatal la legislaci\u00f3n en materia ruidos en viviendas y zonas residenciales. Adem\u00e1s el <a rel=\"noopener, noreferrer\" href=\"https:\/\/www.boe.es\/buscar\/act.php?id=BOE-A-1889-4763#art7\">C\u00f3digo Civil<\/a> tiene mucho que decir y por medio del <strong>art\u00edculo 7.2 del citado texto legal<\/strong> se establece lo siguiente:<\/p>\n<p><!-- BREAK 11 --><\/p>\n<blockquote><p><em>La Ley no ampara el abuso del derecho o el ejercicio antisocial del mismo. Todo acto u omisi\u00f3n que por la intenci\u00f3n de su autor, por su objeto o por las circunstancias en que se realice sobrepase manifiestamente los l\u00edmites normales del ejercicio de un derecho, con da\u00f1o para tercero, dar\u00e1 lugar a la correspondiente indemnizaci\u00f3n y a la adopci\u00f3n de las medidas judiciales o administrativas que impidan la persistencia en el abuso<\/em>.<\/p><\/blockquote>\n<p>Con este precepto, el legislador lo que hace es <strong>considerar cualquier ruido que se considere exagerado<\/strong> y en este punto se pueden englobar desde los ruidos de una conversaci\u00f3n, pasando por el que ocasiona un televisor con un volumen alto o incluso el generado por una mascota.<\/p>\n<p><!-- BREAK 12 --><\/p>\n<div class=\"article-asset article-asset-normal article-asset-center\">\n<div class=\"desvio-container\">\n<div class=\"desvio\">\n<div class=\"desvio-figure js-desvio-figure\">\n    <a href=\"https:\/\/www.xatakahome.com\/a-fondo\/esto-que-dice-ley-tener-mascota-casa-tus-vecinos-pueden-prohibir-que-tu-perro-suba-al-ascensor\"><br \/>\n     <img loading=\"lazy\" decoding=\"async\" alt=\"Esto es lo que dice la Ley sobre tener una mascota en casa. Tus vecinos pueden hasta prohibir que tu perro suba al ascensor\" width=\"375\" height=\"142\" src=\"https:\/\/i.blogs.es\/65d508\/peluda\/375_142.webp\" onerror='this.src=\"https:\/\/i.blogs.es\/65d508\/peluda\/375_142.jpeg\"'><br \/>\n    <\/a>\n   <\/div>\n<div class=\"desvio-summary\">\n<div class=\"desvio-taxonomy js-desvio-taxonomy\">\n     <a href=\"https:\/\/www.xatakahome.com\/a-fondo\/esto-que-dice-ley-tener-mascota-casa-tus-vecinos-pueden-prohibir-que-tu-perro-suba-al-ascensor\" class=\"desvio-taxonomy-anchor\">En Xataka Smart Home<\/a>\n    <\/div>\n<p>    <a href=\"https:\/\/www.xatakahome.com\/a-fondo\/esto-que-dice-ley-tener-mascota-casa-tus-vecinos-pueden-prohibir-que-tu-perro-suba-al-ascensor\" class=\"desvio-title js-desvio-title\">Esto es lo que dice la Ley sobre tener una mascota en casa. Tus vecinos pueden hasta prohibir que tu perro suba al ascensor<\/a>\n   <\/div>\n<\/p><\/div>\n<\/p><\/div>\n<\/div>\n<p>Pero m\u00e1s all\u00e1 de una ley general, <strong>los municipios tambi\u00e9n tienen competencias<\/strong>. En Granada por ejemplo, aparece regulado en la <a rel=\"noopener, noreferrer\" href=\"https:\/\/www.granada.org\/inet\/wordenanz.nsf\/02ccd74c639fe3bfc125735500242007\/c2f0691a6604ca0fc12572dc001c5923!OpenDocument\">Ordenanza Municipal de Protecci\u00f3n del Medio Ambiente Ac\u00fastico<\/a>.<\/p>\n<p><!-- BREAK 13 --><\/p>\n<p><strong>Cada municipio apruebe regula un tramo horario<\/strong> (esta es la <a rel=\"noopener, noreferrer\" href=\"https:\/\/sede.santacruzdetenerife.es\/sede\/fileadmin\/user_upload\/Sede\/normativas\/Ordenanzas_municipales\/OMRuidosyVibraciones.pdf\">normativa en Tenerife<\/a>, d\u00f3nde se dan los hechos) en el que se pueden realizar ciertas actividades, pero tambi\u00e9n unas horas en las que est\u00e1 prohibido, cualquier tipo de actividad que pueda resultar molesta. Y aunque cada municipio tiene potestad para regular a su antojo, en general, los tramos y franjas horarias son muy parecidos en todos los casos.<\/p>\n<p><!-- BREAK 14 --><\/p>\n<p><strong>El caso m\u00e1s habitual<\/strong> es que se pueda realizar ruido de lunes a viernes entre las 08.00 de la ma\u00f1ana y las 21.00 o 22.00 de la noche. Los fines de semana o los festivos, las horas cambian y el tramo horario para generar ruido se reduce de 09.30 de la ma\u00f1ana a 21.00 de la noche.<\/p>\n<p><!-- BREAK 15 --><\/p>\n<div class=\"article-asset-image article-asset-normal article-asset-center\">\n<div class=\"asset-content\">\n<div class=\"caption-img \">\n<p>   <img decoding=\"async\" alt=\"Horario ruidos Granada\" class=\"centro_sinmarco\" src=\"https:\/\/i.blogs.es\/4e4500\/captura-de-pantalla-2024-07-10-a-las-11.15.35\/450_1000.webp\"><\/p>\n<p>        <span>Horario ruidos Granada<\/span>\n   <\/div>\n<\/p><\/div>\n<\/div>\n<p>En el caso de Granada <strong>se establecen tres tramos horarios de ma\u00f1ana tarde y noche<\/strong>. Adem\u00e1s de las horas, en ellos establece el nivel de ruido que se pueda soportar en la casa, diferenciando entre dormitorios y otras estancias.<\/p>\n<p><!-- BREAK 16 --><\/p>\n<p>Adem\u00e1s, como puedes ver, tambi\u00e9n aparecen citados los decibelios. Y es que la normativa de cada municipio suele establecer tambi\u00e9n el <strong>l\u00edmite de ruido que se puede soportar<\/strong>. Partiendo que los 35 dB, que es el valor normal, es el equivalente a una conversaci\u00f3n, esta es la cifra que se suele admitir por regla general durante el d\u00eda, mientras que en horario nocturno puede bajar a los 25 dB.<\/p>\n<p><!-- BREAK 17 --><\/p>\n<p>Por eso, y antes de entrar en cualquier discusi\u00f3n, lo m\u00e1s aconsejable es <strong>consultar la ordenanza de tu municipio<\/strong> que se aplica en el caso de los ruidos, para asegurarte de cumplir con la normativa, y en caso de reclamar, hacerlo con el amparo de la ley.<\/p>\n<p><!-- BREAK 18 --><\/p>\n<h2 id=\"como-medir-ruidos-2\" class=\"toc-enabled\"><span class=\"toc-shortcut-icon\" title=\"Ver \u00cdndice de contenido\"><\/span>C\u00f3mo medir los ruidos<\/h2>\n<div class=\"article-asset-image article-asset-normal article-asset-center\">\n<div class=\"asset-content\">\n<div class=\"caption-img \">\n                    <a rel=\"nofollow, sponsored, noopener, noreferrer noopener\" target=\"_blank\" class=\"js-ecommerce\" href=\"https:\/\/www.xatakahome.com\/redirect?url=https%3A%2F%2Fwww.amazon.es%2FMengshen-Decibel%25C3%25ADmetros-Decibelios-Profesional-Retroiluminada%2Fdp%2FB01CZFCRA8%2Fref%3Dsr_1_4_sspa%3F__mk_es_ES%3D%25C3%2585M%25C3%2585%25C5%25BD%25C3%2595%25C3%2591%26crid%3D1PSRIYXD6DFLV%26dib%3DeyJ2IjoiMSJ9.YUcthu-lG1mAcwHPjShRdURzm7GQhbISyDBAf6XmLUyFjhbcEYgaPL-ytyq70s67LthmFdukG9XPUyJ3MH_8LkDVyidQmjJFtDb5zdDOms7xkpeSX7B7mDNwhWtUWqT8TOsCqToEMXklxYnokb2kTbQanAZJTPei95wlC2aUexzxGBQQTeIDWAPEBWALbHTeZl6HhhO_EBATYlPFr0VlHaxq7DXPRkOClc14W9CQVETnqfO3yE8J3QC3HalDV1oN4VZVsg0eEscD25WgosBuV_HZilcSmtg8DTUeS1QkdDA.4KFZxssqKOoovIHS1NAXNBsGYrYkjAsScP4v0C4T7D0%26dib_tag%3Dse%26keywords%3Dsonometro%26qid%3D1720605519%26sprefix%3Dsonometro%252Caps%252C97%26sr%3D8-4-spons%26sp_csd%3Dd2lkZ2V0TmFtZT1zcF9hdGY%26psc%3D1&amp;category=hogar&amp;ecomPostExpiration=perish&amp;postId=113318\" data-vars-affiliate-url=\"https:\/\/www.amazon.es\/Mengshen-Decibel%C3%ADmetros-Decibelios-Profesional-Retroiluminada\/dp\/B01CZFCRA8\/ref=sr_1_4_sspa?__mk_es_ES=%C3%85M%C3%85%C5%BD%C3%95%C3%91&amp;crid=1PSRIYXD6DFLV&amp;dib=eyJ2IjoiMSJ9.YUcthu-lG1mAcwHPjShRdURzm7GQhbISyDBAf6XmLUyFjhbcEYgaPL-ytyq70s67LthmFdukG9XPUyJ3MH_8LkDVyidQmjJFtDb5zdDOms7xkpeSX7B7mDNwhWtUWqT8TOsCqToEMXklxYnokb2kTbQanAZJTPei95wlC2aUexzxGBQQTeIDWAPEBWALbHTeZl6HhhO_EBATYlPFr0VlHaxq7DXPRkOClc14W9CQVETnqfO3yE8J3QC3HalDV1oN4VZVsg0eEscD25WgosBuV_HZilcSmtg8DTUeS1QkdDA.4KFZxssqKOoovIHS1NAXNBsGYrYkjAsScP4v0C4T7D0&amp;dib_tag=se&amp;keywords=sonometro&amp;qid=1720605519&amp;sprefix=sonometro%2Caps%2C97&amp;sr=8-4-spons&amp;sp_csd=d2lkZ2V0TmFtZT1zcF9hdGY&amp;psc=1\"><\/p>\n<p>    <img decoding=\"async\" alt=\"Sonometro\" class=\"centro_sinmarco\" src=\"https:\/\/i.blogs.es\/b7eaab\/sonometro\/450_1000.webp\"><br \/>\n     <\/a><\/p>\n<p>        <span>Imagen |\u00a0Amazon<\/span>\n   <\/div>\n<\/p><\/div>\n<\/div>\n<p>Lo primero que hay que tener en cuenta antes de reclamar es el nivel de ruido. Para <strong>realizar una medici\u00f3n que se considere v\u00e1lida<\/strong>, esta debe llevarse a cabo en el interior del domicilio con las ventanas cerradas para no alterar el concepto de nivel sonoro interior. Para medir el nivel de ruido se puede usar un son\u00f3metro, pero tambi\u00e9n existen aplicaciones m\u00f3viles que permiten conocer el nivel de sonido que nos rodea.<\/p>\n<p><!-- BREAK 19 --><\/p>\n<p>Tanto el son\u00f3metro como las aplicaciones de m\u00f3vil, lo que hacen es recoger el sonido por medio del micr\u00f3fono y mostrar los decibelios alcanzados. Con esta medida realizada y <strong>siempre seguro de que los niveles son excesivos<\/strong>, el afectado puede terminar llamando a las Fuerzas y Cuerpos de Seguridad del Estado para que comprueben la situaci\u00f3n. Y si tiene testigos que corroboren su punto de vista, mejor que mejor.<\/p>\n<p><!-- BREAK 20 --><\/p>\n<h2 id=\"que-hacer-vecino-ruidoso-3\" class=\"toc-enabled\"><span class=\"toc-shortcut-icon\" title=\"Ver \u00cdndice de contenido\"><\/span>Qu\u00e9 hacer con un vecino ruidoso<\/h2>\n<div class=\"article-asset-image article-asset-normal article-asset-center\">\n<div class=\"asset-content\">\n<div class=\"caption-img \">\n                    <a rel=\"noopener, noreferrer\" href=\"https:\/\/www.pexels.com\/es-es\/foto\/primer-plano-de-mano-humana-327540\/\"><\/p>\n<p>    <img decoding=\"async\" alt=\"Pexels Pixabay 327540\" class=\"centro_sinmarco\" src=\"https:\/\/i.blogs.es\/0f00a0\/pexels-pixabay-327540\/450_1000.webp\"><br \/>\n     <\/a><\/p>\n<p>        <span>Foto de Pixabay<\/span>\n   <\/div>\n<\/p><\/div>\n<\/div>\n<p>A la hora de actuar contra un vecino que genera ruidos molestos hay que tener cuidado y cautela. Lo primero y siempre lo m\u00e1s aconsejable, es <strong>llegar a una soluci\u00f3n de forma amistosa<\/strong>. Reclamarle de manera educada que deje de hacer ruido indic\u00e1ndole que nos molesta y pedirle que respete los horarios, es lo m\u00e1s adecuado.<\/p>\n<p><!-- BREAK 21 --><\/p>\n<p>Si el vecino ruidoso no entra en raz\u00f3n por las buenas, el siguiente paso pasa por <strong>informar de este asunto al presidente de la Comunidad<\/strong> y trasladarle el problema. esta figura ser\u00e1 la encargada de informar al vecino ruidoso para que deje de molestar y se acoja a lo que establece la normativa legal en funci\u00f3n de horarios y decibelios.<\/p>\n<p><!-- BREAK 22 --><\/p>\n<div class=\"article-asset article-asset-normal article-asset-center\">\n<div class=\"desvio-container\">\n<div class=\"desvio\">\n<div class=\"desvio-figure js-desvio-figure\">\n    <a href=\"https:\/\/www.xatakahome.com\/tutoriales\/soy-presidente-comunidad-vecinos-estamos-cansados-pisos-turisticos-asi-vamos-a-usar-ley-para-controlarlos\"><br \/>\n     <img loading=\"lazy\" decoding=\"async\" alt=\"Soy presidente de una comunidad de vecinos en Granada y estamos cansados de los pisos tur\u00edsticos. As\u00ed vamos a combatirlos\" width=\"375\" height=\"142\" src=\"https:\/\/i.blogs.es\/1120b8\/antonio-recio\/375_142.webp\" onerror='this.src=\"https:\/\/i.blogs.es\/1120b8\/antonio-recio\/375_142.jpeg\"'><br \/>\n    <\/a>\n   <\/div>\n<div class=\"desvio-summary\">\n<div class=\"desvio-taxonomy js-desvio-taxonomy\">\n     <a href=\"https:\/\/www.xatakahome.com\/tutoriales\/soy-presidente-comunidad-vecinos-estamos-cansados-pisos-turisticos-asi-vamos-a-usar-ley-para-controlarlos\" class=\"desvio-taxonomy-anchor\">En Xataka Smart Home<\/a>\n    <\/div>\n<p>    <a href=\"https:\/\/www.xatakahome.com\/tutoriales\/soy-presidente-comunidad-vecinos-estamos-cansados-pisos-turisticos-asi-vamos-a-usar-ley-para-controlarlos\" class=\"desvio-title js-desvio-title\">Soy presidente de una comunidad de vecinos en Granada y estamos cansados de los pisos tur\u00edsticos. As\u00ed vamos a combatirlos<\/a>\n   <\/div>\n<\/p><\/div>\n<\/p><\/div>\n<\/div>\n<p>La figura del presidente de la comunidad de vecinos tiene como \u00abarma legal\u00bb tambi\u00e9n la <a rel=\"noopener, noreferrer\" href=\"https:\/\/www.boe.es\/buscar\/act.php?id=BOE-A-1960-10906\" data-id=\"noopener noreferrer\">Ley 49\/1960<\/a> de 21 de julio o LPH (Ley de Propiedad Horizontal). En ella y por medio del art\u00edculo 7.2, que ya hemos visto en otras ocasiones, se hace referencia a las <strong>actividades que puedan resultar molestas<\/strong>.<\/p>\n<p><!-- BREAK 23 --><\/p>\n<blockquote><p>Al propietario y al ocupante del piso o local no les est\u00e1 permitido desarrollar en \u00e9l o en el resto del inmueble actividades prohibidas en los estatutos, que resulten da\u00f1osas para la finca o que contravengan las disposiciones generales sobre actividades molestas, insalubres, nocivas, peligrosas o il\u00edcitas.<\/p><\/blockquote>\n<blockquote><p>El presidente de la comunidad, a iniciativa propia o de cualquiera de los propietarios u ocupantes, requerir\u00e1 a quien realice las actividades prohibidas por este apartado la inmediata cesaci\u00f3n de las mismas, bajo apercibimiento de iniciar las acciones judiciales procedentes.<\/p><\/blockquote>\n<p>Si tras esta advertencia, el vecino sigue haciendo caso omiso y generando ruidos molestos para el resto de propietarios, ser\u00e1 tiempo de abandonar la v\u00eda amistosa para proceder a una <strong>denuncia<\/strong> <strong>administrativa.<\/strong><\/p>\n<p><!-- BREAK 24 --><\/p>\n<div class=\"article-asset-image article-asset-normal article-asset-center\">\n<div class=\"asset-content\">\n<div class=\"caption-img \">\n                    <a rel=\"noopener, noreferrer\" href=\"https:\/\/www.pexels.com\/es-es\/foto\/mujeres-jovenes-alegres-gritando-en-altavoz-3764551\/\"><\/p>\n<p>    <img decoding=\"async\" alt=\"Pexels Olly 3764551\" class=\"centro_sinmarco\" src=\"https:\/\/i.blogs.es\/d72007\/pexels-olly-3764551\/450_1000.webp\"><br \/>\n     <\/a><\/p>\n<p>        <span>Imagen de Andrea Piacquadio<\/span>\n   <\/div>\n<\/p><\/div>\n<\/div>\n<p><strong>Paso previo al proceso judicial<\/strong> y se trata de una denuncia que se interpone ante el Ayuntamiento o la Polic\u00eda para que se comprueben los hechos reclamados. si realmente se han sobrepasado los decibelios admitidos, se inicia un procedimiento sancionador al vecino molesto.<\/p>\n<p><!-- BREAK 25 --><\/p>\n<p>Es el paso previo antes de iniciar el <strong>proceso judicial<\/strong>. Es la soluci\u00f3n menos aconsejable, por lo que puede durar el proceso y por la incertidumbre del resultado. Eso por no hablar de c\u00f3mo puedes estropear la convivencia vecinal.<\/p>\n<p><!-- BREAK 26 --><\/p>\n<p>Foto de portada | <a rel=\"noopener, noreferrer\" href=\"https:\/\/www.pexels.com\/es-es\/foto\/diversos-amigos-alegres-brindando-con-botellas-de-cerveza-en-la-azotea-5935189\/\">Kampus Production<\/a><\/p>\n<p>V\u00eda | <a rel=\"noopener, noreferrer\" href=\"https:\/\/www.huffingtonpost.es\/virales\/esta-amigas-terraza-piso-vecina-empieza-decirles-esto.html\">Huffingtonpost<\/a><\/p>\n<p>En Xataka SmartHome | <a href=\"https:\/\/www.xatakahome.com\/hogar\/aepd-multa-a-comunidad-vecinos-instalar-camaras-seguridad-que-grababan-via-publica\">Multan con 1.000 euros a unos vecinos por instalar c\u00e1maras de seguridad que grababan lo que ocurr\u00eda en zonas p\u00fablicas<\/a><\/p>\n<p><script>\n (function() {\n  window._JS_MODULES = window._JS_MODULES || {};\n  var headElement = document.getElementsByTagName('head')[0];\n  if (_JS_MODULES.instagram) {\n   var instagramScript = document.createElement('script');\n   instagramScript.src = 'https:\/\/platform.instagram.com\/en_US\/embeds.js';\n   instagramScript.async = true;\n   instagramScript.defer = true;\n   headElement.appendChild(instagramScript);\n  }\n })();\n<\/script><\/p>\n<p> &#8211; <br \/> La noticia<br \/>\n      <a href=\"https:\/\/www.xatakahome.com\/hogar\/discusion-vecinos-tenerife-que-se-hace-viral-ruido-enfrenta-a-usuarios-tiktok-esto-que-dice-ley?utm_source=feedburner&amp;utm_medium=feed&amp;utm_campaign=10_Jul_2024\"><br \/>\n       <em> Una discusi\u00f3n por los ruidos en un balc\u00f3n se hace viral en Tenerife. La gente no para de opinar y mientras, esto es lo que dice la ley <\/em><br \/>\n      <\/a><br \/>\n      fue publicada originalmente en<br \/>\n      <a href=\"https:\/\/www.xatakahome.com\/?utm_source=feedburner&amp;utm_medium=feed&amp;utm_campaign=10_Jul_2024\"><br \/>\n       <strong> Xataka Smart Home <\/strong><br \/>\n      <\/a><br \/>\n            por <a href=\"https:\/\/www.xatakahome.com\/autor\/jose-antonio-carmona?utm_source=feedburner&amp;utm_medium=feed&amp;utm_campaign=10_Jul_2024\"><br \/>\n       Jose Antonio Carmona<br \/>\n      <\/a><br \/>\n      . <\/p>\n<\/div>\n","protected":false},"excerpt":{"rendered":"<p>La llegada del verano hace que sea normal intentar combatir el calor en casa abriendo las ventanas para establecer corrientes de aire. Pero cuando abrimos la ventana, en muchas ocasiones, no solo se cuela una temperatura m\u00e1s agradable: los sonidos del exterior tambi\u00e9n entran en casa. Si durante el invierno estamos perfectamente aislados de todo &hellip; <a href=\"https:\/\/domosistemas.com\/?p=24963\" class=\"more-link\">Sigue leyendo <span class=\"screen-reader-text\">Una discusi\u00f3n por los ruidos en un balc\u00f3n se hace viral en Tenerife. La gente no para de opinar y mientras, esto es lo que dice la ley<\/span><\/a><\/p>\n","protected":false},"author":1,"featured_media":0,"comment_status":"closed","ping_status":"closed","sticky":false,"template":"","format":"standard","meta":{"footnotes":""},"categories":[8],"tags":[],"class_list":["post-24963","post","type-post","status-publish","format-standard","hentry","category-xataka"],"_links":{"self":[{"href":"https:\/\/domosistemas.com\/index.php?rest_route=\/wp\/v2\/posts\/24963","targetHints":{"allow":["GET"]}}],"collection":[{"href":"https:\/\/domosistemas.com\/index.php?rest_route=\/wp\/v2\/posts"}],"about":[{"href":"https:\/\/domosistemas.com\/index.php?rest_route=\/wp\/v2\/types\/post"}],"author":[{"embeddable":true,"href":"https:\/\/domosistemas.com\/index.php?rest_route=\/wp\/v2\/users\/1"}],"replies":[{"embeddable":true,"href":"https:\/\/domosistemas.com\/index.php?rest_route=%2Fwp%2Fv2%2Fcomments&post=24963"}],"version-history":[{"count":0,"href":"https:\/\/domosistemas.com\/index.php?rest_route=\/wp\/v2\/posts\/24963\/revisions"}],"wp:attachment":[{"href":"https:\/\/domosistemas.com\/index.php?rest_route=%2Fwp%2Fv2%2Fmedia&parent=24963"}],"wp:term":[{"taxonomy":"category","embeddable":true,"href":"https:\/\/domosistemas.com\/index.php?rest_route=%2Fwp%2Fv2%2Fcategories&post=24963"},{"taxonomy":"post_tag","embeddable":true,"href":"https:\/\/domosistemas.com\/index.php?rest_route=%2Fwp%2Fv2%2Ftags&post=24963"}],"curies":[{"name":"wp","href":"https:\/\/api.w.org\/{rel}","templated":true}]}}