{"id":24975,"date":"2024-07-11T10:09:39","date_gmt":"2024-07-11T10:09:39","guid":{"rendered":"https:\/\/domosistemas.com\/?p=24975"},"modified":"2024-07-11T10:09:39","modified_gmt":"2024-07-11T10:09:39","slug":"adios-a-los-aires-acondicionados-portatiles-grandes-y-pesados-este-invento-promete-ser-tres-veces-mas-pequeno-y-ligero","status":"publish","type":"post","link":"https:\/\/domosistemas.com\/?p=24975","title":{"rendered":"Adi\u00f3s a los aires acondicionados port\u00e1tiles grandes y pesados: este invento promete ser tres veces m\u00e1s peque\u00f1o y ligero"},"content":{"rendered":"<div>\n<p>\n      <img decoding=\"async\" src=\"https:\/\/i.blogs.es\/6d2fa5\/hexapro-studio-pipe-window\/1024_2000.jpeg\" alt=\"Adi\u00f3s a los aires acondicionados port\u00e1tiles grandes y pesados: este invento promete ser tres veces m\u00e1s peque\u00f1o y ligero \">\n    <\/p>\n<p>Los aparatos de <strong>aire acondicionado de instalaci\u00f3n fija<\/strong> son la mejor opci\u00f3n para pasar el verano fresquitos, pero hay ocasiones en las que por presupuesto, porque vivimos de alquiler y no podemos hacer obras o simplemente porque buscamos m\u00e1s <strong>flexibilidad de uso y movilidad<\/strong>, es necesario recurrir a un <a href=\"https:\/\/www.xatakahome.com\/electrodomesticos-innovadores\/sistemas-climatizacion-portatiles-bomba-calor-esta-mi-experiencia-opinion-ellos-anos-uso1\">modelo port\u00e1til<\/a>.<\/p>\n<p><!-- BREAK 1 --><\/p>\n<p>En el mercado hay multitud de modelos disponibles, la mayor\u00eda con una <a href=\"https:\/\/www.xatakahome.com\/seleccion\/aire-acondicionado-portatil-que-mirar-antes-comprar-uno-estos-dispositivos-para-combatir-calor-1\">ventajas e inconvenientes<\/a> dadas precisamente por esta portabilidad y resultando en equipos que en general son <strong>muy voluminosos y pesados<\/strong>. Esto es justo lo que quiere evitar el invento que hoy traemos.<\/p>\n<p><!-- BREAK 2 --><\/p>\n<div class=\"article-asset article-asset-normal article-asset-center\">\n<div class=\"desvio-container\">\n<div class=\"desvio\">\n<div class=\"desvio-figure js-desvio-figure\">\n    <a href=\"https:\/\/www.xatakahome.com\/hogar\/cuatro-ventajas-climatizadores-evaporativos-que-no-te-da-aire-acondicionado-portatil-1\"><br \/>\n     <img loading=\"lazy\" decoding=\"async\" alt=\"Cuatro ventajas de los climatizadores evaporativos que no te da un aire acondicionado port\u00e1til \" width=\"375\" height=\"142\" src=\"https:\/\/i.blogs.es\/ae6d91\/forcesilence-puretech-6500_3\/375_142.webp\" onerror='this.src=\"https:\/\/i.blogs.es\/ae6d91\/forcesilence-puretech-6500_3\/375_142.jpeg\"'><br \/>\n    <\/a>\n   <\/div>\n<div class=\"desvio-summary\">\n<div class=\"desvio-taxonomy js-desvio-taxonomy\">\n     <a href=\"https:\/\/www.xatakahome.com\/hogar\/cuatro-ventajas-climatizadores-evaporativos-que-no-te-da-aire-acondicionado-portatil-1\" class=\"desvio-taxonomy-anchor\">En Xataka Smart Home<\/a>\n    <\/div>\n<p>    <a href=\"https:\/\/www.xatakahome.com\/hogar\/cuatro-ventajas-climatizadores-evaporativos-que-no-te-da-aire-acondicionado-portatil-1\" class=\"desvio-title js-desvio-title\">Cuatro ventajas de los climatizadores evaporativos que no te da un aire acondicionado port\u00e1til <\/a>\n   <\/div>\n<\/p><\/div>\n<\/p><\/div>\n<\/div>\n<h2>HexaPro V2, un aire acondicionado port\u00e1til en miniatura<\/h2>\n<div class=\"article-asset-video article-asset-normal\">\n<div class=\"asset-content\">\n<div class=\"base-asset-video\">\n   <iframe loading=\"lazy\" width=\"650\" height=\"366\" src=\"\/\/www.youtube.com\/embed\/6AuQe1mNEfs\" allowfullscreen><\/iframe>\n  <\/div>\n<\/p><\/div>\n<\/div>\n<p>Se trata del <strong>HexaPro V2<\/strong>, un aire acondicionado port\u00e1til de la empresa <a rel=\"noopener, noreferrer\" href=\"https:\/\/www.hexafresh.com\/\">Hexafresh<\/a> que promete ir un paso m\u00e1s all\u00e1 en cuanto a portabilidad se refiere en este tipo de aparatos, ya que su modelo es <strong>mucho m\u00e1s compacto<\/strong> de lo habitual.<\/p>\n<p><!-- BREAK 3 --><\/p>\n<p>En concreto, con unas dimensiones de <strong>230 x 460 x 345 mm<\/strong> es unas tres veces m\u00e1s peque\u00f1o que la media de aires port\u00e1tiles del mercado, teniendo un peso de <strong>10,55 kilos<\/strong>, por lo que es m\u00e1s sencillo de trasladar y puede instalarse en m\u00e1s zonas de la vivienda.<\/p>\n<p><!-- BREAK 4 --><\/p>\n<p>Su forma de maleta permite que lo <strong>situemos sobre muebles<\/strong>, a diferencia de los aries tradicionales, siempre que contemos con una ventana cerca por la que sacar su <strong>tubo flexible<\/strong> para expulsar el calor generado por el aparato.<\/p>\n<p><!-- BREAK 5 --><\/p>\n<div class=\"article-asset-image article-asset-normal article-asset-center\">\n<div class=\"asset-content\">\n<p>   <img decoding=\"async\" alt=\"Img 3838\" class=\"centro_sinmarco\" src=\"https:\/\/i.blogs.es\/93f74b\/img_3838\/450_1000.webp\"><\/p><\/div>\n<\/div>\n<p>En cuanto a su capacidad para producir fr\u00edo, seg\u00fan el fabricante es capaz de proporcionar hasta <strong>4.000 BTU<\/strong>, potencia suficiente para enfriar o calentar (tiene bomba de calor integrada) una habitaci\u00f3n peque\u00f1a de <strong>entre 8 y 12 metros cuadrados.<\/strong><\/p>\n<p><!-- BREAK 6 --><\/p>\n<p>Si bien es adecuado para dormitorios o cuartos de estar peque\u00f1os, se quedar\u00e1 algo corto si nuestra sala es m\u00e1s grande o tiene techos muy altos. En cuanto al ruido producido mientras funciona, sus creadores afirman que es de unos <strong>51 dB<\/strong>, en la l\u00ednea de este tipo de productos port\u00e1tiles, teniendo un consumo el\u00e9ctrico de solo <strong>280 vatios<\/strong> a plena carga.<\/p>\n<p><!-- BREAK 7 --><\/p>\n<div class=\"article-asset-video article-asset-normal\">\n<div class=\"asset-content\">\n<div class=\"base-asset-video\">\n<div class=\"js-dailymotion\">\n    <script type=\"application\/json\">\n                          {\"videoId\":\"x8006fc\",\"autoplay\":true,\"title\":\"C\u00f3mo dormir cuando hace mucho calor y no tienes aire acondicionado\", \"tag\":\"\", \"duration\":\"217\"}\n                  <\/script>\n   <\/div>\n<\/p><\/div>\n<\/p><\/div>\n<\/div>\n<h2>Precio y disponibilidad<\/h2>\n<p>El nuevo HexaPro V2 se vende desde la p\u00e1gina web del fabricante por un precio de <a rel=\"noopener, noreferrer\" href=\"https:\/\/www.hexafresh.com\/product\/hexapro-by-hexafresh\/\">282,50 euros<\/a>.<\/p>\n<p>M\u00e1s informaci\u00f3n | <a rel=\"noopener, noreferrer\" href=\"https:\/\/www.hexafresh.com\/product\/hexapro-by-hexafresh\/\">Hexafresh<\/a><\/p>\n<p>En Xataka Smart Home | <a href=\"https:\/\/www.xatakahome.com\/seleccion\/aire-acondicionado-portatil-que-mirar-antes-comprar-uno-estos-dispositivos-para-combatir-calor-1\">Aire acondicionado port\u00e1til: qu\u00e9 mirar antes de comprar uno de estos dispositivos para combatir el calor<\/a><\/p>\n<p><script>\n (function() {\n  window._JS_MODULES = window._JS_MODULES || {};\n  var headElement = document.getElementsByTagName('head')[0];\n  if (_JS_MODULES.instagram) {\n   var instagramScript = document.createElement('script');\n   instagramScript.src = 'https:\/\/platform.instagram.com\/en_US\/embeds.js';\n   instagramScript.async = true;\n   instagramScript.defer = true;\n   headElement.appendChild(instagramScript);\n  }\n })();\n<\/script><\/p>\n<p> &#8211; <br \/> La noticia<br \/>\n      <a href=\"https:\/\/www.xatakahome.com\/electrodomesticos-innovadores\/adios-a-aires-acondicionados-portatiles-grandes-pesados-este-invento-promete-ser-tres-veces-pequeno-ligero?utm_source=feedburner&amp;utm_medium=feed&amp;utm_campaign=11_Jul_2024\"><br \/>\n       <em> Adi\u00f3s a los aires acondicionados port\u00e1tiles grandes y pesados: este invento promete ser tres veces m\u00e1s peque\u00f1o y ligero  <\/em><br \/>\n      <\/a><br \/>\n      fue publicada originalmente en<br \/>\n      <a href=\"https:\/\/www.xatakahome.com\/?utm_source=feedburner&amp;utm_medium=feed&amp;utm_campaign=11_Jul_2024\"><br \/>\n       <strong> Xataka Smart Home <\/strong><br \/>\n      <\/a><br \/>\n            por <a href=\"https:\/\/www.xatakahome.com\/autor\/paco-rodriguez?utm_source=feedburner&amp;utm_medium=feed&amp;utm_campaign=11_Jul_2024\"><br \/>\n       Paco Rodriguez<br \/>\n      <\/a><br \/>\n      . <\/p>\n<\/div>\n","protected":false},"excerpt":{"rendered":"<p>Los aparatos de aire acondicionado de instalaci\u00f3n fija son la mejor opci\u00f3n para pasar el verano fresquitos, pero hay ocasiones en las que por presupuesto, porque vivimos de alquiler y no podemos hacer obras o simplemente porque buscamos m\u00e1s flexibilidad de uso y movilidad, es necesario recurrir a un modelo port\u00e1til. En el mercado hay &hellip; <a href=\"https:\/\/domosistemas.com\/?p=24975\" class=\"more-link\">Sigue leyendo <span class=\"screen-reader-text\">Adi\u00f3s a los aires acondicionados port\u00e1tiles grandes y pesados: este invento promete ser tres veces m\u00e1s peque\u00f1o y ligero<\/span><\/a><\/p>\n","protected":false},"author":1,"featured_media":0,"comment_status":"closed","ping_status":"closed","sticky":false,"template":"","format":"standard","meta":{"footnotes":""},"categories":[8],"tags":[],"class_list":["post-24975","post","type-post","status-publish","format-standard","hentry","category-xataka"],"_links":{"self":[{"href":"https:\/\/domosistemas.com\/index.php?rest_route=\/wp\/v2\/posts\/24975","targetHints":{"allow":["GET"]}}],"collection":[{"href":"https:\/\/domosistemas.com\/index.php?rest_route=\/wp\/v2\/posts"}],"about":[{"href":"https:\/\/domosistemas.com\/index.php?rest_route=\/wp\/v2\/types\/post"}],"author":[{"embeddable":true,"href":"https:\/\/domosistemas.com\/index.php?rest_route=\/wp\/v2\/users\/1"}],"replies":[{"embeddable":true,"href":"https:\/\/domosistemas.com\/index.php?rest_route=%2Fwp%2Fv2%2Fcomments&post=24975"}],"version-history":[{"count":0,"href":"https:\/\/domosistemas.com\/index.php?rest_route=\/wp\/v2\/posts\/24975\/revisions"}],"wp:attachment":[{"href":"https:\/\/domosistemas.com\/index.php?rest_route=%2Fwp%2Fv2%2Fmedia&parent=24975"}],"wp:term":[{"taxonomy":"category","embeddable":true,"href":"https:\/\/domosistemas.com\/index.php?rest_route=%2Fwp%2Fv2%2Fcategories&post=24975"},{"taxonomy":"post_tag","embeddable":true,"href":"https:\/\/domosistemas.com\/index.php?rest_route=%2Fwp%2Fv2%2Ftags&post=24975"}],"curies":[{"name":"wp","href":"https:\/\/api.w.org\/{rel}","templated":true}]}}