{"id":24976,"date":"2024-07-11T11:01:39","date_gmt":"2024-07-11T11:01:39","guid":{"rendered":"https:\/\/domosistemas.com\/?p=24976"},"modified":"2024-07-11T11:01:39","modified_gmt":"2024-07-11T11:01:39","slug":"la-ultima-moda-es-que-la-constructora-tambien-sea-arrendadora-en-valencia-los-bloques-de-alquiler-son-tendencia","status":"publish","type":"post","link":"https:\/\/domosistemas.com\/?p=24976","title":{"rendered":"La \u00faltima moda es que la constructora tambi\u00e9n sea arrendadora. En Valencia los bloques de alquiler son tendencia"},"content":{"rendered":"<div>\n<p>\n      <img decoding=\"async\" src=\"https:\/\/i.blogs.es\/e1a23c\/pexels-madbyte-36366\/1024_2000.jpeg\" alt=\"La \u00faltima moda es que la constructora tambi\u00e9n sea arrendadora. En Valencia los bloques de alquiler son tendencia\">\n    <\/p>\n<p>Estamos viviendo un momento en el que el precio del metro cuadrado en la vivienda, tanto de alquiler como en venta est\u00e1 por las nubes. Este fen\u00f3meno unido a la proliferaci\u00f3n de las viviendas de uso tur\u00edstico (VUT), <strong>est\u00e1n vaciando el centro de las ciudades.<\/strong><\/p>\n<p><!-- BREAK 1 --><\/p>\n<p>Por eso en Valencia ha surgido un proyecto centrado en la construcci\u00f3n de bloques pero <strong>destinados directamente al alquiler<\/strong>. El proyecto ha sido desarrollado por AVINTIA y se centra en la edificaci\u00f3n de tres bloques de viviendas dise\u00f1adas exclusivamente para ser alquiladas.<\/p>\n<p><!-- BREAK 2 --><\/p>\n<h2>No aptas para comprar<\/h2>\n<div class=\"article-asset-image article-asset-normal article-asset-center\">\n<div class=\"asset-content\">\n<div class=\"caption-img \">\n                    <a rel=\"noopener, noreferrer\" href=\"https:\/\/www.pexels.com\/es-es\/foto\/edificio-pared-muro-ropa-3459960\/\"><\/p>\n<p>    <img decoding=\"async\" alt=\"Pexels Ag Z 1866835 3459960\" class=\"centro_sinmarco\" src=\"https:\/\/i.blogs.es\/d708d6\/pexels-ag-z-1866835-3459960\/450_1000.webp\"><br \/>\n     <\/a><\/p>\n<p>        <span>Foto de AG Z<\/span>\n   <\/div>\n<\/p><\/div>\n<\/div>\n<p>En el proyecto han participado los estudios de arquitectura \u00a0Nebot Arquitectos, Arqueha y Adoras Atelier Arquitectura. Fruto de esta colaboraci\u00f3n <strong>se han levantado tres bloques<\/strong> de viviendas en una zona de Valencia, en el entorno del Grau, una de las zonas de expansi\u00f3n de la ciudad.<\/p>\n<p><!-- BREAK 3 --><\/p>\n<p>En el exterior nada los distingue salvo el mural que aparece en uno de los laterales, obra del artista Felipe Pantone. Las viviendas est\u00e1n equipadas con las comodidades est\u00e1ndar de cualquier promoci\u00f3n inmobiliaria pero tienen una particularidad: <strong>est\u00e1n enfocadas al alquiler<\/strong>.<\/p>\n<p><!-- BREAK 4 --><\/p>\n<div class=\"article-asset-video article-asset-normal\">\n<div class=\"asset-content\">\n<div class=\"base-asset-video\">\n<div class=\"js-dailymotion\">\n    <script type=\"application\/json\">\n                          {\"videoId\":\"x7znesx\",\"autoplay\":true,\"title\":\"Edificio de autoconsumo ASI\u0301 FUNCIONAN - Paneles solares en bloques de pisos\", \"tag\":\"solar\", \"duration\":\"564\"}\n                  <\/script>\n   <\/div>\n<\/p><\/div>\n<\/p><\/div>\n<\/div>\n<p>Es una tendencia cada vez m\u00e1s com\u00fan. Levantar pisos y viviendas dise\u00f1adas exclusivamente para ser alquiladas. Con esta pr\u00e1ctica se quiere <strong>responder a una demanda de una parte de la clientela<\/strong> que hasta ahora no encontraba alternativas.<\/p>\n<p><!-- BREAK 5 --><\/p>\n<p><strong>En estas viviendas la compra no es una opci\u00f3n<\/strong>. Son pisos pensados para \u00abn\u00f3madas digitales y profesionales procedentes de otras partes de Espa\u00f1a o del extranjero\u00bb. Son usuarios que van a residir de forma temporal en la ciudad y que por lo tanto necesitan un alquiler transitorio, nada de alquileres de larga estancia.<\/p>\n<p><!-- BREAK 6 --><\/p>\n<div class=\"article-asset article-asset-normal article-asset-center\">\n<div class=\"desvio-container\">\n<div class=\"desvio\">\n<div class=\"desvio-figure js-desvio-figure\">\n    <a href=\"https:\/\/www.xatakahome.com\/tutoriales\/soy-presidente-comunidad-vecinos-estamos-cansados-pisos-turisticos-asi-vamos-a-usar-ley-para-controlarlos\"><br \/>\n     <img loading=\"lazy\" decoding=\"async\" alt=\"Soy presidente de una comunidad de vecinos en Granada y estamos cansados de los pisos tur\u00edsticos. As\u00ed vamos a combatirlos\" width=\"375\" height=\"142\" src=\"https:\/\/i.blogs.es\/1120b8\/antonio-recio\/375_142.webp\" onerror='this.src=\"https:\/\/i.blogs.es\/1120b8\/antonio-recio\/375_142.jpeg\"'><br \/>\n    <\/a>\n   <\/div>\n<div class=\"desvio-summary\">\n<div class=\"desvio-taxonomy js-desvio-taxonomy\">\n     <a href=\"https:\/\/www.xatakahome.com\/tutoriales\/soy-presidente-comunidad-vecinos-estamos-cansados-pisos-turisticos-asi-vamos-a-usar-ley-para-controlarlos\" class=\"desvio-taxonomy-anchor\">En Xataka Smart Home<\/a>\n    <\/div>\n<p>    <a href=\"https:\/\/www.xatakahome.com\/tutoriales\/soy-presidente-comunidad-vecinos-estamos-cansados-pisos-turisticos-asi-vamos-a-usar-ley-para-controlarlos\" class=\"desvio-title js-desvio-title\">Soy presidente de una comunidad de vecinos en Granada y estamos cansados de los pisos tur\u00edsticos. As\u00ed vamos a combatirlos<\/a>\n   <\/div>\n<\/p><\/div>\n<\/p><\/div>\n<\/div>\n<p>Estas viviendas \u00abs\u00f3lo de alquiler\u00bb <strong>aportan flexibilidad<\/strong> y eliminan cualquier tipo de \u00a0atadura permanentes. No hay opci\u00f3n a comprar y la empresa que edifica es tambi\u00e9n la que hace de arrendadora. Tiene un control total sobre la construcci\u00f3n y el mantenimiento.<\/p>\n<p><!-- BREAK 7 --><\/p>\n<p>Este tipo de propuesta intenta responder al aumento del coste en el precio del alquiler, que como apuntan desde <a rel=\"noopener, noreferrer\" href=\"https:\/\/www.idealista.com\/news\/inmobiliario\/vivienda\/2024\/07\/01\/818128-los-alquileres-vuelven-a-subir-en-el-segundo-trimestre-13-2-mientras-sigue-cayendo\" data-id=\"noopener\">Idealista<\/a>, <strong>ha aumentado un 13,2% en el \u00faltimo a\u00f1o<\/strong>, lo que supone no solo un aumento de los precios, sino tambi\u00e9n una escasez de la oferta.<\/p>\n<p><!-- BREAK 8 --><\/p>\n<p>Foto de portada | <a rel=\"noopener, noreferrer\" href=\"https:\/\/www.pexels.com\/es-es\/foto\/apartamento-brown-36366\/\">Vladimir Kudinov<\/a><\/p>\n<p>V\u00eda | <a rel=\"noopener, noreferrer\" href=\"https:\/\/www.lasprovincias.es\/arquitecturas\/constructores-caseros-moda-edificar-viviendas-solo-alquiler-20240624100706-nt.html\">Las Provincias<\/a><\/p>\n<p>En Xataka SmartHome | <a href=\"https:\/\/www.xatakahome.com\/hogar\/estos-todos-gastos-que-debes-pagar-te-vas-alquiler\">Estos son todos los gastos que debes pagar si te vas de alquiler<\/a><\/p>\n<p><script>\n (function() {\n  window._JS_MODULES = window._JS_MODULES || {};\n  var headElement = document.getElementsByTagName('head')[0];\n  if (_JS_MODULES.instagram) {\n   var instagramScript = document.createElement('script');\n   instagramScript.src = 'https:\/\/platform.instagram.com\/en_US\/embeds.js';\n   instagramScript.async = true;\n   instagramScript.defer = true;\n   headElement.appendChild(instagramScript);\n  }\n })();\n<\/script><\/p>\n<p> &#8211; <br \/> La noticia<br \/>\n      <a href=\"https:\/\/www.xatakahome.com\/hogar\/ultima-moda-que-constructora-tambien-sea-arrendadora-valencia-bloques-alquiler-tendencia?utm_source=feedburner&amp;utm_medium=feed&amp;utm_campaign=11_Jul_2024\"><br \/>\n       <em> La \u00faltima moda es que la constructora tambi\u00e9n sea arrendadora. En Valencia los bloques de alquiler son tendencia <\/em><br \/>\n      <\/a><br \/>\n      fue publicada originalmente en<br \/>\n      <a href=\"https:\/\/www.xatakahome.com\/?utm_source=feedburner&amp;utm_medium=feed&amp;utm_campaign=11_Jul_2024\"><br \/>\n       <strong> Xataka Smart Home <\/strong><br \/>\n      <\/a><br \/>\n            por <a href=\"https:\/\/www.xatakahome.com\/autor\/jose-antonio-carmona?utm_source=feedburner&amp;utm_medium=feed&amp;utm_campaign=11_Jul_2024\"><br \/>\n       Jose Antonio Carmona<br \/>\n      <\/a><br \/>\n      . <\/p>\n<\/div>\n","protected":false},"excerpt":{"rendered":"<p>Estamos viviendo un momento en el que el precio del metro cuadrado en la vivienda, tanto de alquiler como en venta est\u00e1 por las nubes. Este fen\u00f3meno unido a la proliferaci\u00f3n de las viviendas de uso tur\u00edstico (VUT), est\u00e1n vaciando el centro de las ciudades. Por eso en Valencia ha surgido un proyecto centrado en &hellip; <a href=\"https:\/\/domosistemas.com\/?p=24976\" class=\"more-link\">Sigue leyendo <span class=\"screen-reader-text\">La \u00faltima moda es que la constructora tambi\u00e9n sea arrendadora. En Valencia los bloques de alquiler son tendencia<\/span><\/a><\/p>\n","protected":false},"author":1,"featured_media":0,"comment_status":"closed","ping_status":"closed","sticky":false,"template":"","format":"standard","meta":{"footnotes":""},"categories":[8],"tags":[],"class_list":["post-24976","post","type-post","status-publish","format-standard","hentry","category-xataka"],"_links":{"self":[{"href":"https:\/\/domosistemas.com\/index.php?rest_route=\/wp\/v2\/posts\/24976","targetHints":{"allow":["GET"]}}],"collection":[{"href":"https:\/\/domosistemas.com\/index.php?rest_route=\/wp\/v2\/posts"}],"about":[{"href":"https:\/\/domosistemas.com\/index.php?rest_route=\/wp\/v2\/types\/post"}],"author":[{"embeddable":true,"href":"https:\/\/domosistemas.com\/index.php?rest_route=\/wp\/v2\/users\/1"}],"replies":[{"embeddable":true,"href":"https:\/\/domosistemas.com\/index.php?rest_route=%2Fwp%2Fv2%2Fcomments&post=24976"}],"version-history":[{"count":0,"href":"https:\/\/domosistemas.com\/index.php?rest_route=\/wp\/v2\/posts\/24976\/revisions"}],"wp:attachment":[{"href":"https:\/\/domosistemas.com\/index.php?rest_route=%2Fwp%2Fv2%2Fmedia&parent=24976"}],"wp:term":[{"taxonomy":"category","embeddable":true,"href":"https:\/\/domosistemas.com\/index.php?rest_route=%2Fwp%2Fv2%2Fcategories&post=24976"},{"taxonomy":"post_tag","embeddable":true,"href":"https:\/\/domosistemas.com\/index.php?rest_route=%2Fwp%2Fv2%2Ftags&post=24976"}],"curies":[{"name":"wp","href":"https:\/\/api.w.org\/{rel}","templated":true}]}}