{"id":24989,"date":"2024-07-12T08:09:43","date_gmt":"2024-07-12T08:09:43","guid":{"rendered":"https:\/\/domosistemas.com\/?p=24989"},"modified":"2024-07-12T08:09:43","modified_gmt":"2024-07-12T08:09:43","slug":"el-precio-de-la-luz-ha-vuelto-a-niveles-previos-a-la-crisis-asi-estan-ahora-la-tarifa-pvpc-y-las-del-mercado-libre-segun-la-cnmc","status":"publish","type":"post","link":"https:\/\/domosistemas.com\/?p=24989","title":{"rendered":"El precio de la luz ha vuelto a niveles previos a la crisis: as\u00ed est\u00e1n ahora la tarifa PVPC y las del mercado libre seg\u00fan la CNMC"},"content":{"rendered":"<div>\n<p>\n      <img decoding=\"async\" src=\"https:\/\/i.blogs.es\/ce22fa\/wire-line-tower-power-line-mast-electricity-99830-pxhere.com\/1024_2000.jpeg\" alt=\"El precio de la luz ha vuelto a niveles previos a la crisis: as\u00ed est\u00e1n ahora la tarifa PVPC y las del mercado libre seg\u00fan la CNMC \">\n    <\/p>\n<p>La <a href=\"https:\/\/www.xataka.com\/energia\/precio-electricidad-caro-historia-manana-tarde-se-pagara-a-700-eur-mwh\">subida en la factura de la luz<\/a> en 2022 y 2023 fue una de las principales preocupaciones para muchas familias que vimos c\u00f3mo <strong>costaba m\u00e1s llegar a final de mes,<\/strong> a pesar de las diferentes <a href=\"https:\/\/www.xatakahome.com\/iluminacion-y-energia\/siete-sencillas-medidas-que-estamos-tomando-casa-para-ahorrar-nueva-factura-luz\">medidas y trucos de ahorro<\/a> que era posible aplicar para tratar de rebajar el coste energ\u00e9tico.<\/p>\n<p><!-- BREAK 1 --><\/p>\n<p><strong>Los precios han ido moder\u00e1ndose<\/strong> poco a poco en los \u00faltimos meses y, de hecho, este 2024 estamos asistiendo a <a href=\"https:\/\/www.xatakahome.com\/iluminacion-y-energia\/mi-tarifa-luz-tendria-que-ser-casi-gratis-tiene-costes-ocultos-que-disparan-precio\">d\u00edas con la electricidad muy barata, casi gratis<\/a>, lo que supone un respiro para nuestros bolsillos. \u00bfC\u00f3mo est\u00e1 la situaci\u00f3n ahora mismo?<\/p>\n<p><!-- BREAK 2 --><\/p>\n<div class=\"toc-container article-asset-normal\">\n<details>\n<summary class=\"toc-header \">\n   <span class=\"toc-heading\"><br \/>\n    <span>\u00cdndice de Contenidos (5)<\/span><br \/>\n   <\/span><br \/>\n   <span class=\"icon-folded\"><\/span><br \/>\n  <\/summary>\n<\/details>\n<div class=\"toc-list-wrap \">\n<div class=\"toc-list-item\">\n<ul class=\"toc-list\">\n<li class=\"toc-item\">\n       <a href=\"https:\/\/www.xatakahome.com\/#precios-energeticos-como-antes-crisis-1\" class=\"toc-item-link\">Precios energ\u00e9ticos como antes de la crisis<\/a>\n      <\/li>\n<li class=\"toc-item\">\n       <a href=\"https:\/\/www.xatakahome.com\/#como-saber-me-conviene-tener-tarifa-pvpc-2\" class=\"toc-item-link\">C\u00f3mo saber si me conviene tener la tarifa PVPC<\/a>\n      <\/li>\n<li class=\"toc-sub-item\">\n       <a href=\"https:\/\/www.xatakahome.com\/#queremos-acogernos-al-bono-social-electrico-3\" class=\"toc-item-link\">Queremos acogernos al bono social el\u00e9ctrico<\/a>\n      <\/li>\n<li class=\"toc-sub-item\">\n       <a href=\"https:\/\/www.xatakahome.com\/#hago-uso-intensivo-luz-fines-semana-festivos-4\" class=\"toc-item-link\">Hago un uso intensivo de la luz en fines de semana y festivos<\/a>\n      <\/li>\n<li class=\"toc-sub-item\">\n       <a href=\"https:\/\/www.xatakahome.com\/#puedo-redirigir-uso-aparatos-que-consumen-casa-a-dos-franjas-horarias-5\" class=\"toc-item-link\">Puedo redirigir el uso de los aparatos que m\u00e1s consumen en casa a dos franjas horarias<\/a>\n      <\/li>\n<\/ul><\/div>\n<\/p><\/div>\n<\/div>\n<div class=\"article-asset article-asset-normal article-asset-center\">\n<div class=\"desvio-container\">\n<div class=\"desvio\">\n<div class=\"desvio-figure js-desvio-figure\">\n    <a href=\"https:\/\/www.xatakahome.com\/hogar\/tarifas-luz-baratas-julio-2024-asi-queda-pvpc-respecto-al-mercado-libre\"><br \/>\n     <img loading=\"lazy\" decoding=\"async\" alt=\"Las tarifas de la luz m\u00e1s baratas en julio de 2024: as\u00ed queda la PVPC con respecto al mercado libre     \" width=\"375\" height=\"142\" src=\"https:\/\/i.blogs.es\/72b929\/anais-murith-t_pedvsmmtc-unsplash\/375_142.webp\" onerror='this.src=\"https:\/\/i.blogs.es\/72b929\/anais-murith-t_pedvsmmtc-unsplash\/375_142.jpeg\"'><br \/>\n    <\/a>\n   <\/div>\n<div class=\"desvio-summary\">\n<div class=\"desvio-taxonomy js-desvio-taxonomy\">\n     <a href=\"https:\/\/www.xatakahome.com\/hogar\/tarifas-luz-baratas-julio-2024-asi-queda-pvpc-respecto-al-mercado-libre\" class=\"desvio-taxonomy-anchor\">En Xataka Smart Home<\/a>\n    <\/div>\n<p>    <a href=\"https:\/\/www.xatakahome.com\/hogar\/tarifas-luz-baratas-julio-2024-asi-queda-pvpc-respecto-al-mercado-libre\" class=\"desvio-title js-desvio-title\">Las tarifas de la luz m\u00e1s baratas en julio de 2024: as\u00ed queda la PVPC con respecto al mercado libre     <\/a>\n   <\/div>\n<\/p><\/div>\n<\/p><\/div>\n<\/div>\n<h2 id=\"precios-energeticos-como-antes-crisis-1\" class=\"toc-enabled\"><span class=\"toc-shortcut-icon\" title=\"Ver \u00cdndice de contenido\"><\/span>Precios energ\u00e9ticos como antes de la crisis<\/h2>\n<p>Pues como se\u00f1ala el <a rel=\"noopener, noreferrer\" href=\"https:\/\/blog.cnmc.es\/2024\/07\/11\/factura-luz-precios-negativos\/\">\u00faltimo informe de la CNMC<\/a>, los precios en los mercados mayoristas han vuelto a situarse este 2024 en <strong>niveles similares a los que est\u00e1bamos acostumbrados antes de la crisis.<\/strong><\/p>\n<p><!-- BREAK 3 --><\/p>\n<p>El organismo ha elaborado un interesante gr\u00e1fico en el que comparan la media de las <strong>10 ofertas disponibles m\u00e1s econ\u00f3micas<\/strong> para el consumidor dom\u00e9stico en el mercado libre ahora mismo, suponiendo una potencia contratada de 4,4 kW y consumo anual de 3.000 kWh, <strong>y la tarifa PVPC<\/strong> o regulada.<\/p>\n<p><!-- BREAK 4 --><\/p>\n<div class=\"article-asset-image article-asset-normal article-asset-center\">\n<div class=\"asset-content\">\n<div class=\"caption-img \">\n<p>   <img decoding=\"async\" alt=\"Imagen1 2\" class=\"centro_sinmarco\" src=\"https:\/\/i.blogs.es\/168a0f\/imagen1-2\/450_1000.webp\"><\/p>\n<p>        <span>Evoluci\u00f3n del PVPC y de las 10 ofertas m\u00e1s econ\u00f3micas del comparador de la CNMC para el consumidor dom\u00e9stico. Fuente: CNMC<\/span>\n   <\/div>\n<\/p><\/div>\n<\/div>\n<p>El resultado es el que podemos ver en la imagen, donde es posible observar c\u00f3mo <strong>en 2021-2022 la tarifa PVPC dej\u00f3 claramente de ser competitiva<\/strong> con respecto a las del mercado libre, pero poco a poco ha ido estabiliz\u00e1ndose y convirti\u00e9ndose en una alternativa real con precios que ya se encuentran algunos meses por debajo de ellas.<\/p>\n<p><!-- BREAK 5 --><\/p>\n<p>La CNMC se\u00f1ala adem\u00e1s que si tenemos contratado un precio din\u00e1mico o \u00a0indexado al precio del mercado mayorista, como la tarifa PVPC, <strong>de acuerdo con los an\u00e1lisis realizados,<\/strong> cambiando el perfil de consumo es posible ahorrar entre un 8 % y 11 % de la factura anual.<\/p>\n<p><!-- BREAK 6 --><\/p>\n<div class=\"article-asset-video article-asset-normal\">\n<div class=\"asset-content\">\n<div class=\"base-asset-video\">\n<div class=\"js-dailymotion\">\n    <script type=\"application\/json\">\n                          {\"videoId\":\"x81h7p2\",\"autoplay\":true,\"title\":\"NUEVA FACTURA DE LA LUZ: TODO LO QUE DEBES SABER para AHORRAR AL M\u00c1XIMO\", \"tag\":\"\"}\n                  <\/script>\n   <\/div>\n<\/p><\/div>\n<\/p><\/div>\n<\/div>\n<h2 id=\"como-saber-me-conviene-tener-tarifa-pvpc-2\" class=\"toc-enabled\"><span class=\"toc-shortcut-icon\" title=\"Ver \u00cdndice de contenido\"><\/span><strong>C\u00f3mo saber si me conviene tener la tarifa PVPC<\/strong><\/h2>\n<p>Entonces, \u00bfes mejor ahora mismo de cara a este verano estar con la tarifa en el mercado PVPC o en libre? En general, por precios medios las cifras apuntan a que <strong>la PVPC ser\u00e1 algo m\u00e1s cara<\/strong>. No obstante, conviene <strong>valorar las siguientes razones<\/strong> para ver si nos merece la pena apostar por dicha tarifa regulada:<\/p>\n<p><!-- BREAK 7 --><\/p>\n<h3 id=\"queremos-acogernos-al-bono-social-electrico-3\" class=\"toc-enabled\"><span class=\"toc-shortcut-icon\" title=\"Ver \u00cdndice de contenido\"><\/span>Queremos acogernos al bono social el\u00e9ctrico<\/h3>\n<p>El primer argumento para apostar por la <strong>tarifa PVPC<\/strong> actualmente es si somos o pretendemos ser esta pr\u00f3xima temporada consumidores que se acojan al <a href=\"https:\/\/www.xatakahome.com\/iluminacion-y-energia\/bono-social-factura-luz-que-que-descuento-ofrece-requisitos-para-solicitarlo\">bono social el\u00e9ctrico<\/a>.<\/p>\n<p><!-- BREAK 8 --><\/p>\n<p>Se trata b\u00e1sicamente un <strong>descuento en la factura el\u00e9ctrica<\/strong> que se aplica solo y exclusivamente sobre tarifas PVPC, con un l\u00edmite m\u00e1ximo de energ\u00eda anual bonificada en funci\u00f3n de cu\u00e1ntos miembros tenga la unidad familiar. Adem\u00e1s hay que cumplir otros <a href=\"https:\/\/www.xatakahome.com\/a-fondo\/bono-social-termico-electrico-2023-como-solicitar-estas-ayudas-para-electricidad-calefaccion\">requisitos importantes<\/a>, destacando los siguientes:<\/p>\n<p><!-- BREAK 9 --><\/p>\n<ul>\n<li><strong>El PVPC debe estar contratado en la vivienda habitual<\/strong> con una potencia contratada <strong>igual o inferior a 10kW<\/strong> y el solicitante debe ser el titular del contrato.<\/li>\n<li>Adem\u00e1s, este PVPC debe estar contratado solo con las <a rel=\"noopener, noreferrer\" href=\"https:\/\/www.bonosocial.gob.es\/#como\" data-id=\"noopener, noreferrer\">comercializadoras de referencia que establece el Gobierno<\/a> <strong>rellenando y solicitando el correspondiente formulario.<\/strong><\/li>\n<\/ul>\n<p>Por tanto, si queremos acceder al bono social el\u00e9ctrico deberemos <strong>tener obligatoriamente una tarifa PVPC<\/strong> y adem\u00e1s esta tendr\u00e1 que estar contratada con una de las comercializadoras de referencia antes se\u00f1aladas.<\/p>\n<p><!-- BREAK 10 --><\/p>\n<h3 id=\"hago-uso-intensivo-luz-fines-semana-festivos-4\" class=\"toc-enabled\"><span class=\"toc-shortcut-icon\" title=\"Ver \u00cdndice de contenido\"><\/span>Hago un uso intensivo de la luz en fines de semana y festivos<\/h3>\n<div class=\"article-asset-image article-asset-normal article-asset-center\">\n<div class=\"asset-content\">\n<div class=\"caption-img \">\n<p>   <img decoding=\"async\" alt=\"Comparativa Tarifas Fin De Semana\" class=\"centro_sinmarco\" src=\"https:\/\/i.blogs.es\/aa1027\/comparativa-tarifas-fin-de-semana\/450_1000.webp\"><\/p>\n<p>        <span>Precio luz fin de semana. Imagen: Red El\u00e9ctrica Espa\u00f1ola<\/span>\n   <\/div>\n<\/p><\/div>\n<\/div>\n<p>Otro caso de uso donde nos va a convenir contratar la tarifa regulada o PVPC es cuando por nuestra circunstancia personal y familiar vamos a hacer <strong>un uso intensivo de la electricidad en casa los fines de semana y festivos<\/strong>.<\/p>\n<p><!-- BREAK 11 --><\/p>\n<p>Es por ejemplo el caso de familias numerosas que entre semana apenas est\u00e1n en casa porque los padres trabajan y los hijos pasan la mayor parte del d\u00eda fuera en colegios, institutos, actividades extraescolares, etc. Pero luego los fines de semana y festivos se juntan todos en casa encendiendo m\u00faltiples electrodom\u00e9sticos, poniendo lavadoras, usando equipos, calefacci\u00f3n el\u00e9ctrica, etc.<\/p>\n<p><!-- BREAK 12 --><\/p>\n<p>Tambi\u00e9n en caso de contar con una <strong>segunda residencia donde solo vamos los fines de semana<\/strong>, puentes y similares, contando con calefacci\u00f3n y\/o aire acondicionado el\u00e9ctrico. En estas situaciones, <strong>la tarifa PVPC nos permitir\u00e1 un importante ahorro,<\/strong> ya que actualmente tiene un precio mucho m\u00e1s econ\u00f3mico en d\u00edas festivos \u00a0que cualquier otra tarifa no indexada del mercado, incluso las que \u00a0\u00a0ofrecen varios precios en funci\u00f3n de las horas.<\/p>\n<p><!-- BREAK 13 --><\/p>\n<h3 id=\"puedo-redirigir-uso-aparatos-que-consumen-casa-a-dos-franjas-horarias-5\" class=\"toc-enabled\"><span class=\"toc-shortcut-icon\" title=\"Ver \u00cdndice de contenido\"><\/span>Puedo redirigir el uso de los aparatos que m\u00e1s consumen en casa a dos franjas horarias<\/h3>\n<div class=\"article-asset-image article-asset-normal article-asset-center\">\n<div class=\"asset-content\">\n<div class=\"caption-img \">\n<p>   <img decoding=\"async\" alt=\"Comparativa Tarifasdiario\" class=\"centro_sinmarco\" src=\"https:\/\/i.blogs.es\/9f40fd\/comparativa-tarifasdiario\/450_1000.webp\"><\/p>\n<p>        <span>Precio luz entre semana. Imagen: Red El\u00e9ctrica Espa\u00f1ola<\/span>\n   <\/div>\n<\/p><\/div>\n<\/div>\n<p>Muy bien, los fines de semana est\u00e1 mucho m\u00e1s econ\u00f3mica la tarifa PVPC, pero \u00bfqu\u00e9 pasa entre semana?, \u00bfmerece la pena si mi uso principal se encuentra en <strong>d\u00edas laborables<\/strong>?<\/p>\n<p><!-- BREAK 14 --><\/p>\n<p>Pues depende de la hora a la que se produzca este uso principal, ya que ahora mismo en media la tarifa PVPC tiene estos d\u00edas un coste superior a algunas del mercado libre, aunque <strong>depende del horario en el que vayamos a consumir la energ\u00eda<\/strong>.<\/p>\n<p><!-- BREAK 15 --><\/p>\n<p>En general, la tarifa PVPC sigue siendo competitiva si queremos aprovechar la <strong>franja de madrugada<\/strong> (de 00:00 a 08:00 horas) y la franja comprendida <strong>entre las 14:00-18:00 horas<\/strong>, con precios que suelen ser algo m\u00e1s econ\u00f3micos que las tarifas de varios precios en el mercado libre.<\/p>\n<p><!-- BREAK 16 --><\/p>\n<p>Sin embargo, si nuestro uso principal del d\u00eda va a <strong>centrarse en horario de tarde<\/strong> y sobre todo a partir de las 18:00 horas, entonces el precio a pagar es \u00a0\u00a0mucho m\u00e1s elevado y nos convendr\u00e1 contratar una tarifa en el mercado libre.<\/p>\n<p><!-- BREAK 17 --><\/p>\n<p>M\u00e1s informaci\u00f3n | <a rel=\"noopener, noreferrer\" href=\"https:\/\/blog.cnmc.es\/2024\/07\/11\/factura-luz-precios-negativos\/\">CNMC<\/a><\/p>\n<p>Imagen portada | <a rel=\"noopener, noreferrer\" href=\"https:\/\/pxhere.com\/es\/photo\/99830\">PxHere<\/a><\/p>\n<p>En Xataka Smart Home | <a href=\"https:\/\/www.xatakahome.com\/hogar\/tarifas-luz-baratas-julio-2024-asi-queda-pvpc-respecto-al-mercado-libre\">Las tarifas de la luz m\u00e1s baratas en julio de 2024: as\u00ed queda la PVPC con respecto al mercado libre<\/a><\/p>\n<p><script>\n (function() {\n  window._JS_MODULES = window._JS_MODULES || {};\n  var headElement = document.getElementsByTagName('head')[0];\n  if (_JS_MODULES.instagram) {\n   var instagramScript = document.createElement('script');\n   instagramScript.src = 'https:\/\/platform.instagram.com\/en_US\/embeds.js';\n   instagramScript.async = true;\n   instagramScript.defer = true;\n   headElement.appendChild(instagramScript);\n  }\n })();\n<\/script><\/p>\n<p> &#8211; <br \/> La noticia<br \/>\n      <a href=\"https:\/\/www.xatakahome.com\/iluminacion-y-energia\/precio-luz-ha-vuelto-a-niveles-previos-a-crisis-asi-estan-ahora-tarifa-pvpc-mercado-libre-cnmc?utm_source=feedburner&amp;utm_medium=feed&amp;utm_campaign=12_Jul_2024\"><br \/>\n       <em> El precio de la luz ha vuelto a niveles previos a la crisis: as\u00ed est\u00e1n ahora la tarifa PVPC y las del mercado libre seg\u00fan la CNMC  <\/em><br \/>\n      <\/a><br \/>\n      fue publicada originalmente en<br \/>\n      <a href=\"https:\/\/www.xatakahome.com\/?utm_source=feedburner&amp;utm_medium=feed&amp;utm_campaign=12_Jul_2024\"><br \/>\n       <strong> Xataka Smart Home <\/strong><br \/>\n      <\/a><br \/>\n            por <a href=\"https:\/\/www.xatakahome.com\/autor\/paco-rodriguez?utm_source=feedburner&amp;utm_medium=feed&amp;utm_campaign=12_Jul_2024\"><br \/>\n       Paco Rodriguez<br \/>\n      <\/a><br \/>\n      . <\/p>\n<\/div>\n","protected":false},"excerpt":{"rendered":"<p>La subida en la factura de la luz en 2022 y 2023 fue una de las principales preocupaciones para muchas familias que vimos c\u00f3mo costaba m\u00e1s llegar a final de mes, a pesar de las diferentes medidas y trucos de ahorro que era posible aplicar para tratar de rebajar el coste energ\u00e9tico. Los precios han &hellip; <a href=\"https:\/\/domosistemas.com\/?p=24989\" class=\"more-link\">Sigue leyendo <span class=\"screen-reader-text\">El precio de la luz ha vuelto a niveles previos a la crisis: as\u00ed est\u00e1n ahora la tarifa PVPC y las del mercado libre seg\u00fan la CNMC<\/span><\/a><\/p>\n","protected":false},"author":1,"featured_media":0,"comment_status":"closed","ping_status":"closed","sticky":false,"template":"","format":"standard","meta":{"footnotes":""},"categories":[8],"tags":[],"class_list":["post-24989","post","type-post","status-publish","format-standard","hentry","category-xataka"],"_links":{"self":[{"href":"https:\/\/domosistemas.com\/index.php?rest_route=\/wp\/v2\/posts\/24989","targetHints":{"allow":["GET"]}}],"collection":[{"href":"https:\/\/domosistemas.com\/index.php?rest_route=\/wp\/v2\/posts"}],"about":[{"href":"https:\/\/domosistemas.com\/index.php?rest_route=\/wp\/v2\/types\/post"}],"author":[{"embeddable":true,"href":"https:\/\/domosistemas.com\/index.php?rest_route=\/wp\/v2\/users\/1"}],"replies":[{"embeddable":true,"href":"https:\/\/domosistemas.com\/index.php?rest_route=%2Fwp%2Fv2%2Fcomments&post=24989"}],"version-history":[{"count":0,"href":"https:\/\/domosistemas.com\/index.php?rest_route=\/wp\/v2\/posts\/24989\/revisions"}],"wp:attachment":[{"href":"https:\/\/domosistemas.com\/index.php?rest_route=%2Fwp%2Fv2%2Fmedia&parent=24989"}],"wp:term":[{"taxonomy":"category","embeddable":true,"href":"https:\/\/domosistemas.com\/index.php?rest_route=%2Fwp%2Fv2%2Fcategories&post=24989"},{"taxonomy":"post_tag","embeddable":true,"href":"https:\/\/domosistemas.com\/index.php?rest_route=%2Fwp%2Fv2%2Ftags&post=24989"}],"curies":[{"name":"wp","href":"https:\/\/api.w.org\/{rel}","templated":true}]}}