{"id":25009,"date":"2024-07-15T06:09:43","date_gmt":"2024-07-15T06:09:43","guid":{"rendered":"https:\/\/domosistemas.com\/?p=25009"},"modified":"2024-07-15T06:09:43","modified_gmt":"2024-07-15T06:09:43","slug":"los-frioleros-de-la-casa-tenian-razon-ponemos-el-aire-acondicionado-demasiado-frio-y-esto-nos-hace-gastar-mas-luz-segun-daikin","status":"publish","type":"post","link":"https:\/\/domosistemas.com\/?p=25009","title":{"rendered":"Los frioleros de la casa ten\u00edan raz\u00f3n: ponemos el aire acondicionado demasiado fr\u00edo y esto nos hace gastar m\u00e1s luz, seg\u00fan Daikin"},"content":{"rendered":"<div>\n<p>\n      <img decoding=\"async\" src=\"https:\/\/i.blogs.es\/ce8d54\/1366_2000mando\/1024_2000.jpeg\" alt=\"Los frioleros de la casa ten\u00edan raz\u00f3n: ponemos el aire acondicionado demasiado fr\u00edo y esto nos hace gastar m\u00e1s luz, seg\u00fan Daikin \">\n    <\/p>\n<p>A la hora de utilizar nuestros equipos de <strong>aire acondicionado<\/strong> uno de los factores m\u00e1s importantes que tenemos que tener en cuenta es la <strong>temperatura seleccionada <\/strong>en el termostato, motivo de discusi\u00f3n en muchas casas donde conviven personas frioleras y calurosas.<\/p>\n<p><!-- BREAK 1 --><\/p>\n<p>Y una de las tendencias m\u00e1s frecuentes sobre todo cuando llegamos a casa con mucho calor es bajar la temperatura por debajo de los <a href=\"https:\/\/www.xatakahome.com\/hogar\/esta-temperatura-ideal-aire-acondicionado-para-ahorrar-factura-luz-pasar-calor-verano-2\">valores recomendados<\/a>. Tenemos prisa por estar fresquitos y <strong>le damos a tope al equipo<\/strong> muchas veces sin pararnos a pensar en que realmente esto no va a hacer que se enfr\u00ede antes la sala.<\/p>\n<p><!-- BREAK 2 --><\/p>\n<div class=\"article-asset article-asset-normal article-asset-center\">\n<div class=\"desvio-container\">\n<div class=\"desvio\">\n<div class=\"desvio-figure js-desvio-figure\">\n    <a href=\"https:\/\/www.xatakahome.com\/hogar\/esta-temperatura-ideal-aire-acondicionado-para-ahorrar-factura-luz-pasar-calor-verano-2\"><br \/>\n     <img loading=\"lazy\" decoding=\"async\" alt=\"Esta es la temperatura ideal del aire acondicionado para ahorrar en la factura de la luz sin pasar calor en verano  \" width=\"375\" height=\"142\" src=\"https:\/\/i.blogs.es\/7c1151\/temperatura-ideal\/375_142.webp\" onerror='this.src=\"https:\/\/i.blogs.es\/7c1151\/temperatura-ideal\/375_142.jpeg\"'><br \/>\n    <\/a>\n   <\/div>\n<div class=\"desvio-summary\">\n<div class=\"desvio-taxonomy js-desvio-taxonomy\">\n     <a href=\"https:\/\/www.xatakahome.com\/hogar\/esta-temperatura-ideal-aire-acondicionado-para-ahorrar-factura-luz-pasar-calor-verano-2\" class=\"desvio-taxonomy-anchor\">En Xataka Smart Home<\/a>\n    <\/div>\n<p>    <a href=\"https:\/\/www.xatakahome.com\/hogar\/esta-temperatura-ideal-aire-acondicionado-para-ahorrar-factura-luz-pasar-calor-verano-2\" class=\"desvio-title js-desvio-title\">Esta es la temperatura ideal del aire acondicionado para ahorrar en la factura de la luz sin pasar calor en verano  <\/a>\n   <\/div>\n<\/p><\/div>\n<\/p><\/div>\n<\/div>\n<h2>Ponemos la temperatura del aire acondicionado demasiado baja<\/h2>\n<div class=\"article-asset-image article-asset-normal article-asset-center\">\n<div class=\"asset-content\">\n<div class=\"caption-img \">\n<p>   <img decoding=\"async\" alt=\"aire\" class=\"centro_sinmarco\" src=\"https:\/\/i.blogs.es\/0ecfa3\/1366_20004489\/450_1000.webp\"><\/p>\n<p>        <span>Imagen: Xataka Smart Home<\/span>\n   <\/div>\n<\/p><\/div>\n<\/div>\n<p>Esto es justo lo que ha recogido el <strong>II Bar\u00f3metro del Futuro de la Climatizaci\u00f3n en Espa\u00f1a elaborado por Daikin<\/strong>, una encuesta donde tratan de averiguar los h\u00e1bitos de uso de los equipos de climatizaci\u00f3n en los hogares espa\u00f1oles.<\/p>\n<p><!-- BREAK 3 --><\/p>\n<p>El resultado de las entrevistas ha sido que la mayor\u00eda de hogares en nuestro pa\u00eds pone en marcha sus sistemas de climatizaci\u00f3n especialmente entre julio y agosto, y la temperatura media seleccionad en los aparatos es <strong>inferior los 22 grados,<\/strong> \u00a0concretamente 21,6\u00baC en verano.<\/p>\n<p><!-- BREAK 4 --><\/p>\n<p>Esto supone<strong> <\/strong>una temperatura muy inferior a la recomendaci\u00f3n de los expertos. Por ejemplo, teniendo en cuenta criterios normalizados de ergonom\u00eda del ambiente t\u00e9rmico del <a rel=\"noopener, noreferrer\" href=\"https:\/\/www.boe.es\/buscar\/doc.php?id=BOE-A-2021-4572\" data-id=\"noopener, noreferrer\">RITE<\/a> (Reglamento de Instalaciones T\u00e9rmicas en los Edificios), la temperatura de confort en un <strong>ambiente cerrado<\/strong> como es una vivienda y de <strong>actividad \u00abpasiva\u00bb<\/strong>, es decir, cuando no estamos realizando ninguna actividad f\u00edsica, se sit\u00faa en verano <strong>entre los 23\u00b0C y los 25\u00b0C<\/strong>.<\/p>\n<p><!-- BREAK 5 --><\/p>\n<p>Desde Daikin recomiendan <strong>ajustar la temperatura entre 24-26\u00baC,<\/strong> ya que se\u00f1alan que por cada grado que bajemos de esta cifra el consumo de energ\u00eda del aparato puede aumentar alrededor de <strong>un 8%<\/strong>.<\/p>\n<p><!-- BREAK 6 --><\/p>\n<div class=\"article-asset-video article-asset-normal\">\n<div class=\"asset-content\">\n<div class=\"base-asset-video\">\n<div class=\"js-dailymotion\">\n    <script type=\"application\/json\">\n                          {\"videoId\":\"x8006fc\",\"autoplay\":true,\"title\":\"C\u00f3mo dormir cuando hace mucho calor y no tienes aire acondicionado\", \"tag\":\"\", \"duration\":\"217\"}\n                  <\/script>\n   <\/div>\n<\/p><\/div>\n<\/p><\/div>\n<\/div>\n<p>Tambi\u00e9n comentan que bajar la temperatura del aire acondicionado m\u00e1s all\u00e1 de lo \u00a0recomendado no necesariamente acelera el proceso de enfriamiento de una habitaci\u00f3n. En realidad, esto puede resultar en un <strong>consumo energ\u00e9tico innecesariamente alto<\/strong> sin ofrecer beneficios adicionales en el confort.<\/p>\n<p><!-- BREAK 7 --><\/p>\n<p>O incluso puede resultar que en pocos minutos tras el encendido <strong>empecemos a tener fr\u00edo<\/strong> y haya que volver a subir la temperatura para estar c\u00f3modos o abrir las puertas de la habitaci\u00f3n para templar la sala.<\/p>\n<p><!-- BREAK 8 --><\/p>\n<p>Imagen portada | Xataka Smart Home<\/p>\n<p>En Xataka Smart Home | <a href=\"https:\/\/www.xatakahome.com\/electrodomesticos-innovadores\/como-preparar-aire-acondicionado-para-verano-cambiando-limpiando-filtros\">Como preparar el aire acondicionado para el verano, cambiando o limpiando los filtros<\/a><\/p>\n<p><script>\n (function() {\n  window._JS_MODULES = window._JS_MODULES || {};\n  var headElement = document.getElementsByTagName('head')[0];\n  if (_JS_MODULES.instagram) {\n   var instagramScript = document.createElement('script');\n   instagramScript.src = 'https:\/\/platform.instagram.com\/en_US\/embeds.js';\n   instagramScript.async = true;\n   instagramScript.defer = true;\n   headElement.appendChild(instagramScript);\n  }\n })();\n<\/script><\/p>\n<p> &#8211; <br \/> La noticia<br \/>\n      <a href=\"https:\/\/www.xatakahome.com\/hogar\/frioleros-casa-tenian-razon-ponemos-aire-acondicionado-demasiado-frio-esto-nos-hace-gastar-luz-daikin?utm_source=feedburner&amp;utm_medium=feed&amp;utm_campaign=15_Jul_2024\"><br \/>\n       <em> Los frioleros de la casa ten\u00edan raz\u00f3n: ponemos el aire acondicionado demasiado fr\u00edo y esto nos hace gastar m\u00e1s luz, seg\u00fan Daikin  <\/em><br \/>\n      <\/a><br \/>\n      fue publicada originalmente en<br \/>\n      <a href=\"https:\/\/www.xatakahome.com\/?utm_source=feedburner&amp;utm_medium=feed&amp;utm_campaign=15_Jul_2024\"><br \/>\n       <strong> Xataka Smart Home <\/strong><br \/>\n      <\/a><br \/>\n            por <a href=\"https:\/\/www.xatakahome.com\/autor\/paco-rodriguez?utm_source=feedburner&amp;utm_medium=feed&amp;utm_campaign=15_Jul_2024\"><br \/>\n       Paco Rodriguez<br \/>\n      <\/a><br \/>\n      . <\/p>\n<\/div>\n","protected":false},"excerpt":{"rendered":"<p>A la hora de utilizar nuestros equipos de aire acondicionado uno de los factores m\u00e1s importantes que tenemos que tener en cuenta es la temperatura seleccionada en el termostato, motivo de discusi\u00f3n en muchas casas donde conviven personas frioleras y calurosas. Y una de las tendencias m\u00e1s frecuentes sobre todo cuando llegamos a casa con &hellip; <a href=\"https:\/\/domosistemas.com\/?p=25009\" class=\"more-link\">Sigue leyendo <span class=\"screen-reader-text\">Los frioleros de la casa ten\u00edan raz\u00f3n: ponemos el aire acondicionado demasiado fr\u00edo y esto nos hace gastar m\u00e1s luz, seg\u00fan Daikin<\/span><\/a><\/p>\n","protected":false},"author":1,"featured_media":0,"comment_status":"closed","ping_status":"closed","sticky":false,"template":"","format":"standard","meta":{"footnotes":""},"categories":[8],"tags":[],"class_list":["post-25009","post","type-post","status-publish","format-standard","hentry","category-xataka"],"_links":{"self":[{"href":"https:\/\/domosistemas.com\/index.php?rest_route=\/wp\/v2\/posts\/25009","targetHints":{"allow":["GET"]}}],"collection":[{"href":"https:\/\/domosistemas.com\/index.php?rest_route=\/wp\/v2\/posts"}],"about":[{"href":"https:\/\/domosistemas.com\/index.php?rest_route=\/wp\/v2\/types\/post"}],"author":[{"embeddable":true,"href":"https:\/\/domosistemas.com\/index.php?rest_route=\/wp\/v2\/users\/1"}],"replies":[{"embeddable":true,"href":"https:\/\/domosistemas.com\/index.php?rest_route=%2Fwp%2Fv2%2Fcomments&post=25009"}],"version-history":[{"count":0,"href":"https:\/\/domosistemas.com\/index.php?rest_route=\/wp\/v2\/posts\/25009\/revisions"}],"wp:attachment":[{"href":"https:\/\/domosistemas.com\/index.php?rest_route=%2Fwp%2Fv2%2Fmedia&parent=25009"}],"wp:term":[{"taxonomy":"category","embeddable":true,"href":"https:\/\/domosistemas.com\/index.php?rest_route=%2Fwp%2Fv2%2Fcategories&post=25009"},{"taxonomy":"post_tag","embeddable":true,"href":"https:\/\/domosistemas.com\/index.php?rest_route=%2Fwp%2Fv2%2Ftags&post=25009"}],"curies":[{"name":"wp","href":"https:\/\/api.w.org\/{rel}","templated":true}]}}