{"id":25052,"date":"2024-07-17T18:31:06","date_gmt":"2024-07-17T18:31:06","guid":{"rendered":"https:\/\/domosistemas.com\/?p=25052"},"modified":"2024-07-17T18:31:06","modified_gmt":"2024-07-17T18:31:06","slug":"el-ventilador-de-estrella-de-philips-ha-vuelto-y-esta-mas-barato-que-nunca-supera-la-ola-de-calor-y-evita-los-sustos-en-la-factura-de-la-luz","status":"publish","type":"post","link":"https:\/\/domosistemas.com\/?p=25052","title":{"rendered":"El ventilador de estrella de Philips ha vuelto, y est\u00e1 m\u00e1s barato que nunca: supera la ola de calor y evita los sustos en la factura de la luz"},"content":{"rendered":"<div>\n<p>\n      <img decoding=\"async\" src=\"https:\/\/i.blogs.es\/dabdf9\/portada-philips-bliss\/1024_2000.jpeg\" alt=\"El ventilador de estrella de Philips ha vuelto, y est\u00e1 m\u00e1s barato que nunca: supera la ola de calor y evita los sustos en la factura de la luz \">\n    <\/p>\n<p>Los ventiladores de techo son una gran alternativa para combatir la ola de calor en pleno verano, pero tambi\u00e9n nos permiten evitar un alto gasto al final del mes en la factura. Uno de los m\u00e1s interesantes que puedes conseguir ahora es el <strong>Philips Bliss<\/strong> de Amazon, con una buena rebaja durante el <a href=\"https:\/\/www.xataka.com\/seleccion\/todo-amazon-prime-day-2024-que-cuando-a-que-hora-empieza-quien-puede-beneficiarse-ofertas\">Prime Day<\/a> que deja su precio de 249,99 euros a <a rel=\"nofollow, sponsored, noopener, noreferrer noopener\" target=\"_blank\" class=\"js-ecommerce\" href=\"https:\/\/www.xatakahome.com\/redirect?url=https%3A%2F%2Fwww.amazon.es%2Fdp%2FB09MV3TF4K&amp;category=hogar&amp;ecomPostExpiration=perish&amp;postId=113429\" data-vars-affiliate-url=\"https:\/\/www.amazon.es\/dp\/B09MV3TF4K\">138,68 euros<\/a>, s\u00f3lo para clientes Prime.<\/p>\n<p><!-- BREAK 1 --><!-- PIVOT START --><\/p>\n<div class=\"pivot-ecommerce-container m-pivot-ecommerce-redesign article-asset-normal article-asset-center\">\n<div class=\"pivot-ecommerce\">\n<div class=\"pivot-ecommerce-figure\">\n  <a rel=\"nofollow, sponsored, noopener, noreferrer noopener\" target=\"_blank\" href=\"https:\/\/www.xatakahome.com\/redirect?url=https%3A%2F%2Fwww.amazon.es%2Fdp%2FB09MV3TF4K%3Ftag%3Dxatakahome-21%26linkCode%3Dogi%26th%3D1%26psc%3D1&amp;category=hogar&amp;pivot=1&amp;ecomPostExpiration=perish&amp;postId=113429\"><br \/>\n   <img loading=\"lazy\" decoding=\"async\" alt=\"Philips - Bliss Ventilador de techo con luz LED (28W) y mando, motor DC (ahorro energia), 35W, luz blanca de c\u00e1lida a fr\u00eda (3000-5500K), diametro 510mm, color negro\" width=\"500\" height=\"500\" src=\"https:\/\/i.blogs.es\/a435c6\/31gsdhikzel._sl500_\/original.webp\" onerror='this.src=\"https:\/\/i.blogs.es\/a435c6\/31gsdhikzel._sl500_\/original.jpeg\"'><br \/>\n  <\/a>\n  <\/div>\n<div class=\"pivot-ecommerce-summary\">\n<p class=\"pivot-ecommerce-desc\">Philips &#8211; Bliss Ventilador de techo con luz LED (28W) y mando, motor DC (ahorro energia), 35W, luz blanca de c\u00e1lida a fr\u00eda (3000-5500K), diametro 510mm, color negro<\/p>\n<div class=\"pivot-actions \">\n<div class=\"pivot-actions-row\">\n <a rel=\"nofollow, sponsored, noopener, noreferrer noopener\" target=\"_blank\" data-asin=\"B09MV3TF4K\" data-store=\"Amazon\" href=\"https:\/\/www.xatakahome.com\/redirect?url=https%3A%2F%2Fwww.amazon.es%2Fdp%2FB09MV3TF4K%3Ftag%3Dxatakahome-21%26linkCode%3Dogi%26th%3D1%26psc%3D1&amp;category=hogar&amp;pivot=1&amp;ecomPostExpiration=perish&amp;postId=113429\" title=\"Precio actualizado hoy\" class=\"pivot-action-btn pivot-action-primary\">En Amazon Prime Day \u2014 <strong>138,68<\/strong> \u20ac<\/a><br \/>\n   <a rel=\"nofollow, sponsored, noopener, noreferrer noopener\" target=\"_blank\" data-asin=\"\" data-store=\"\" href=\"https:\/\/www.xatakahome.com\/redirect?url=https%3A%2F%2Fwww.pccomponentes.com%2Fphilips-lighting-bliss-ventilador-de-techo-con-luz-led-y-mando-106cm-blanco&amp;category=hogar&amp;pivot=1&amp;ecomPostExpiration=perish&amp;postId=113429\" title=\"Precio de venta al p\u00fablico a fecha de publicaci\u00f3n\" class=\"pivot-action-btn pivot-action-secondary\">PcComponentes \u2014 <strong>161,99<\/strong> \u20ac<\/a><br \/>\n   <a rel=\"nofollow, sponsored, noopener, noreferrer noopener\" target=\"_blank\" data-asin=\"335394921411\" data-store=\"Ebay\" href=\"https:\/\/www.xatakahome.com\/redirect?url=https%3A%2F%2Fwww.ebay.es%2Fitm%2FPhilips-Decken-Ventilator-BLISS-mit-LED-Licht-Fernbedienung-Scene-Switch-Li-%2F335394921411&amp;category=hogar&amp;pivot=1&amp;ecomPostExpiration=perish&amp;postId=113429\" title=\"Precio actualizado hoy\" class=\"pivot-action-btn pivot-action-secondary\">Ebay \u2014 <strong>216,44<\/strong> \u20ac<\/a><br \/>\n   <a rel=\"nofollow, sponsored, noopener, noreferrer noopener\" target=\"_blank\" data-asin=\"10412561\" data-store=\"PcComponentes\" href=\"https:\/\/www.xatakahome.com\/redirect?url=https%3A%2F%2Fwww.pccomponentes.com%2Fphilips-lighting-bliss-ventilador-de-techo-con-luz-led-y-mando-106cm-negro&amp;category=hogar&amp;pivot=1&amp;ecomPostExpiration=perish&amp;postId=113429\" title=\"Precio actualizado hoy\" class=\"pivot-action-btn pivot-action-secondary\">PcComponentes \u2014 <strong>279,99<\/strong> \u20ac<\/a><br \/>\n   <a rel=\"nofollow, sponsored, noopener, noreferrer noopener\" target=\"_blank\" data-asin=\"83832946\" data-store=\"Leroy Merlin\" href=\"https:\/\/www.xatakahome.com\/redirect?url=https%3A%2F%2Fwww.leroymerlin.es%2Fproductos%2Filuminacion%2Fventiladores-de-techo%2Ftodos-los-ventiladores-de-techo%2Fventilador-plegable-de-techo-bliss-dc-negro-philips-83832946.html%3FhighlightedOfferCode%3D4e5db8fa2483226cc8b3ca08b03b21547276d41b&amp;category=hogar&amp;pivot=1&amp;ecomPostExpiration=perish&amp;postId=113429\" title=\"Precio actualizado hoy\" class=\"pivot-action-btn pivot-action-secondary\">Leroy Merlin \u2014 <strong>407,07<\/strong> \u20ac<\/a>\n <\/div>\n<\/p><\/div>\n<\/p><\/div>\n<\/p><\/div>\n<div class=\"pivot-link-msg\">* Alg\u00fan precio puede haber cambiado desde la \u00faltima revisi\u00f3n<\/div>\n<\/p><\/div>\n<p><!-- PIVOT END --><\/p>\n<h2>Comprar ventilador de techo Philips Bliss<\/h2>\n<div class=\"article-asset-image article-asset-normal article-asset-center\">\n<div class=\"asset-content\">\n                    <a rel=\"nofollow, sponsored, noopener, noreferrer noopener\" target=\"_blank\" class=\"js-ecommerce\" href=\"https:\/\/www.xatakahome.com\/redirect?url=https%3A%2F%2Fwww.amazon.es%2Fdp%2FB09MV3TF4K&amp;category=hogar&amp;ecomPostExpiration=perish&amp;postId=113429\" data-vars-affiliate-url=\"https:\/\/www.amazon.es\/dp\/B09MV3TF4K\"><\/p>\n<p>    <img decoding=\"async\" alt=\"Ventilador de techo Philips Bliss\" class=\"centro_sinmarco\" src=\"https:\/\/i.blogs.es\/7ae665\/texto-philips-bliss\/450_1000.webp\"><br \/>\n     <\/a><\/p><\/div>\n<\/div>\n<p>Este <a href=\"https:\/\/www.xataka.com\/seleccion\/que-ventilador-techo-comprar-mejores-recomendaciones-para-acertar-siete-modelos-100-euros\">ventilador de techo<\/a> tiene <strong>3 aspas plegables<\/strong>, evitando las molestas oscilaciones de este tipo de dispositivos y los sonidos por rozamiento que acaban apareciendo al cabo del tiempo, por lo que es un modelo ideal para instalar en la habitaci\u00f3n y conciliar el sue\u00f1o. Tiene un di\u00e1metro de 51 cm con las aspas plegadas y de 106 cm con ellas desplegadas.<\/p>\n<p><!-- BREAK 2 --><\/p>\n<div class=\"article-asset-video article-asset-normal\">\n<div class=\"asset-content\">\n<div class=\"base-asset-video\">\n<div class=\"js-dailymotion\">\n    <script type=\"application\/json\">\n                          {\"videoId\":\"x8006fc\",\"autoplay\":true,\"title\":\"C\u00f3mo dormir cuando hace mucho calor y no tienes aire acondicionado\", \"tag\":\"\", \"duration\":\"217\"}\n                  <\/script>\n   <\/div>\n<\/p><\/div>\n<\/p><\/div>\n<\/div>\n<p>Una vez en funcionamiento, emite un sonido de entre 36 y 42 dB dependiendo de la intensidad y el modo de uso. Tambi\u00e9n incluye una <strong>l\u00e1mpara de luz blanca regulable<\/strong> en temperatura de color, de fr\u00edo a c\u00e1lido, entre los 2700K, los 4000K y los 5500K. A\u00f1ade su propio mando a distancia para controlarlo c\u00f3modamente y cuenta con su propia app.<\/p>\n<p><!-- BREAK 3 --><\/p>\n<p>Por \u00faltimo, el consumo es notablemente con sus 28W de potencia por la parte de iluminaci\u00f3n y <strong>35W<\/strong> por parte del ventilador, por lo que no habr\u00e1 sustos en la factura de la luz al final del mes.<\/p>\n<p><!-- BREAK 4 --><\/p>\n<h2>Tambi\u00e9n te puede interesar<\/h2>\n<p><!-- PIVOT START --><\/p>\n<div class=\"pivot-ecommerce-container m-pivot-ecommerce-redesign article-asset-normal article-asset-center\">\n<div class=\"pivot-ecommerce\">\n<div class=\"pivot-ecommerce-figure\">\n  <a rel=\"nofollow, sponsored, noopener, noreferrer noopener\" target=\"_blank\" href=\"https:\/\/www.xatakahome.com\/redirect?url=https%3A%2F%2Fwww.amazon.es%2Fdp%2FB0D14PWJ6M%3Ftag%3Dxatakahome-21%26linkCode%3Dogi%26th%3D1%26psc%3D1&amp;category=hogar&amp;pivot=1&amp;ecomPostExpiration=perish&amp;postId=113429\"><br \/>\n   <img loading=\"lazy\" decoding=\"async\" alt=\"CREATE \/ WIND CLEAR\/Ventilador de techo con luz blanco y mimbre nudo con mando \/ 40W, \u00d8108 cm, temporizador, 6 velocidades, aspas retr\u00e1ctiles, 3 temperaturas de luz, funci\u00f3n verano-invierno\" width=\"500\" height=\"500\" src=\"https:\/\/i.blogs.es\/f06c28\/31prxloo4kl._sl500_\/original.webp\" onerror='this.src=\"https:\/\/i.blogs.es\/f06c28\/31prxloo4kl._sl500_\/original.jpeg\"'><br \/>\n  <\/a>\n  <\/div>\n<div class=\"pivot-ecommerce-summary\">\n<p class=\"pivot-ecommerce-desc\">CREATE \/ WIND CLEAR\/Ventilador de techo con luz blanco y mimbre nudo con mando \/ 40W, \u00d8108 cm, temporizador, 6 velocidades, aspas retr\u00e1ctiles, 3 temperaturas de luz, funci\u00f3n verano-invierno<\/p>\n<div class=\"pivot-actions \">\n<div class=\"pivot-actions-row\">\n <a rel=\"nofollow, sponsored, noopener, noreferrer noopener\" target=\"_blank\" data-asin=\"B0D14PWJ6M\" data-store=\"Amazon\" href=\"https:\/\/www.xatakahome.com\/redirect?url=https%3A%2F%2Fwww.amazon.es%2Fdp%2FB0D14PWJ6M%3Ftag%3Dxatakahome-21%26linkCode%3Dogi%26th%3D1%26psc%3D1&amp;category=hogar&amp;pivot=1&amp;ecomPostExpiration=perish&amp;postId=113429\" title=\"Precio actualizado hoy\" class=\"pivot-action-btn pivot-action-primary\">En Amazon Prime Day \u2014 <strong>89,95<\/strong> \u20ac<\/a><br \/>\n   <a rel=\"nofollow, sponsored, noopener, noreferrer noopener\" target=\"_blank\" data-asin=\"92069886\" data-store=\"Leroy Merlin\" href=\"https:\/\/www.xatakahome.com\/redirect?url=https%3A%2F%2Fwww.leroymerlin.es%2Fproductos%2Filuminacion%2Fventiladores-de-techo%2Fventiladores-de-techo-de-madera%2Fcreate-wind-clear-rattan-ventilador-de-techo-40w-silencioso-107cm-aspas-retractiles-con-luz-led-de-36w-92069886.html%3FhighlightedOfferCode%3D1c6f7da7a8a27ada8450efc97c44d5172c25f4be&amp;category=hogar&amp;pivot=1&amp;ecomPostExpiration=perish&amp;postId=113429\" title=\"Precio actualizado hoy\" class=\"pivot-action-btn pivot-action-secondary\">Leroy Merlin \u2014 <strong>109,95<\/strong> \u20ac<\/a>\n <\/div>\n<\/p><\/div>\n<\/p><\/div>\n<\/p><\/div>\n<div class=\"pivot-link-msg\">* Alg\u00fan precio puede haber cambiado desde la \u00faltima revisi\u00f3n<\/div>\n<\/p><\/div>\n<p><!-- PIVOT END --><br \/>\n<!-- PIVOT START --><\/p>\n<div class=\"pivot-ecommerce-container m-pivot-ecommerce-redesign article-asset-normal article-asset-center\">\n<div class=\"pivot-ecommerce\">\n<div class=\"pivot-ecommerce-figure\">\n  <a rel=\"nofollow, sponsored, noopener, noreferrer noopener\" target=\"_blank\" href=\"https:\/\/www.xatakahome.com\/redirect?url=https%3A%2F%2Fwww.amazon.es%2Fdp%2FB0CM8RNDHY%3Ftag%3Dxatakahome-21%26linkCode%3Dogi%26th%3D1%26psc%3D1&amp;category=hogar&amp;pivot=1&amp;ecomPostExpiration=perish&amp;postId=113429\"><br \/>\n   <img loading=\"lazy\" decoding=\"async\" alt=\"COMFEE Aire Acondicionado Port\u00e1til 9000 BTU \/ 2300 Frigor\u00edas Breezy Cool Pro \u2013 Enfriador de Aire de Bajo Consumo con App Control - Climatizador 3 en 1 Refrigera, Ventila y Deshumidifica\" width=\"254\" height=\"500\" src=\"https:\/\/i.blogs.es\/e95b3c\/21-a6ifznel._sl500_\/original.webp\" onerror='this.src=\"https:\/\/i.blogs.es\/e95b3c\/21-a6ifznel._sl500_\/original.jpeg\"'><br \/>\n  <\/a>\n  <\/div>\n<div class=\"pivot-ecommerce-summary\">\n<p class=\"pivot-ecommerce-desc\">COMFEE Aire Acondicionado Port\u00e1til 9000 BTU \/ 2300 Frigor\u00edas Breezy Cool Pro \u2013 Enfriador de Aire de Bajo Consumo con App Control &#8211; Climatizador 3 en 1 Refrigera, Ventila y Deshumidifica<\/p>\n<div class=\"pivot-actions \">\n<div class=\"pivot-actions-row\">\n <a rel=\"nofollow, sponsored, noopener, noreferrer noopener\" target=\"_blank\" data-asin=\"B0CM8RNDHY\" data-store=\"Amazon\" href=\"https:\/\/www.xatakahome.com\/redirect?url=https%3A%2F%2Fwww.amazon.es%2Fdp%2FB0CM8RNDHY%3Ftag%3Dxatakahome-21%26linkCode%3Dogi%26th%3D1%26psc%3D1&amp;category=hogar&amp;pivot=1&amp;ecomPostExpiration=perish&amp;postId=113429\" title=\"Precio actualizado hoy\" class=\"pivot-action-btn pivot-action-primary\">En Amazon Prime Day \u2014 <strong>239,99<\/strong> \u20ac<\/a>\n <\/div>\n<div class=\"pivot-disclaimer-refurbished\">Reacondicionados<\/div>\n<div class=\"pivot-actions-row\">\n    <a rel=\"nofollow, sponsored, noopener, noreferrer noopener\" target=\"_blank\" data-asin=\"116250069395\" data-store=\"Ebay\" href=\"https:\/\/www.xatakahome.com\/redirect?url=https%3A%2F%2Fwww.ebay.es%2Fitm%2FComfee-CPPA-09CRN7-QB6-Mobiles-Klimagerat-Breezy-Cool-Pro-2-6-EEK-A-I26734-%2F116250069395&amp;category=hogar&amp;pivot=1&amp;ecomPostExpiration=perish&amp;postId=113429\" title=\"Precio actualizado hoy\" class=\"pivot-action-btn pivot-ecommerce-refurbished\">Ebay \u2014 <strong>149,89<\/strong> \u20ac<\/a>\n <\/div>\n<\/p><\/div>\n<\/p><\/div>\n<\/p><\/div>\n<div class=\"pivot-link-msg\">* Alg\u00fan precio puede haber cambiado desde la \u00faltima revisi\u00f3n<\/div>\n<\/p><\/div>\n<p><!-- PIVOT END --><\/p>\n<p><em>Nota: algunos de los enlaces aqu\u00ed publicados son de afiliados y pueden reportar un beneficio.<\/em><\/p>\n<p>Im\u00e1genes | Philips y Amazon<\/p>\n<p>En Xataka Smart Home | <a href=\"https:\/\/www.xataka.com\/seleccion\/que-ventilador-techo-comprar-mejores-recomendaciones-para-acertar-siete-modelos-100-euros\">Qu\u00e9 ventilador de techo comprar: mejores recomendaciones para acertar y cinco modelos desde menos de 100 euros<\/a><\/p>\n<p>En Xataka Smart Home | <a href=\"https:\/\/www.xataka.com\/energia\/flexibilidad-consumo-modelo-para-ahorrar-factura-luz-que-se-extiende-inteligencia-artificial\">Flexibilidad del consumo: el modelo para ahorrar en la factura de la luz que se extiende con la inteligencia artificial<\/a><\/p>\n<p><script>\n (function() {\n  window._JS_MODULES = window._JS_MODULES || {};\n  var headElement = document.getElementsByTagName('head')[0];\n  if (_JS_MODULES.instagram) {\n   var instagramScript = document.createElement('script');\n   instagramScript.src = 'https:\/\/platform.instagram.com\/en_US\/embeds.js';\n   instagramScript.async = true;\n   instagramScript.defer = true;\n   headElement.appendChild(instagramScript);\n  }\n })();\n<\/script><\/p>\n<p> &#8211; <br \/> La noticia<br \/>\n      <a href=\"https:\/\/www.xatakahome.com\/hogar\/ventilador-estrella-philips-ha-vuelto-esta-barato-que-nunca-supera-ola-calor-evita-sustos-factura-luz?utm_source=feedburner&amp;utm_medium=feed&amp;utm_campaign=17_Jul_2024\"><br \/>\n       <em> El ventilador de estrella de Philips ha vuelto, y est\u00e1 m\u00e1s barato que nunca: supera la ola de calor y evita los sustos en la factura de la luz  <\/em><br \/>\n      <\/a><br \/>\n      fue publicada originalmente en<br \/>\n      <a href=\"https:\/\/www.xatakahome.com\/?utm_source=feedburner&amp;utm_medium=feed&amp;utm_campaign=17_Jul_2024\"><br \/>\n       <strong> Xataka Smart Home <\/strong><br \/>\n      <\/a><br \/>\n            por <a href=\"https:\/\/www.xatakahome.com\/autor\/alvaro-nunez?utm_source=feedburner&amp;utm_medium=feed&amp;utm_campaign=17_Jul_2024\"><br \/>\n       \u00c1lvaro N\u00fa\u00f1ez<br \/>\n      <\/a><br \/>\n      . <\/p>\n<\/div>\n","protected":false},"excerpt":{"rendered":"<p>Los ventiladores de techo son una gran alternativa para combatir la ola de calor en pleno verano, pero tambi\u00e9n nos permiten evitar un alto gasto al final del mes en la factura. Uno de los m\u00e1s interesantes que puedes conseguir ahora es el Philips Bliss de Amazon, con una buena rebaja durante el Prime Day &hellip; <a href=\"https:\/\/domosistemas.com\/?p=25052\" class=\"more-link\">Sigue leyendo <span class=\"screen-reader-text\">El ventilador de estrella de Philips ha vuelto, y est\u00e1 m\u00e1s barato que nunca: supera la ola de calor y evita los sustos en la factura de la luz<\/span><\/a><\/p>\n","protected":false},"author":1,"featured_media":0,"comment_status":"closed","ping_status":"closed","sticky":false,"template":"","format":"standard","meta":{"footnotes":""},"categories":[8],"tags":[],"class_list":["post-25052","post","type-post","status-publish","format-standard","hentry","category-xataka"],"_links":{"self":[{"href":"https:\/\/domosistemas.com\/index.php?rest_route=\/wp\/v2\/posts\/25052","targetHints":{"allow":["GET"]}}],"collection":[{"href":"https:\/\/domosistemas.com\/index.php?rest_route=\/wp\/v2\/posts"}],"about":[{"href":"https:\/\/domosistemas.com\/index.php?rest_route=\/wp\/v2\/types\/post"}],"author":[{"embeddable":true,"href":"https:\/\/domosistemas.com\/index.php?rest_route=\/wp\/v2\/users\/1"}],"replies":[{"embeddable":true,"href":"https:\/\/domosistemas.com\/index.php?rest_route=%2Fwp%2Fv2%2Fcomments&post=25052"}],"version-history":[{"count":0,"href":"https:\/\/domosistemas.com\/index.php?rest_route=\/wp\/v2\/posts\/25052\/revisions"}],"wp:attachment":[{"href":"https:\/\/domosistemas.com\/index.php?rest_route=%2Fwp%2Fv2%2Fmedia&parent=25052"}],"wp:term":[{"taxonomy":"category","embeddable":true,"href":"https:\/\/domosistemas.com\/index.php?rest_route=%2Fwp%2Fv2%2Fcategories&post=25052"},{"taxonomy":"post_tag","embeddable":true,"href":"https:\/\/domosistemas.com\/index.php?rest_route=%2Fwp%2Fv2%2Ftags&post=25052"}],"curies":[{"name":"wp","href":"https:\/\/api.w.org\/{rel}","templated":true}]}}