{"id":25075,"date":"2024-07-19T08:22:31","date_gmt":"2024-07-19T08:22:31","guid":{"rendered":"https:\/\/domosistemas.com\/?p=25075"},"modified":"2024-07-19T08:22:31","modified_gmt":"2024-07-19T08:22:31","slug":"este-aire-acondicionado-portatil-con-wifi-nunca-habia-estado-tan-barato-perfecto-para-combatir-la-ola-de-calor","status":"publish","type":"post","link":"https:\/\/domosistemas.com\/?p=25075","title":{"rendered":"Este aire acondicionado port\u00e1til con WiFi nunca hab\u00eda estado tan barato: perfecto para combatir la ola de calor"},"content":{"rendered":"<div>\n<p>\n      <img decoding=\"async\" src=\"https:\/\/i.blogs.es\/f6ab8e\/ofertas_cpa_v3-copia-4-\/1024_2000.jpeg\" alt=\"Este aire acondicionado port\u00e1til con WiFi nunca hab\u00eda estado tan barato: perfecto para combatir la ola de calor \">\n    <\/p>\n<p>En plena ola de calor, contar con los mejore dispositivos de climatizaci\u00f3n en nuestro hogar es fundamental para estar fresquitos. Ahora, en PcComponentes, hemos encontrado este <strong>aire acondicionado port\u00e1til Origial AirFeel 3000 <\/strong>que est\u00e1 a precio m\u00ednimo hist\u00f3rico, por <a rel=\"nofollow, sponsored, noopener, noreferrer noopener\" target=\"_blank\" class=\"js-ecommerce\" href=\"https:\/\/www.xatakahome.com\/redirect?url=https%3A%2F%2Fwww.pccomponentes.com%2Forigial-airfeel-3000w-wifi-aire-acondicionado-portatil-con-bomba-de-calor-y-wifi-3000-frigorias&amp;category=seleccion&amp;ecomPostExpiration=everlasting&amp;postId=113454\" data-vars-affiliate-url=\"https:\/\/www.pccomponentes.com\/origial-airfeel-3000w-wifi-aire-acondicionado-portatil-con-bomba-de-calor-y-wifi-3000-frigorias\">294,90 euros<\/a>.<\/p>\n<p><!-- BREAK 1 --><!-- PIVOT START --><\/p>\n<div class=\"pivot-ecommerce-container m-pivot-ecommerce-redesign article-asset-normal article-asset-center\">\n<div class=\"pivot-ecommerce\">\n<div class=\"pivot-ecommerce-figure\">\n  <a rel=\"nofollow, sponsored, noopener, noreferrer noopener\" target=\"_blank\" href=\"https:\/\/www.xatakahome.com\/redirect?url=https%3A%2F%2Fwww.pccomponentes.com%2Forigial-airfeel-3000w-wifi-aire-acondicionado-portatil-con-bomba-de-calor-y-wifi-3000-frigorias&amp;category=seleccion&amp;pivot=1&amp;ecomPostExpiration=everlasting&amp;postId=113454\"><br \/>\n   <img loading=\"lazy\" decoding=\"async\" alt=\"Aire Acondicionado Origial AirFeel 3000\" width=\"140\" height=\"140\" src=\"https:\/\/i.blogs.es\/71e969\/s-l140\/original.webp\" onerror='this.src=\"https:\/\/i.blogs.es\/71e969\/s-l140\/original.jpeg\"'><br \/>\n  <\/a>\n  <\/div>\n<div class=\"pivot-ecommerce-summary\">\n<p class=\"pivot-ecommerce-desc\">Aire Acondicionado Origial AirFeel 3000<\/p>\n<div class=\"pivot-actions \">\n<div class=\"pivot-actions-row\">\n <a rel=\"nofollow, sponsored, noopener, noreferrer noopener\" target=\"_blank\" data-asin=\"10803910\" data-store=\"PcComponentes\" href=\"https:\/\/www.xatakahome.com\/redirect?url=https%3A%2F%2Fwww.pccomponentes.com%2Forigial-airfeel-3000w-wifi-aire-acondicionado-portatil-con-bomba-de-calor-y-wifi-3000-frigorias&amp;category=seleccion&amp;pivot=1&amp;ecomPostExpiration=everlasting&amp;postId=113454\" title=\"Precio de venta al p\u00fablico a fecha de publicaci\u00f3n\" class=\"pivot-action-btn pivot-action-primary\">PVP en PcComponentes \u2014 <strong>294,90<\/strong> \u20ac<\/a>\n <\/div>\n<\/p><\/div>\n<\/p><\/div>\n<\/p><\/div>\n<div class=\"pivot-link-msg\">* Alg\u00fan precio puede haber cambiado desde la \u00faltima revisi\u00f3n<\/div>\n<\/p><\/div>\n<p><!-- PIVOT END --><\/p>\n<h2>Comprar <strong>aire acondicionado port\u00e1til Origial AirFeel 3000 al mejor precio<\/strong><\/h2>\n<div class=\"article-asset-image article-asset-normal article-asset-center\">\n<div class=\"asset-content\">\n                    <a rel=\"nofollow, sponsored, noopener, noreferrer noopener\" target=\"_blank\" class=\"js-ecommerce\" href=\"https:\/\/www.xatakahome.com\/redirect?url=https%3A%2F%2Fwww.pccomponentes.com%2Forigial-airfeel-3000w-wifi-aire-acondicionado-portatil-con-bomba-de-calor-y-wifi-3000-frigorias&amp;category=seleccion&amp;ecomPostExpiration=everlasting&amp;postId=113454\" data-vars-affiliate-url=\"https:\/\/www.pccomponentes.com\/origial-airfeel-3000w-wifi-aire-acondicionado-portatil-con-bomba-de-calor-y-wifi-3000-frigorias\"><\/p>\n<p>    <img decoding=\"async\" alt=\"aire acondicionado port\u00e1til Origial AirFeel 3000W\" class=\"centro_sinmarco\" src=\"https:\/\/i.blogs.es\/486173\/proyecto-nuevo-7-\/450_1000.webp\"><br \/>\n     <\/a><\/p><\/div>\n<\/div>\n<p>El precio habitual de este aire acondicionado port\u00e1til de la firma Origial es de 354,91 euros pero, ahora, est\u00e1 disponible en oferta. Tiene aplicado un <strong>descuento de 60,01 euros<\/strong> y te lo puedes comprar por <a rel=\"nofollow, sponsored, noopener, noreferrer noopener\" target=\"_blank\" class=\"js-ecommerce\" href=\"https:\/\/www.xatakahome.com\/redirect?url=https%3A%2F%2Fwww.pccomponentes.com%2Forigial-airfeel-3000w-wifi-aire-acondicionado-portatil-con-bomba-de-calor-y-wifi-3000-frigorias&amp;category=seleccion&amp;ecomPostExpiration=everlasting&amp;postId=113454\" data-vars-affiliate-url=\"https:\/\/www.pccomponentes.com\/origial-airfeel-3000w-wifi-aire-acondicionado-portatil-con-bomba-de-calor-y-wifi-3000-frigorias\">294,90 euros<\/a>, que es su precio m\u00ednimo hist\u00f3rico.<\/p>\n<p><!-- BREAK 2 --><\/p>\n<p>Este modelo destaca, frente a otros <a href=\"https:\/\/www.xatakahome.com\/hogar\/14-aires-acondicionados-portatiles-refrigeradores-evaporativos-para-estar-fresquitos-casa-gastar-fortuna-1\">aires acondicionados port\u00e1tiles<\/a>, por contar con <strong>WiFi y bomba de calor<\/strong>, algo que no tienen muchos de los dispositivos de este tipo que se venden actualmente. Se trata, por tanto, de un equipo que combina eficiencia y tecnolog\u00eda moderna.<\/p>\n<p><!-- BREAK 3 --><\/p>\n<div class=\"article-asset-video article-asset-normal\">\n<div class=\"asset-content\">\n<div class=\"base-asset-video\">\n<div class=\"js-dailymotion\">\n    <script type=\"application\/json\">\n                          {\"videoId\":\"x8006fc\",\"autoplay\":true,\"title\":\"C\u00f3mo dormir cuando hace mucho calor y no tienes aire acondicionado\", \"tag\":\"\", \"duration\":\"217\"}\n                  <\/script>\n   <\/div>\n<\/p><\/div>\n<\/p><\/div>\n<\/div>\n<p>Con 3.000 frigor\u00edas, este aire acondicionado port\u00e1til es perfecto para enfriar (y calentar) <strong>espacios de hasta 23m\u00b2<\/strong>. Utiliza el gas refrigerante R290, que tiene bajo impacto ambiental y presenta una alta eficiencia energ\u00e9tica.<\/p>\n<p><!-- BREAK 4 --><\/p>\n<p>Viene con mando a distancia y tambi\u00e9n puedes controlarlo a trav\u00e9s de la app o su panel t\u00e1ctil. Este aire acondicionado port\u00e1til permite ajustar la temperatura <strong>entre 15 y 32\u00baC<\/strong> y ofrece un caudal de aire de hasta 400 m3\/h, con una potencia de 3.500 W en modo refrigeraci\u00f3n y de hasta 2.600 W en el modo calefacci\u00f3n.<\/p>\n<p><!-- BREAK 5 --><\/p>\n<div class=\"article-asset article-asset-normal article-asset-center\">\n<div class=\"desvio-container\">\n<div class=\"desvio\">\n<div class=\"desvio-figure js-desvio-figure\">\n    <a href=\"https:\/\/www.xatakahome.com\/hogar\/este-truco-arquitecto-para-quitar-calor-habitacion-no-tengamos-aire-acondicionado\"><br \/>\n     <img loading=\"lazy\" decoding=\"async\" alt=\"Este es el truco de un arquitecto para quitar el calor de una habitaci\u00f3n aunque no tengamos aire acondicionado\" width=\"375\" height=\"142\" src=\"https:\/\/i.blogs.es\/20ef41\/pexels-cottonbro-5712770\/375_142.webp\" onerror='this.src=\"https:\/\/i.blogs.es\/20ef41\/pexels-cottonbro-5712770\/375_142.jpeg\"'><br \/>\n    <\/a>\n   <\/div>\n<div class=\"desvio-summary\">\n<div class=\"desvio-taxonomy js-desvio-taxonomy\">\n     <a href=\"https:\/\/www.xatakahome.com\/hogar\/este-truco-arquitecto-para-quitar-calor-habitacion-no-tengamos-aire-acondicionado\" class=\"desvio-taxonomy-anchor\">En Xataka Smart Home<\/a>\n    <\/div>\n<p>    <a href=\"https:\/\/www.xatakahome.com\/hogar\/este-truco-arquitecto-para-quitar-calor-habitacion-no-tengamos-aire-acondicionado\" class=\"desvio-title js-desvio-title\">Este es el truco de un arquitecto para quitar el calor de una habitaci\u00f3n aunque no tengamos aire acondicionado<\/a>\n   <\/div>\n<\/p><\/div>\n<\/p><\/div>\n<\/div>\n<h2>Tambi\u00e9n te puede interesar<\/h2>\n<p><!-- PIVOT START --><\/p>\n<div class=\"pivot-ecommerce-container m-pivot-ecommerce-redesign article-asset-normal article-asset-center\">\n<div class=\"pivot-ecommerce\">\n<div class=\"pivot-ecommerce-figure\">\n  <a rel=\"nofollow, sponsored, noopener, noreferrer noopener\" target=\"_blank\" href=\"https:\/\/www.xatakahome.com\/redirect?url=https%3A%2F%2Fwww.amazon.es%2Fdp%2FB0CSG86ZH5%3Ftag%3Dxatakahome-21%26linkCode%3Dogi%26th%3D1%26psc%3D1&amp;category=seleccion&amp;pivot=1&amp;ecomPostExpiration=everlasting&amp;postId=113454\"><br \/>\n   <img loading=\"lazy\" decoding=\"async\" alt=\"Loviga Sellado de ventanas de 400 cm para aparatos de aire acondicionado y secadores m\u00f3viles\" width=\"500\" height=\"500\" src=\"https:\/\/i.blogs.es\/78b5d5\/41dexbpbrdl._sl500_\/original.webp\" onerror='this.src=\"https:\/\/i.blogs.es\/78b5d5\/41dexbpbrdl._sl500_\/original.jpeg\"'><br \/>\n  <\/a>\n  <\/div>\n<div class=\"pivot-ecommerce-summary\">\n<p class=\"pivot-ecommerce-desc\">Loviga Sellado de ventanas de 400 cm para aparatos de aire acondicionado y secadores m\u00f3viles<\/p>\n<div class=\"pivot-actions \">\n<div class=\"pivot-actions-row\">\n <a rel=\"nofollow, sponsored, noopener, noreferrer noopener\" target=\"_blank\" data-asin=\"B0CSG86ZH5\" data-store=\"Amazon\" href=\"https:\/\/www.xatakahome.com\/redirect?url=https%3A%2F%2Fwww.amazon.es%2Fdp%2FB0CSG86ZH5%3Ftag%3Dxatakahome-21%26linkCode%3Dogi%26th%3D1%26psc%3D1&amp;category=seleccion&amp;pivot=1&amp;ecomPostExpiration=everlasting&amp;postId=113454\" title=\"Precio actualizado hoy\" class=\"pivot-action-btn pivot-action-primary\">Hoy en Amazon \u2014 <strong>19,99<\/strong> \u20ac<\/a>\n <\/div>\n<\/p><\/div>\n<\/p><\/div>\n<\/p><\/div>\n<div class=\"pivot-link-msg\">* Alg\u00fan precio puede haber cambiado desde la \u00faltima revisi\u00f3n<\/div>\n<\/p><\/div>\n<p><!-- PIVOT END --><br \/>\n<!-- PIVOT START --><\/p>\n<div class=\"pivot-ecommerce-container m-pivot-ecommerce-redesign article-asset-normal article-asset-center\">\n<div class=\"pivot-ecommerce\">\n<div class=\"pivot-ecommerce-figure\">\n  <a rel=\"nofollow, sponsored, noopener, noreferrer noopener\" target=\"_blank\" href=\"https:\/\/www.xatakahome.com\/redirect?url=https%3A%2F%2Fwww.amazon.es%2Fdp%2FB0CYPTJN6S%3Ftag%3Dxatakahome-21%26linkCode%3Dogi%26th%3D1%26psc%3D1&amp;category=seleccion&amp;pivot=1&amp;ecomPostExpiration=everlasting&amp;postId=113454\"><br \/>\n   <img loading=\"lazy\" decoding=\"async\" alt=\"REDTRON 560CM Kit Ventana Aire Acondicionado\" width=\"500\" height=\"500\" src=\"https:\/\/i.blogs.es\/7254e5\/31itofb6xtl._sl500_\/original.webp\" onerror='this.src=\"https:\/\/i.blogs.es\/7254e5\/31itofb6xtl._sl500_\/original.jpeg\"'><br \/>\n  <\/a>\n  <\/div>\n<div class=\"pivot-ecommerce-summary\">\n<p class=\"pivot-ecommerce-desc\">REDTRON 560CM Kit Ventana Aire Acondicionado<\/p>\n<div class=\"pivot-actions \">\n<div class=\"pivot-actions-row\">\n <a rel=\"nofollow, sponsored, noopener, noreferrer noopener\" target=\"_blank\" data-asin=\"B0CYPTJN6S\" data-store=\"Amazon\" href=\"https:\/\/www.xatakahome.com\/redirect?url=https%3A%2F%2Fwww.amazon.es%2Fdp%2FB0CYPTJN6S%3Ftag%3Dxatakahome-21%26linkCode%3Dogi%26th%3D1%26psc%3D1&amp;category=seleccion&amp;pivot=1&amp;ecomPostExpiration=everlasting&amp;postId=113454\" title=\"Precio actualizado hoy\" class=\"pivot-action-btn pivot-action-primary\">Hoy en Amazon \u2014 <strong>22,99<\/strong> \u20ac<\/a>\n <\/div>\n<\/p><\/div>\n<\/p><\/div>\n<\/p><\/div>\n<div class=\"pivot-link-msg\">* Alg\u00fan precio puede haber cambiado desde la \u00faltima revisi\u00f3n<\/div>\n<\/p><\/div>\n<p><!-- PIVOT END --><\/p>\n<p><em>Nota: algunos de los enlaces aqu\u00ed publicados son de afiliados y pueden reportar un beneficio.<\/em><\/p>\n<p>Im\u00e1genes | Origial<\/p>\n<p>En Xataka Smart Home | <a href=\"https:\/\/www.xatakahome.com\/seleccion\/adios-al-calor-casa-estos-mejores-aires-acondicionados-portatiles-que-arrasaran-este-verano\">Estos son nuestros cinco aires acondicionados port\u00e1tiles favoritos para sobrellevar mejor este verano en casa<\/a><\/p>\n<p>En Xataka Smart Home | <a href=\"https:\/\/www.xatakahome.com\/guia-de-compra\/aires-acondicionados-portatiles-silenciosos-estos-mejores-mercado-para-superar-ola-calor\">Los aires acondicionados port\u00e1tiles m\u00e1s silenciosos: estos son los mejores del mercado para superar la ola de calor<\/a><\/p>\n<p><script>\n (function() {\n  window._JS_MODULES = window._JS_MODULES || {};\n  var headElement = document.getElementsByTagName('head')[0];\n  if (_JS_MODULES.instagram) {\n   var instagramScript = document.createElement('script');\n   instagramScript.src = 'https:\/\/platform.instagram.com\/en_US\/embeds.js';\n   instagramScript.async = true;\n   instagramScript.defer = true;\n   headElement.appendChild(instagramScript);\n  }\n })();\n<\/script><\/p>\n<p> &#8211; <br \/> La noticia<br \/>\n      <a href=\"https:\/\/www.xatakahome.com\/seleccion\/este-aire-acondicionado-portatil-wifi-nunca-habia-estado-barato-perfecto-para-combatir-ola-calor?utm_source=feedburner&amp;utm_medium=feed&amp;utm_campaign=19_Jul_2024\"><br \/>\n       <em> Este aire acondicionado port\u00e1til con WiFi nunca hab\u00eda estado tan barato: perfecto para combatir la ola de calor  <\/em><br \/>\n      <\/a><br \/>\n      fue publicada originalmente en<br \/>\n      <a href=\"https:\/\/www.xatakahome.com\/?utm_source=feedburner&amp;utm_medium=feed&amp;utm_campaign=19_Jul_2024\"><br \/>\n       <strong> Xataka Smart Home <\/strong><br \/>\n      <\/a><br \/>\n            por <a href=\"https:\/\/www.xatakahome.com\/autor\/fran-leon?utm_source=feedburner&amp;utm_medium=feed&amp;utm_campaign=19_Jul_2024\"><br \/>\n       Fran Le\u00f3n<br \/>\n      <\/a><br \/>\n      . <\/p>\n<\/div>\n","protected":false},"excerpt":{"rendered":"<p>En plena ola de calor, contar con los mejore dispositivos de climatizaci\u00f3n en nuestro hogar es fundamental para estar fresquitos. Ahora, en PcComponentes, hemos encontrado este aire acondicionado port\u00e1til Origial AirFeel 3000 que est\u00e1 a precio m\u00ednimo hist\u00f3rico, por 294,90 euros. Aire Acondicionado Origial AirFeel 3000 PVP en PcComponentes \u2014 294,90 \u20ac * Alg\u00fan precio &hellip; <a href=\"https:\/\/domosistemas.com\/?p=25075\" class=\"more-link\">Sigue leyendo <span class=\"screen-reader-text\">Este aire acondicionado port\u00e1til con WiFi nunca hab\u00eda estado tan barato: perfecto para combatir la ola de calor<\/span><\/a><\/p>\n","protected":false},"author":1,"featured_media":0,"comment_status":"closed","ping_status":"closed","sticky":false,"template":"","format":"standard","meta":{"footnotes":""},"categories":[8],"tags":[],"class_list":["post-25075","post","type-post","status-publish","format-standard","hentry","category-xataka"],"_links":{"self":[{"href":"https:\/\/domosistemas.com\/index.php?rest_route=\/wp\/v2\/posts\/25075","targetHints":{"allow":["GET"]}}],"collection":[{"href":"https:\/\/domosistemas.com\/index.php?rest_route=\/wp\/v2\/posts"}],"about":[{"href":"https:\/\/domosistemas.com\/index.php?rest_route=\/wp\/v2\/types\/post"}],"author":[{"embeddable":true,"href":"https:\/\/domosistemas.com\/index.php?rest_route=\/wp\/v2\/users\/1"}],"replies":[{"embeddable":true,"href":"https:\/\/domosistemas.com\/index.php?rest_route=%2Fwp%2Fv2%2Fcomments&post=25075"}],"version-history":[{"count":0,"href":"https:\/\/domosistemas.com\/index.php?rest_route=\/wp\/v2\/posts\/25075\/revisions"}],"wp:attachment":[{"href":"https:\/\/domosistemas.com\/index.php?rest_route=%2Fwp%2Fv2%2Fmedia&parent=25075"}],"wp:term":[{"taxonomy":"category","embeddable":true,"href":"https:\/\/domosistemas.com\/index.php?rest_route=%2Fwp%2Fv2%2Fcategories&post=25075"},{"taxonomy":"post_tag","embeddable":true,"href":"https:\/\/domosistemas.com\/index.php?rest_route=%2Fwp%2Fv2%2Ftags&post=25075"}],"curies":[{"name":"wp","href":"https:\/\/api.w.org\/{rel}","templated":true}]}}