{"id":25082,"date":"2024-07-20T13:11:49","date_gmt":"2024-07-20T13:11:49","guid":{"rendered":"https:\/\/domosistemas.com\/?p=25082"},"modified":"2024-07-20T13:11:49","modified_gmt":"2024-07-20T13:11:49","slug":"las-mejores-soluciones-de-ikea-para-ordenar-despensas-pequenas-y-tenerlo-todo-a-mano","status":"publish","type":"post","link":"https:\/\/domosistemas.com\/?p=25082","title":{"rendered":"Las mejores soluciones de IKEA para ordenar despensas peque\u00f1as y tenerlo todo a mano"},"content":{"rendered":"<div>\n<p>\n      <img decoding=\"async\" src=\"https:\/\/i.blogs.es\/751dc3\/captura-de-pantalla-2024-07-20-a-las-10.45.32\/1024_2000.jpeg\" alt=\"Las mejores soluciones de IKEA para ordenar despensas peque\u00f1as y tenerlo todo a mano \">\n    <\/p>\n<p>La popular tienda sueca es magn\u00edfico recurso para encontrar soluciones de organizaci\u00f3n y almacenamiento para toda la casa y la cocina o despensa no es una excepci\u00f3n. Cuando la estancia en cuesti\u00f3n es peque\u00f1a, encontrar muebles que aprovechen al m\u00e1ximo sus dimensiones es providencial: no estamos para desperdiciar espacio. Hemos buscado las <strong>mejores soluciones de IKEA para organizar la despensa<\/strong> para que tengas todo organizado y optimices el espacio disponible.<\/p>\n<p><!-- BREAK 1 --><\/p>\n<div class=\"article-asset-image article-asset-normal article-asset-center\">\n<div class=\"asset-content\">\n<div class=\"caption-img \">\n                    <a rel=\"nofollow, sponsored, noopener, noreferrer noopener\" target=\"_blank\" class=\"js-ecommerce\" href=\"https:\/\/www.xatakahome.com\/redirect?url=https%3A%2F%2Fwww.ikea.com%2Fes%2Fes%2Fp%2Fkungsfors-riel-susp-balda-rejilla-prd-acero-inoxidable-fresno-s19308405%2F&amp;category=hogar&amp;ecomPostExpiration=perish&amp;postId=113470\" data-vars-affiliate-url=\"https:\/\/www.ikea.com\/es\/es\/p\/kungsfors-riel-susp-balda-rejilla-prd-acero-inoxidable-fresno-s19308405\/\"><\/p>\n<p>    <img decoding=\"async\" alt=\"Captura De Pantalla 2024 07 20 A Las 10 47 20\" class=\"centro_sinmarco\" src=\"https:\/\/i.blogs.es\/3eb85c\/captura-de-pantalla-2024-07-20-a-las-10.47.20\/450_1000.webp\"><br \/>\n     <\/a><\/p>\n<p>        <span>IKEA<\/span>\n   <\/div>\n<\/p><\/div>\n<\/div>\n<p>Hay varias versiones de este original mueble KUNGSFORS, que combina baldas ajustables con rejillas para que puedas colgar utensilios y dejar alimentos dispuestos a diferentes alturas y a la vista, al estilo cocina de restaurante. Combina el acero inoxidable con la madera color fresno: en formato columna cuesta <a rel=\"nofollow, sponsored, noopener, noreferrer noopener\" target=\"_blank\" class=\"js-ecommerce\" href=\"https:\/\/www.xatakahome.com\/redirect?url=https%3A%2F%2Fwww.ikea.com%2Fes%2Fes%2Fp%2Fkungsfors-riel-susp-balda-rejilla-prd-acero-inoxidable-fresno-s19308405%2F&amp;category=hogar&amp;ecomPostExpiration=perish&amp;postId=113470\" data-vars-affiliate-url=\"https:\/\/www.ikea.com\/es\/es\/p\/kungsfors-riel-susp-balda-rejilla-prd-acero-inoxidable-fresno-s19308405\/\">171,90 euros<\/a> y es ideal para despensas reducidas, pero si tienes un frontal libre, esta un vistazo a <a rel=\"nofollow, sponsored, noopener, noreferrer noopener\" target=\"_blank\" class=\"js-ecommerce\" href=\"https:\/\/www.xatakahome.com\/redirect?url=https%3A%2F%2Fwww.ikea.com%2Fes%2Fes%2Fp%2Fkungsfors-riel-suspension-baldas-rejillas-acero-inoxidable-fresno-s49308362%2F&amp;category=hogar&amp;ecomPostExpiration=perish&amp;postId=113470\" data-vars-affiliate-url=\"https:\/\/www.ikea.com\/es\/es\/p\/kungsfors-riel-suspension-baldas-rejillas-acero-inoxidable-fresno-s49308362\/\">esta otra variante<\/a>.<\/p>\n<p><!-- BREAK 2 --><!-- PIVOT START --><\/p>\n<div class=\"pivot-ecommerce-container m-pivot-ecommerce-redesign article-asset-normal article-asset-center\">\n<div class=\"pivot-ecommerce\">\n<div class=\"pivot-ecommerce-figure\">\n  <a rel=\"nofollow, sponsored, noopener, noreferrer noopener\" target=\"_blank\" href=\"https:\/\/www.xatakahome.com\/redirect?url=https%3A%2F%2Fwww.ikea.com%2Fes%2Fes%2Fp%2Fkungsfors-riel-susp-balda-rejilla-prd-acero-inoxidable-fresno-s19308405%2F&amp;category=hogar&amp;pivot=1&amp;ecomPostExpiration=perish&amp;postId=113470\"><br \/>\n   <img loading=\"lazy\" decoding=\"async\" alt=\"KUNGSFORS\nRiel susp+balda\/rejilla prd, acero inoxidable\/fresno\n\" width=\"663\" height=\"663\" src=\"https:\/\/i.blogs.es\/f077f4\/blob\/original.webp\" onerror='this.src=\"https:\/\/i.blogs.es\/f077f4\/blob\/original.jpeg\"'><br \/>\n  <\/a>\n  <\/div>\n<div class=\"pivot-ecommerce-summary\">\n<p class=\"pivot-ecommerce-desc\">KUNGSFORS<br \/>\nRiel susp+balda\/rejilla prd, acero inoxidable\/fresno\n<\/p>\n<div class=\"pivot-actions \">\n<div class=\"pivot-actions-row\">\n <a rel=\"nofollow, sponsored, noopener, noreferrer noopener\" target=\"_blank\" data-asin=\"\" data-store=\"\" href=\"https:\/\/www.xatakahome.com\/redirect?url=https%3A%2F%2Fwww.ikea.com%2Fes%2Fes%2Fp%2Fkungsfors-riel-susp-balda-rejilla-prd-acero-inoxidable-fresno-s19308405%2F&amp;category=hogar&amp;pivot=1&amp;ecomPostExpiration=perish&amp;postId=113470\" title=\"Precio de venta al p\u00fablico a fecha de publicaci\u00f3n\" class=\"pivot-action-btn pivot-action-primary\">PVP en PVP en IKEA \u2014 <strong>171,90<\/strong> \u20ac<\/a>\n <\/div>\n<\/p><\/div>\n<\/p><\/div>\n<\/p><\/div>\n<div class=\"pivot-link-msg\">* Alg\u00fan precio puede haber cambiado desde la \u00faltima revisi\u00f3n<\/div>\n<\/p><\/div>\n<p><!-- PIVOT END --><\/p>\n<div class=\"article-asset-image article-asset-normal article-asset-center\">\n<div class=\"asset-content\">\n<div class=\"caption-img \">\n                    <a rel=\"nofollow, sponsored, noopener, noreferrer noopener\" target=\"_blank\" class=\"js-ecommerce\" href=\"https:\/\/www.xatakahome.com\/redirect?url=https%3A%2F%2Fwww.ikea.com%2Fes%2Fes%2Fp%2Fivar-estanteria-con-baldas-botellero-pino-s19403817%2F&amp;category=hogar&amp;ecomPostExpiration=perish&amp;postId=113470\" data-vars-affiliate-url=\"https:\/\/www.ikea.com\/es\/es\/p\/ivar-estanteria-con-baldas-botellero-pino-s19403817\/\"><\/p>\n<p>    <img decoding=\"async\" alt=\"Captura De Pantalla 2024 07 20 A Las 10 51 40\" class=\"centro_sinmarco\" src=\"https:\/\/i.blogs.es\/c19420\/captura-de-pantalla-2024-07-20-a-las-10.51.40\/450_1000.webp\"><br \/>\n     <\/a><\/p>\n<p>        <span>IKEA<\/span>\n   <\/div>\n<\/p><\/div>\n<\/div>\n<p>La IVAR es una estanter\u00eda con baldas y botellero hecha con metal y madera de pino de lo m\u00e1s sencilla y funcional para aprovechar cualquier lado, con un estilo industrial simple pero robusto y a precio ajustado (<a rel=\"nofollow, sponsored, noopener, noreferrer noopener\" target=\"_blank\" class=\"js-ecommerce\" href=\"https:\/\/www.xatakahome.com\/redirect?url=https%3A%2F%2Fwww.ikea.com%2Fes%2Fes%2Fp%2Fivar-estanteria-con-baldas-botellero-pino-s19403817%2F&amp;category=hogar&amp;ecomPostExpiration=perish&amp;postId=113470\" data-vars-affiliate-url=\"https:\/\/www.ikea.com\/es\/es\/p\/ivar-estanteria-con-baldas-botellero-pino-s19403817\/\">84 euros<\/a>).<\/p>\n<p><!-- BREAK 3 --><!-- PIVOT START --><\/p>\n<div class=\"pivot-ecommerce-container m-pivot-ecommerce-redesign article-asset-normal article-asset-center\">\n<div class=\"pivot-ecommerce\">\n<div class=\"pivot-ecommerce-figure\">\n  <a rel=\"nofollow, sponsored, noopener, noreferrer noopener\" target=\"_blank\" href=\"https:\/\/www.xatakahome.com\/redirect?url=https%3A%2F%2Fwww.ikea.com%2Fes%2Fes%2Fp%2Fivar-estanteria-con-baldas-botellero-pino-s19403817%2F&amp;category=hogar&amp;pivot=1&amp;ecomPostExpiration=perish&amp;postId=113470\"><br \/>\n   <img loading=\"lazy\" decoding=\"async\" alt=\"IVAR\nEstanter\u00eda con baldas y botellero, pino, 89x30x124 cm\" width=\"573\" height=\"572\" src=\"https:\/\/i.blogs.es\/ec2720\/blob\/original.webp\" onerror='this.src=\"https:\/\/i.blogs.es\/ec2720\/blob\/original.jpeg\"'><br \/>\n  <\/a>\n  <\/div>\n<div class=\"pivot-ecommerce-summary\">\n<p class=\"pivot-ecommerce-desc\">IVAR<br \/>\nEstanter\u00eda con baldas y botellero, pino, 89x30x124 cm<\/p>\n<div class=\"pivot-actions \">\n<div class=\"pivot-actions-row\">\n <a rel=\"nofollow, sponsored, noopener, noreferrer noopener\" target=\"_blank\" data-asin=\"\" data-store=\"\" href=\"https:\/\/www.xatakahome.com\/redirect?url=https%3A%2F%2Fwww.ikea.com%2Fes%2Fes%2Fp%2Fivar-estanteria-con-baldas-botellero-pino-s19403817%2F&amp;category=hogar&amp;pivot=1&amp;ecomPostExpiration=perish&amp;postId=113470\" title=\"Precio de venta al p\u00fablico a fecha de publicaci\u00f3n\" class=\"pivot-action-btn pivot-action-primary\">PVP en PVP en IKEA \u2014 <strong>84,00<\/strong> \u20ac<\/a>\n <\/div>\n<\/p><\/div>\n<\/p><\/div>\n<\/p><\/div>\n<div class=\"pivot-link-msg\">* Alg\u00fan precio puede haber cambiado desde la \u00faltima revisi\u00f3n<\/div>\n<\/p><\/div>\n<p><!-- PIVOT END --><\/p>\n<div class=\"article-asset-image article-asset-normal article-asset-center\">\n<div class=\"asset-content\">\n<div class=\"caption-img \">\n                    <a rel=\"nofollow, sponsored, noopener, noreferrer noopener\" target=\"_blank\" class=\"js-ecommerce\" href=\"https:\/\/www.xatakahome.com\/redirect?url=https%3A%2F%2Fwww.ikea.com%2Fes%2Fes%2Fp%2Fdajlien-carrito-blanco-30557262%2F&amp;category=hogar&amp;ecomPostExpiration=perish&amp;postId=113470\" data-vars-affiliate-url=\"https:\/\/www.ikea.com\/es\/es\/p\/dajlien-carrito-blanco-30557262\/\"><\/p>\n<p>    <img decoding=\"async\" alt=\"Captura De Pantalla 2024 07 20 A Las 10 54 33\" class=\"centro_sinmarco\" src=\"https:\/\/i.blogs.es\/90ae1c\/captura-de-pantalla-2024-07-20-a-las-10.54.33\/450_1000.webp\"><br \/>\n     <\/a><\/p>\n<p>        <span>IKEA<\/span>\n   <\/div>\n<\/p><\/div>\n<\/div>\n<p>Si tienes menos espacio y de hecho, te gustar\u00eda poder colocarlo en una esquina y moverlo si as\u00ed lo necesitas, este carrito tiene un dise\u00f1o compacto y atractivo. Con estructura de metal con rejilla para ver lo que hay dentro, cuatro ruedas y disponible en dos colores. Ahora el DAJLIEN cuesta <a rel=\"nofollow, sponsored, noopener, noreferrer noopener\" target=\"_blank\" class=\"js-ecommerce\" href=\"https:\/\/www.xatakahome.com\/redirect?url=https%3A%2F%2Fwww.ikea.com%2Fes%2Fes%2Fp%2Fdajlien-carrito-blanco-30557262%2F&amp;category=hogar&amp;ecomPostExpiration=perish&amp;postId=113470\" data-vars-affiliate-url=\"https:\/\/www.ikea.com\/es\/es\/p\/dajlien-carrito-blanco-30557262\/\">49,99 euros<\/a>.<\/p>\n<p><!-- BREAK 4 --><!-- PIVOT START --><\/p>\n<div class=\"pivot-ecommerce-container m-pivot-ecommerce-redesign article-asset-normal article-asset-center\">\n<div class=\"pivot-ecommerce\">\n<div class=\"pivot-ecommerce-figure\">\n  <a rel=\"nofollow, sponsored, noopener, noreferrer noopener\" target=\"_blank\" href=\"https:\/\/www.xatakahome.com\/redirect?url=https%3A%2F%2Fwww.ikea.com%2Fes%2Fes%2Fp%2Fdajlien-carrito-blanco-30557262%2F&amp;category=hogar&amp;pivot=1&amp;ecomPostExpiration=perish&amp;postId=113470\"><br \/>\n   <img loading=\"lazy\" decoding=\"async\" alt=\"DAJLIEN\nCarrito, blanco, 42x39x65 cm\n\n\" width=\"558\" height=\"558\" src=\"https:\/\/i.blogs.es\/041dfd\/blob\/original.webp\" onerror='this.src=\"https:\/\/i.blogs.es\/041dfd\/blob\/original.jpeg\"'><br \/>\n  <\/a>\n  <\/div>\n<div class=\"pivot-ecommerce-summary\">\n<p class=\"pivot-ecommerce-desc\">DAJLIEN<br \/>\nCarrito, blanco, 42x39x65 cm<\/p>\n<div class=\"pivot-actions \">\n<div class=\"pivot-actions-row\">\n <a rel=\"nofollow, sponsored, noopener, noreferrer noopener\" target=\"_blank\" data-asin=\"\" data-store=\"\" href=\"https:\/\/www.xatakahome.com\/redirect?url=https%3A%2F%2Fwww.ikea.com%2Fes%2Fes%2Fp%2Fdajlien-carrito-blanco-30557262%2F&amp;category=hogar&amp;pivot=1&amp;ecomPostExpiration=perish&amp;postId=113470\" title=\"Precio de venta al p\u00fablico a fecha de publicaci\u00f3n\" class=\"pivot-action-btn pivot-action-primary\">PVP en PVP en IKEA \u2014 <strong>49,99<\/strong> \u20ac<\/a>\n <\/div>\n<\/p><\/div>\n<\/p><\/div>\n<\/p><\/div>\n<div class=\"pivot-link-msg\">* Alg\u00fan precio puede haber cambiado desde la \u00faltima revisi\u00f3n<\/div>\n<\/p><\/div>\n<p><!-- PIVOT END --><\/p>\n<div class=\"article-asset-image article-asset-normal article-asset-center\">\n<div class=\"asset-content\">\n<div class=\"caption-img \">\n                    <a rel=\"nofollow, sponsored, noopener, noreferrer noopener\" target=\"_blank\" class=\"js-ecommerce\" href=\"https:\/\/www.xatakahome.com\/redirect?url=https%3A%2F%2Fwww.ikea.com%2Fes%2Fes%2Fp%2Fvesken-carrito-blanco-00471222%2F%23content&amp;category=hogar&amp;ecomPostExpiration=perish&amp;postId=113470\" data-vars-affiliate-url=\"https:\/\/www.ikea.com\/es\/es\/p\/vesken-carrito-blanco-00471222\/#content\"><\/p>\n<p>    <img decoding=\"async\" alt=\"Captura De Pantalla 2024 07 20 A Las 10 54 10\" class=\"centro_sinmarco\" src=\"https:\/\/i.blogs.es\/2dab8f\/captura-de-pantalla-2024-07-20-a-las-10.54.10\/450_1000.webp\"><br \/>\n     <\/a><\/p>\n<p>        <span>IKEA<\/span>\n   <\/div>\n<\/p><\/div>\n<\/div>\n<p>Y si te gusta el formato carrito pero es que verdaderamente tienes poqu\u00edsimo espacio, este VESKEN es bastante estrecho. No obstante, tiene tres baldas donde puedes dejar recipientes y botellas. Con solo 18 cent\u00edmetros de fondo, podr\u00e1s dejarlo en peque\u00f1os espacios. Disponible en dos colores, por <a rel=\"nofollow, sponsored, noopener, noreferrer noopener\" target=\"_blank\" class=\"js-ecommerce\" href=\"https:\/\/www.xatakahome.com\/redirect?url=https%3A%2F%2Fwww.ikea.com%2Fes%2Fes%2Fp%2Fvesken-carrito-blanco-00471222%2F%23content&amp;category=hogar&amp;ecomPostExpiration=perish&amp;postId=113470\" data-vars-affiliate-url=\"https:\/\/www.ikea.com\/es\/es\/p\/vesken-carrito-blanco-00471222\/#content\">12,99 euros<\/a>, una opci\u00f3n socorrida y funcional de lo m\u00e1s asequible.<\/p>\n<p><!-- BREAK 5 --><!-- PIVOT START --><\/p>\n<div class=\"pivot-ecommerce-container m-pivot-ecommerce-redesign article-asset-normal article-asset-center\">\n<div class=\"pivot-ecommerce\">\n<div class=\"pivot-ecommerce-figure\">\n  <a rel=\"nofollow, sponsored, noopener, noreferrer noopener\" target=\"_blank\" href=\"https:\/\/www.xatakahome.com\/redirect?url=https%3A%2F%2Fwww.ikea.com%2Fes%2Fes%2Fp%2Fvesken-carrito-blanco-00471222%2F%23content&amp;category=hogar&amp;pivot=1&amp;ecomPostExpiration=perish&amp;postId=113470\"><br \/>\n   <img loading=\"lazy\" decoding=\"async\" alt=\"VESKEN\nCarrito, blanco, 54x18x71 cm\" width=\"596\" height=\"596\" src=\"https:\/\/i.blogs.es\/c460a4\/blob\/original.webp\" onerror='this.src=\"https:\/\/i.blogs.es\/c460a4\/blob\/original.jpeg\"'><br \/>\n  <\/a>\n  <\/div>\n<div class=\"pivot-ecommerce-summary\">\n<p class=\"pivot-ecommerce-desc\">VESKEN<br \/>\nCarrito, blanco, 54x18x71 cm<\/p>\n<div class=\"pivot-actions \">\n<div class=\"pivot-actions-row\">\n <a rel=\"nofollow, sponsored, noopener, noreferrer noopener\" target=\"_blank\" data-asin=\"\" data-store=\"\" href=\"https:\/\/www.xatakahome.com\/redirect?url=https%3A%2F%2Fwww.ikea.com%2Fes%2Fes%2Fp%2Fvesken-carrito-blanco-00471222%2F%23content&amp;category=hogar&amp;pivot=1&amp;ecomPostExpiration=perish&amp;postId=113470\" title=\"Precio de venta al p\u00fablico a fecha de publicaci\u00f3n\" class=\"pivot-action-btn pivot-action-primary\">PVP en PVP en IKEA \u2014 <strong>12,99<\/strong> \u20ac<\/a>\n <\/div>\n<\/p><\/div>\n<\/p><\/div>\n<\/p><\/div>\n<div class=\"pivot-link-msg\">* Alg\u00fan precio puede haber cambiado desde la \u00faltima revisi\u00f3n<\/div>\n<\/p><\/div>\n<p><!-- PIVOT END --><\/p>\n<div class=\"article-asset-image article-asset-normal article-asset-center\">\n<div class=\"asset-content\">\n<div class=\"caption-img \">\n                    <a rel=\"nofollow, sponsored, noopener, noreferrer noopener\" target=\"_blank\" class=\"js-ecommerce\" href=\"https:\/\/www.xatakahome.com\/redirect?url=https%3A%2F%2Fwww.ikea.com%2Fes%2Fes%2Fp%2Fpalycke-cesta-colgante-00534432%2F&amp;category=hogar&amp;ecomPostExpiration=perish&amp;postId=113470\" data-vars-affiliate-url=\"https:\/\/www.ikea.com\/es\/es\/p\/palycke-cesta-colgante-00534432\/\"><\/p>\n<p>    <img decoding=\"async\" alt=\"Captura De Pantalla 2024 07 20 A Las 10 46 04\" class=\"centro_sinmarco\" src=\"https:\/\/i.blogs.es\/5c07c4\/captura-de-pantalla-2024-07-20-a-las-10.46.04\/450_1000.webp\"><br \/>\n     <\/a><\/p>\n<p>        <span>IKEA<\/span>\n   <\/div>\n<\/p><\/div>\n<\/div>\n<p>Si tienes alguna que otra balda en tu despensa, pero se te ha quedado corta y quieres ganar espacio en las alturas para dejar peque\u00f1os objetos o alimentos, esta cesta colgante P\u00c5LYCKE<strong> <\/strong>es una soluci\u00f3n socorrida que puedes encajar en la balda que tengas y maximizar su espacio. Por <a rel=\"nofollow, sponsored, noopener, noreferrer noopener\" target=\"_blank\" class=\"js-ecommerce\" href=\"https:\/\/www.xatakahome.com\/redirect?url=https%3A%2F%2Fwww.ikea.com%2Fes%2Fes%2Fp%2Fpalycke-cesta-colgante-00534432%2F&amp;category=hogar&amp;ecomPostExpiration=perish&amp;postId=113470\" data-vars-affiliate-url=\"https:\/\/www.ikea.com\/es\/es\/p\/palycke-cesta-colgante-00534432\/\">5,99 euros<\/a>.<\/p>\n<p><!-- BREAK 6 --><!-- PIVOT START --><\/p>\n<div class=\"pivot-ecommerce-container m-pivot-ecommerce-redesign article-asset-normal article-asset-center\">\n<div class=\"pivot-ecommerce\">\n<div class=\"pivot-ecommerce-figure\">\n  <a rel=\"nofollow, sponsored, noopener, noreferrer noopener\" target=\"_blank\" href=\"https:\/\/www.xatakahome.com\/redirect?url=https%3A%2F%2Fwww.ikea.com%2Fes%2Fes%2Fp%2Fpalycke-cesta-colgante-00534432%2F&amp;category=hogar&amp;pivot=1&amp;ecomPostExpiration=perish&amp;postId=113470\"><br \/>\n   <img loading=\"lazy\" decoding=\"async\" alt=\"P\u00c5LYCKE\nCesta colgante, 36x26x14 cm\" width=\"461\" height=\"461\" src=\"https:\/\/i.blogs.es\/10e2b2\/blob\/original.webp\" onerror='this.src=\"https:\/\/i.blogs.es\/10e2b2\/blob\/original.jpeg\"'><br \/>\n  <\/a>\n  <\/div>\n<div class=\"pivot-ecommerce-summary\">\n<p class=\"pivot-ecommerce-desc\">P\u00c5LYCKE<br \/>\nCesta colgante, 36x26x14 cm<\/p>\n<div class=\"pivot-actions \">\n<div class=\"pivot-actions-row\">\n <a rel=\"nofollow, sponsored, noopener, noreferrer noopener\" target=\"_blank\" data-asin=\"\" data-store=\"\" href=\"https:\/\/www.xatakahome.com\/redirect?url=https%3A%2F%2Fwww.ikea.com%2Fes%2Fes%2Fp%2Fpalycke-cesta-colgante-00534432%2F&amp;category=hogar&amp;pivot=1&amp;ecomPostExpiration=perish&amp;postId=113470\" title=\"Precio de venta al p\u00fablico a fecha de publicaci\u00f3n\" class=\"pivot-action-btn pivot-action-primary\">PVP en PVP en IKEA \u2014 <strong>5,99<\/strong> \u20ac<\/a>\n <\/div>\n<\/p><\/div>\n<\/p><\/div>\n<\/p><\/div>\n<div class=\"pivot-link-msg\">* Alg\u00fan precio puede haber cambiado desde la \u00faltima revisi\u00f3n<\/div>\n<\/p><\/div>\n<p><!-- PIVOT END --><\/p>\n<div class=\"article-asset-image article-asset-normal article-asset-center\">\n<div class=\"asset-content\">\n<div class=\"caption-img \">\n                    <a rel=\"nofollow, sponsored, noopener, noreferrer noopener\" target=\"_blank\" class=\"js-ecommerce\" href=\"https:\/\/www.xatakahome.com\/redirect?url=https%3A%2F%2Fwww.ikea.com%2Fes%2Fes%2Fp%2Frisatorp-cesta-blanco-90281618%2F&amp;category=hogar&amp;ecomPostExpiration=perish&amp;postId=113470\" data-vars-affiliate-url=\"https:\/\/www.ikea.com\/es\/es\/p\/risatorp-cesta-blanco-90281618\/\"><\/p>\n<p>    <img decoding=\"async\" alt=\"Captura De Pantalla 2024 07 20 A Las 10 48 02\" class=\"centro_sinmarco\" src=\"https:\/\/i.blogs.es\/963eed\/captura-de-pantalla-2024-07-20-a-las-10.48.02\/450_1000.webp\"><br \/>\n     <\/a><\/p>\n<p>        <span>IKEA<\/span>\n   <\/div>\n<\/p><\/div>\n<\/div>\n<p>Adem\u00e1s de su versatilidad tanto est\u00e9tica como de presupuestos, uno de los fuertes de IKEA es ese estilo n\u00f3rdico tan agradable a la vista. Porque s\u00ed, puedes colocar cajas de fruta en tu despensa y quedan bien, pero estas cestas de madera y de metal RISATORP disponibles en cuatro colores y con asa est\u00e1n a otro nivel. Guarda tus frutas y verduras con mucho estilo por <a rel=\"nofollow, sponsored, noopener, noreferrer noopener\" target=\"_blank\" class=\"js-ecommerce\" href=\"https:\/\/www.xatakahome.com\/redirect?url=https%3A%2F%2Fwww.ikea.com%2Fes%2Fes%2Fp%2Frisatorp-cesta-blanco-90281618%2F&amp;category=hogar&amp;ecomPostExpiration=perish&amp;postId=113470\" data-vars-affiliate-url=\"https:\/\/www.ikea.com\/es\/es\/p\/risatorp-cesta-blanco-90281618\/\">10,99 euros<\/a>.<\/p>\n<p><!-- BREAK 7 --><!-- PIVOT START --><\/p>\n<div class=\"pivot-ecommerce-container m-pivot-ecommerce-redesign article-asset-normal article-asset-center\">\n<div class=\"pivot-ecommerce\">\n<div class=\"pivot-ecommerce-figure\">\n  <a rel=\"nofollow, sponsored, noopener, noreferrer noopener\" target=\"_blank\" href=\"https:\/\/www.xatakahome.com\/redirect?url=https%3A%2F%2Fwww.ikea.com%2Fes%2Fes%2Fp%2Frisatorp-cesta-blanco-90281618%2F&amp;category=hogar&amp;pivot=1&amp;ecomPostExpiration=perish&amp;postId=113470\"><br \/>\n   <img loading=\"lazy\" decoding=\"async\" alt=\"RISATORP\nCesta, blanco, 25x26x18 cm\" width=\"505\" height=\"506\" src=\"https:\/\/i.blogs.es\/3e0592\/blob\/original.webp\" onerror='this.src=\"https:\/\/i.blogs.es\/3e0592\/blob\/original.jpeg\"'><br \/>\n  <\/a>\n  <\/div>\n<div class=\"pivot-ecommerce-summary\">\n<p class=\"pivot-ecommerce-desc\">RISATORP<br \/>\nCesta, blanco, 25x26x18 cm<\/p>\n<div class=\"pivot-actions \">\n<div class=\"pivot-actions-row\">\n <a rel=\"nofollow, sponsored, noopener, noreferrer noopener\" target=\"_blank\" data-asin=\"\" data-store=\"\" href=\"https:\/\/www.xatakahome.com\/redirect?url=https%3A%2F%2Fwww.ikea.com%2Fes%2Fes%2Fp%2Frisatorp-cesta-blanco-90281618%2F&amp;category=hogar&amp;pivot=1&amp;ecomPostExpiration=perish&amp;postId=113470\" title=\"Precio de venta al p\u00fablico a fecha de publicaci\u00f3n\" class=\"pivot-action-btn pivot-action-primary\">PVP en PVP en IKEA \u2014 <strong>10,99<\/strong> \u20ac<\/a>\n <\/div>\n<\/p><\/div>\n<\/p><\/div>\n<\/p><\/div>\n<div class=\"pivot-link-msg\">* Alg\u00fan precio puede haber cambiado desde la \u00faltima revisi\u00f3n<\/div>\n<\/p><\/div>\n<p><!-- PIVOT END --><\/p>\n<div class=\"article-asset-image article-asset-normal article-asset-center\">\n<div class=\"asset-content\">\n<div class=\"caption-img \">\n                    <a rel=\"nofollow, sponsored, noopener, noreferrer noopener\" target=\"_blank\" class=\"js-ecommerce\" href=\"https:\/\/www.xatakahome.com\/redirect?url=https%3A%2F%2Fwww.ikea.com%2Fes%2Fes%2Fp%2Ftornviken-botellero-gris-80358967%2F&amp;category=hogar&amp;ecomPostExpiration=perish&amp;postId=113470\" data-vars-affiliate-url=\"https:\/\/www.ikea.com\/es\/es\/p\/tornviken-botellero-gris-80358967\/\"><\/p>\n<p>    <img decoding=\"async\" alt=\"Captura De Pantalla 2024 07 20 A Las 10 48 36\" class=\"centro_sinmarco\" src=\"https:\/\/i.blogs.es\/d47945\/captura-de-pantalla-2024-07-20-a-las-10.48.36\/450_1000.webp\"><br \/>\n     <\/a><\/p>\n<p>        <span>IKEA<\/span>\n   <\/div>\n<\/p><\/div>\n<\/div>\n<p>Aprovecha tus baldas o coloca directamente en el suelo este llamativo botellero TORNVIKEN con 10 a\u00f1os de garant\u00eda y espacio para colocar un buen mont\u00f3n de tus mejores vinos y dejarlos a la vista. Por <a rel=\"nofollow, sponsored, noopener, noreferrer noopener\" target=\"_blank\" class=\"js-ecommerce\" href=\"https:\/\/www.xatakahome.com\/redirect?url=https%3A%2F%2Fwww.ikea.com%2Fes%2Fes%2Fp%2Ftornviken-botellero-gris-80358967%2F&amp;category=hogar&amp;ecomPostExpiration=perish&amp;postId=113470\" data-vars-affiliate-url=\"https:\/\/www.ikea.com\/es\/es\/p\/tornviken-botellero-gris-80358967\/\">109 euros,<\/a> disponible en dos colores.<\/p>\n<p><!-- BREAK 8 --><!-- PIVOT START --><\/p>\n<div class=\"pivot-ecommerce-container m-pivot-ecommerce-redesign article-asset-normal article-asset-center\">\n<div class=\"pivot-ecommerce\">\n<div class=\"pivot-ecommerce-figure\">\n  <a rel=\"nofollow, sponsored, noopener, noreferrer noopener\" target=\"_blank\" href=\"https:\/\/www.xatakahome.com\/redirect?url=https%3A%2F%2Fwww.ikea.com%2Fes%2Fes%2Fp%2Ftornviken-botellero-gris-80358967%2F&amp;category=hogar&amp;pivot=1&amp;ecomPostExpiration=perish&amp;postId=113470\"><br \/>\n   <img loading=\"lazy\" decoding=\"async\" alt=\"TORNVIKEN\nBotellero, gris, 40x37x40 cm\" width=\"541\" height=\"541\" src=\"https:\/\/i.blogs.es\/678a11\/blob\/original.webp\" onerror='this.src=\"https:\/\/i.blogs.es\/678a11\/blob\/original.jpeg\"'><br \/>\n  <\/a>\n  <\/div>\n<div class=\"pivot-ecommerce-summary\">\n<p class=\"pivot-ecommerce-desc\">TORNVIKEN<br \/>\nBotellero, gris, 40x37x40 cm<\/p>\n<div class=\"pivot-actions \">\n<div class=\"pivot-actions-row\">\n <a rel=\"nofollow, sponsored, noopener, noreferrer noopener\" target=\"_blank\" data-asin=\"\" data-store=\"\" href=\"https:\/\/www.xatakahome.com\/redirect?url=https%3A%2F%2Fwww.ikea.com%2Fes%2Fes%2Fp%2Ftornviken-botellero-gris-80358967%2F&amp;category=hogar&amp;pivot=1&amp;ecomPostExpiration=perish&amp;postId=113470\" title=\"Precio de venta al p\u00fablico a fecha de publicaci\u00f3n\" class=\"pivot-action-btn pivot-action-primary\">PVP en PVP en IKEA \u2014 <strong>109,00<\/strong> \u20ac<\/a>\n <\/div>\n<\/p><\/div>\n<\/p><\/div>\n<\/p><\/div>\n<div class=\"pivot-link-msg\">* Alg\u00fan precio puede haber cambiado desde la \u00faltima revisi\u00f3n<\/div>\n<\/p><\/div>\n<p><!-- PIVOT END --><\/p>\n<div class=\"article-asset-image article-asset-normal article-asset-center\">\n<div class=\"asset-content\">\n<div class=\"caption-img \">\n                    <a rel=\"nofollow, sponsored, noopener, noreferrer noopener\" target=\"_blank\" class=\"js-ecommerce\" href=\"https:\/\/www.xatakahome.com\/redirect?url=https%3A%2F%2Fwww.ikea.com%2Fes%2Fes%2Fp%2Fkanelmott-cesta-verduras-frutas-j2-bambu-00581800%2F&amp;category=hogar&amp;ecomPostExpiration=perish&amp;postId=113470\" data-vars-affiliate-url=\"https:\/\/www.ikea.com\/es\/es\/p\/kanelmott-cesta-verduras-frutas-j2-bambu-00581800\/\"><\/p>\n<p>    <img decoding=\"async\" alt=\"Captura De Pantalla 2024 07 20 A Las 10 51 04\" class=\"centro_sinmarco\" src=\"https:\/\/i.blogs.es\/08c41a\/captura-de-pantalla-2024-07-20-a-las-10.51.04\/450_1000.webp\"><br \/>\n     <\/a><\/p>\n<p>        <span>IKEA<\/span>\n   <\/div>\n<\/p><\/div>\n<\/div>\n<p>Esta cesta con dos alturas hecha de bamb\u00fa KANELMOTT tiene un toque asi\u00e1tico de lo m\u00e1s atractivo y te permitir\u00e1 ver lo que tienes en tu despensa para preparar tus comidas. Con tapa y un dise\u00f1o que favorece la circulaci\u00f3n natural del aire para una mejor conservaci\u00f3n. Por <a rel=\"nofollow, sponsored, noopener, noreferrer noopener\" target=\"_blank\" class=\"js-ecommerce\" href=\"https:\/\/www.xatakahome.com\/redirect?url=https%3A%2F%2Fwww.ikea.com%2Fes%2Fes%2Fp%2Fkanelmott-cesta-verduras-frutas-j2-bambu-00581800%2F&amp;category=hogar&amp;ecomPostExpiration=perish&amp;postId=113470\" data-vars-affiliate-url=\"https:\/\/www.ikea.com\/es\/es\/p\/kanelmott-cesta-verduras-frutas-j2-bambu-00581800\/\">29,99 euros<\/a><\/p>\n<p><!-- BREAK 9 --><!-- PIVOT START --><\/p>\n<div class=\"pivot-ecommerce-container m-pivot-ecommerce-redesign article-asset-normal article-asset-center\">\n<div class=\"pivot-ecommerce\">\n<div class=\"pivot-ecommerce-figure\">\n  <a rel=\"nofollow, sponsored, noopener, noreferrer noopener\" target=\"_blank\" href=\"https:\/\/www.xatakahome.com\/redirect?url=https%3A%2F%2Fwww.ikea.com%2Fes%2Fes%2Fp%2Fkanelmott-cesta-verduras-frutas-j2-bambu-00581800%2F&amp;category=hogar&amp;pivot=1&amp;ecomPostExpiration=perish&amp;postId=113470\"><br \/>\n   <img loading=\"lazy\" decoding=\"async\" alt=\"KANELMOTT\nCesta verduras\/frutas, j2, bamb\u00fa\" width=\"574\" height=\"574\" src=\"https:\/\/i.blogs.es\/5b53d1\/blob\/original.webp\" onerror='this.src=\"https:\/\/i.blogs.es\/5b53d1\/blob\/original.jpeg\"'><br \/>\n  <\/a>\n  <\/div>\n<div class=\"pivot-ecommerce-summary\">\n<p class=\"pivot-ecommerce-desc\">KANELMOTT<br \/>\nCesta verduras\/frutas, j2, bamb\u00fa<\/p>\n<div class=\"pivot-actions \">\n<div class=\"pivot-actions-row\">\n <a rel=\"nofollow, sponsored, noopener, noreferrer noopener\" target=\"_blank\" data-asin=\"\" data-store=\"\" href=\"https:\/\/www.xatakahome.com\/redirect?url=https%3A%2F%2Fwww.ikea.com%2Fes%2Fes%2Fp%2Fkanelmott-cesta-verduras-frutas-j2-bambu-00581800%2F&amp;category=hogar&amp;pivot=1&amp;ecomPostExpiration=perish&amp;postId=113470\" title=\"Precio de venta al p\u00fablico a fecha de publicaci\u00f3n\" class=\"pivot-action-btn pivot-action-primary\">PVP en PVP en IKEA \u2014 <strong>29,99<\/strong> \u20ac<\/a>\n <\/div>\n<\/p><\/div>\n<\/p><\/div>\n<\/p><\/div>\n<div class=\"pivot-link-msg\">* Alg\u00fan precio puede haber cambiado desde la \u00faltima revisi\u00f3n<\/div>\n<\/p><\/div>\n<p><!-- PIVOT END --><\/p>\n<div class=\"article-asset-image article-asset-normal article-asset-center\">\n<div class=\"asset-content\">\n<div class=\"caption-img \">\n                    <a rel=\"nofollow, sponsored, noopener, noreferrer noopener\" target=\"_blank\" class=\"js-ecommerce\" href=\"https:\/\/www.xatakahome.com\/redirect?url=https%3A%2F%2Fwww.ikea.com%2Fes%2Fes%2Fp%2Feklatera-bote-con-tapa-negro-30333125%2F&amp;category=hogar&amp;ecomPostExpiration=perish&amp;postId=113470\" data-vars-affiliate-url=\"https:\/\/www.ikea.com\/es\/es\/p\/eklatera-bote-con-tapa-negro-30333125\/\"><\/p>\n<p>    <img decoding=\"async\" alt=\"Captura De Pantalla 2024 07 20 A Las 10 52 13\" class=\"centro_sinmarco\" src=\"https:\/\/i.blogs.es\/5bb67e\/captura-de-pantalla-2024-07-20-a-las-10.52.13\/450_1000.webp\"><br \/>\n     <\/a><\/p>\n<p>        <span>IKEA<\/span>\n   <\/div>\n<\/p><\/div>\n<\/div>\n<p>Botes para guardar las legumbres, la pasta o el caf\u00e9 hay unos cuantos, pero este EKLATERA tiene un estilo de lo m\u00e1s moderno. Hecho de materiales reciclables y con un dise\u00f1o con un toque industrial con vidrio, poliuretano y bamb\u00fa, tiene 1,1 litros de capacidad. Por <a rel=\"nofollow, sponsored, noopener, noreferrer noopener\" target=\"_blank\" class=\"js-ecommerce\" href=\"https:\/\/www.xatakahome.com\/redirect?url=https%3A%2F%2Fwww.ikea.com%2Fes%2Fes%2Fp%2Feklatera-bote-con-tapa-negro-30333125%2F&amp;category=hogar&amp;ecomPostExpiration=perish&amp;postId=113470\" data-vars-affiliate-url=\"https:\/\/www.ikea.com\/es\/es\/p\/eklatera-bote-con-tapa-negro-30333125\/\">5,99 euros<\/a>.<\/p>\n<p><!-- BREAK 10 --><!-- PIVOT START --><\/p>\n<div class=\"pivot-ecommerce-container m-pivot-ecommerce-redesign article-asset-normal article-asset-center\">\n<div class=\"pivot-ecommerce\">\n<div class=\"pivot-ecommerce-figure\">\n  <a rel=\"nofollow, sponsored, noopener, noreferrer noopener\" target=\"_blank\" href=\"https:\/\/www.xatakahome.com\/redirect?url=https%3A%2F%2Fwww.ikea.com%2Fes%2Fes%2Fp%2Feklatera-bote-con-tapa-negro-30333125%2F&amp;category=hogar&amp;pivot=1&amp;ecomPostExpiration=perish&amp;postId=113470\"><br \/>\n   <img loading=\"lazy\" decoding=\"async\" alt=\"EKLATERA\nBote con tapa, negro, 1.1 l\" width=\"674\" height=\"674\" src=\"https:\/\/i.blogs.es\/3a72e9\/blob\/original.webp\" onerror='this.src=\"https:\/\/i.blogs.es\/3a72e9\/blob\/original.jpeg\"'><br \/>\n  <\/a>\n  <\/div>\n<div class=\"pivot-ecommerce-summary\">\n<p class=\"pivot-ecommerce-desc\">EKLATERA<br \/>\nBote con tapa, negro, 1.1 l<\/p>\n<div class=\"pivot-actions \">\n<div class=\"pivot-actions-row\">\n <a rel=\"nofollow, sponsored, noopener, noreferrer noopener\" target=\"_blank\" data-asin=\"\" data-store=\"\" href=\"https:\/\/www.xatakahome.com\/redirect?url=https%3A%2F%2Fwww.ikea.com%2Fes%2Fes%2Fp%2Feklatera-bote-con-tapa-negro-30333125%2F&amp;category=hogar&amp;pivot=1&amp;ecomPostExpiration=perish&amp;postId=113470\" title=\"Precio de venta al p\u00fablico a fecha de publicaci\u00f3n\" class=\"pivot-action-btn pivot-action-primary\">PVP en PVP en IKEA \u2014 <strong>5,99<\/strong> \u20ac<\/a>\n <\/div>\n<\/p><\/div>\n<\/p><\/div>\n<\/p><\/div>\n<div class=\"pivot-link-msg\">* Alg\u00fan precio puede haber cambiado desde la \u00faltima revisi\u00f3n<\/div>\n<\/p><\/div>\n<p><!-- PIVOT END --><\/p>\n<div class=\"article-asset-image article-asset-normal article-asset-center\">\n<div class=\"asset-content\">\n<div class=\"caption-img \">\n                    <a rel=\"nofollow, sponsored, noopener, noreferrer noopener\" target=\"_blank\" class=\"js-ecommerce\" href=\"https:\/\/www.xatakahome.com\/redirect?url=https%3A%2F%2Fwww.ikea.com%2Fes%2Fes%2Fp%2Fkorken-bote-con-tapa-vidrio-incoloro-40323654%2F&amp;category=hogar&amp;ecomPostExpiration=perish&amp;postId=113470\" data-vars-affiliate-url=\"https:\/\/www.ikea.com\/es\/es\/p\/korken-bote-con-tapa-vidrio-incoloro-40323654\/\"><\/p>\n<p>    <img decoding=\"async\" alt=\"Captura De Pantalla 2024 07 20 A Las 10 52 37\" class=\"centro_sinmarco\" src=\"https:\/\/i.blogs.es\/9d36e7\/captura-de-pantalla-2024-07-20-a-las-10.52.37\/450_1000.webp\"><br \/>\n     <\/a><\/p>\n<p>        <span>IKEA<\/span>\n   <\/div>\n<\/p><\/div>\n<\/div>\n<p>Terminamos con todo un cl\u00e1sico para almacenar frutos secos, mermeladas, encurtidos, galletas y otros peque\u00f1os productos para conservarlos en perfectas condiciones gracias al sistema con anilla de pl\u00e1stico y metal para un cierre herm\u00e9tico. El kit de tres unidades de 130 ml cuesta<a rel=\"nofollow, sponsored, noopener, noreferrer noopener\" target=\"_blank\" class=\"js-ecommerce\" href=\"https:\/\/www.xatakahome.com\/redirect?url=https%3A%2F%2Fwww.ikea.com%2Fes%2Fes%2Fp%2Fkorken-bote-con-tapa-vidrio-incoloro-40323654%2F&amp;category=hogar&amp;ecomPostExpiration=perish&amp;postId=113470\" data-vars-affiliate-url=\"https:\/\/www.ikea.com\/es\/es\/p\/korken-bote-con-tapa-vidrio-incoloro-40323654\/\"> 3,99 euros<\/a>, pero hay m\u00e1s tama\u00f1os y colores a elegir.<\/p>\n<p><!-- BREAK 11 --><!-- PIVOT START --><\/p>\n<div class=\"pivot-ecommerce-container m-pivot-ecommerce-redesign article-asset-normal article-asset-center\">\n<div class=\"pivot-ecommerce\">\n<div class=\"pivot-ecommerce-figure\">\n  <a rel=\"nofollow, sponsored, noopener, noreferrer noopener\" target=\"_blank\" href=\"https:\/\/www.xatakahome.com\/redirect?url=https%3A%2F%2Fwww.ikea.com%2Fes%2Fes%2Fp%2Fkorken-bote-con-tapa-vidrio-incoloro-90213549%2F%23content&amp;category=hogar&amp;pivot=1&amp;ecomPostExpiration=perish&amp;postId=113470\"><br \/>\n   <img loading=\"lazy\" decoding=\"async\" alt=\"KORKEN\nBote con tapa, vidrio incoloro, 13 cl\" width=\"333\" height=\"333\" src=\"https:\/\/i.blogs.es\/b62192\/blob\/original.webp\" onerror='this.src=\"https:\/\/i.blogs.es\/b62192\/blob\/original.jpeg\"'><br \/>\n  <\/a>\n  <\/div>\n<div class=\"pivot-ecommerce-summary\">\n<p class=\"pivot-ecommerce-desc\">KORKEN<br \/>\nBote con tapa, vidrio incoloro, 13 cl<\/p>\n<div class=\"pivot-actions \">\n<div class=\"pivot-actions-row\">\n <a rel=\"nofollow, sponsored, noopener, noreferrer noopener\" target=\"_blank\" data-asin=\"\" data-store=\"\" href=\"https:\/\/www.xatakahome.com\/redirect?url=https%3A%2F%2Fwww.ikea.com%2Fes%2Fes%2Fp%2Fkorken-bote-con-tapa-vidrio-incoloro-90213549%2F%23content&amp;category=hogar&amp;pivot=1&amp;ecomPostExpiration=perish&amp;postId=113470\" title=\"Precio de venta al p\u00fablico a fecha de publicaci\u00f3n\" class=\"pivot-action-btn pivot-action-primary\">PVP en PVP en IKEA \u2014 <strong>3,99<\/strong> \u20ac<\/a>\n <\/div>\n<\/p><\/div>\n<\/p><\/div>\n<\/p><\/div>\n<div class=\"pivot-link-msg\">* Alg\u00fan precio puede haber cambiado desde la \u00faltima revisi\u00f3n<\/div>\n<\/p><\/div>\n<p><!-- PIVOT END --><\/p>\n<p>Portada | IKEA<\/p>\n<p>En Xataka Home | <a href=\"https:\/\/www.xatakahome.com\/hogar\/nueve-productos-que-ikea-ha-lanzado-2024-que-van-a-ser-imprescindibles-muchas-casas-a-mi-me-han-enamorado\">Nueve productos que IKEA ha lanzado en 2024 y que van a ser imprescindibles en muchas casas. A m\u00ed ya me han enamorado<\/a><\/p>\n<p><script>\n (function() {\n  window._JS_MODULES = window._JS_MODULES || {};\n  var headElement = document.getElementsByTagName('head')[0];\n  if (_JS_MODULES.instagram) {\n   var instagramScript = document.createElement('script');\n   instagramScript.src = 'https:\/\/platform.instagram.com\/en_US\/embeds.js';\n   instagramScript.async = true;\n   instagramScript.defer = true;\n   headElement.appendChild(instagramScript);\n  }\n })();\n<\/script><\/p>\n<p> &#8211; <br \/> La noticia<br \/>\n      <a href=\"https:\/\/www.xatakahome.com\/hogar\/mejores-soluciones-ikea-para-ordenar-despensas-pequenas-tenerlo-todo-a-mano?utm_source=feedburner&amp;utm_medium=feed&amp;utm_campaign=20_Jul_2024\"><br \/>\n       <em> Las mejores soluciones de IKEA para ordenar despensas peque\u00f1as y tenerlo todo a mano  <\/em><br \/>\n      <\/a><br \/>\n      fue publicada originalmente en<br \/>\n      <a href=\"https:\/\/www.xatakahome.com\/?utm_source=feedburner&amp;utm_medium=feed&amp;utm_campaign=20_Jul_2024\"><br \/>\n       <strong> Xataka Smart Home <\/strong><br \/>\n      <\/a><br \/>\n            por <a href=\"https:\/\/www.xatakahome.com\/autor\/eva-rodriguez?utm_source=feedburner&amp;utm_medium=feed&amp;utm_campaign=20_Jul_2024\"><br \/>\n       Eva Rodriguez de Luis<br \/>\n      <\/a><br \/>\n      . <\/p>\n<\/div>\n","protected":false},"excerpt":{"rendered":"<p>La popular tienda sueca es magn\u00edfico recurso para encontrar soluciones de organizaci\u00f3n y almacenamiento para toda la casa y la cocina o despensa no es una excepci\u00f3n. Cuando la estancia en cuesti\u00f3n es peque\u00f1a, encontrar muebles que aprovechen al m\u00e1ximo sus dimensiones es providencial: no estamos para desperdiciar espacio. Hemos buscado las mejores soluciones de &hellip; <a href=\"https:\/\/domosistemas.com\/?p=25082\" class=\"more-link\">Sigue leyendo <span class=\"screen-reader-text\">Las mejores soluciones de IKEA para ordenar despensas peque\u00f1as y tenerlo todo a mano<\/span><\/a><\/p>\n","protected":false},"author":1,"featured_media":0,"comment_status":"closed","ping_status":"closed","sticky":false,"template":"","format":"standard","meta":{"footnotes":""},"categories":[8],"tags":[],"class_list":["post-25082","post","type-post","status-publish","format-standard","hentry","category-xataka"],"_links":{"self":[{"href":"https:\/\/domosistemas.com\/index.php?rest_route=\/wp\/v2\/posts\/25082","targetHints":{"allow":["GET"]}}],"collection":[{"href":"https:\/\/domosistemas.com\/index.php?rest_route=\/wp\/v2\/posts"}],"about":[{"href":"https:\/\/domosistemas.com\/index.php?rest_route=\/wp\/v2\/types\/post"}],"author":[{"embeddable":true,"href":"https:\/\/domosistemas.com\/index.php?rest_route=\/wp\/v2\/users\/1"}],"replies":[{"embeddable":true,"href":"https:\/\/domosistemas.com\/index.php?rest_route=%2Fwp%2Fv2%2Fcomments&post=25082"}],"version-history":[{"count":0,"href":"https:\/\/domosistemas.com\/index.php?rest_route=\/wp\/v2\/posts\/25082\/revisions"}],"wp:attachment":[{"href":"https:\/\/domosistemas.com\/index.php?rest_route=%2Fwp%2Fv2%2Fmedia&parent=25082"}],"wp:term":[{"taxonomy":"category","embeddable":true,"href":"https:\/\/domosistemas.com\/index.php?rest_route=%2Fwp%2Fv2%2Fcategories&post=25082"},{"taxonomy":"post_tag","embeddable":true,"href":"https:\/\/domosistemas.com\/index.php?rest_route=%2Fwp%2Fv2%2Ftags&post=25082"}],"curies":[{"name":"wp","href":"https:\/\/api.w.org\/{rel}","templated":true}]}}