{"id":25091,"date":"2024-07-22T02:00:41","date_gmt":"2024-07-22T02:00:41","guid":{"rendered":"https:\/\/domosistemas.com\/?p=25091"},"modified":"2024-07-22T02:00:41","modified_gmt":"2024-07-22T02:00:41","slug":"las-pasarelas-centralizadas-de-la-serie-700-air-de-intesis-ofrecen-nuevas-funcionalidades","status":"publish","type":"post","link":"https:\/\/domosistemas.com\/?p=25091","title":{"rendered":"Las pasarelas centralizadas de la Serie 700 Air de Intesis ofrecen nuevas funcionalidades"},"content":{"rendered":"<div>\n<p>Las pasarelas centralizadas de la Serie 700 Air del fabricante <a href=\"https:\/\/www.hms-networks.com\/intesis\" target=\"_blank\" rel=\"noopener sponsored\">Intesis<\/a> incluyen nuevas funcionalidades. Esta serie compatible con las series V4, V6 del fabricante de aires acondicionados Midea, ahora tambi\u00e9n lo es con la serie V8 y se le han agregado se\u00f1ales para la monitorizaci\u00f3n de sus unidades exteriores.<\/p>\n<figure id=\"attachment_140933\" aria-describedby=\"caption-attachment-140933\" style=\"width: 800px\" class=\"wp-caption aligncenter\"><img loading=\"lazy\" decoding=\"async\" class=\"size-full wp-image-140933\" src=\"https:\/\/static.casadomo.com\/media\/2024\/07\/intesis-pasarela-700-air-L-UL.png\" alt=\"Intesis pasarela 700 Air.\" width=\"800\" height=\"404\" srcset=\"https:\/\/static.casadomo.com\/media\/2024\/07\/intesis-pasarela-700-air-L-UL.png 800w, https:\/\/static.casadomo.com\/media\/2024\/07\/intesis-pasarela-700-air-L-UL-300x152.png 300w, https:\/\/static.casadomo.com\/media\/2024\/07\/intesis-pasarela-700-air-L-UL-768x388.png 768w, https:\/\/static.casadomo.com\/media\/2024\/07\/intesis-pasarela-700-air-L-UL-180x91.png 180w, https:\/\/static.casadomo.com\/media\/2024\/07\/intesis-pasarela-700-air-L-UL-260x130.png 260w\" sizes=\"auto, (max-width: 800px) 100vw, 800px\"><figcaption id=\"caption-attachment-140933\" class=\"wp-caption-text\">Adem\u00e1s de ser compatible con las series V4, V6 del fabricante Midea, la pasarela Serie 700 Air tambi\u00e9n es compatible con la serie V8.<\/figcaption><\/figure>\n<p>Esta pasarela permite el control y la monitorizaci\u00f3n bidireccional de las unidades de aire acondicionado Midea de las gamas comercial &amp; VRF, y su integraci\u00f3n en los sistemas de gesti\u00f3n de edificios. Permite la configuraci\u00f3n para trabajar con los protocolos de automatizaci\u00f3n de edificios BACnet, Modbus, KNX TP o WMP, siendo este \u00faltimo el protocolo abierto desarrollado por Intesis para sistemas de dom\u00f3tica basados en IP.<\/p>\n<p>La Serie 700 Air cuenta con tres licencias de capacidad para adaptarse a proyectos de cualquier tama\u00f1o, desde cuatro hasta 64 unidades interiores.<\/p>\n<h2>Funci\u00f3n de escaneo de Intesis MAPS<\/h2>\n<p>La Serie 700 Air de <a href=\"https:\/\/www.casadomo.com\/empresas\/intesis\">Intesis<\/a> se conecta directamente al bus de comunicaci\u00f3n de las unidades exteriores de Midea. Gracias a su funci\u00f3n de escaneo de la herramienta de configuraci\u00f3n Intesis MAPS, se reduce el tiempo de puesta en marcha. Dicha funci\u00f3n detecta en el bus de comunicaciones las unidades interiores y exteriores Midea conectadas, as\u00ed como sus se\u00f1ales de control.<\/p>\n<p>Esta pasarela acepta la conexi\u00f3n de hasta tres medidores de energ\u00eda y, gracias a su algoritmo de estimaci\u00f3n de consumo de energ\u00eda, permite obtener informaci\u00f3n del consumo estimado de cada unidad interior de la instalaci\u00f3n VRF. Este algoritmo le provee informaci\u00f3n valiosa para tomar decisiones a la hora de dise\u00f1ar estrategias de ahorro energ\u00e9tico.<\/p>\n<p>La entrada <a href=\"https:\/\/www.casadomo.com\/2024\/07\/22\/pasarelas-centralizadas-serie-700-air-intesis-ofrecen-nuevas-funcionalidades\">Las pasarelas centralizadas de la Serie 700 Air de Intesis ofrecen nuevas funcionalidades<\/a> aparece primero en <a href=\"https:\/\/www.casadomo.com\/\">CASADOMO<\/a>.<\/p>\n<\/div>\n","protected":false},"excerpt":{"rendered":"<p>Las pasarelas centralizadas de la Serie 700 Air del fabricante Intesis incluyen nuevas funcionalidades. Esta serie compatible con las series V4, V6 del fabricante de aires acondicionados Midea, ahora tambi\u00e9n lo es con la serie V8 y se le han agregado se\u00f1ales para la monitorizaci\u00f3n de sus unidades exteriores. Adem\u00e1s de ser compatible con las &hellip; <a href=\"https:\/\/domosistemas.com\/?p=25091\" class=\"more-link\">Sigue leyendo <span class=\"screen-reader-text\">Las pasarelas centralizadas de la Serie 700 Air de Intesis ofrecen nuevas funcionalidades<\/span><\/a><\/p>\n","protected":false},"author":1,"featured_media":0,"comment_status":"closed","ping_status":"closed","sticky":false,"template":"","format":"standard","meta":{"footnotes":""},"categories":[3],"tags":[],"class_list":["post-25091","post","type-post","status-publish","format-standard","hentry","category-casadomo-com"],"_links":{"self":[{"href":"https:\/\/domosistemas.com\/index.php?rest_route=\/wp\/v2\/posts\/25091","targetHints":{"allow":["GET"]}}],"collection":[{"href":"https:\/\/domosistemas.com\/index.php?rest_route=\/wp\/v2\/posts"}],"about":[{"href":"https:\/\/domosistemas.com\/index.php?rest_route=\/wp\/v2\/types\/post"}],"author":[{"embeddable":true,"href":"https:\/\/domosistemas.com\/index.php?rest_route=\/wp\/v2\/users\/1"}],"replies":[{"embeddable":true,"href":"https:\/\/domosistemas.com\/index.php?rest_route=%2Fwp%2Fv2%2Fcomments&post=25091"}],"version-history":[{"count":0,"href":"https:\/\/domosistemas.com\/index.php?rest_route=\/wp\/v2\/posts\/25091\/revisions"}],"wp:attachment":[{"href":"https:\/\/domosistemas.com\/index.php?rest_route=%2Fwp%2Fv2%2Fmedia&parent=25091"}],"wp:term":[{"taxonomy":"category","embeddable":true,"href":"https:\/\/domosistemas.com\/index.php?rest_route=%2Fwp%2Fv2%2Fcategories&post=25091"},{"taxonomy":"post_tag","embeddable":true,"href":"https:\/\/domosistemas.com\/index.php?rest_route=%2Fwp%2Fv2%2Ftags&post=25091"}],"curies":[{"name":"wp","href":"https:\/\/api.w.org\/{rel}","templated":true}]}}