{"id":25137,"date":"2024-07-25T06:11:27","date_gmt":"2024-07-25T06:11:27","guid":{"rendered":"https:\/\/domosistemas.com\/?p=25137"},"modified":"2024-07-25T06:11:27","modified_gmt":"2024-07-25T06:11:27","slug":"multan-con-1-000-euros-a-una-empresa-por-la-forma-en-la-que-tenia-puesto-el-cartel-que-avisaba-de-camaras-de-seguridad","status":"publish","type":"post","link":"https:\/\/domosistemas.com\/?p=25137","title":{"rendered":"Multan con 1.000 euros a una empresa por la forma en la que ten\u00eda puesto el cartel que avisaba de c\u00e1maras de seguridad"},"content":{"rendered":"<div>\n<p>\n      <img decoding=\"async\" src=\"https:\/\/i.blogs.es\/d2acd1\/camara\/1024_2000.jpeg\" alt=\"Multan con 1.000 euros a una empresa por la forma en la que ten\u00eda puesto el cartel que avisaba de c\u00e1maras de seguridad\">\n    <\/p>\n<p>La <strong>privacidad de nuestros datos y la seguridad<\/strong> son elementos que cada vez est\u00e1n m\u00e1s protegidos en nuestro ordenamiento. De velar por el cumplimiento de la legislaci\u00f3n correspondiente es tambi\u00e9n responsable la <a rel=\"noopener, noreferrer\" href=\"https:\/\/confilegal.com\/actualidad\/agencia-espanola-de-proteccion-de-datos-aepd\/\" data-id=\"noreferrer noopener\">Agencia Espa\u00f1ola de Protecci\u00f3n de Datos<\/a> (AEPD). Y si hace poco vimos como establec\u00eda <a href=\"https:\/\/www.xatakahome.com\/hogar\/aepd-multa-a-comunidad-vecinos-instalar-camaras-seguridad-que-grababan-via-publica\">una sanci\u00f3n a una comunidad de vecinos<\/a>, ahora la multa recae sobre una empresa.<\/p>\n<p><!-- BREAK 1 --><\/p>\n<p>Una sanci\u00f3n que pone de manifiesto, o bien el desconocimiento por parte de usuarios y personas sobre la legalidad, a la hora de instalar c\u00e1maras de seguridad y sistemas de vigilancia, o las posibles negligencias. Lo cierto es que en esta ocasi\u00f3n <strong>la multa vuelve a ser de 1.000 euros<\/strong> y ahora veremos el motivo.<\/p>\n<p><!-- BREAK 2 --><\/p>\n<h2>No es s\u00f3lo que est\u00e9 puesto, sino c\u00f3mo est\u00e1 puesto<\/h2>\n<div class=\"article-asset-image article-asset-normal article-asset-center\">\n<div class=\"asset-content\">\n<div class=\"caption-img \">\n                    <a rel=\"nofollow, sponsored, noopener, noreferrer noopener\" target=\"_blank\" class=\"js-ecommerce\" href=\"https:\/\/www.xatakahome.com\/redirect?url=https%3A%2F%2Fwww.amazon.es%2FCartel-videovigilancia-videovigilada-Interior-Exterior-Videovigilancia%2Fdp%2FB093TBC2MF%2Fref%3Dsr_1_1_sspa%3F__mk_es_ES%3D%25C3%2585M%25C3%2585%25C5%25BD%25C3%2595%25C3%2591%26crid%3D1CGI91ABJJDX5%26dib%3DeyJ2IjoiMSJ9.GPEXPhjputRgyvIogKS0jwYYj7Si-HTBb3QrQtrijpsqheCRWJo0GfWQA3sCKKueZwynjgsycZftkKqSsqMLi_yp13w8DPO03w5ZRxKvN_EmirHGyhRES29NSNUGN7XY6t7sQLNuzGynBfOrhQVm23jOTAOkUWBbVUPIhAgMzaN7ts20Z9B6eAdtYidipnpB4jbeFRsHl21Xjx1KiyIi0Hq4-tPsTSG4beMlQttEbNCxAMFWu8ytarxKPnRf4yKgpGPTJiQZf6cAialopDF2xF2nJ6LkNVTox5qWCdlrh_0.W9jYPtbO__hEaIXC0Mh4po6QEyyDsSqK7cXtqtL_z2U%26dib_tag%3Dse%26keywords%3Dpegatina%2Bvigilancia%26qid%3D1720159481%26sprefix%3Dpegatina%2Bvigilancia%252Caps%252C116%26sr%3D8-1-spons%26sp_csd%3Dd2lkZ2V0TmFtZT1zcF9hdGY%26psc%3D1&amp;category=seguridad-en-el-hogar&amp;ecomPostExpiration=perish&amp;postId=113530\" data-vars-affiliate-url=\"https:\/\/www.amazon.es\/Cartel-videovigilancia-videovigilada-Interior-Exterior-Videovigilancia\/dp\/B093TBC2MF\/ref=sr_1_1_sspa?__mk_es_ES=%C3%85M%C3%85%C5%BD%C3%95%C3%91&amp;crid=1CGI91ABJJDX5&amp;dib=eyJ2IjoiMSJ9.GPEXPhjputRgyvIogKS0jwYYj7Si-HTBb3QrQtrijpsqheCRWJo0GfWQA3sCKKueZwynjgsycZftkKqSsqMLi_yp13w8DPO03w5ZRxKvN_EmirHGyhRES29NSNUGN7XY6t7sQLNuzGynBfOrhQVm23jOTAOkUWBbVUPIhAgMzaN7ts20Z9B6eAdtYidipnpB4jbeFRsHl21Xjx1KiyIi0Hq4-tPsTSG4beMlQttEbNCxAMFWu8ytarxKPnRf4yKgpGPTJiQZf6cAialopDF2xF2nJ6LkNVTox5qWCdlrh_0.W9jYPtbO__hEaIXC0Mh4po6QEyyDsSqK7cXtqtL_z2U&amp;dib_tag=se&amp;keywords=pegatina+vigilancia&amp;qid=1720159481&amp;sprefix=pegatina+vigilancia%2Caps%2C116&amp;sr=8-1-spons&amp;sp_csd=d2lkZ2V0TmFtZT1zcF9hdGY&amp;psc=1\"><\/p>\n<p>    <img decoding=\"async\" alt=\"Videovigilancia\" class=\"centro_sinmarco\" src=\"https:\/\/i.blogs.es\/645ed6\/captura-de-pantalla-2024-07-05-a-las-8.04.57\/450_1000.webp\"><br \/>\n     <\/a><\/p>\n<p>        <span>Imagen |\u00a0Amazon<\/span>\n   <\/div>\n<\/p><\/div>\n<\/div>\n<p>Si en la anterior ocasi\u00f3n a la que hicimos referencia, el motivo fue la instalaci\u00f3n por parte de una comunidad de propietarios de una c\u00e1mara que capturar\u00e1 las im\u00e1genes m\u00e1s all\u00e1 de las zonas comunes, <strong>ahora el fallo de la AEPD afecta a una empresa<\/strong> que ten\u00eda instalado un cartel de aviso de c\u00e1mara de seguridad. Hasta ah\u00ed todo era correcto, pero el problema es que el cartel no estaba correctamente colocado.<\/p>\n<p><!-- BREAK 3 --><\/p>\n<div class=\"article-asset-video article-asset-normal\">\n<div class=\"asset-content\">\n<div class=\"base-asset-video\">\n<div class=\"js-dailymotion\">\n    <script type=\"application\/json\">\n                          {\"videoId\":\"x83s1ie\",\"autoplay\":true,\"title\":\"SEGURIDAD SOCIAL por INTERNET_ CO\u0301MO conseguir tu NU\u0301MERO ONLINE\", \"tag\":\"\", \"duration\":\"151\"}\n                  <\/script>\n   <\/div>\n<\/p><\/div>\n<\/p><\/div>\n<\/div>\n<p>En esta ocasi\u00f3n <a rel=\"noopener, noreferrer\" href=\"https:\/\/www.aepd.es\/documento\/ps-00096-2024.pdf\">la AEPD ha sancionado<\/a> a una empresa situada en Alicante por tener un cartel que avisaba de la existencia de una c\u00e1mara de vigilancia pero que <strong>solo estaba visible cuando la tienda estaba abierta<\/strong>. El motivo es que estaba situado detr\u00e1s de la persiana y cuando \u00e9sta se cerraba, no se pod\u00eda ver dicha pegatina.<\/p>\n<p><!-- BREAK 4 --><\/p>\n<p>La resoluci\u00f3n, que fue dada a conocer a trav\u00e9s del abogado<strong> Ram\u00f3n Arn\u00f3<\/strong>, de La Familia Digital, vulnera el <a rel=\"noopener, noreferrer\" href=\"https:\/\/www.privacy-regulation.eu\/es\/13.htm\">art\u00edculo 13<\/a> del Reglamento General de Protecci\u00f3n de Datos(RGPD), en el cual se establece la <strong>informaci\u00f3n que se debe debe facilitar cuando se obtienen datos personales<\/strong>.<\/p>\n<p><!-- BREAK 5 --><\/p>\n<blockquote><p>Cuando se obtengan de un interesado datos personales relativos a \u00e9l, el responsable del tratamiento, en el momento en que estos se obtengan, le facilitar\u00e1 toda la informaci\u00f3n indicada a continuaci\u00f3n:<\/p><\/blockquote>\n<blockquote><p>a) la identidad y los datos de contacto del responsable y, en su caso, de su representante;<\/p><\/blockquote>\n<blockquote><p>b) los datos de contacto del delegado de protecci\u00f3n de datos, en su caso;<\/p><\/blockquote>\n<blockquote><p>c) los fines del tratamiento a que se destinan los datos personales y la base jur\u00eddica del tratamiento;<\/p><\/blockquote>\n<blockquote><p>d) cuando el tratamiento se base en el <a rel=\"noopener, noreferrer\" href=\"https:\/\/www.privacy-regulation.eu\/es\/6.htm\">art\u00edculo 6<\/a>, apartado 1, letra f), los intereses leg\u00edtimos del responsable o de un tercero;e) los destinatarios o las categor\u00edas de destinatarios de los datos personales, en su caso;<\/p><\/blockquote>\n<blockquote><p>f) en su caso, la intenci\u00f3n del responsable de transferir datos personales a un tercer pa\u00eds u organizaci\u00f3n internacional y la existencia o ausencia de una decisi\u00f3n de adecuaci\u00f3n de la Comisi\u00f3n, o, en el caso de las transferencias indicadas en los <a rel=\"noopener, noreferrer\" href=\"https:\/\/www.privacy-regulation.eu\/es\/46.htm\">art\u00edculos 46<\/a> o 47 o el <a rel=\"noopener, noreferrer\" href=\"https:\/\/www.privacy-regulation.eu\/es\/49.htm\">art\u00edculo 49<\/a>, apartado 1, p\u00e1rrafo segundo, referencia a las garant\u00edas adecuadas o apropiadas y a los medios para obtener una copia de estas o al lugar en que se hayan puesto a disposici\u00f3n.<\/p><\/blockquote>\n<p>En este sentido, el <a rel=\"noopener, noreferrer\" href=\"https:\/\/www.privacy-regulation.eu\/es\/4.htm\">art\u00edculo 4.1<\/a> del RGPD establece q<strong>u\u00e9 se consideran datos personales<\/strong> o define el t\u00e9rmino tratamiento.<\/p>\n<blockquote><p>1) \u00abdatos personales\u00bb: toda informaci\u00f3n sobre una persona f\u00edsica identificada o identificable (\u00abel interesado\u00bb); se considerar\u00e1 persona f\u00edsica identificable toda persona cuya identidad pueda determinarse, directa o indirectamente, en particular mediante un identificador, como por ejemplo un nombre, un n\u00famero de identificaci\u00f3n, datos de localizaci\u00f3n, un identificador en l\u00ednea o uno o varios elementos propios de la identidad f\u00edsica, fisiol\u00f3gica, gen\u00e9tica, ps\u00edquica, econ\u00f3mica, cultural o social de dicha persona;<\/p><\/blockquote>\n<blockquote><p>2) \u00abtratamiento\u00bb: cualquier operaci\u00f3n o conjunto de operaciones realizadas sobre datos personales o conjuntos de datos personales, ya sea por procedimientos automatizados o no, como la recogida, registro, organizaci\u00f3n, estructuraci\u00f3n, conservaci\u00f3n, adaptaci\u00f3n o modificaci\u00f3n, extracci\u00f3n, consulta, utilizaci\u00f3n, comunicaci\u00f3n por transmisi\u00f3n, difusi\u00f3n o cualquier otra forma de habilitaci\u00f3n de acceso, cotejo o interconexi\u00f3n, limitaci\u00f3n, supresi\u00f3n o destrucci\u00f3n;<\/p><\/blockquote>\n<p>El proceso se inici\u00f3 por la reclamaci\u00f3n interpuesta por una persona el 1 de abril de 2023, cuando sospechaba que <strong>hab\u00eda sido grabado por las c\u00e1maras de vigilancia<\/strong> de la citada empresa.<\/p>\n<p><!-- BREAK 6 --><\/p>\n<p>Tras la reclamaci\u00f3n, la AEPD inici\u00f3 la investigaci\u00f3n de los hechos y pidi\u00f3 a la empresa explicaciones al respecto. Esta se defendi\u00f3 aduciendo que ten\u00eda <strong>carteles situados tanto en la entrada como en la primera planta<\/strong>. No obstante, al comprobar la existencia de dichos avisos se determin\u00f3 que aunque s\u00ed que estaban colocados, ninguno estaba situado en la fachada y tan solo aparec\u00eda uno en la entrada.<\/p>\n<p><!-- BREAK 7 --><\/p>\n<div class=\"article-asset article-asset-normal article-asset-center\">\n<div class=\"desvio-container\">\n<div class=\"desvio\">\n<div class=\"desvio-figure js-desvio-figure\">\n    <a href=\"https:\/\/www.xatakahome.com\/a-fondo\/te-vas-vacaciones-a-airbnb-mucho-ojo-camaras-ocultas-como-detectarlas-que-hacer-ves\"><br \/>\n     <img loading=\"lazy\" decoding=\"async\" alt=\"Si te vas de vacaciones a un Airbnb mucho ojo con las c\u00e1maras ocultas: c\u00f3mo detectarlas y qu\u00e9 hacer si ves una \" width=\"375\" height=\"142\" src=\"https:\/\/i.blogs.es\/bab32a\/andrea-davis-7450hh--84m-unsplash\/375_142.webp\" onerror='this.src=\"https:\/\/i.blogs.es\/bab32a\/andrea-davis-7450hh--84m-unsplash\/375_142.jpeg\"'><br \/>\n    <\/a>\n   <\/div>\n<div class=\"desvio-summary\">\n<div class=\"desvio-taxonomy js-desvio-taxonomy\">\n     <a href=\"https:\/\/www.xatakahome.com\/a-fondo\/te-vas-vacaciones-a-airbnb-mucho-ojo-camaras-ocultas-como-detectarlas-que-hacer-ves\" class=\"desvio-taxonomy-anchor\">En Xataka Smart Home<\/a>\n    <\/div>\n<p>    <a href=\"https:\/\/www.xatakahome.com\/a-fondo\/te-vas-vacaciones-a-airbnb-mucho-ojo-camaras-ocultas-como-detectarlas-que-hacer-ves\" class=\"desvio-title js-desvio-title\">Si te vas de vacaciones a un Airbnb mucho ojo con las c\u00e1maras ocultas: c\u00f3mo detectarlas y qu\u00e9 hacer si ves una <\/a>\n   <\/div>\n<\/p><\/div>\n<\/p><\/div>\n<\/div>\n<p>Y aqu\u00ed estaba el problema, pues el cartel situado en la entrada que advert\u00eda del existencia de una c\u00e1mara de seguridad, <strong>quedaba tapado y por lo tanto no visible<\/strong> en el momento en el que se bajaba la persiana. Solo se pod\u00eda ver si el establecimiento estaba abierto.<\/p>\n<p><!-- BREAK 8 --><\/p>\n<p>Con estos hechos, la AEPD impuso una sanci\u00f3n a la empresa de 1.000 euros, una cifra que finalmente se redujo a 600 euros al acogerse la empresa a las dos resoluciones propuestas por la AEPD: la primera era el reconocimiento de los hechos y la segunda pagar de forma voluntaria, lo que supone <strong>una rebaja del 40%<\/strong> que finalmente dejaba la sanci\u00f3n en 600 euros.<\/p>\n<p><!-- BREAK 9 --><\/p>\n<p>La sanci\u00f3n no es firme y puede ser recurrida ante la Sala de lo Contencioso-Administrativo de la Audiencia Nacional.<\/p>\n<p>V\u00eda | <a rel=\"noopener, noreferrer\" href=\"https:\/\/confilegal.com\/20240723-la-aepd-sanciona-a-una-empresa-por-tener-el-cartel-de-videovigilancia-detras-de-una-persiana-y-no-estar-visible\/\">Confilegal<\/a><\/p>\n<p>M\u00e1s informaci\u00f3n | <a rel=\"noopener, noreferrer\" href=\"https:\/\/www.aepd.es\/documento\/ps-00096-2024.pdf\">AEPD<\/a><\/p>\n<p>Imagen portada | <a rel=\"nofollow, sponsored, noopener, noreferrer noopener\" target=\"_blank\" class=\"js-ecommerce\" href=\"https:\/\/www.xatakahome.com\/redirect?url=https%3A%2F%2Fwww.amazon.es%2FRetoo-inal%25C3%25A1mbrica-Parpadeante-Resistente-Intemperie%2Fdp%2FB09J1JNSK5%2Fref%3Dsr_1_7%3F__mk_es_ES%3D%25C3%2585M%25C3%2585%25C5%25BD%25C3%2595%25C3%2591%26crid%3D7HFMTP1RS7PS%26dib%3DeyJ2IjoiMSJ9.ywO8IGIgsbQ3iTpKR6oSzu2Dp6gAiqoc35oTI-9tOu0U_04U95QZq02PHd-ndFRJhPSElMNRCTarcnEUJZGc2UMkSGDFbN0vZRnJkUuXTUq0TOL_zyQYn7nNzz0W-mH7ze6NUX0GXIX8zgLUo91JQs5vPWYTVPffEMGL2JSJu_Cse2jJ2oQUWWWvEMp6ujwzWJdZSbHPeoBCsxcG_XzHd7yZqCzdf9NQXJxYIosNZFgMlqNYCM3qEYvQ8nseWZFbUHX_uJOYRRLN8t_JrRH48KS5qIb_Y65RDtBktRXmh30.5WcVCQI0oo7q7zk7TRar3Dq_z66St-CbwcYFcwdS8KU%26dib_tag%3Dse%26keywords%3Dcamara%2Bfalsa%26qid%3D1720159563%26sprefix%3Dcamaras%2Bfalsas%252Caps%252C116%26sr%3D8-7&amp;category=seguridad-en-el-hogar&amp;ecomPostExpiration=perish&amp;postId=113530\" data-vars-affiliate-url=\"https:\/\/www.amazon.es\/Retoo-inal%C3%A1mbrica-Parpadeante-Resistente-Intemperie\/dp\/B09J1JNSK5\/ref=sr_1_7?__mk_es_ES=%C3%85M%C3%85%C5%BD%C3%95%C3%91&amp;crid=7HFMTP1RS7PS&amp;dib=eyJ2IjoiMSJ9.ywO8IGIgsbQ3iTpKR6oSzu2Dp6gAiqoc35oTI-9tOu0U_04U95QZq02PHd-ndFRJhPSElMNRCTarcnEUJZGc2UMkSGDFbN0vZRnJkUuXTUq0TOL_zyQYn7nNzz0W-mH7ze6NUX0GXIX8zgLUo91JQs5vPWYTVPffEMGL2JSJu_Cse2jJ2oQUWWWvEMp6ujwzWJdZSbHPeoBCsxcG_XzHd7yZqCzdf9NQXJxYIosNZFgMlqNYCM3qEYvQ8nseWZFbUHX_uJOYRRLN8t_JrRH48KS5qIb_Y65RDtBktRXmh30.5WcVCQI0oo7q7zk7TRar3Dq_z66St-CbwcYFcwdS8KU&amp;dib_tag=se&amp;keywords=camara+falsa&amp;qid=1720159563&amp;sprefix=camaras+falsas%2Caps%2C116&amp;sr=8-7\">Amazon<\/a><\/p>\n<p>En Xataka SmartHome | <a href=\"https:\/\/www.xatakahome.com\/a-fondo\/quiero-poner-piscina-terraza-balcon-casa-esto-que-dice-ley-al-respecto\">Quiero poner una piscina en la terraza y no quiero multas o que la casa se venga abajo. Esto es lo que debo tener en cuenta para ser legal<\/a><\/p>\n<p><!-- BREAK 10 --><script>\n (function() {\n  window._JS_MODULES = window._JS_MODULES || {};\n  var headElement = document.getElementsByTagName('head')[0];\n  if (_JS_MODULES.instagram) {\n   var instagramScript = document.createElement('script');\n   instagramScript.src = 'https:\/\/platform.instagram.com\/en_US\/embeds.js';\n   instagramScript.async = true;\n   instagramScript.defer = true;\n   headElement.appendChild(instagramScript);\n  }\n })();\n<\/script><\/p>\n<p> &#8211; <br \/> La noticia<br \/>\n      <a href=\"https:\/\/www.xatakahome.com\/seguridad-en-el-hogar\/multan-1-000-euros-a-empresa-forma-que-tenia-puesto-cartel-que-avisaba-camaras-seguridad?utm_source=feedburner&amp;utm_medium=feed&amp;utm_campaign=25_Jul_2024\"><br \/>\n       <em> Multan con 1.000 euros a una empresa por la forma en la que ten\u00eda puesto el cartel que avisaba de c\u00e1maras de seguridad <\/em><br \/>\n      <\/a><br \/>\n      fue publicada originalmente en<br \/>\n      <a href=\"https:\/\/www.xatakahome.com\/?utm_source=feedburner&amp;utm_medium=feed&amp;utm_campaign=25_Jul_2024\"><br \/>\n       <strong> Xataka Smart Home <\/strong><br \/>\n      <\/a><br \/>\n            por <a href=\"https:\/\/www.xatakahome.com\/autor\/jose-antonio-carmona?utm_source=feedburner&amp;utm_medium=feed&amp;utm_campaign=25_Jul_2024\"><br \/>\n       Jose Antonio Carmona<br \/>\n      <\/a><br \/>\n      . <\/p>\n<\/div>\n","protected":false},"excerpt":{"rendered":"<p>La privacidad de nuestros datos y la seguridad son elementos que cada vez est\u00e1n m\u00e1s protegidos en nuestro ordenamiento. De velar por el cumplimiento de la legislaci\u00f3n correspondiente es tambi\u00e9n responsable la Agencia Espa\u00f1ola de Protecci\u00f3n de Datos (AEPD). Y si hace poco vimos como establec\u00eda una sanci\u00f3n a una comunidad de vecinos, ahora la &hellip; <a href=\"https:\/\/domosistemas.com\/?p=25137\" class=\"more-link\">Sigue leyendo <span class=\"screen-reader-text\">Multan con 1.000 euros a una empresa por la forma en la que ten\u00eda puesto el cartel que avisaba de c\u00e1maras de seguridad<\/span><\/a><\/p>\n","protected":false},"author":1,"featured_media":0,"comment_status":"closed","ping_status":"closed","sticky":false,"template":"","format":"standard","meta":{"footnotes":""},"categories":[8],"tags":[],"class_list":["post-25137","post","type-post","status-publish","format-standard","hentry","category-xataka"],"_links":{"self":[{"href":"https:\/\/domosistemas.com\/index.php?rest_route=\/wp\/v2\/posts\/25137","targetHints":{"allow":["GET"]}}],"collection":[{"href":"https:\/\/domosistemas.com\/index.php?rest_route=\/wp\/v2\/posts"}],"about":[{"href":"https:\/\/domosistemas.com\/index.php?rest_route=\/wp\/v2\/types\/post"}],"author":[{"embeddable":true,"href":"https:\/\/domosistemas.com\/index.php?rest_route=\/wp\/v2\/users\/1"}],"replies":[{"embeddable":true,"href":"https:\/\/domosistemas.com\/index.php?rest_route=%2Fwp%2Fv2%2Fcomments&post=25137"}],"version-history":[{"count":0,"href":"https:\/\/domosistemas.com\/index.php?rest_route=\/wp\/v2\/posts\/25137\/revisions"}],"wp:attachment":[{"href":"https:\/\/domosistemas.com\/index.php?rest_route=%2Fwp%2Fv2%2Fmedia&parent=25137"}],"wp:term":[{"taxonomy":"category","embeddable":true,"href":"https:\/\/domosistemas.com\/index.php?rest_route=%2Fwp%2Fv2%2Fcategories&post=25137"},{"taxonomy":"post_tag","embeddable":true,"href":"https:\/\/domosistemas.com\/index.php?rest_route=%2Fwp%2Fv2%2Ftags&post=25137"}],"curies":[{"name":"wp","href":"https:\/\/api.w.org\/{rel}","templated":true}]}}