{"id":25138,"date":"2024-07-25T07:24:00","date_gmt":"2024-07-25T07:24:00","guid":{"rendered":"https:\/\/domosistemas.com\/?p=25138"},"modified":"2024-07-25T07:24:00","modified_gmt":"2024-07-25T07:24:00","slug":"gastar-demasiada-agua-en-verano-puede-hacer-que-te-corten-el-suministro-en-este-pueblo-de-granada-han-dejado-sin-agua-a-dos-barrios","status":"publish","type":"post","link":"https:\/\/domosistemas.com\/?p=25138","title":{"rendered":"Gastar demasiada agua en verano puede hacer que te corten el suministro: en este pueblo de Granada han dejado sin agua a dos barrios"},"content":{"rendered":"<div>\n<p>\n      <img decoding=\"async\" src=\"https:\/\/i.blogs.es\/035972\/pexels-kaboompics-6256\/1024_2000.jpeg\" alt=\"Gastar demasiada agua en verano puede hacer que te corten el suministro: en este pueblo de Granada han dejado sin agua a dos barrios\">\n    <\/p>\n<p>Las lluvias que tuvimos durante una parte de la primavera, no deben hacernos creer que la situaci\u00f3n de emergencia en lo que al suministro de agua se refiere, se ha superado. En buena parte de la pen\u00ednsula ib\u00e9rica<strong> existe un importante d\u00e9ficit h\u00eddrico<\/strong>, pero parece que hay usuarios que no son conscientes de la gravedad de la situaci\u00f3n.<\/p>\n<p><!-- BREAK 1 --><\/p>\n<p>Es al menos lo que se desprende de la informaci\u00f3n aparecida que tiene como protagonista a un pueblo de Granada, <a rel=\"noopener, noreferrer\" href=\"https:\/\/www.lamalaha.com\/\">La Malah\u00e1<\/a>. Un n\u00facleo urbano cuyo ayuntamiento ha tomado una medida dr\u00e1stica: <strong>restringir y cortar el agua a dos barrios<\/strong> que hab\u00edan consumido en un solo fin de semana la mitad del agua que le correspond\u00eda a todo el municipio.<\/p>\n<p><!-- BREAK 2 --><\/p>\n<h2>Un derroche de agua<\/h2>\n<div class=\"article-asset-image article-asset-normal article-asset-center\">\n<div class=\"asset-content\">\n<div class=\"caption-img \">\n                    <a rel=\"noopener, noreferrer\" href=\"https:\/\/www.pexels.com\/es-es\/foto\/blanco-y-negro-agua-metal-efecto-desenfocado-615326\/\"><\/p>\n<p>    <img decoding=\"async\" alt=\"Pexels Skitterphoto 615326\" class=\"centro_sinmarco\" src=\"https:\/\/i.blogs.es\/e713fb\/pexels-skitterphoto-615326\/450_1000.webp\"><br \/>\n     <\/a><\/p>\n<p>        <span>Foto de Skitterphoto<\/span>\n   <\/div>\n<\/p><\/div>\n<\/div>\n<p>Los hechos tuvieron lugar esta semana, cuando el alcalde de la localidad, Jos\u00e9 Mar\u00eda Villegas, inform\u00f3 a trav\u00e9s de redes sociales (<a rel=\"noopener, noreferrer\" href=\"https:\/\/fb.watch\/txGmf0WFqO\/\">Facebook en este caso<\/a>) de los hechos. El Ayuntamiento comenz\u00f3 a intervenir el lunes cuando<strong> cort\u00f3 el suministro a unas 200 viviendas<\/strong> de dos barrios de la localidad. El motivo era el excesivo consumo de agua.<\/p>\n<p><!-- BREAK 3 --><\/p>\n<div class=\"article-asset-video article-asset-normal\">\n<div class=\"asset-content\">\n<div class=\"base-asset-video\">\n<div class=\"js-dailymotion\">\n    <script type=\"application\/json\">\n                          {\"videoId\":\"x81f19e\",\"autoplay\":true,\"title\":\"SALVA TU MO\u0301VIL DEL AGUA: MITOS Y REALIDADES\", \"tag\":\"\", \"duration\":\"365\"}\n                  <\/script>\n   <\/div>\n<\/p><\/div>\n<\/p><\/div>\n<\/div>\n<p>Una informaci\u00f3n de la que se hicieron eco en <a rel=\"noopener, noreferrer\" href=\"https:\/\/www.ideal.es\/granada\/provincia-granada\/solo-barrio-gasto-agua-disponible-malaha-pasado-20240724170058-nt.html\">Ideal<\/a> y que desvelaba como el ayuntamiento <strong>cortaba y restring\u00eda el suministro de agua<\/strong> de dos barrios, la Urbanizaci\u00f3n SAU1 y las calles Almer\u00eda, Jazm\u00edn, Rosal, Violeta, Primero de Mayo y Ba\u00f1o Fr\u00edo. Hab\u00edan consumido en un solo fin de semana, el 50% de la cantidad de agua disponible para todo el municipio.<\/p>\n<p><!-- BREAK 4 --><\/p>\n<p>En estos barrios hab\u00eda algunos <strong>vecinos derrochadores que no ten\u00edan consideraci\u00f3n ni conciencia<\/strong> en lo referente al ahorro de agua, pero que tampoco ten\u00edan respeto por el resto de vecinos, que si hac\u00edan un uso responsable.<\/p>\n<p><!-- BREAK 5 --><\/p>\n<p>Gracias al uso de contadores por barrios, el Ayuntamiento hab\u00eda notado que <strong>se estaba produciendo un consumo excesivo de agua<\/strong>. Seg\u00fan los datos establecidos por el alcalde de la localidad, extrapolando al pueblo (tiene unos 1.800 habitantes) los datos de la media de Espa\u00f1a, <em>\u00abnos vamos a que el consumo medio conforme a la media de Espa\u00f1a, que tendr\u00edamos que tener son 240.000 litros lo que es lo mismo, 240 m\u00b3. De manera continua en nuestros dep\u00f3sitos entran 7 litros por segundo lo que equivale a 600 m\u00b3. Entra m\u00e1s del doble, seg\u00fan lo que la media nacional nos corresponder\u00eda que tendr\u00edamos que gastar, con lo cual quiere decir que tenemos agua suficiente\u00bb<\/em>. Seg\u00fan el <a rel=\"noopener, noreferrer\" href=\"https:\/\/www.ine.es\/dyngs\/INEbase\/es\/operacion.htm?c=Estadistica_C&amp;cid=1254736176834&amp;menu=ultiDatos&amp;idp=1254735976602#:~:text=El%20consumo%20medio%20de%20agua,9%25%20menos%20que%20en%202020.\">Instituto Nacional de Estad\u00edstica<\/a>, el consumo medio de agua de los hogares en Espa\u00f1a fue de 128 litros por habitante y d\u00eda en 2022.<\/p>\n<p><!-- BREAK 6 --><\/p>\n<div class=\"article-asset article-asset-normal article-asset-center\">\n<div class=\"desvio-container\">\n<div class=\"desvio\">\n<div class=\"desvio-figure js-desvio-figure\">\n    <a href=\"https:\/\/www.xatakahome.com\/a-fondo\/quiero-poner-piscina-terraza-balcon-casa-esto-que-dice-ley-al-respecto\"><br \/>\n     <img loading=\"lazy\" decoding=\"async\" alt=\"Quiero poner una piscina en la terraza y no quiero multas o que la casa se venga abajo. Esto es lo que debo tener en cuenta para ser legal\" width=\"375\" height=\"142\" src=\"https:\/\/i.blogs.es\/94fc87\/pexels-soo-chul-park-695483041-18186548\/375_142.webp\" onerror='this.src=\"https:\/\/i.blogs.es\/94fc87\/pexels-soo-chul-park-695483041-18186548\/375_142.jpeg\"'><br \/>\n    <\/a>\n   <\/div>\n<div class=\"desvio-summary\">\n<div class=\"desvio-taxonomy js-desvio-taxonomy\">\n     <a href=\"https:\/\/www.xatakahome.com\/a-fondo\/quiero-poner-piscina-terraza-balcon-casa-esto-que-dice-ley-al-respecto\" class=\"desvio-taxonomy-anchor\">En Xataka Smart Home<\/a>\n    <\/div>\n<p>    <a href=\"https:\/\/www.xatakahome.com\/a-fondo\/quiero-poner-piscina-terraza-balcon-casa-esto-que-dice-ley-al-respecto\" class=\"desvio-title js-desvio-title\">Quiero poner una piscina en la terraza y no quiero multas o que la casa se venga abajo. Esto es lo que debo tener en cuenta para ser legal<\/a>\n   <\/div>\n<\/p><\/div>\n<\/p><\/div>\n<\/div>\n<p>El problema radica, seg\u00fan el alcalde, en que <strong>hay vecinos de un barrio que consumen demasiado<\/strong>. <em>\u00abNo quiere decir que en ese barrio todos los vecinos consumen de manera excesiva que fuera de estos barrios, todo el mundo lo haga de manera responsable\u00bb.<\/em><\/p>\n<p><!-- BREAK 7 --><\/p>\n<p>Las cifras que da el responsable municipal hacen referencia a los <strong>datos capturados por los contadores<\/strong>. <em>\u00abUno de los barrios en los que cortamos el agua anoche, en 11 horas, de las 12:00 del mediod\u00eda a las 11:00 de la noche se consumieron 300 m\u00b3, el viernes otros 300 m\u00b3, otros 300 m\u00b3 el s\u00e1bado y otros 300 m\u00b3 el domingo. Esta forma, la ecuaci\u00f3n es f\u00e1cil, y si en los dep\u00f3sitos entran 600 m\u00b3, m\u00e1s de la mitad, se la ha llevado un solo barrio\u00bb<\/em>.<\/p>\n<p><!-- BREAK 8 --><\/p>\n<div class=\"article-asset-image article-asset-normal article-asset-center\">\n<div class=\"asset-content\">\n<div class=\"caption-img \">\n                    <a rel=\"noopener, noreferrer\" href=\"https:\/\/www.pexels.com\/es-es\/foto\/persona-pies-mojar-en-piscina-835240\/\"><\/p>\n<p>    <img decoding=\"async\" alt=\"Pexels Sarah Schorer 266658 835240\" class=\"centro_sinmarco\" src=\"https:\/\/i.blogs.es\/1f632d\/pexels-sarah-schorer-266658-835240\/450_1000.webp\"><br \/>\n     <\/a><\/p>\n<p>        <span>Foto de Sarah Schorer<\/span>\n   <\/div>\n<\/p><\/div>\n<\/div>\n<p>Ante la duda de cortar el suministro de agua en todo el pueblo, o restringir el uso, solo en los barrios, donde hab\u00edan notado un consumo excesivo, desde el consultorio optaron por la segunda opci\u00f3n <em>\u00abporque perjudicaba a menos gente\u00bb<\/em>. Pese a las molestias que se pudo causar a los vecinos que s\u00ed que hac\u00edan un consumo responsable, esta medida ha tenido como consecuencia que <strong>los dep\u00f3sitos han comenzado a recuperar el nivel normal.<\/strong><\/p>\n<p><!-- BREAK 9 --><\/p>\n<p>Adem\u00e1s desde el consistorio han avisado que se han aprobado unas tarifas en lo que al consumo de agua se refiere que <strong>penalizan a los usuarios que hagan un consumo excesivo<\/strong> de este preciado bien, algo que se puede comprobar f\u00e1cilmente por los contadores. Este sentido, el pasado de julio se aprob\u00f3 un ordenanza que contempla sanciones econ\u00f3micas y medidas como la reducci\u00f3n en la presi\u00f3n para aquellos usuarios que no hagan un uso responsable del agua. Y en este caso lo responsables podr\u00e1n ser castigados con la obligaci\u00f3n de tener que pagar el dispositivo de reducci\u00f3n de la presi\u00f3n del agua en su domicilio.<\/p>\n<p><!-- BREAK 10 --><\/p>\n<p>El primer del ayuntamiento, m\u00e1s all\u00e1 de hacer referencia a los barrios en los que se produce un consumo excesivo de agua, no establece cu\u00e1les pueden ser los motivos y si el llenado de piscinas y el riego de jardines (es una zona de casas unifamiliares y casas solas) puede estar detr\u00e1s de este hecho que <strong>aunque parezca ins\u00f3lito, no es nuevo<\/strong>, puesto que ya advierte que el a\u00f1o pasado advirtieron tambi\u00e9n un consumo excesivo de agua en la misma zona.<\/p>\n<p><!-- BREAK 11 --><\/p>\n<p>Foto de portada | <a rel=\"noopener, noreferrer\" href=\"https:\/\/www.pexels.com\/es-es\/foto\/6256\/\">Karolina Grabowska<\/a><\/p>\n<p>V\u00eda | <a rel=\"noopener, noreferrer\" href=\"https:\/\/www.ideal.es\/granada\/provincia-granada\/solo-barrio-gasto-agua-disponible-malaha-pasado-20240724170058-nt.html\">Ideal<\/a><\/p>\n<p>En Xataka SmartHome | <a href=\"https:\/\/www.xatakahome.com\/a-fondo\/esto-que-recomienda-ocu-para-ahorrar-agua-casa-estos-trucos-que-he-probado-que-funcionan-dia-a-dia\">Esto es lo que recomienda la OCU para ahorrar agua en casa y estos son los trucos que he probado y que funcionan en el d\u00eda a d\u00eda<\/a><\/p>\n<p><script>\n (function() {\n  window._JS_MODULES = window._JS_MODULES || {};\n  var headElement = document.getElementsByTagName('head')[0];\n  if (_JS_MODULES.instagram) {\n   var instagramScript = document.createElement('script');\n   instagramScript.src = 'https:\/\/platform.instagram.com\/en_US\/embeds.js';\n   instagramScript.async = true;\n   instagramScript.defer = true;\n   headElement.appendChild(instagramScript);\n  }\n })();\n<\/script><\/p>\n<p> &#8211; <br \/> La noticia<br \/>\n      <a href=\"https:\/\/www.xatakahome.com\/hogar\/este-pueblo-granada-que-ha-cortado-agua-a-dos-barrios-han-consumido-mitad-agua-que-corresponde-a-todos-vecinos?utm_source=feedburner&amp;utm_medium=feed&amp;utm_campaign=25_Jul_2024\"><br \/>\n       <em> Gastar demasiada agua en verano puede hacer que te corten el suministro: en este pueblo de Granada han dejado sin agua a dos barrios <\/em><br \/>\n      <\/a><br \/>\n      fue publicada originalmente en<br \/>\n      <a href=\"https:\/\/www.xatakahome.com\/?utm_source=feedburner&amp;utm_medium=feed&amp;utm_campaign=25_Jul_2024\"><br \/>\n       <strong> Xataka Smart Home <\/strong><br \/>\n      <\/a><br \/>\n            por <a href=\"https:\/\/www.xatakahome.com\/autor\/jose-antonio-carmona?utm_source=feedburner&amp;utm_medium=feed&amp;utm_campaign=25_Jul_2024\"><br \/>\n       Jose Antonio Carmona<br \/>\n      <\/a><br \/>\n      . <\/p>\n<\/div>\n","protected":false},"excerpt":{"rendered":"<p>Las lluvias que tuvimos durante una parte de la primavera, no deben hacernos creer que la situaci\u00f3n de emergencia en lo que al suministro de agua se refiere, se ha superado. En buena parte de la pen\u00ednsula ib\u00e9rica existe un importante d\u00e9ficit h\u00eddrico, pero parece que hay usuarios que no son conscientes de la gravedad &hellip; <a href=\"https:\/\/domosistemas.com\/?p=25138\" class=\"more-link\">Sigue leyendo <span class=\"screen-reader-text\">Gastar demasiada agua en verano puede hacer que te corten el suministro: en este pueblo de Granada han dejado sin agua a dos barrios<\/span><\/a><\/p>\n","protected":false},"author":1,"featured_media":0,"comment_status":"closed","ping_status":"closed","sticky":false,"template":"","format":"standard","meta":{"footnotes":""},"categories":[8],"tags":[],"class_list":["post-25138","post","type-post","status-publish","format-standard","hentry","category-xataka"],"_links":{"self":[{"href":"https:\/\/domosistemas.com\/index.php?rest_route=\/wp\/v2\/posts\/25138","targetHints":{"allow":["GET"]}}],"collection":[{"href":"https:\/\/domosistemas.com\/index.php?rest_route=\/wp\/v2\/posts"}],"about":[{"href":"https:\/\/domosistemas.com\/index.php?rest_route=\/wp\/v2\/types\/post"}],"author":[{"embeddable":true,"href":"https:\/\/domosistemas.com\/index.php?rest_route=\/wp\/v2\/users\/1"}],"replies":[{"embeddable":true,"href":"https:\/\/domosistemas.com\/index.php?rest_route=%2Fwp%2Fv2%2Fcomments&post=25138"}],"version-history":[{"count":0,"href":"https:\/\/domosistemas.com\/index.php?rest_route=\/wp\/v2\/posts\/25138\/revisions"}],"wp:attachment":[{"href":"https:\/\/domosistemas.com\/index.php?rest_route=%2Fwp%2Fv2%2Fmedia&parent=25138"}],"wp:term":[{"taxonomy":"category","embeddable":true,"href":"https:\/\/domosistemas.com\/index.php?rest_route=%2Fwp%2Fv2%2Fcategories&post=25138"},{"taxonomy":"post_tag","embeddable":true,"href":"https:\/\/domosistemas.com\/index.php?rest_route=%2Fwp%2Fv2%2Ftags&post=25138"}],"curies":[{"name":"wp","href":"https:\/\/api.w.org\/{rel}","templated":true}]}}