{"id":25210,"date":"2024-08-01T14:31:10","date_gmt":"2024-08-01T14:31:10","guid":{"rendered":"https:\/\/domosistemas.com\/?p=25210"},"modified":"2024-08-01T14:31:10","modified_gmt":"2024-08-01T14:31:10","slug":"aun-quedan-muchos-dias-de-verano-y-este-aire-acondicionado-portatil-barato-es-una-buena-opcion-para-sobrellevarlos","status":"publish","type":"post","link":"https:\/\/domosistemas.com\/?p=25210","title":{"rendered":"A\u00fan quedan muchos d\u00edas de verano y este aire acondicionado port\u00e1til barato es una buena opci\u00f3n para sobrellevarlos"},"content":{"rendered":"<div>\n<p>\n      <img decoding=\"async\" src=\"https:\/\/i.blogs.es\/8aecfa\/ofertas_cpa_v3-copia-14-\/1024_2000.jpeg\" alt=\"A\u00fan quedan muchos d\u00edas de verano y este aire acondicionado port\u00e1til barato es una buena opci\u00f3n para sobrellevarlos \">\n    <\/p>\n<p>Soportar el calor sin ir a la playa puede ser una aut\u00e9ntica odisea en verano. Si quieres estar fresquito en casa pero sin tener que gastarte un dineral en un aparato de climatizaci\u00f3n, esta oferta de PcComponentes te interesa. Ahora, puedes llevarte el aire acondicionado port\u00e1til <strong>Evvo Clima P7<\/strong> por <a rel=\"nofollow, sponsored, noopener, noreferrer noopener\" target=\"_blank\" class=\"js-ecommerce\" href=\"https:\/\/www.xatakahome.com\/redirect?url=https%3A%2F%2Fwww.pccomponentes.com%2Fevvo-clima-p7-aire-acondicionado-portatil-3-en-1-silencioso-clase-a-7000-btu&amp;category=seleccion&amp;ecomPostExpiration=everlasting&amp;postId=113613\" data-vars-affiliate-url=\"https:\/\/www.pccomponentes.com\/evvo-clima-p7-aire-acondicionado-portatil-3-en-1-silencioso-clase-a-7000-btu\">174,90 euros<\/a>.<\/p>\n<p><!-- BREAK 1 --><!-- PIVOT START --><\/p>\n<div class=\"pivot-ecommerce-container m-pivot-ecommerce-redesign article-asset-normal article-asset-center\">\n<div class=\"pivot-ecommerce\">\n<div class=\"pivot-ecommerce-figure\">\n  <a rel=\"nofollow, sponsored, noopener, noreferrer noopener\" target=\"_blank\" href=\"https:\/\/www.xatakahome.com\/redirect?url=https%3A%2F%2Fwww.pccomponentes.com%2Fevvo-clima-p7-aire-acondicionado-portatil-3-en-1-silencioso-clase-a-7000-btu&amp;category=seleccion&amp;pivot=1&amp;ecomPostExpiration=everlasting&amp;postId=113613\"><br \/>\n   <img loading=\"lazy\" decoding=\"async\" alt=\"Aire Acondicionado Port\u00e1til Evvo Clima P7\" width=\"140\" height=\"140\" src=\"https:\/\/i.blogs.es\/a08144\/s-l140\/original.webp\" onerror='this.src=\"https:\/\/i.blogs.es\/a08144\/s-l140\/original.jpeg\"'><br \/>\n  <\/a>\n  <\/div>\n<div class=\"pivot-ecommerce-summary\">\n<p class=\"pivot-ecommerce-desc\">Aire Acondicionado Port\u00e1til Evvo Clima P7<\/p>\n<div class=\"pivot-actions \">\n<div class=\"pivot-actions-row\">\n <a rel=\"nofollow, sponsored, noopener, noreferrer noopener\" target=\"_blank\" data-asin=\"10815124\" data-store=\"PcComponentes\" href=\"https:\/\/www.xatakahome.com\/redirect?url=https%3A%2F%2Fwww.pccomponentes.com%2Fevvo-clima-p7-aire-acondicionado-portatil-3-en-1-silencioso-clase-a-7000-btu&amp;category=seleccion&amp;pivot=1&amp;ecomPostExpiration=everlasting&amp;postId=113613\" title=\"Precio de venta al p\u00fablico a fecha de publicaci\u00f3n\" class=\"pivot-action-btn pivot-action-primary\">PVP en PcComponentes \u2014 <strong>174,90<\/strong> \u20ac<\/a><br \/>\n   <a rel=\"nofollow, sponsored, noopener, noreferrer noopener\" target=\"_blank\" data-asin=\"92026251\" data-store=\"Leroy Merlin\" href=\"https:\/\/www.xatakahome.com\/redirect?url=https%3A%2F%2Fwww.leroymerlin.es%2Fproductos%2Fcalefaccion-y-climatizacion%2Faire-acondicionado%2Faire-acondicionado-portatil%2Fevvo-aire-acondicionado-portatil-3-in-1-clima-p7-7-000-btu-con-mando-a-distancia-superficie-15m2-clase-energetica-a-blanco-92026251.html%3FhighlightedOfferCode%3De8b527b3bbda390db171c414bc4111a95aa679fe&amp;category=seleccion&amp;pivot=1&amp;ecomPostExpiration=everlasting&amp;postId=113613\" title=\"Precio actualizado hoy\" class=\"pivot-action-btn pivot-action-secondary\">Leroy Merlin \u2014 <strong>207,51<\/strong> \u20ac<\/a>\n <\/div>\n<\/p><\/div>\n<\/p><\/div>\n<\/p><\/div>\n<div class=\"pivot-link-msg\">* Alg\u00fan precio puede haber cambiado desde la \u00faltima revisi\u00f3n<\/div>\n<\/p><\/div>\n<p><!-- PIVOT END --><\/p>\n<h2>Comprar aire acondicionado port\u00e1til <strong>Evvo Clima P7 al mejor precio<\/strong><\/h2>\n<div class=\"article-asset-image article-asset-normal article-asset-center\">\n<div class=\"asset-content\">\n                    <a rel=\"nofollow, sponsored, noopener, noreferrer noopener\" target=\"_blank\" class=\"js-ecommerce\" href=\"https:\/\/www.xatakahome.com\/redirect?url=https%3A%2F%2Fwww.pccomponentes.com%2Fevvo-clima-p7-aire-acondicionado-portatil-3-en-1-silencioso-clase-a-7000-btu&amp;category=seleccion&amp;ecomPostExpiration=everlasting&amp;postId=113613\" data-vars-affiliate-url=\"https:\/\/www.pccomponentes.com\/evvo-clima-p7-aire-acondicionado-portatil-3-en-1-silencioso-clase-a-7000-btu\"><\/p>\n<p>    <img decoding=\"async\" alt=\"aire acondicionado port\u00e1til Evvo Clima P7\" class=\"centro_sinmarco\" src=\"https:\/\/i.blogs.es\/b3f6cd\/proyecto_nuevo__17_-removebg-preview\/450_1000.webp\"><br \/>\n     <\/a><\/p><\/div>\n<\/div>\n<p>El precio anterior que ten\u00eda este aire acondicionado port\u00e1til en PcComponentes era de 197,99 euros pero, ahora, est\u00e1 a su precio m\u00e1s bajo en el \u00faltimo mes. Concretamente, te lo puedes llevar por <a rel=\"nofollow, sponsored, noopener, noreferrer noopener\" target=\"_blank\" class=\"js-ecommerce\" href=\"https:\/\/www.xatakahome.com\/redirect?url=https%3A%2F%2Fwww.pccomponentes.com%2Fevvo-clima-p7-aire-acondicionado-portatil-3-en-1-silencioso-clase-a-7000-btu&amp;category=seleccion&amp;ecomPostExpiration=everlasting&amp;postId=113613\" data-vars-affiliate-url=\"https:\/\/www.pccomponentes.com\/evvo-clima-p7-aire-acondicionado-portatil-3-en-1-silencioso-clase-a-7000-btu\" data-id=\"noopener noreferrer\">174,90 euros<\/a>, lo que supone un <strong>ahorro de 23,09 euros<\/strong>. Adem\u00e1s, el env\u00edo es gratuito y lo recibes en un d\u00eda.<\/p>\n<p><!-- BREAK 2 --><\/p>\n<p>La potencia de refrigeraci\u00f3n de este aire acondicionado port\u00e1til es de 1.750 frigor\u00edas, lo que lo hace perfecto para climatizar <strong>estancias de hasta 15 metros <\/strong>cuadrados. Adem\u00e1s de aire acondicionado, es <a href=\"https:\/\/www.xatakahome.com\/seleccion\/ventiladores-de-pie-cual-comprar-consejos-y-recomendaciones\">ventilador<\/a> y deshumidificador (extrayendo hasta 20 litros de agua del ambiente por d\u00eda).<\/p>\n<p><!-- BREAK 3 --><\/p>\n<div class=\"article-asset-video article-asset-normal\">\n<div class=\"asset-content\">\n<div class=\"base-asset-video\">\n<div class=\"js-dailymotion\">\n    <script type=\"application\/json\">\n                          {\"videoId\":\"x8006fc\",\"autoplay\":true,\"title\":\"C\u00f3mo dormir cuando hace mucho calor y no tienes aire acondicionado\", \"tag\":\"\", \"duration\":\"217\"}\n                  <\/script>\n   <\/div>\n<\/p><\/div>\n<\/p><\/div>\n<\/div>\n<p>Presenta <a href=\"https:\/\/www.xatakahome.com\/a-fondo\/etiquetas-clasificacion-energetica-tus-mejores-aliadas-al-comprar-electrodomestico-esto-todo-que-nos-explican\">eficiencia energ\u00e9tica A<\/a>, por lo que asegura un rendimiento potente pero con un consumo energ\u00e9tico reducido. Ofrece <strong>cuatro modos de funcionamiento<\/strong> y tiene un bajo impacto ambiental, ya que funciona con el gas refrigerante R290.<\/p>\n<p><!-- BREAK 4 --><\/p>\n<p>Su temporizador programable por hasta 24 horas te permitir\u00e1 programarlo seg\u00fan tus necesidades y cuenta con dos velocidades de flujo de aire. Adem\u00e1s, para que puedas transportarlo f\u00e1cilmente de un sitio a otro de tu hogar viene con <strong>ruedas y asas<\/strong>. Adem\u00e1s, incorpora el tubo de canalizaci\u00f3n y el acople para ventanas correderas.<\/p>\n<p><!-- BREAK 5 --><\/p>\n<div class=\"article-asset article-asset-normal article-asset-center\">\n<div class=\"desvio-container\">\n<div class=\"desvio\">\n<div class=\"desvio-figure js-desvio-figure\">\n    <a href=\"https:\/\/www.xatakahome.com\/diseno-y-arquitectura\/casas-impresas-3d-quieren-ser-alternativa-rapida-para-hacer-chalets-asi-propuesta-viviendas-lujo-icon\"><br \/>\n     <img loading=\"lazy\" decoding=\"async\" alt=\"Las casas impresas en 3D quieren ser la alternativa r\u00e1pida para hacer chalets: as\u00ed es la propuesta de viviendas de lujo de Icon\" width=\"375\" height=\"142\" src=\"https:\/\/i.blogs.es\/81c8c1\/pisicna\/375_142.webp\" onerror='this.src=\"https:\/\/i.blogs.es\/81c8c1\/pisicna\/375_142.jpeg\"'><br \/>\n    <\/a>\n   <\/div>\n<div class=\"desvio-summary\">\n<div class=\"desvio-taxonomy js-desvio-taxonomy\">\n     <a href=\"https:\/\/www.xatakahome.com\/diseno-y-arquitectura\/casas-impresas-3d-quieren-ser-alternativa-rapida-para-hacer-chalets-asi-propuesta-viviendas-lujo-icon\" class=\"desvio-taxonomy-anchor\">En Xataka Smart Home<\/a>\n    <\/div>\n<p>    <a href=\"https:\/\/www.xatakahome.com\/diseno-y-arquitectura\/casas-impresas-3d-quieren-ser-alternativa-rapida-para-hacer-chalets-asi-propuesta-viviendas-lujo-icon\" class=\"desvio-title js-desvio-title\">Las casas impresas en 3D quieren ser la alternativa r\u00e1pida para hacer chalets: as\u00ed es la propuesta de viviendas de lujo de Icon<\/a>\n   <\/div>\n<\/p><\/div>\n<\/p><\/div>\n<\/div>\n<h2>Tambi\u00e9n te puede interesar<\/h2>\n<p><!-- PIVOT START --><\/p>\n<div class=\"pivot-ecommerce-container m-pivot-ecommerce-redesign article-asset-normal article-asset-center\">\n<div class=\"pivot-ecommerce\">\n<div class=\"pivot-ecommerce-figure\">\n  <a rel=\"nofollow, sponsored, noopener, noreferrer noopener\" target=\"_blank\" href=\"https:\/\/www.xatakahome.com\/redirect?url=https%3A%2F%2Fwww.amazon.es%2Fdp%2FB0CR19RXQY%3Ftag%3Dxatakahome-21%26linkCode%3Dogi%26th%3D1%26psc%3D1&amp;category=seleccion&amp;pivot=1&amp;ecomPostExpiration=everlasting&amp;postId=113613\"><br \/>\n   <img loading=\"lazy\" decoding=\"async\" alt=\"Kit Ventana Aire Acondicionado Port\u00e1til\" width=\"384\" height=\"500\" src=\"https:\/\/i.blogs.es\/0e356f\/416h4dlahbl._sl500_\/original.webp\" onerror='this.src=\"https:\/\/i.blogs.es\/0e356f\/416h4dlahbl._sl500_\/original.jpeg\"'><br \/>\n  <\/a>\n  <\/div>\n<div class=\"pivot-ecommerce-summary\">\n<p class=\"pivot-ecommerce-desc\">Kit Ventana Aire Acondicionado Port\u00e1til<\/p>\n<div class=\"pivot-actions \">\n<div class=\"pivot-actions-row\">\n <a rel=\"nofollow, sponsored, noopener, noreferrer noopener\" target=\"_blank\" data-asin=\"B0CR19RXQY\" data-store=\"Amazon\" href=\"https:\/\/www.xatakahome.com\/redirect?url=https%3A%2F%2Fwww.amazon.es%2Fdp%2FB0CR19RXQY%3Ftag%3Dxatakahome-21%26linkCode%3Dogi%26th%3D1%26psc%3D1&amp;category=seleccion&amp;pivot=1&amp;ecomPostExpiration=everlasting&amp;postId=113613\" title=\"Precio actualizado hoy\" class=\"pivot-action-btn pivot-action-primary\">Hoy en Amazon \u2014 <strong>19,98<\/strong> \u20ac<\/a>\n <\/div>\n<\/p><\/div>\n<\/p><\/div>\n<\/p><\/div>\n<div class=\"pivot-link-msg\">* Alg\u00fan precio puede haber cambiado desde la \u00faltima revisi\u00f3n<\/div>\n<\/p><\/div>\n<p><!-- PIVOT END --><br \/>\n<!-- PIVOT START --><\/p>\n<div class=\"pivot-ecommerce-container m-pivot-ecommerce-redesign article-asset-normal article-asset-center\">\n<div class=\"pivot-ecommerce\">\n<div class=\"pivot-ecommerce-figure\">\n  <a rel=\"nofollow, sponsored, noopener, noreferrer noopener\" target=\"_blank\" href=\"https:\/\/www.xatakahome.com\/redirect?url=https%3A%2F%2Fwww.amazon.es%2Fdp%2FB0BWWRLWZF%3Ftag%3Dxatakahome-21%26linkCode%3Dogi%26th%3D1%26psc%3D1&amp;category=seleccion&amp;pivot=1&amp;ecomPostExpiration=everlasting&amp;postId=113613\"><br \/>\n   <img loading=\"lazy\" decoding=\"async\" alt=\"LOVIGA Kit Ventana Aire Acondicionado Port\u00e1Til \" width=\"500\" height=\"500\" src=\"https:\/\/i.blogs.es\/5bd620\/41mz0yfeonl._sl500_\/original.webp\" onerror='this.src=\"https:\/\/i.blogs.es\/5bd620\/41mz0yfeonl._sl500_\/original.jpeg\"'><br \/>\n  <\/a>\n  <\/div>\n<div class=\"pivot-ecommerce-summary\">\n<p class=\"pivot-ecommerce-desc\">LOVIGA Kit Ventana Aire Acondicionado Port\u00e1Til <\/p>\n<div class=\"pivot-actions \">\n<div class=\"pivot-actions-row\">\n <a rel=\"nofollow, sponsored, noopener, noreferrer noopener\" target=\"_blank\" data-asin=\"B0BWWRLWZF\" data-store=\"Amazon\" href=\"https:\/\/www.xatakahome.com\/redirect?url=https%3A%2F%2Fwww.amazon.es%2Fdp%2FB0BWWRLWZF%3Ftag%3Dxatakahome-21%26linkCode%3Dogi%26th%3D1%26psc%3D1&amp;category=seleccion&amp;pivot=1&amp;ecomPostExpiration=everlasting&amp;postId=113613\" title=\"Precio actualizado hoy\" class=\"pivot-action-btn pivot-action-primary\">Hoy en Amazon \u2014 <strong>19,99<\/strong> \u20ac<\/a>\n <\/div>\n<\/p><\/div>\n<\/p><\/div>\n<\/p><\/div>\n<div class=\"pivot-link-msg\">* Alg\u00fan precio puede haber cambiado desde la \u00faltima revisi\u00f3n<\/div>\n<\/p><\/div>\n<p><!-- PIVOT END --><\/p>\n<p><em>Nota: algunos de los enlaces aqu\u00ed publicados son de afiliados y pueden reportar un beneficio.<\/em><\/p>\n<p>Im\u00e1genes | Evvo y Pixabay<\/p>\n<p>En Xataka Smart Home | <a href=\"https:\/\/www.xatakahome.com\/guia-de-compra\/aires-acondicionados-portatiles-silenciosos-estos-mejores-mercado-para-superar-ola-calor\">Los aires acondicionados port\u00e1tiles m\u00e1s silenciosos: estos son los mejores del mercado para superar la ola de calor<\/a><\/p>\n<p>En Xataka Smart Home | <a href=\"https:\/\/www.xatakahome.com\/electrodomesticos-innovadores\/pinguinos-aires-acondicionados-portatiles-silenciosos-para-refrescarte-verano\">Los \u00abping\u00fcinos\u00bb o aires acondicionados port\u00e1tiles m\u00e1s silenciosos del mercado para refrescarte en verano<\/a><\/p>\n<p><script>\n (function() {\n  window._JS_MODULES = window._JS_MODULES || {};\n  var headElement = document.getElementsByTagName('head')[0];\n  if (_JS_MODULES.instagram) {\n   var instagramScript = document.createElement('script');\n   instagramScript.src = 'https:\/\/platform.instagram.com\/en_US\/embeds.js';\n   instagramScript.async = true;\n   instagramScript.defer = true;\n   headElement.appendChild(instagramScript);\n  }\n })();\n<\/script><\/p>\n<p> &#8211; <br \/> La noticia<br \/>\n      <a href=\"https:\/\/www.xatakahome.com\/seleccion\/quedan-muchos-dias-verano-este-aire-acondicionado-portatil-barato-buena-opcion-para-sobrellevarlos?utm_source=feedburner&amp;utm_medium=feed&amp;utm_campaign=01_Aug_2024\"><br \/>\n       <em> A\u00fan quedan muchos d\u00edas de verano y este aire acondicionado port\u00e1til barato es una buena opci\u00f3n para sobrellevarlos  <\/em><br \/>\n      <\/a><br \/>\n      fue publicada originalmente en<br \/>\n      <a href=\"https:\/\/www.xatakahome.com\/?utm_source=feedburner&amp;utm_medium=feed&amp;utm_campaign=01_Aug_2024\"><br \/>\n       <strong> Xataka Smart Home <\/strong><br \/>\n      <\/a><br \/>\n            por <a href=\"https:\/\/www.xatakahome.com\/autor\/fran-leon?utm_source=feedburner&amp;utm_medium=feed&amp;utm_campaign=01_Aug_2024\"><br \/>\n       Fran Le\u00f3n<br \/>\n      <\/a><br \/>\n      . <\/p>\n<\/div>\n","protected":false},"excerpt":{"rendered":"<p>Soportar el calor sin ir a la playa puede ser una aut\u00e9ntica odisea en verano. Si quieres estar fresquito en casa pero sin tener que gastarte un dineral en un aparato de climatizaci\u00f3n, esta oferta de PcComponentes te interesa. Ahora, puedes llevarte el aire acondicionado port\u00e1til Evvo Clima P7 por 174,90 euros. Aire Acondicionado Port\u00e1til &hellip; <a href=\"https:\/\/domosistemas.com\/?p=25210\" class=\"more-link\">Sigue leyendo <span class=\"screen-reader-text\">A\u00fan quedan muchos d\u00edas de verano y este aire acondicionado port\u00e1til barato es una buena opci\u00f3n para sobrellevarlos<\/span><\/a><\/p>\n","protected":false},"author":1,"featured_media":0,"comment_status":"closed","ping_status":"closed","sticky":false,"template":"","format":"standard","meta":{"footnotes":""},"categories":[8],"tags":[],"class_list":["post-25210","post","type-post","status-publish","format-standard","hentry","category-xataka"],"_links":{"self":[{"href":"https:\/\/domosistemas.com\/index.php?rest_route=\/wp\/v2\/posts\/25210","targetHints":{"allow":["GET"]}}],"collection":[{"href":"https:\/\/domosistemas.com\/index.php?rest_route=\/wp\/v2\/posts"}],"about":[{"href":"https:\/\/domosistemas.com\/index.php?rest_route=\/wp\/v2\/types\/post"}],"author":[{"embeddable":true,"href":"https:\/\/domosistemas.com\/index.php?rest_route=\/wp\/v2\/users\/1"}],"replies":[{"embeddable":true,"href":"https:\/\/domosistemas.com\/index.php?rest_route=%2Fwp%2Fv2%2Fcomments&post=25210"}],"version-history":[{"count":0,"href":"https:\/\/domosistemas.com\/index.php?rest_route=\/wp\/v2\/posts\/25210\/revisions"}],"wp:attachment":[{"href":"https:\/\/domosistemas.com\/index.php?rest_route=%2Fwp%2Fv2%2Fmedia&parent=25210"}],"wp:term":[{"taxonomy":"category","embeddable":true,"href":"https:\/\/domosistemas.com\/index.php?rest_route=%2Fwp%2Fv2%2Fcategories&post=25210"},{"taxonomy":"post_tag","embeddable":true,"href":"https:\/\/domosistemas.com\/index.php?rest_route=%2Fwp%2Fv2%2Ftags&post=25210"}],"curies":[{"name":"wp","href":"https:\/\/api.w.org\/{rel}","templated":true}]}}