{"id":25225,"date":"2024-08-02T14:01:24","date_gmt":"2024-08-02T14:01:24","guid":{"rendered":"https:\/\/domosistemas.com\/?p=25225"},"modified":"2024-08-02T14:01:24","modified_gmt":"2024-08-02T14:01:24","slug":"leroy-merlin-quiere-acabar-con-el-calor-en-casa-este-aire-portatil-cuesta-poco-pero-enfria-mucho","status":"publish","type":"post","link":"https:\/\/domosistemas.com\/?p=25225","title":{"rendered":"Leroy Merlin quiere acabar con el calor en casa: este aire port\u00e1til cuesta poco pero enfr\u00eda mucho"},"content":{"rendered":"<div>\n<p>\n      <img decoding=\"async\" src=\"https:\/\/i.blogs.es\/87975e\/captura-de-pantalla-2024-08-02-a-las-12.59.48\/1024_2000.png\" alt=\"Leroy Merlin quiere acabar con el calor en casa: este aire port\u00e1til cuesta poco pero enfr\u00eda mucho\">\n    <\/p>\n<p>Desde hace ya unas semanas, estar en casa se est\u00e1 haciendo insoportable debido al calor. Si quieres ponerle soluci\u00f3n, ahora, Leroy Merlin tiene la m\u00e1s barata: este <strong>aire acondicionado port\u00e1til Eluxe de 1.720 frigor\u00edas<\/strong> que est\u00e1 disponible por <a rel=\"nofollow, sponsored, noopener, noreferrer noopener\" target=\"_blank\" class=\"js-ecommerce\" href=\"https:\/\/www.xatakahome.com\/redirect?url=https%3A%2F%2Fwww.leroymerlin.es%2Fproductos%2Fcalefaccion-y-climatizacion%2Faire-acondicionado%2Faire-acondicionado-portatil%2Faire-acondicionado-portatil-eluxe-1720-fg-89876305.html&amp;category=seleccion&amp;ecomPostExpiration=perish&amp;postId=113624\" data-vars-affiliate-url=\"https:\/\/www.leroymerlin.es\/productos\/calefaccion-y-climatizacion\/aire-acondicionado\/aire-acondicionado-portatil\/aire-acondicionado-portatil-eluxe-1720-fg-89876305.html\">169 euros<\/a>.<\/p>\n<p><!-- BREAK 1 --><!-- PIVOT START --><\/p>\n<div class=\"pivot-ecommerce-container m-pivot-ecommerce-redesign article-asset-normal article-asset-center\">\n<div class=\"pivot-ecommerce\">\n<div class=\"pivot-ecommerce-figure\">\n  <a rel=\"nofollow, sponsored, noopener, noreferrer noopener\" target=\"_blank\" href=\"https:\/\/www.xatakahome.com\/redirect?url=https%3A%2F%2Fwww.leroymerlin.es%2Fproductos%2Fcalefaccion-y-climatizacion%2Faire-acondicionado%2Faire-acondicionado-portatil%2Faire-acondicionado-portatil-eluxe-1720-fg-89876305.html%3FhighlightedOfferCode%3D71cb876861a3cfc9eb50d998714d44202188db56&amp;category=seleccion&amp;pivot=1&amp;ecomPostExpiration=perish&amp;postId=113624\"><br \/>\n   <img loading=\"lazy\" decoding=\"async\" alt=\"Aire acondicionado port\u00e1til Eluxe 1720 fg\" width=\"806\" height=\"1460\" src=\"https:\/\/i.blogs.es\/66fd2e\/media\/original.webp\" onerror='this.src=\"https:\/\/i.blogs.es\/66fd2e\/media\/original.png\"'><br \/>\n  <\/a>\n  <\/div>\n<div class=\"pivot-ecommerce-summary\">\n<p class=\"pivot-ecommerce-desc\">Aire acondicionado port\u00e1til Eluxe 1720 fg<\/p>\n<div class=\"pivot-actions \">\n<div class=\"pivot-actions-row\">\n <a rel=\"nofollow, sponsored, noopener, noreferrer noopener\" target=\"_blank\" data-asin=\"89876305\" data-store=\"Leroy Merlin\" href=\"https:\/\/www.xatakahome.com\/redirect?url=https%3A%2F%2Fwww.leroymerlin.es%2Fproductos%2Fcalefaccion-y-climatizacion%2Faire-acondicionado%2Faire-acondicionado-portatil%2Faire-acondicionado-portatil-eluxe-1720-fg-89876305.html%3FhighlightedOfferCode%3D71cb876861a3cfc9eb50d998714d44202188db56&amp;category=seleccion&amp;pivot=1&amp;ecomPostExpiration=perish&amp;postId=113624\" title=\"Precio actualizado hoy\" class=\"pivot-action-btn pivot-action-primary\">Hoy en Leroy Merlin \u2014 <strong>169,00<\/strong> \u20ac<\/a>\n <\/div>\n<\/p><\/div>\n<\/p><\/div>\n<\/p><\/div>\n<div class=\"pivot-link-msg\">* Alg\u00fan precio puede haber cambiado desde la \u00faltima revisi\u00f3n<\/div>\n<\/p><\/div>\n<p><!-- PIVOT END --><\/p>\n<h2><strong>Comprar aire acondicionado port\u00e1til Eluxe 1.720 fg al mejor precio<\/strong><\/h2>\n<div class=\"article-asset-image article-asset-normal article-asset-center\">\n<div class=\"asset-content\">\n                    <a rel=\"nofollow, sponsored, noopener, noreferrer noopener\" target=\"_blank\" class=\"js-ecommerce\" href=\"https:\/\/www.xatakahome.com\/redirect?url=https%3A%2F%2Fwww.leroymerlin.es%2Fproductos%2Fcalefaccion-y-climatizacion%2Faire-acondicionado%2Faire-acondicionado-portatil%2Faire-acondicionado-portatil-eluxe-1720-fg-89876305.html&amp;category=seleccion&amp;ecomPostExpiration=perish&amp;postId=113624\" data-vars-affiliate-url=\"https:\/\/www.leroymerlin.es\/productos\/calefaccion-y-climatizacion\/aire-acondicionado\/aire-acondicionado-portatil\/aire-acondicionado-portatil-eluxe-1720-fg-89876305.html\"><\/p>\n<p>    <img decoding=\"async\" alt=\"Aire acondicionado port\u00e1til ELUXE 1720 fg\" class=\"centro_sinmarco\" src=\"https:\/\/i.blogs.es\/5cb801\/proyecto-nuevo-19-\/450_1000.webp\"><br \/>\n     <\/a><\/p><\/div>\n<\/div>\n<p>Aunque este aire acondicionado port\u00e1til de Leroy Merlin es <strong>uno de los m\u00e1s baratos del mercado<\/strong> y la semana pasada ya costaba menos de 175 euros, ahora, est\u00e1 m\u00e1s barato. Concretamente, lo puedes conseguir por 169 euros. El env\u00edo tiene un coste de 19,90 euros y lo recibir\u00e1s en un plazo de 24 a 72 horas.<\/p>\n<p><!-- BREAK 2 --><\/p>\n<p>El <a href=\"https:\/\/www.xatakahome.com\/seleccion\/adios-al-calor-casa-estos-mejores-aires-acondicionados-portatiles-que-arrasaran-este-verano\">aire acondicionado port\u00e1til<\/a> Eluxe que tiene Leroy Merlin a su precio m\u00e1s bajo, tiene una potencia de refrigeraci\u00f3n de 1.720 frigor\u00edas y es de bajo consumo. Presenta <strong>clasificaci\u00f3n energ\u00e9tica A<\/strong>, algo que har\u00e1 que puedas ahorrar en la factura de la luz este verano.<\/p>\n<p><!-- BREAK 3 --><\/p>\n<div class=\"article-asset-video article-asset-normal\">\n<div class=\"asset-content\">\n<div class=\"base-asset-video\">\n<div class=\"js-dailymotion\">\n    <script type=\"application\/json\">\n                          {\"videoId\":\"x8006fc\",\"autoplay\":true,\"title\":\"C\u00f3mo dormir cuando hace mucho calor y no tienes aire acondicionado\", \"tag\":\"\", \"duration\":\"217\"}\n                  <\/script>\n   <\/div>\n<\/p><\/div>\n<\/p><\/div>\n<\/div>\n<p>Tambi\u00e9n cuenta con funci\u00f3n de <a href=\"https:\/\/www.xatakahome.com\/seleccion\/busca-mejor-deshumidificador-cual-comprar-consejos-recomendaciones\">deshumificador<\/a>, con una capacidad de 19,2 litros por hora y es un dispositivo de climatizaci\u00f3n perfecto para enfriar estancias de en torno a <strong>14 metros cuadrados<\/strong>.<\/p>\n<p><!-- BREAK 4 --><\/p>\n<p>Viene con mando a distancia (para que puedas controlarlo c\u00f3modamente desde el sof\u00e1) y funciona con un nivel de sonido m\u00ednimo de <strong>65 dB<\/strong>. Esto no significa que sea de los <a href=\"https:\/\/www.xatakahome.com\/seleccion\/pinguinos-silenciosos-mercado-estos-mejores-modelos-para-no-pasar-calor-que-tu-casa-tenga-ruido-infernal\">ping\u00fcinos m\u00e1s silenciosos del mercado<\/a>, pero quiz\u00e1 esta no sea una caracter\u00edstica que interfiera para ti en su compra y te decidas por este modelo por el bajo precio que tiene.<\/p>\n<p><!-- BREAK 5 --><\/p>\n<div class=\"article-asset article-asset-normal article-asset-center\">\n<div class=\"desvio-container\">\n<div class=\"desvio\">\n<div class=\"desvio-figure js-desvio-figure\">\n    <a href=\"https:\/\/www.xatakahome.com\/hogar\/problema-poco-conocido-que-afecta-a-tu-aire-acondicionado-cuando-necesitas-este-motivo-posibles-soluciones-1\"><br \/>\n     <img loading=\"lazy\" decoding=\"async\" alt=\"El problema poco conocido que afecta a tu aire acondicionado cuando m\u00e1s lo necesitas: este es el motivo y las posibles soluciones\" width=\"375\" height=\"142\" src=\"https:\/\/i.blogs.es\/9fa5dc\/carlos-lindner-53wcyh4ioig-unsplash\/375_142.webp\" onerror='this.src=\"https:\/\/i.blogs.es\/9fa5dc\/carlos-lindner-53wcyh4ioig-unsplash\/375_142.jpeg\"'><br \/>\n    <\/a>\n   <\/div>\n<div class=\"desvio-summary\">\n<div class=\"desvio-taxonomy js-desvio-taxonomy\">\n     <a href=\"https:\/\/www.xatakahome.com\/hogar\/problema-poco-conocido-que-afecta-a-tu-aire-acondicionado-cuando-necesitas-este-motivo-posibles-soluciones-1\" class=\"desvio-taxonomy-anchor\">En Xataka Smart Home<\/a>\n    <\/div>\n<p>    <a href=\"https:\/\/www.xatakahome.com\/hogar\/problema-poco-conocido-que-afecta-a-tu-aire-acondicionado-cuando-necesitas-este-motivo-posibles-soluciones-1\" class=\"desvio-title js-desvio-title\">El problema poco conocido que afecta a tu aire acondicionado cuando m\u00e1s lo necesitas: este es el motivo y las posibles soluciones<\/a>\n   <\/div>\n<\/p><\/div>\n<\/p><\/div>\n<\/div>\n<h2>Tambi\u00e9n te puede interesar<\/h2>\n<p><!-- PIVOT START --><\/p>\n<div class=\"pivot-ecommerce-container m-pivot-ecommerce-redesign article-asset-normal article-asset-center\">\n<div class=\"pivot-ecommerce\">\n<div class=\"pivot-ecommerce-figure\">\n  <a rel=\"nofollow, sponsored, noopener, noreferrer noopener\" target=\"_blank\" href=\"https:\/\/www.xatakahome.com\/redirect?url=https%3A%2F%2Fwww.amazon.es%2Fdp%2FB0BWWRLWZF%3Ftag%3Dxatakahome-21%26linkCode%3Dogi%26th%3D1%26psc%3D1&amp;category=seleccion&amp;pivot=1&amp;ecomPostExpiration=perish&amp;postId=113624\"><br \/>\n   <img loading=\"lazy\" decoding=\"async\" alt=\"LOVIGA Kit Ventana Aire Acondicionado Port\u00e1Til 100% de Efecto de Sellado\" width=\"500\" height=\"500\" src=\"https:\/\/i.blogs.es\/56de29\/41mz0yfeonl._sl500_\/original.webp\" onerror='this.src=\"https:\/\/i.blogs.es\/56de29\/41mz0yfeonl._sl500_\/original.jpeg\"'><br \/>\n  <\/a>\n  <\/div>\n<div class=\"pivot-ecommerce-summary\">\n<p class=\"pivot-ecommerce-desc\">LOVIGA Kit Ventana Aire Acondicionado Port\u00e1Til 100% de Efecto de Sellado<\/p>\n<div class=\"pivot-actions \">\n<div class=\"pivot-actions-row\">\n <a rel=\"nofollow, sponsored, noopener, noreferrer noopener\" target=\"_blank\" data-asin=\"B0BWWRLWZF\" data-store=\"Amazon\" href=\"https:\/\/www.xatakahome.com\/redirect?url=https%3A%2F%2Fwww.amazon.es%2Fdp%2FB0BWWRLWZF%3Ftag%3Dxatakahome-21%26linkCode%3Dogi%26th%3D1%26psc%3D1&amp;category=seleccion&amp;pivot=1&amp;ecomPostExpiration=perish&amp;postId=113624\" title=\"Precio actualizado hoy\" class=\"pivot-action-btn pivot-action-primary\">Hoy en Amazon \u2014 <strong>18,99<\/strong> \u20ac<\/a>\n <\/div>\n<\/p><\/div>\n<\/p><\/div>\n<\/p><\/div>\n<div class=\"pivot-link-msg\">* Alg\u00fan precio puede haber cambiado desde la \u00faltima revisi\u00f3n<\/div>\n<\/p><\/div>\n<p><!-- PIVOT END --><br \/>\n<!-- PIVOT START --><\/p>\n<div class=\"pivot-ecommerce-container m-pivot-ecommerce-redesign article-asset-normal article-asset-center\">\n<div class=\"pivot-ecommerce\">\n<div class=\"pivot-ecommerce-figure\">\n  <a rel=\"nofollow, sponsored, noopener, noreferrer noopener\" target=\"_blank\" href=\"https:\/\/www.xatakahome.com\/redirect?url=https%3A%2F%2Fwww.amazon.es%2Fdp%2FB0CR19RXQY%3Ftag%3Dxatakahome-21%26linkCode%3Dogi%26th%3D1%26psc%3D1&amp;category=seleccion&amp;pivot=1&amp;ecomPostExpiration=perish&amp;postId=113624\"><br \/>\n   <img loading=\"lazy\" decoding=\"async\" alt=\"Kit Ventana Aire Acondicionado Port\u00e1til\" width=\"384\" height=\"500\" src=\"https:\/\/i.blogs.es\/fd35d9\/416h4dlahbl._sl500_\/original.webp\" onerror='this.src=\"https:\/\/i.blogs.es\/fd35d9\/416h4dlahbl._sl500_\/original.jpeg\"'><br \/>\n  <\/a>\n  <\/div>\n<div class=\"pivot-ecommerce-summary\">\n<p class=\"pivot-ecommerce-desc\">Kit Ventana Aire Acondicionado Port\u00e1til<\/p>\n<div class=\"pivot-actions \">\n<div class=\"pivot-actions-row\">\n <a rel=\"nofollow, sponsored, noopener, noreferrer noopener\" target=\"_blank\" data-asin=\"B0CR19RXQY\" data-store=\"Amazon\" href=\"https:\/\/www.xatakahome.com\/redirect?url=https%3A%2F%2Fwww.amazon.es%2Fdp%2FB0CR19RXQY%3Ftag%3Dxatakahome-21%26linkCode%3Dogi%26th%3D1%26psc%3D1&amp;category=seleccion&amp;pivot=1&amp;ecomPostExpiration=perish&amp;postId=113624\" title=\"Precio actualizado hoy\" class=\"pivot-action-btn pivot-action-primary\">Hoy en Amazon \u2014 <strong>24,99<\/strong> \u20ac<\/a>\n <\/div>\n<\/p><\/div>\n<\/p><\/div>\n<\/p><\/div>\n<div class=\"pivot-link-msg\">* Alg\u00fan precio puede haber cambiado desde la \u00faltima revisi\u00f3n<\/div>\n<\/p><\/div>\n<p><!-- PIVOT END --><br \/>\n<script>\n (function() {\n  window._JS_MODULES = window._JS_MODULES || {};\n  var headElement = document.getElementsByTagName('head')[0];\n  if (_JS_MODULES.instagram) {\n   var instagramScript = document.createElement('script');\n   instagramScript.src = 'https:\/\/platform.instagram.com\/en_US\/embeds.js';\n   instagramScript.async = true;\n   instagramScript.defer = true;\n   headElement.appendChild(instagramScript);\n  }\n })();\n<\/script><\/p>\n<p> &#8211; <br \/> La noticia<br \/>\n      <a href=\"https:\/\/www.xatakahome.com\/seleccion\/adios-al-calor-este-aire-portatil-leroy-merlin-cuesta-poco-enfria-mucho?utm_source=feedburner&amp;utm_medium=feed&amp;utm_campaign=02_Aug_2024\"><br \/>\n       <em> Leroy Merlin quiere acabar con el calor en casa: este aire port\u00e1til cuesta poco pero enfr\u00eda mucho <\/em><br \/>\n      <\/a><br \/>\n      fue publicada originalmente en<br \/>\n      <a href=\"https:\/\/www.xatakahome.com\/?utm_source=feedburner&amp;utm_medium=feed&amp;utm_campaign=02_Aug_2024\"><br \/>\n       <strong> Xataka Smart Home <\/strong><br \/>\n      <\/a><br \/>\n            por <a href=\"https:\/\/www.xatakahome.com\/autor\/fran-leon?utm_source=feedburner&amp;utm_medium=feed&amp;utm_campaign=02_Aug_2024\"><br \/>\n       Fran Le\u00f3n<br \/>\n      <\/a><br \/>\n      . <\/p>\n<\/div>\n","protected":false},"excerpt":{"rendered":"<p>Desde hace ya unas semanas, estar en casa se est\u00e1 haciendo insoportable debido al calor. Si quieres ponerle soluci\u00f3n, ahora, Leroy Merlin tiene la m\u00e1s barata: este aire acondicionado port\u00e1til Eluxe de 1.720 frigor\u00edas que est\u00e1 disponible por 169 euros. Aire acondicionado port\u00e1til Eluxe 1720 fg Hoy en Leroy Merlin \u2014 169,00 \u20ac * Alg\u00fan &hellip; <a href=\"https:\/\/domosistemas.com\/?p=25225\" class=\"more-link\">Sigue leyendo <span class=\"screen-reader-text\">Leroy Merlin quiere acabar con el calor en casa: este aire port\u00e1til cuesta poco pero enfr\u00eda mucho<\/span><\/a><\/p>\n","protected":false},"author":1,"featured_media":0,"comment_status":"closed","ping_status":"closed","sticky":false,"template":"","format":"standard","meta":{"footnotes":""},"categories":[8],"tags":[],"class_list":["post-25225","post","type-post","status-publish","format-standard","hentry","category-xataka"],"_links":{"self":[{"href":"https:\/\/domosistemas.com\/index.php?rest_route=\/wp\/v2\/posts\/25225","targetHints":{"allow":["GET"]}}],"collection":[{"href":"https:\/\/domosistemas.com\/index.php?rest_route=\/wp\/v2\/posts"}],"about":[{"href":"https:\/\/domosistemas.com\/index.php?rest_route=\/wp\/v2\/types\/post"}],"author":[{"embeddable":true,"href":"https:\/\/domosistemas.com\/index.php?rest_route=\/wp\/v2\/users\/1"}],"replies":[{"embeddable":true,"href":"https:\/\/domosistemas.com\/index.php?rest_route=%2Fwp%2Fv2%2Fcomments&post=25225"}],"version-history":[{"count":0,"href":"https:\/\/domosistemas.com\/index.php?rest_route=\/wp\/v2\/posts\/25225\/revisions"}],"wp:attachment":[{"href":"https:\/\/domosistemas.com\/index.php?rest_route=%2Fwp%2Fv2%2Fmedia&parent=25225"}],"wp:term":[{"taxonomy":"category","embeddable":true,"href":"https:\/\/domosistemas.com\/index.php?rest_route=%2Fwp%2Fv2%2Fcategories&post=25225"},{"taxonomy":"post_tag","embeddable":true,"href":"https:\/\/domosistemas.com\/index.php?rest_route=%2Fwp%2Fv2%2Ftags&post=25225"}],"curies":[{"name":"wp","href":"https:\/\/api.w.org\/{rel}","templated":true}]}}