{"id":25226,"date":"2024-08-02T14:09:23","date_gmt":"2024-08-02T14:09:23","guid":{"rendered":"https:\/\/domosistemas.com\/?p=25226"},"modified":"2024-08-02T14:09:23","modified_gmt":"2024-08-02T14:09:23","slug":"las-tarifas-de-la-luz-mas-baratas-en-agosto-de-2024-asi-queda-la-pvpc-con-respecto-al-mercado-libre","status":"publish","type":"post","link":"https:\/\/domosistemas.com\/?p=25226","title":{"rendered":"Las tarifas de la luz m\u00e1s baratas en agosto de 2024: as\u00ed queda la PVPC con respecto al mercado libre"},"content":{"rendered":"<div>\n<p>\n      <img decoding=\"async\" src=\"https:\/\/i.blogs.es\/72b929\/anais-murith-t_pedvsmmtc-unsplash\/1024_2000.jpeg\" alt=\"Las tarifas de la luz m\u00e1s baratas en agosto de 2024: as\u00ed queda la PVPC con respecto al mercado libre     \">\n    <\/p>\n<p>La <a href=\"https:\/\/www.xataka.com\/energia\/precio-electricidad-caro-historia-manana-tarde-se-pagara-a-700-eur-mwh\">subida en la factura de la luz<\/a> en 2022 y 2023 fue una de las principales preocupaciones de muchas familias espa\u00f1olas, que vimos c\u00f3mo <strong>se multiplic\u00f3 el importe<\/strong> a pagar a pesar de las diferentes <a href=\"https:\/\/www.xatakahome.com\/iluminacion-y-energia\/siete-sencillas-medidas-que-estamos-tomando-casa-para-ahorrar-nueva-factura-luz\">medidas y trucos de ahorro<\/a> que era posible aplicar para tratar de rebajar el coste a final de mes.<\/p>\n<p><!-- BREAK 1 --><\/p>\n<p><strong>Lo m\u00e1s recomendable ha sido comparar los precios y ofertas<\/strong> entre las distintas compa\u00f1\u00edas de luz, para por ejemplo ver si nos conven\u00eda cambiarnos al mercado libre en el caso de que tuvi\u00e9semos una tarifa en el <strong>regulado o PVPC <\/strong>(Precio Voluntario al Peque\u00f1o Consumidor).<\/p>\n<p><!-- BREAK 2 --><\/p>\n<div class=\"toc-container article-asset-normal\">\n<details>\n<summary class=\"toc-header \">\n   <span class=\"toc-heading\"><br \/>\n    <span>\u00cdndice de Contenidos (8)<\/span><br \/>\n   <\/span><br \/>\n   <span class=\"icon-folded\"><\/span><br \/>\n  <\/summary>\n<\/details>\n<div class=\"toc-list-wrap \">\n<div class=\"toc-list-item\">\n<ul class=\"toc-list\">\n<li class=\"toc-item\">\n       <a href=\"https:\/\/www.xatakahome.com\/#mejores-tarifas-luz-para-agosto-1\" class=\"toc-item-link\">Las mejores tarifas de la luz para agosto<\/a>\n      <\/li>\n<li class=\"toc-sub-item\">\n       <a href=\"https:\/\/www.xatakahome.com\/#energia-nufri-tarifa-opal-3-precios-2\" class=\"toc-item-link\">Energ\u00eda Nufri Tarifa Opal 3 Precios<\/a>\n      <\/li>\n<li class=\"toc-sub-item\">\n       <a href=\"https:\/\/www.xatakahome.com\/#imagina-energia-3\" class=\"toc-item-link\">Imagina Energ\u00eda<\/a>\n      <\/li>\n<li class=\"toc-sub-item\">\n       <a href=\"https:\/\/www.xatakahome.com\/#conecta-endesa-4\" class=\"toc-item-link\">Conecta Endesa<\/a>\n      <\/li>\n<li class=\"toc-item\">\n       <a href=\"https:\/\/www.xatakahome.com\/#como-saber-me-conviene-tener-tarifa-pvpc-5\" class=\"toc-item-link\">C\u00f3mo saber si me conviene tener la tarifa PVPC<\/a>\n      <\/li>\n<li class=\"toc-sub-item\">\n       <a href=\"https:\/\/www.xatakahome.com\/#queremos-acogernos-al-bono-social-electrico-6\" class=\"toc-item-link\">Queremos acogernos al bono social el\u00e9ctrico<\/a>\n      <\/li>\n<li class=\"toc-sub-item\">\n       <a href=\"https:\/\/www.xatakahome.com\/#hago-uso-intensivo-luz-fines-semana-festivos-7\" class=\"toc-item-link\">Hago un uso intensivo de la luz en fines de semana y festivos<\/a>\n      <\/li>\n<li class=\"toc-sub-item\">\n       <a href=\"https:\/\/www.xatakahome.com\/#puedo-redirigir-uso-aparatos-que-consumen-casa-a-dos-franjas-horarias-8\" class=\"toc-item-link\">Puedo redirigir el uso de los aparatos que m\u00e1s consumen en casa a dos franjas horarias<\/a>\n      <\/li>\n<\/ul><\/div>\n<\/p><\/div>\n<\/div>\n<div class=\"article-asset article-asset-normal article-asset-center\">\n<div class=\"desvio-container\">\n<div class=\"desvio\">\n<div class=\"desvio-figure js-desvio-figure\">\n    <a href=\"https:\/\/www.xatakahome.com\/a-fondo\/tener-tarifa-luz-mercado-libre-regulado-que-diferencias-ventajas-e-inconvenientes-hay-cada-caso\"><br \/>\n     <img loading=\"lazy\" decoding=\"async\" alt=\"Tener la tarifa de la luz en el mercado libre o en el regulado: qu\u00e9 diferencias, ventajas e inconvenientes hay en cada caso\" width=\"375\" height=\"142\" src=\"https:\/\/i.blogs.es\/69abbc\/anthony-indraus-bb9jwutmpuk-unsplash\/375_142.webp\" onerror='this.src=\"https:\/\/i.blogs.es\/69abbc\/anthony-indraus-bb9jwutmpuk-unsplash\/375_142.jpg\"'><br \/>\n    <\/a>\n   <\/div>\n<div class=\"desvio-summary\">\n<div class=\"desvio-taxonomy js-desvio-taxonomy\">\n     <a href=\"https:\/\/www.xatakahome.com\/a-fondo\/tener-tarifa-luz-mercado-libre-regulado-que-diferencias-ventajas-e-inconvenientes-hay-cada-caso\" class=\"desvio-taxonomy-anchor\">En Xataka Smart Home<\/a>\n    <\/div>\n<p>    <a href=\"https:\/\/www.xatakahome.com\/a-fondo\/tener-tarifa-luz-mercado-libre-regulado-que-diferencias-ventajas-e-inconvenientes-hay-cada-caso\" class=\"desvio-title js-desvio-title\">Tener la tarifa de la luz en el mercado libre o en el regulado: qu\u00e9 diferencias, ventajas e inconvenientes hay en cada caso<\/a>\n   <\/div>\n<\/p><\/div>\n<\/p><\/div>\n<\/div>\n<p>Hasta finales de 2022 eran las ofertas en el mercado libre las <strong>alternativas m\u00e1s econ\u00f3micas fuera de la tarifa regulada<\/strong> por el Gobierno. Sin embargo, desde finales de enero de 2023 la PVPC ya fue <strong>la tarifa m\u00e1s asequible<\/strong> en muchas zonas del pa\u00eds debido a la bajada progresiva de los precios y a la compensaci\u00f3n del tope al gas.<\/p>\n<p><!-- BREAK 3 --><\/p>\n<p>A comienzos de enero de 2024 ha habido varios cambios importantes en el sector energ\u00e9tico. Para empezar la <a href=\"https:\/\/www.xatakahome.com\/iluminacion-y-energia\/usar-tus-electrodomesticos-horas-baratas-no-merecera-pena-esta-letra-pequena-nueva-tarifa-pvpc\">nueva forma de calcular el precio de la luz<\/a> para tarifa regulada que <strong>limita las diferencias entre horas caras y baratas<\/strong>. Pero tambi\u00e9n la <a href=\"https:\/\/www.xatakahome.com\/iluminacion-y-energia\/suben-impuestos-luz-gas-pellets-este-iva-que-tendremos-que-pagar-2024\">subida de impuestos como el IVA y el IEE<\/a> tambi\u00e9n activas con la llegada del nuevo a\u00f1o.<\/p>\n<p><!-- BREAK 4 --><\/p>\n<p>\u00bfC\u00f3mo est\u00e1 la situaci\u00f3n ahora mismo con la tarifa PVPC y las del mercado libre de cara al mes de agosto de 2024?<\/p>\n<h2 id=\"mejores-tarifas-luz-para-agosto-1\" class=\"toc-enabled\"><span class=\"toc-shortcut-icon\" title=\"Ver \u00cdndice de contenido\"><\/span>Las mejores tarifas de la luz para agosto<\/h2>\n<div class=\"article-asset-image article-asset-normal article-asset-center\">\n<div class=\"asset-content\">\n<p>   <img decoding=\"async\" alt=\"Comparadorcontadores\" class=\"centro_sinmarco\" src=\"https:\/\/i.blogs.es\/6be992\/comparadorcontadores\/450_1000.webp\"><\/p><\/div>\n<\/div>\n<p>En la modalidad de tarifa regulada o PVPC el precio de la energ\u00eda es variable, cambia cada hora y est\u00e1 sometido a la <strong>volatilidad del mercado el\u00e9ctrico<\/strong>, \u00a0seg\u00fan la oferta y la demanda entre las compa\u00f1\u00edas generadoras de energ\u00eda y las comercializadoras que venden esa energ\u00eda al consumidor cada d\u00eda.<\/p>\n<p><!-- BREAK 5 --><\/p>\n<p>Por ello la electricidad suele ser m\u00e1s cara en invierno y en verano, cuando la demanda energ\u00e9tica sube por el uso de la calefacci\u00f3n y los aires acondicionados, pero <strong>los precios bajaban en primavera<\/strong> y oto\u00f1o, cuando dicha demanda desciende.<\/p>\n<p><!-- BREAK 6 --><\/p>\n<p>Ahora ya estamos de lleno en la \u00e9poca de m\u00e1s calor y<strong> <\/strong>si no sucede nada extra\u00f1o en el mercado, es de esperar que los precios suban sensiblemente, sobre todo en las horas de m\u00e1s consumo como son las tardes-noches, aunque las previsiones apuntan a que <strong>la tarifa PVPC con discriminaci\u00f3n horaria seguir\u00e1 siendo muy competitiva, al igual que las indexadas al mercado diario.<\/strong><\/p>\n<p><!-- BREAK 7 --><\/p>\n<p>No obstante, para comprobar c\u00f3mo est\u00e1n las cosas ahora mismo hemos hecho una b\u00fasqueda en el <strong>comparador de la CNMC<\/strong> para nuestra zona de residencia. Para ello solo hay que <a rel=\"noopener, noreferrer\" href=\"https:\/\/comparador.cnmc.gob.es\/\">entrar en su web<\/a>, seleccionar que queremos analizar la tarifa de electricidad (tambi\u00e9n podemos ver las de gas o ambas combinadas) y tras darle a iniciar en la siguiente pantalla nos har\u00e1 unas preguntas sencillas, como cu\u00e1l es \u00a0nuestro <strong>c\u00f3digo postal<\/strong>, el consumo estimado anual de \u00a0electricidad (dato que podemos buscar en nuestras facturas pasadas), la <strong>potencia contratada<\/strong> y si queremos contratar alg\u00fan servicio extra.<\/p>\n<p><!-- BREAK 8 --><\/p>\n<div class=\"article-asset-image article-asset-normal article-asset-center\">\n<div class=\"asset-content\">\n<p>   <img decoding=\"async\" alt=\"comparador\" class=\"centro_sinmarco\" src=\"https:\/\/i.blogs.es\/da9185\/1366_2000\/450_1000.webp\"><\/p><\/div>\n<\/div>\n<p>Tras rellenar estos campos aceptamos y la p\u00e1gina nos mostrar\u00e1 una comparativa con el precio de la tarifa regulada o PVPC en la parte superior y una tabla con las ofertas \u00a0de las distintas compa\u00f1\u00edas. En mi caso, para mi zona concreta con una potencia contratada de <strong>5 kW<\/strong> y un consumo de <strong>400 kWh<\/strong> me indica que la PVPC me costar\u00eda <strong>76,82 euros al mes<\/strong>.<\/p>\n<p><!-- BREAK 9 --><\/p>\n<div class=\"article-asset-image article-asset-normal article-asset-center\">\n<div class=\"asset-content\">\n<div class=\"caption-img \">\n<p>   <img decoding=\"async\" alt=\"Tarifa Luz\" class=\"centro_sinmarco\" src=\"https:\/\/i.blogs.es\/63c8bf\/tarifa-luz\/450_1000.webp\"><\/p>\n<p>        <span>Imagen: CNMC<\/span>\n   <\/div>\n<\/p><\/div>\n<\/div>\n<p>Por su parte, las tarifas en el mercado libre m\u00e1s econ\u00f3micas en las primeras posiciones vemos que parten de los 20 euros en el caso de la oferta de <a rel=\"noopener, noreferrer\" href=\"https:\/\/eniplenitude.es\/hogar\/energia-solar\/\">Plenitude tarifa Solar Free<\/a>, aunque en este caso la tarifa est\u00e1 vinculada a haber contratado con Plenitude una instalaci\u00f3n de autoconsumo (paneles solares) durante el per\u00edodo de vigencia de la promoci\u00f3n. Por ello la sacamos fuera de la comparativa del resto de tarifas en el mercado libre.\u00a0<\/p>\n<p><!-- BREAK 10 --><\/p>\n<h3 id=\"energia-nufri-tarifa-opal-3-precios-2\" class=\"toc-enabled\"><span class=\"toc-shortcut-icon\" title=\"Ver \u00cdndice de contenido\"><\/span>Energ\u00eda Nufri Tarifa Opal 3 Precios<\/h3>\n<div class=\"article-asset-image article-asset-normal article-asset-center\">\n<div class=\"asset-content\">\n<p>   <img decoding=\"async\" alt=\"Tarifas Nufri\" class=\"centro_sinmarco\" src=\"https:\/\/i.blogs.es\/fd1ac8\/tarifas-nufri\/450_1000.webp\"><\/p><\/div>\n<\/div>\n<p>En el primer puesto de la lista tenemos a esta compa\u00f1\u00eda, que muestra en principio unas tarifas caras en su web que se pueden abaratar considerablemente con alguno de los c\u00f3digos de descuento que ofrecen. Al <a rel=\"noopener, noreferrer\" href=\"https:\/\/www.energianufri.com\/luz-para-el-hogar\" data-id=\"noopener, noreferrer\">entrar en su web<\/a>, para tener precios m\u00e1s atractivos hay que introducir el<strong> c\u00f3digo descuento CN023<\/strong>.<\/p>\n<p><!-- BREAK 11 --><\/p>\n<p>Ofrecen una tarifa con un <strong>\u00fanico precio las 24 horas <\/strong>y otra con <strong>tres tramos horarios, siendo esta \u00faltima la que mejor resulta en la comparativa seg\u00fan la CNMC <\/strong>con un importe de <strong>67,52 euros.<\/strong> Ambas comparten los mismos precios para la potencia contratada y no tienen permanencia:<\/p>\n<p><!-- BREAK 12 --><\/p>\n<ul>\n<li><strong>T\u00e9rmino Potencia Punta: <\/strong>29,191605<strong> <\/strong>\u20ac\/kW a\u00f1o<\/li>\n<li><strong>T\u00e9rmino Potencia Valle: <\/strong>12,1687 \u20ac\/kW a\u00f1o<\/li>\n<li><strong>T\u00e9rmino Energ\u00eda Punta: <\/strong>0,153618 \u20ac\/kWh<\/li>\n<li><strong>T\u00e9rmino Energ\u00eda Llano: <\/strong>0,100290 \u20ac\/kWh<\/li>\n<li><strong>T\u00e9rmino Energ\u00eda Valle: <\/strong>0,069511 \u20ac\/kWh<\/li>\n<\/ul>\n<p>En el caso de la modalidad de tarifa plana con un precio \u00fanico, el importe a pagar ser\u00eda de <strong>69,01 euros<\/strong> y las condiciones las siguientes:<\/p>\n<ul>\n<li><strong>T\u00e9rmino Potencia Punta: <\/strong>29,191605<strong> <\/strong>\u20ac\/kW a\u00f1o<\/li>\n<li><strong>T\u00e9rmino Potencia Valle: <\/strong>12,1687 \u20ac\/kW a\u00f1o<\/li>\n<li><strong>T\u00e9rmino Energ\u00eda 24 horas: <\/strong>0,104469 \u20ac\/kWh\u00a0<\/li>\n<\/ul>\n<p>M\u00e1s informaci\u00f3n | <a rel=\"noopener, noreferrer\" href=\"https:\/\/www.energianufri.com\/luz-para-el-hogar?precios_con_codigo_promocional=CN024\" data-id=\"noopener, noreferrer\">Energ\u00eda Nufri<\/a><\/p>\n<h3 id=\"imagina-energia-3\" class=\"toc-enabled\"><span class=\"toc-shortcut-icon\" title=\"Ver \u00cdndice de contenido\"><\/span>Imagina Energ\u00eda<\/h3>\n<div class=\"article-asset-image article-asset-normal article-asset-center\">\n<div class=\"asset-content\">\n<p>   <img decoding=\"async\" alt=\"Tarifa Mas Barata Julio Imagina Energia\" class=\"centro_sinmarco\" src=\"https:\/\/i.blogs.es\/aefed0\/tarifa-mas-barata-julio-imagina-energia\/450_1000.webp\"><\/p><\/div>\n<\/div>\n<p>Esta compa\u00f1\u00eda ofrece una interesante tarifa llama <strong>Plan Noche y Findes<\/strong> con la que pagar\u00edamos <strong>67,52 euros<\/strong> al mes para consumidores dom\u00e9sticos con tarifa 2.0TD y potencia contratada hasta 15 kW. El contrato tiene una validez de un a\u00f1o y se trata de una tarifa con <strong>tres tramos horarios<\/strong> diferenciados:<\/p>\n<p><!-- BREAK 13 --><\/p>\n<ul>\n<li><strong>T\u00e9rmino Potencia Punta: <\/strong>34,833410 \u20ac\/kW a\u00f1o<\/li>\n<li><strong>T\u00e9rmino Potencia Valle: <\/strong>7,750410 \u20ac\/kW a\u00f1o<\/li>\n<li><strong>T\u00e9rmino Energ\u00eda Punta: <\/strong>0,153239 \u20ac\/kWh<\/li>\n<li><strong>T\u00e9rmino Energ\u00eda Llano: <\/strong>0,097933 \u20ac\/kWh<\/li>\n<li><strong>T\u00e9rmino Energ\u00eda Valle: <\/strong>0,068885 \u20ac\/kWh<\/li>\n<\/ul>\n<p>M\u00e1s informaci\u00f3n | <a rel=\"noopener, noreferrer\" href=\"https:\/\/contrataonline.imaginaenergia.com\/link\/Tarifa?TarifaGrupoCod=23255&amp;TelefonoImagina=900+81+54+04&amp;UsuarioVenta=&amp;utm_source=&amp;gclid=&amp;utm_content=&amp;utm_campaign=&amp;utm_medium=&amp;utm_term=\">Imagina Energ\u00eda<\/a><\/p>\n<h3 id=\"conecta-endesa-4\" class=\"toc-enabled\"><span class=\"toc-shortcut-icon\" title=\"Ver \u00cdndice de contenido\"><\/span>Conecta Endesa<\/h3>\n<div class=\"article-asset-image article-asset-normal article-asset-center\">\n<div class=\"asset-content\">\n<p>   <img decoding=\"async\" alt=\"Endesa\" class=\"centro_sinmarco\" src=\"https:\/\/i.blogs.es\/a8475d\/endesa\/450_1000.webp\"><\/p><\/div>\n<\/div>\n<p>La siguiente oferta de la lista con precio m\u00e1s atractivo es <strong>Conecta Endesa<\/strong>, con un importe a pagar de <strong>68,28 euros<\/strong> solo v\u00e1lida para nuevos clientes y sin requerir de contrataci\u00f3n de ning\u00fan servicio adicional. Es una <strong>tarifa de tipo plana<\/strong> con un <strong>precio fijo las 24 horas del d\u00eda<\/strong>, como podemos comprobar a continuaci\u00f3n:<\/p>\n<p><!-- BREAK 14 --><\/p>\n<ul>\n<li><strong>T\u00e9rmino de potencia Punta<\/strong>: 36,391656 \u20ac\/ kW a\u00f1o<\/li>\n<li><strong>T\u00e9rmino de potencia Valle<\/strong>: 11,968848 \u20ac\/ kW a\u00f1o<\/li>\n<li><strong>T\u00e9rmino de energ\u00eda<\/strong>: 0,09570 \u20ac\/kWh.<\/li>\n<\/ul>\n<p>A los precios se a\u00f1adir\u00e1 el coste regulado asociado al mecanismo de financiaci\u00f3n del bono social: Coste fijo por cliente (comercializaci\u00f3n) de 0,006282\u20ac\/d\u00eda<\/p>\n<p><!-- BREAK 15 --><\/p>\n<p>M\u00e1s informaci\u00f3n | <a rel=\"noopener, noreferrer\" href=\"https:\/\/www.endesa.com\/es\/luz-y-gas\/luz\/conecta-de-endesa\" data-id=\"noopener, noreferrer\">Endesa<\/a><\/p>\n<div class=\"article-asset-video article-asset-normal\">\n<div class=\"asset-content\">\n<div class=\"base-asset-video\">\n<div class=\"js-dailymotion\">\n    <script type=\"application\/json\">\n                          {\"videoId\":\"x81h7p2\",\"autoplay\":true,\"title\":\"NUEVA FACTURA DE LA LUZ: TODO LO QUE DEBES SABER para AHORRAR AL M\u00c1XIMO\", \"tag\":\"\"}\n                  <\/script>\n   <\/div>\n<\/p><\/div>\n<\/p><\/div>\n<\/div>\n<h2 id=\"como-saber-me-conviene-tener-tarifa-pvpc-5\" class=\"toc-enabled\"><span class=\"toc-shortcut-icon\" title=\"Ver \u00cdndice de contenido\"><\/span><strong>C\u00f3mo saber si me conviene tener la tarifa PVPC<\/strong><\/h2>\n<p>Entonces, \u00bfes mejor ahora mismo de cara a este verano estar con la tarifa en el mercado PVPC o en libre? En general, por precios medios las cifras apuntan a que <strong>la PVPC ser\u00e1 algo m\u00e1s cara<\/strong>. No obstante, conviene <strong>valorar las siguientes razones<\/strong> para ver si nos merece la pena apostar por dicha tarifa regulada:<\/p>\n<p><!-- BREAK 16 --><\/p>\n<h3 id=\"queremos-acogernos-al-bono-social-electrico-6\" class=\"toc-enabled\"><span class=\"toc-shortcut-icon\" title=\"Ver \u00cdndice de contenido\"><\/span>Queremos acogernos al bono social el\u00e9ctrico<\/h3>\n<p>El primer argumento para apostar por la <strong>tarifa PVPC<\/strong> \u00a0(Precio Voluntario para el Peque\u00f1o \u00a0Consumidor) actualmente es si somos o pretendemos ser esta pr\u00f3xima temporada consumidores que se acojan al <a href=\"https:\/\/www.xatakahome.com\/iluminacion-y-energia\/bono-social-factura-luz-que-que-descuento-ofrece-requisitos-para-solicitarlo\">bono social el\u00e9ctrico<\/a>.<\/p>\n<p><!-- BREAK 17 --><\/p>\n<p>Se trata b\u00e1sicamente un <strong>descuento en la factura el\u00e9ctrica<\/strong> que se aplica solo y exclusivamente sobre tarifas PVPC, con un l\u00edmite \u00a0m\u00e1ximo de energ\u00eda anual bonificada en funci\u00f3n de cu\u00e1ntos miembros tenga \u00a0la unidad familiar. Adem\u00e1s hay que cumplir otros <a href=\"https:\/\/www.xatakahome.com\/a-fondo\/bono-social-termico-electrico-2023-como-solicitar-estas-ayudas-para-electricidad-calefaccion\">requisitos importantes<\/a>, destacando los siguientes:<\/p>\n<p><!-- BREAK 18 --><\/p>\n<ul>\n<li><strong>El PVPC debe estar contratado en la vivienda habitual<\/strong> con una potencia contratada <strong>igual o inferior a 10kW<\/strong> y el solicitante debe ser el titular del contrato.<\/li>\n<li>Adem\u00e1s, este PVPC debe estar contratado solo con las <a rel=\"noopener, noreferrer\" href=\"https:\/\/www.bonosocial.gob.es\/#como\" data-id=\"noopener, noreferrer\">comercializadoras de referencia que establece el Gobierno<\/a> <strong>rellenando y solicitando el correspondiente formulario.<\/strong><\/li>\n<\/ul>\n<p>Por tanto, si queremos acceder al bono social el\u00e9ctrico deberemos <strong>tener obligatoriamente una tarifa PVPC<\/strong> y adem\u00e1s esta tendr\u00e1 que estar contratada con una de las comercializadoras de referencia antes se\u00f1aladas.<\/p>\n<p><!-- BREAK 19 --><\/p>\n<h3 id=\"hago-uso-intensivo-luz-fines-semana-festivos-7\" class=\"toc-enabled\"><span class=\"toc-shortcut-icon\" title=\"Ver \u00cdndice de contenido\"><\/span>Hago un uso intensivo de la luz en fines de semana y festivos<\/h3>\n<div class=\"article-asset-image article-asset-normal article-asset-center\">\n<div class=\"asset-content\">\n<div class=\"caption-img \">\n<p>   <img decoding=\"async\" alt=\"Comparativa Tarifas Fin De Semana\" class=\"centro_sinmarco\" src=\"https:\/\/i.blogs.es\/aa1027\/comparativa-tarifas-fin-de-semana\/450_1000.webp\"><\/p>\n<p>        <span>Precio luz fin de semana. Imagen: Red El\u00e9ctrica Espa\u00f1ola<\/span>\n   <\/div>\n<\/p><\/div>\n<\/div>\n<p>Otro caso de uso donde nos va a convenir contratar la tarifa regulada o PVPC es cuando por nuestra circunstancia personal y familiar vamos a hacer <strong>un uso intensivo de la electricidad en casa los fines de semana y festivos<\/strong>.<\/p>\n<p><!-- BREAK 20 --><\/p>\n<p>Es por ejemplo el caso de familias numerosas que entre semana apenas est\u00e1n en casa porque los padres trabajan y los hijos pasan la mayor parte del d\u00eda fuera en colegios, institutos, actividades extraescolares, etc. Pero luego los fines de semana y festivos se juntan todos en casa encendiendo m\u00faltiples electrodom\u00e9sticos, poniendo lavadoras, usando equipos, calefacci\u00f3n el\u00e9ctrica, etc.<\/p>\n<p><!-- BREAK 21 --><\/p>\n<p>Tambi\u00e9n en caso de contar con una <strong>segunda residencia donde solo vamos los fines de semana<\/strong>, puentes y similares, contando con calefacci\u00f3n y\/o aire acondicionado el\u00e9ctrico. En estas situaciones, <strong>la tarifa PVPC nos permitir\u00e1 un importante ahorro,<\/strong> ya que actualmente tiene un precio mucho m\u00e1s econ\u00f3mico en d\u00edas festivos que cualquier otra tarifa no indexada del mercado, incluso las que \u00a0ofrecen varios precios en funci\u00f3n de las horas.<\/p>\n<p><!-- BREAK 22 --><\/p>\n<h3 id=\"puedo-redirigir-uso-aparatos-que-consumen-casa-a-dos-franjas-horarias-8\" class=\"toc-enabled\"><span class=\"toc-shortcut-icon\" title=\"Ver \u00cdndice de contenido\"><\/span>Puedo redirigir el uso de los aparatos que m\u00e1s consumen en casa a dos franjas horarias<\/h3>\n<div class=\"article-asset-image article-asset-normal article-asset-center\">\n<div class=\"asset-content\">\n<div class=\"caption-img \">\n<p>   <img decoding=\"async\" alt=\"Comparativa Tarifasdiario\" class=\"centro_sinmarco\" src=\"https:\/\/i.blogs.es\/9f40fd\/comparativa-tarifasdiario\/450_1000.webp\"><\/p>\n<p>        <span>Precio luz entre semana. Imagen: Red El\u00e9ctrica Espa\u00f1ola<\/span>\n   <\/div>\n<\/p><\/div>\n<\/div>\n<p>Muy bien, los fines de semana est\u00e1 mucho m\u00e1s econ\u00f3mica la tarifa PVPC, pero \u00bfqu\u00e9 pasa entre semana?, \u00bfmerece la pena si mi uso principal se encuentra en <strong>d\u00edas laborables<\/strong>?<\/p>\n<p><!-- BREAK 23 --><\/p>\n<p>Pues depende de la hora a la que se produzca este uso principal, ya que ahora mismo en media la tarifa PVPC tiene estos d\u00edas un coste superior a algunas del mercado libre, aunque <strong>depende del horario en el que vayamos a consumir la energ\u00eda<\/strong>.<\/p>\n<p><!-- BREAK 24 --><\/p>\n<p>En general, la tarifa PVPC sigue siendo competitiva si queremos aprovechar la <strong>franja de madrugada<\/strong> (de 00:00 a 08:00 horas) y la franja comprendida <strong>entre las 14:00-18:00 horas<\/strong>, con precios que suelen ser algo m\u00e1s econ\u00f3micos que las tarifas de varios precios en el mercado libre.<\/p>\n<p><!-- BREAK 25 --><\/p>\n<p>Sin embargo, si nuestro uso principal del d\u00eda va a <strong>centrarse en horario de tarde<\/strong> y sobre todo a partir de las 18:00 horas, entonces el precio a pagar es \u00a0mucho m\u00e1s elevado y nos convendr\u00e1 contratar una tarifa en el mercado libre.<\/p>\n<p><!-- BREAK 26 --><\/p>\n<p>Imagen portada | <a rel=\"noopener, noreferrer\" href=\"https:\/\/unsplash.com\/es\/@nanarose\" data-id=\"noopener noreferrer\">Ana\u00efs MURITH<\/a><\/p>\n<p>En Xataka Smart Home | <a href=\"https:\/\/www.xatakahome.com\/a-fondo\/como-saber-que-precio-tendra-luz-manana-tienes-tarifa-mercado-libre-como-regulado\" data-id=\"noopener noreferrer\">C\u00f3mo saber qu\u00e9 precio tendr\u00e1 la luz ma\u00f1ana tanto si tienes una tarifa en el mercado libre como en el regulado<\/a><\/p>\n<p><script>\n (function() {\n  window._JS_MODULES = window._JS_MODULES || {};\n  var headElement = document.getElementsByTagName('head')[0];\n  if (_JS_MODULES.instagram) {\n   var instagramScript = document.createElement('script');\n   instagramScript.src = 'https:\/\/platform.instagram.com\/en_US\/embeds.js';\n   instagramScript.async = true;\n   instagramScript.defer = true;\n   headElement.appendChild(instagramScript);\n  }\n })();\n<\/script><\/p>\n<p> &#8211; <br \/> La noticia<br \/>\n      <a href=\"https:\/\/www.xatakahome.com\/iluminacion-y-energia\/tarifas-luz-baratas-agosto-2024-asi-queda-pvpc-respecto-al-mercado-libre?utm_source=feedburner&amp;utm_medium=feed&amp;utm_campaign=02_Aug_2024\"><br \/>\n       <em> Las tarifas de la luz m\u00e1s baratas en agosto de 2024: as\u00ed queda la PVPC con respecto al mercado libre      <\/em><br \/>\n      <\/a><br \/>\n      fue publicada originalmente en<br \/>\n      <a href=\"https:\/\/www.xatakahome.com\/?utm_source=feedburner&amp;utm_medium=feed&amp;utm_campaign=02_Aug_2024\"><br \/>\n       <strong> Xataka Smart Home <\/strong><br \/>\n      <\/a><br \/>\n            por <a href=\"https:\/\/www.xatakahome.com\/autor\/paco-rodriguez?utm_source=feedburner&amp;utm_medium=feed&amp;utm_campaign=02_Aug_2024\"><br \/>\n       Paco Rodriguez<br \/>\n      <\/a><br \/>\n      . <\/p>\n<\/div>\n","protected":false},"excerpt":{"rendered":"<p>La subida en la factura de la luz en 2022 y 2023 fue una de las principales preocupaciones de muchas familias espa\u00f1olas, que vimos c\u00f3mo se multiplic\u00f3 el importe a pagar a pesar de las diferentes medidas y trucos de ahorro que era posible aplicar para tratar de rebajar el coste a final de mes. &hellip; <a href=\"https:\/\/domosistemas.com\/?p=25226\" class=\"more-link\">Sigue leyendo <span class=\"screen-reader-text\">Las tarifas de la luz m\u00e1s baratas en agosto de 2024: as\u00ed queda la PVPC con respecto al mercado libre<\/span><\/a><\/p>\n","protected":false},"author":1,"featured_media":0,"comment_status":"closed","ping_status":"closed","sticky":false,"template":"","format":"standard","meta":{"footnotes":""},"categories":[8],"tags":[],"class_list":["post-25226","post","type-post","status-publish","format-standard","hentry","category-xataka"],"_links":{"self":[{"href":"https:\/\/domosistemas.com\/index.php?rest_route=\/wp\/v2\/posts\/25226","targetHints":{"allow":["GET"]}}],"collection":[{"href":"https:\/\/domosistemas.com\/index.php?rest_route=\/wp\/v2\/posts"}],"about":[{"href":"https:\/\/domosistemas.com\/index.php?rest_route=\/wp\/v2\/types\/post"}],"author":[{"embeddable":true,"href":"https:\/\/domosistemas.com\/index.php?rest_route=\/wp\/v2\/users\/1"}],"replies":[{"embeddable":true,"href":"https:\/\/domosistemas.com\/index.php?rest_route=%2Fwp%2Fv2%2Fcomments&post=25226"}],"version-history":[{"count":0,"href":"https:\/\/domosistemas.com\/index.php?rest_route=\/wp\/v2\/posts\/25226\/revisions"}],"wp:attachment":[{"href":"https:\/\/domosistemas.com\/index.php?rest_route=%2Fwp%2Fv2%2Fmedia&parent=25226"}],"wp:term":[{"taxonomy":"category","embeddable":true,"href":"https:\/\/domosistemas.com\/index.php?rest_route=%2Fwp%2Fv2%2Fcategories&post=25226"},{"taxonomy":"post_tag","embeddable":true,"href":"https:\/\/domosistemas.com\/index.php?rest_route=%2Fwp%2Fv2%2Ftags&post=25226"}],"curies":[{"name":"wp","href":"https:\/\/api.w.org\/{rel}","templated":true}]}}