{"id":25246,"date":"2024-08-05T12:08:41","date_gmt":"2024-08-05T12:08:41","guid":{"rendered":"https:\/\/domosistemas.com\/?p=25246"},"modified":"2024-08-05T12:08:41","modified_gmt":"2024-08-05T12:08:41","slug":"cuales-son-la-mejor-y-peor-horas-para-encender-el-aire-acondicionado-este-mes-de-agosto-si-quieres-ahorrar-en-la-factura-de-la-luz","status":"publish","type":"post","link":"https:\/\/domosistemas.com\/?p=25246","title":{"rendered":"Cu\u00e1les son la mejor y peor horas para encender el aire acondicionado este mes de agosto si quieres ahorrar en la factura de la luz"},"content":{"rendered":"<div>\n<p>\n      <img decoding=\"async\" src=\"https:\/\/i.blogs.es\/2a65e1\/1366_2000\/1024_2000.jpeg\" alt=\"Cu\u00e1les son la mejor y peor horas para encender el aire acondicionado este mes de agosto si quieres ahorrar en la factura de la luz \">\n    <\/p>\n<p><strong>Encender nuestros electrodom\u00e9sticos<\/strong> siempre en las horas del d\u00eda en las que el precio de la luz de nuestra <strong>tarifa PVPC<\/strong> o indexada con discriminaci\u00f3n horaria es m\u00e1s econ\u00f3mica es una forma de rebajar notablemente las facturas a final de mes.<\/p>\n<p><!-- BREAK 1 --><\/p>\n<p>El ahorro puede llegar a ser muy importante, sobre todo en el caso de utilizar electrodom\u00e9sticos de gran consumo, como placas de cocina de tipo <a href=\"https:\/\/www.xatakahome.com\/electrodomesticos-innovadores\/induccion-vitro-gas-que-elegir-para-cambiar-cocina\">vitrocer\u00e1mica o de inducci\u00f3n<\/a>, hornos, tenemos radiadores el\u00e9ctricos, ponemos lavadoras y lavavajillas todos los d\u00edas, o ahora que hace calor <strong>usamos el aire acondicionado<\/strong> para estar fresquitos.<\/p>\n<p><!-- BREAK 2 --><\/p>\n<p>Sin embargo, estas horas m\u00e1s caras y m\u00e1s baratas <strong>no son siempre las mismas<\/strong>, sino que van cambiando ligeramente con la \u00e9poca del a\u00f1o, y var\u00edan adem\u00e1s de invierno a verano. Por ello, para poder planificar por ejemplo el encendido de nuestros equipos de aire acondicionado conviene conocer precisamente <strong>cu\u00e1l ser\u00e1 la hora m\u00e1s econ\u00f3mica<\/strong> de ese d\u00eda o a ser posible del d\u00eda siguiente, algo que como ya <a href=\"https:\/\/www.xatakahome.com\/a-fondo\/como-saber-que-precio-tendra-luz-manana-tienes-tarifa-mercado-libre-como-regulado\">vimos a fondo en su momento<\/a> es posible saber consultando diferentes p\u00e1ginas y servicios online.<\/p>\n<p><!-- BREAK 3 --><\/p>\n<div class=\"article-asset-video article-asset-normal\">\n<div class=\"asset-content\">\n<div class=\"base-asset-video\">\n<div class=\"js-dailymotion\">\n    <script type=\"application\/json\">\n                          {\"videoId\":\"x88tf3k\",\"autoplay\":true,\"title\":\"AHORRA EN TU FACTURA DE LA LUZ: Las MEJORES OPCIONES para conocer los PRECIOS EN TU M\u00d3VIL\", \"tag\":\"webedia-prod\"}\n                  <\/script>\n   <\/div>\n<\/p><\/div>\n<\/p><\/div>\n<\/div>\n<h2>Las horas m\u00e1s baratas y caras este mes de agosto de 2024<\/h2>\n<p>En el caso de los aparatos de climatizaci\u00f3n como <strong>aires acondicionados fijos y port\u00e1tiles<\/strong>, en general vamos a usarlos casi a diario y generalmente en las mismas horas, dependiendo l\u00f3gicamente del calor que vaya haciendo y de la zona geogr\u00e1fica donde vivamos.<\/p>\n<p><!-- BREAK 4 --><\/p>\n<p>El mayor coste energ\u00e9tico se producir\u00e1 <strong>justo en el momento del encendido y en los minutos posteriores hasta que la habitaci\u00f3n se enfr\u00eda<\/strong>, pasando despu\u00e9s a un \u00abfuncionamiento de crucero\u00bb donde tendremos una rebaja en el gasto el\u00e9ctrico que se reduce <strong>entre el 30-50%<\/strong> en los modelos de tipo inverter.<\/p>\n<p><!-- BREAK 5 --><\/p>\n<p><strong>\u00bfCu\u00e1l es entonces la mejor hora para ponerlo este mes de agosto?<\/strong> Si tenemos una tarifa indexada como la PVPC? Pues deberemos tener en cuenta los famosos <a href=\"https:\/\/www.xatakahome.com\/iluminacion-y-energia\/hoy-entra-vigor-nueva-factura-luz-estas-horas-donde-tu-consumo-electrico-sera-barato\">tramos horarios<\/a> y sobre todo conocer c\u00f3mo se est\u00e1 moviendo el precio de la luz en los \u00faltimos d\u00edas. Y es que, <strong>en las \u00faltimas semanas<\/strong>, atendiendo a los datos proporcionados por <a rel=\"noopener, noreferrer\" href=\"https:\/\/www.esios.ree.es\/es\/pvpc?date=14-03-2023\">Red El\u00e9ctrica Espa\u00f1ola<\/a>, la curva de precios <strong>ha ido estabiliz\u00e1ndose<\/strong> de nuevo haciendo que se muestren dos grandes periodos muy bien diferenciados.<\/p>\n<p><!-- BREAK 6 --><\/p>\n<div class=\"article-asset-image article-asset-normal article-asset-center\">\n<div class=\"asset-content\">\n<div class=\"caption-img \">\n                    <a rel=\"noopener, noreferrer\" href=\"https:\/\/www.esios.ree.es\/es\/pvpc?date=30-07-2024\"><\/p>\n<p>    <img decoding=\"async\" alt=\"Mejores Horas\" class=\"centro_sinmarco\" src=\"https:\/\/i.blogs.es\/dabc38\/mejores-horas\/450_1000.webp\"><br \/>\n     <\/a><\/p>\n<p>        <span>Imagen: ESIOS<\/span>\n   <\/div>\n<\/p><\/div>\n<\/div>\n<p>El primero es el correspondiente al <strong>horario m\u00e1s barato del d\u00eda<\/strong>, que en d\u00edas laborables se ha venido situando la mayor\u00eda de los d\u00edas <strong>entre las 14:00 y 17:00 horas<\/strong> con una diferencia muy significativa con respecto a las horas m\u00e1s caras de cada jornada que puede superar el 100% en el precio.<\/p>\n<p><!-- BREAK 7 --><\/p>\n<p>Encender nuestros equipos de climatizaci\u00f3n en esta franja nos permitir\u00e1 que el pico del consumo el\u00e9ctrico hasta que se enfr\u00edan las habitaciones y se alcanza la temperatura objetivo se produzca en el momento donde la luz est\u00e1 m\u00e1s barata, lo que rebajar\u00e1 el gasto considerablemente si lo hacemos cada d\u00eda.<\/p>\n<p><!-- BREAK 8 --><\/p>\n<p><strong>\u00bfCu\u00e1l es la peor hora para encender el aire acondicionado este mes de agosto? <\/strong>El tramo horario m\u00e1s caro para nuestros bolsillos se ha venido situando estas \u00faltimas semanas <strong>entre las 18:00 y las 22:00<\/strong>, con <strong>picos alrededor de las 21:00 horas<\/strong> que van descendiendo ligeramente por la noche y madrugada.<\/p>\n<p><!-- BREAK 9 --><\/p>\n<div class=\"article-asset article-asset-normal article-asset-center\">\n<div class=\"desvio-container\">\n<div class=\"desvio\">\n<div class=\"desvio-figure js-desvio-figure\">\n    <a href=\"https:\/\/www.xatakahome.com\/a-fondo\/como-saber-que-precio-tendra-luz-manana-tienes-tarifa-mercado-libre-como-regulado\"><br \/>\n     <img loading=\"lazy\" decoding=\"async\" alt=\"C\u00f3mo saber qu\u00e9 precio tendr\u00e1 la luz ma\u00f1ana tanto si tienes una tarifa en el mercado libre como en el regulado\" width=\"375\" height=\"142\" src=\"https:\/\/i.blogs.es\/bad682\/jason-leung-6kb5c7_3cu0-unsplash\/375_142.webp\" onerror='this.src=\"https:\/\/i.blogs.es\/bad682\/jason-leung-6kb5c7_3cu0-unsplash\/375_142.jpg\"'><br \/>\n    <\/a>\n   <\/div>\n<div class=\"desvio-summary\">\n<div class=\"desvio-taxonomy js-desvio-taxonomy\">\n     <a href=\"https:\/\/www.xatakahome.com\/a-fondo\/como-saber-que-precio-tendra-luz-manana-tienes-tarifa-mercado-libre-como-regulado\" class=\"desvio-taxonomy-anchor\">En Xataka Smart Home<\/a>\n    <\/div>\n<p>    <a href=\"https:\/\/www.xatakahome.com\/a-fondo\/como-saber-que-precio-tendra-luz-manana-tienes-tarifa-mercado-libre-como-regulado\" class=\"desvio-title js-desvio-title\">C\u00f3mo saber qu\u00e9 precio tendr\u00e1 la luz ma\u00f1ana tanto si tienes una tarifa en el mercado libre como en el regulado<\/a>\n   <\/div>\n<\/p><\/div>\n<\/p><\/div>\n<\/div>\n<p>En d\u00edas festivos, s\u00e1bados y domingos, los periodos cambian y los m\u00e1s econ\u00f3micos se sit\u00faan <strong>entre las 10:00 de la ma\u00f1ana y las 17:00 horas<\/strong>, con diferencias con respecto a las horas m\u00e1s caras que puede ser hasta 7 veces m\u00e1s econ\u00f3micas, dependiendo del d\u00eda.<\/p>\n<p><!-- BREAK 10 --><\/p>\n<div class=\"article-asset-image article-asset-normal article-asset-center\">\n<div class=\"asset-content\">\n<div class=\"caption-img \">\n                    <a rel=\"noopener, noreferrer\" href=\"https:\/\/www.esios.ree.es\/es\/pvpc?date=28-07-2024\"><\/p>\n<p>    <img decoding=\"async\" alt=\"Mejores Horasfinde\" class=\"centro_sinmarco\" src=\"https:\/\/i.blogs.es\/52df4c\/mejores-horasfinde\/450_1000.webp\"><br \/>\n     <\/a><\/p>\n<p>        <span>Imagen: ESIOS<\/span>\n   <\/div>\n<\/p><\/div>\n<\/div>\n<p><strong>\u00bfC\u00f3mo aprovechar estos datos para gastar lo menos posible al encender el aire acondicionado? <\/strong>Pues en general el pico de gasto el\u00e9ctrico se va a producir <strong>en el momento del encendido y en la hora o dos horas posteriores<\/strong> ya que partimos de cero para enfriar la habitaci\u00f3n hasta llegar a la temperatura objetivo.<\/p>\n<p><!-- BREAK 11 --><\/p>\n<p>Como en la mayor\u00eda de los casos la principal necesidad de uso la vamos a tener en horario de tarde, que es cuando hace m\u00e1s calor, si tenemos en cuenta los p\u00e1rrafos anteriores, lo que nos convendr\u00e1 ser\u00e1 encender el aire entre las <strong>14:00 y 15:00 <\/strong>horas para que cuando el precio de la luz suba a partir de las 18:00 horas ya tengamos la casa fresquita y el equipo tenga un gasto energ\u00e9tico solo para mantener esta <a href=\"https:\/\/www.xatakahome.com\/a-fondo\/esta-temperatura-ideal-aire-acondicionado-para-ahorrar-factura-luz-pasar-calor-verano-1\">temperatura ideal<\/a>.<\/p>\n<p><!-- BREAK 12 --><\/p>\n<p>En los fines de semana los precios son algo m\u00e1s econ\u00f3micos y, si queremos, podemos ampliar un poco el horario de encendido a horas m\u00e1s tempranas, en general <strong>a partir de las 11:00 de la ma\u00f1ana<\/strong> ya tendremos precios m\u00e1s asequibles con los que ahorrar.<\/p>\n<p><!-- BREAK 13 --><\/p>\n<p>Imagen portada | <a href=\"https:\/\/www.xataka.com\/analisis\/tado-v3-analisis-climatizacion-inteligente-conectada-llega-a-casi-todos-aires-acondicionados-mercado\">An\u00e1lisis tado V3+ de Xataka<\/a><\/p>\n<p>En Xataka Smart Home | <a href=\"https:\/\/www.xatakahome.com\/iluminacion-y-energia\/como-ver-internet-tiempo-real-cual-consumo-electricidad-que-tienes-casa\">C\u00f3mo ver por Internet en tiempo real cu\u00e1l es el consumo de electricidad que est\u00e1s haciendo en casa<\/a><\/p>\n<p><script>\n (function() {\n  window._JS_MODULES = window._JS_MODULES || {};\n  var headElement = document.getElementsByTagName('head')[0];\n  if (_JS_MODULES.instagram) {\n   var instagramScript = document.createElement('script');\n   instagramScript.src = 'https:\/\/platform.instagram.com\/en_US\/embeds.js';\n   instagramScript.async = true;\n   instagramScript.defer = true;\n   headElement.appendChild(instagramScript);\n  }\n })();\n<\/script><\/p>\n<p> &#8211; <br \/> La noticia<br \/>\n      <a href=\"https:\/\/www.xatakahome.com\/hogar\/cuales-mejor-peor-horas-para-encender-aire-acondicionado-este-mes-agosto-quieres-ahorrar-factura-luz?utm_source=feedburner&amp;utm_medium=feed&amp;utm_campaign=05_Aug_2024\"><br \/>\n       <em> Cu\u00e1les son la mejor y peor horas para encender el aire acondicionado este mes de agosto si quieres ahorrar en la factura de la luz  <\/em><br \/>\n      <\/a><br \/>\n      fue publicada originalmente en<br \/>\n      <a href=\"https:\/\/www.xatakahome.com\/?utm_source=feedburner&amp;utm_medium=feed&amp;utm_campaign=05_Aug_2024\"><br \/>\n       <strong> Xataka Smart Home <\/strong><br \/>\n      <\/a><br \/>\n            por <a href=\"https:\/\/www.xatakahome.com\/autor\/paco-rodriguez?utm_source=feedburner&amp;utm_medium=feed&amp;utm_campaign=05_Aug_2024\"><br \/>\n       Paco Rodriguez<br \/>\n      <\/a><br \/>\n      . <\/p>\n<\/div>\n","protected":false},"excerpt":{"rendered":"<p>Encender nuestros electrodom\u00e9sticos siempre en las horas del d\u00eda en las que el precio de la luz de nuestra tarifa PVPC o indexada con discriminaci\u00f3n horaria es m\u00e1s econ\u00f3mica es una forma de rebajar notablemente las facturas a final de mes. El ahorro puede llegar a ser muy importante, sobre todo en el caso de &hellip; <a href=\"https:\/\/domosistemas.com\/?p=25246\" class=\"more-link\">Sigue leyendo <span class=\"screen-reader-text\">Cu\u00e1les son la mejor y peor horas para encender el aire acondicionado este mes de agosto si quieres ahorrar en la factura de la luz<\/span><\/a><\/p>\n","protected":false},"author":1,"featured_media":0,"comment_status":"closed","ping_status":"closed","sticky":false,"template":"","format":"standard","meta":{"footnotes":""},"categories":[8],"tags":[],"class_list":["post-25246","post","type-post","status-publish","format-standard","hentry","category-xataka"],"_links":{"self":[{"href":"https:\/\/domosistemas.com\/index.php?rest_route=\/wp\/v2\/posts\/25246","targetHints":{"allow":["GET"]}}],"collection":[{"href":"https:\/\/domosistemas.com\/index.php?rest_route=\/wp\/v2\/posts"}],"about":[{"href":"https:\/\/domosistemas.com\/index.php?rest_route=\/wp\/v2\/types\/post"}],"author":[{"embeddable":true,"href":"https:\/\/domosistemas.com\/index.php?rest_route=\/wp\/v2\/users\/1"}],"replies":[{"embeddable":true,"href":"https:\/\/domosistemas.com\/index.php?rest_route=%2Fwp%2Fv2%2Fcomments&post=25246"}],"version-history":[{"count":0,"href":"https:\/\/domosistemas.com\/index.php?rest_route=\/wp\/v2\/posts\/25246\/revisions"}],"wp:attachment":[{"href":"https:\/\/domosistemas.com\/index.php?rest_route=%2Fwp%2Fv2%2Fmedia&parent=25246"}],"wp:term":[{"taxonomy":"category","embeddable":true,"href":"https:\/\/domosistemas.com\/index.php?rest_route=%2Fwp%2Fv2%2Fcategories&post=25246"},{"taxonomy":"post_tag","embeddable":true,"href":"https:\/\/domosistemas.com\/index.php?rest_route=%2Fwp%2Fv2%2Ftags&post=25246"}],"curies":[{"name":"wp","href":"https:\/\/api.w.org\/{rel}","templated":true}]}}