{"id":25278,"date":"2024-08-08T06:28:14","date_gmt":"2024-08-08T06:28:14","guid":{"rendered":"https:\/\/domosistemas.com\/?p=25278"},"modified":"2024-08-08T06:28:14","modified_gmt":"2024-08-08T06:28:14","slug":"la-primera-gran-ola-de-calor-de-2024-llegara-este-fin-de-semana-a-espana-con-temperaturas-record-segun-la-aemet","status":"publish","type":"post","link":"https:\/\/domosistemas.com\/?p=25278","title":{"rendered":"La primera gran ola de calor de 2024 llegar\u00e1 este fin de semana a Espa\u00f1a: con \u00abtemperaturas r\u00e9cord\u00bb seg\u00fan la AEMET"},"content":{"rendered":"<div>\n<p>\n      <img decoding=\"async\" src=\"https:\/\/i.blogs.es\/df53eb\/pexels-wunderbilder-18889363\/1024_2000.jpeg\" alt='La primera gran ola de calor de 2024 llegar\u00e1 este fin de semana a Espa\u00f1a: con \"temperaturas r\u00e9cord\" seg\u00fan la AEMET '>\n    <\/p>\n<p>El calor lleva ya con nosotros unas cuantas semanas, aunque hasta ahora hab\u00eda sido relativamente suave para la \u00e9poca del a\u00f1o en la que estamos, algo que si se cumplen las <strong>previsiones de la Agencia Estatal de Meteorolog\u00eda<\/strong> cambiar\u00e1 este fin de semana.<\/p>\n<p><!-- BREAK 1 --><\/p>\n<p>Y es que el organismo <a rel=\"noopener, noreferrer\" href=\"https:\/\/x.com\/AEMET_Esp\/status\/1820756098216804489\" data-id=\"noopener, noreferrer\">ya est\u00e1 alertando<\/a> de <strong>temperaturas muy altas en Espa\u00f1a<\/strong> para los pr\u00f3ximos d\u00edas, que estar\u00edan entre las m\u00e1s c\u00e1lidas de los \u00faltimos 30 a\u00f1os.<\/p>\n<p><!-- BREAK 2 --><\/p>\n<div class=\"article-asset article-asset-normal article-asset-center\">\n<div class=\"desvio-container\">\n<div class=\"desvio\">\n<div class=\"desvio-figure js-desvio-figure\">\n    <a href=\"https:\/\/www.xatakahome.com\/a-fondo\/la-mejor-forma-de-frenar-el-calor-sin-aire-acondicionado-y-mantener-la-casa-fresca-como-utilizar-persianas-estores-y-toldos\"><br \/>\n     <img loading=\"lazy\" decoding=\"async\" alt=\"La mejor forma de frenar una ola de calor sin aire acondicionado y mantener la casa fresca: c\u00f3mo utilizar persianas, estores y toldos\" width=\"375\" height=\"142\" src=\"https:\/\/i.blogs.es\/4691f6\/pexels-markus-winkler-1430818-2763388\/375_142.webp\" onerror='this.src=\"https:\/\/i.blogs.es\/4691f6\/pexels-markus-winkler-1430818-2763388\/375_142.jpeg\"'><br \/>\n    <\/a>\n   <\/div>\n<div class=\"desvio-summary\">\n<div class=\"desvio-taxonomy js-desvio-taxonomy\">\n     <a href=\"https:\/\/www.xatakahome.com\/a-fondo\/la-mejor-forma-de-frenar-el-calor-sin-aire-acondicionado-y-mantener-la-casa-fresca-como-utilizar-persianas-estores-y-toldos\" class=\"desvio-taxonomy-anchor\">En Xataka Smart Home<\/a>\n    <\/div>\n<p>    <a href=\"https:\/\/www.xatakahome.com\/a-fondo\/la-mejor-forma-de-frenar-el-calor-sin-aire-acondicionado-y-mantener-la-casa-fresca-como-utilizar-persianas-estores-y-toldos\" class=\"desvio-title js-desvio-title\">La mejor forma de frenar una ola de calor sin aire acondicionado y mantener la casa fresca: c\u00f3mo utilizar persianas, estores y toldos<\/a>\n   <\/div>\n<\/p><\/div>\n<\/p><\/div>\n<\/div>\n<h2>La primera gran ola de calor de 2024<\/h2>\n<div class=\"article-asset-image article-asset-normal article-asset-center\">\n<div class=\"asset-content\">\n<div class=\"caption-img \">\n<p>   <img decoding=\"async\" alt=\"Mapa Aemet\" class=\"centro_sinmarco\" src=\"https:\/\/i.blogs.es\/d2bd81\/mapa-aemet\/450_1000.webp\"><\/p>\n<p>        <span>Imagen: AEMET<\/span>\n   <\/div>\n<\/p><\/div>\n<\/div>\n<p>AEMET ha avisado que se esperan \u00ab<strong>temperaturas muy altas<\/strong> durante los pr\u00f3ximos d\u00edas en buena parte de Espa\u00f1a\u00bb, y si tenemos en cuenta los registros de 1991 a 2020, ser\u00e1 una de las m\u00e1s c\u00e1lidas, incluso con valores de r\u00e9cord. Seg\u00fan podemos <a rel=\"noopener, noreferrer\" href=\"https:\/\/x.com\/AEMET_Esp\/status\/1821170638293291104\">leer en X<\/a>:<\/p>\n<p><!-- BREAK 3 --><\/p>\n<blockquote><p>OLA DE CALOR. Temperaturas muy altas de d\u00eda y de noche. Se podr\u00e1n superar <strong>40 a 42 \u00baC y no bajar de 22 a 25 \u00baC.<\/strong><\/p><\/blockquote>\n<p><strong>AEMET <\/strong>se refiere con estas cifras r\u00e9cord a la temperatura de la <strong>masa de aire que se va a poner sobre la Pen\u00ednsula<\/strong> y que se traducir\u00e1 probablemente en altas temperaturas a nivel del suelo que sobrepasar\u00e1n los 40-42 grados en muchas regiones.<\/p>\n<p><!-- BREAK 4 --><\/p>\n<div class=\"article-asset-video article-asset-normal\">\n<div class=\"asset-content\">\n<div class=\"base-asset-video\">\n<div class=\"js-dailymotion\">\n    <script type=\"application\/json\">\n                          {\"videoId\":\"x8006fc\",\"autoplay\":true,\"title\":\"C\u00f3mo dormir cuando hace mucho calor y no tienes aire acondicionado\", \"tag\":\"\", \"duration\":\"217\"}\n                  <\/script>\n   <\/div>\n<\/p><\/div>\n<\/p><\/div>\n<\/div>\n<p>Cuando las masas de aire c\u00e1lido vienen con componente sur, suelen arrastrar adem\u00e1s una gran cantidad de <strong>polvo sahariano, <\/strong>y la calima probablemente no ayudar\u00e1 a que las temperaturas superficiales <a href=\"https:\/\/www.xataka.com\/ecologia-y-naturaleza\/calima-no-se-va-canarias-que-dice-ciencia-fenomeno-cada-vez-intenso\">sean m\u00e1s moderadas<\/a>.<\/p>\n<p><!-- BREAK 5 --><\/p>\n<p>AEMET tambi\u00e9n adelanta la posible duraci\u00f3n de este calor extremo, se\u00f1alando que \u00ab<strong>la situaci\u00f3n comenzar\u00e1 el viernes y persistir\u00e1, al menos, hasta el domingo<\/strong>.\u00bb<\/p>\n<p><!-- BREAK 6 --><\/p>\n<p>Imagen portada | <a rel=\"noopener, noreferrer\" href=\"https:\/\/www.pexels.com\/es-es\/foto\/relajacion-sentado-cansado-calor-18889363\/\">Perry Wunderlich<\/a><\/p>\n<p>En Xataka Smart home | <a href=\"https:\/\/www.xatakahome.com\/a-fondo\/primera-gran-ola-calor-2023-llega-hoy-jueves-a-espana-asi-podemos-prepararnos-casa\">La primera gran ola de calor de 2023 llega a Espa\u00f1a: as\u00ed podemos prepararnos en casa<\/a><\/p>\n<p><script>\n (function() {\n  window._JS_MODULES = window._JS_MODULES || {};\n  var headElement = document.getElementsByTagName('head')[0];\n  if (_JS_MODULES.instagram) {\n   var instagramScript = document.createElement('script');\n   instagramScript.src = 'https:\/\/platform.instagram.com\/en_US\/embeds.js';\n   instagramScript.async = true;\n   instagramScript.defer = true;\n   headElement.appendChild(instagramScript);\n  }\n })();\n<\/script><\/p>\n<p> &#8211; <br \/> La noticia<br \/>\n      <a href=\"https:\/\/www.xatakahome.com\/hogar\/primera-gran-ola-calor-2024-llegara-este-fin-semana-a-espana-temperaturas-record-aemet?utm_source=feedburner&amp;utm_medium=feed&amp;utm_campaign=08_Aug_2024\"><br \/>\n       <em> La primera gran ola de calor de 2024 llegar\u00e1 este fin de semana a Espa\u00f1a: con \u00abtemperaturas r\u00e9cord\u00bb seg\u00fan la AEMET  <\/em><br \/>\n      <\/a><br \/>\n      fue publicada originalmente en<br \/>\n      <a href=\"https:\/\/www.xatakahome.com\/?utm_source=feedburner&amp;utm_medium=feed&amp;utm_campaign=08_Aug_2024\"><br \/>\n       <strong> Xataka Smart Home <\/strong><br \/>\n      <\/a><br \/>\n            por <a href=\"https:\/\/www.xatakahome.com\/autor\/paco-rodriguez?utm_source=feedburner&amp;utm_medium=feed&amp;utm_campaign=08_Aug_2024\"><br \/>\n       Paco Rodriguez<br \/>\n      <\/a><br \/>\n      . <\/p>\n<\/div>\n","protected":false},"excerpt":{"rendered":"<p>El calor lleva ya con nosotros unas cuantas semanas, aunque hasta ahora hab\u00eda sido relativamente suave para la \u00e9poca del a\u00f1o en la que estamos, algo que si se cumplen las previsiones de la Agencia Estatal de Meteorolog\u00eda cambiar\u00e1 este fin de semana. Y es que el organismo ya est\u00e1 alertando de temperaturas muy altas &hellip; <a href=\"https:\/\/domosistemas.com\/?p=25278\" class=\"more-link\">Sigue leyendo <span class=\"screen-reader-text\">La primera gran ola de calor de 2024 llegar\u00e1 este fin de semana a Espa\u00f1a: con \u00abtemperaturas r\u00e9cord\u00bb seg\u00fan la AEMET<\/span><\/a><\/p>\n","protected":false},"author":1,"featured_media":0,"comment_status":"closed","ping_status":"closed","sticky":false,"template":"","format":"standard","meta":{"footnotes":""},"categories":[8],"tags":[],"class_list":["post-25278","post","type-post","status-publish","format-standard","hentry","category-xataka"],"_links":{"self":[{"href":"https:\/\/domosistemas.com\/index.php?rest_route=\/wp\/v2\/posts\/25278","targetHints":{"allow":["GET"]}}],"collection":[{"href":"https:\/\/domosistemas.com\/index.php?rest_route=\/wp\/v2\/posts"}],"about":[{"href":"https:\/\/domosistemas.com\/index.php?rest_route=\/wp\/v2\/types\/post"}],"author":[{"embeddable":true,"href":"https:\/\/domosistemas.com\/index.php?rest_route=\/wp\/v2\/users\/1"}],"replies":[{"embeddable":true,"href":"https:\/\/domosistemas.com\/index.php?rest_route=%2Fwp%2Fv2%2Fcomments&post=25278"}],"version-history":[{"count":0,"href":"https:\/\/domosistemas.com\/index.php?rest_route=\/wp\/v2\/posts\/25278\/revisions"}],"wp:attachment":[{"href":"https:\/\/domosistemas.com\/index.php?rest_route=%2Fwp%2Fv2%2Fmedia&parent=25278"}],"wp:term":[{"taxonomy":"category","embeddable":true,"href":"https:\/\/domosistemas.com\/index.php?rest_route=%2Fwp%2Fv2%2Fcategories&post=25278"},{"taxonomy":"post_tag","embeddable":true,"href":"https:\/\/domosistemas.com\/index.php?rest_route=%2Fwp%2Fv2%2Ftags&post=25278"}],"curies":[{"name":"wp","href":"https:\/\/api.w.org\/{rel}","templated":true}]}}